{"id":57876,"date":"2012-03-03T09:06:27","date_gmt":"2012-03-03T08:06:27","guid":{"rendered":"http:\/\/www.visit-ulcinj.com\/blog\/?p=57876"},"modified":"2012-03-07T08:55:17","modified_gmt":"2012-03-07T07:55:17","slug":"nazif-cungu-takohet-me-studentat-nga-ulqini-ne-shkoder-foto","status":"publish","type":"post","link":"https:\/\/www.visit-ulcinj.com\/blog\/2012\/03\/03\/nazif-cungu-takohet-me-studentat-nga-ulqini-ne-shkoder-foto\/","title":{"rendered":"Nazif Cungu takohet me studentat nga Ulqini ne Shkoder &#8211; Foto"},"content":{"rendered":"<p><a href=\"http:\/\/www.visit-ulcinj.com\/blog\/wp-content\/uploads\/2012\/03\/Nazif-Cungu-takohet-me-studentat-nga-Ulqini-ne-Shkoder.jpg\"><img loading=\"lazy\" class=\"alignleft  wp-image-57877\" title=\"Nazif Cungu takohet me studentat nga Ulqini ne Shkoder\" src=\"http:\/\/www.visit-ulcinj.com\/blog\/wp-content\/uploads\/2012\/03\/Nazif-Cungu-takohet-me-studentat-nga-Ulqini-ne-Shkoder.jpg\" alt=\"\" width=\"508\" height=\"380\" \/><\/a>Drejtuesit e Komun\u00ebs s\u00eb Ulqinit zhvilluan nj\u00eb takim n\u00eb Grand Hotel Europa me studentet e Ulqinit q\u00eb studjojn n\u00eb Universitetin e Shkodr\u00ebs. Kryetari I Komun\u00ebs Ulqin Nazif Cungu para student\u00ebve u shpreh se jemi k\u00ebtu q\u00eb t\u00eb gjith\u00eb s\u00eb bashku t\u00eb japim ide p\u00ebr t\u00eb ardhmen e Ulqinit, p\u00ebr t\u00eb nd\u00ebrtuar potenciale zhvillimore me q\u00ebllim q\u00eb kjo zon\u00eb t\u00eb marr\u00eb zhvillimin e merituar.<br \/>\n<a href=\"http:\/\/www.visit-ulcinj.com\/blog\/wp-content\/uploads\/2012\/03\/Nazif-Cungu-takohet-me-studentat-nga-Ulqini-ne-Shkoder.8.jpg\"><img loading=\"lazy\" class=\"alignleft  wp-image-57878\" title=\"Nazif Cungu takohet me studentat nga Ulqini ne Shkoder.8\" src=\"http:\/\/www.visit-ulcinj.com\/blog\/wp-content\/uploads\/2012\/03\/Nazif-Cungu-takohet-me-studentat-nga-Ulqini-ne-Shkoder.8.jpg\" alt=\"\" width=\"508\" height=\"300\" \/><\/a><\/p>\n<p>N\u00eb takim kryetari I Komun\u00ebs Ulqin Nazif Cungu nj\u00ebher\u00ebsh edhe lideri I Partis\u00eb Forca e Re Demokratike shoq\u00ebrohej nga n\u00ebnkryetari I Komun\u00ebs s\u00eb Ulqinit Xhaudet Cakuli, si dhe drejtuesit e Forumit Rinor t\u00eb Partis\u00eb Forca. Drejtuesit e Komun\u00ebs s\u00eb Ulqinit paraqiten para studenteve projektet q\u00eb presin nisjen e zbatimit n\u00eb shum\u00eb zona me q\u00ebllim rikthimin e shk\u00eblqimit ekonomik t\u00eb Ulqinit ashtu sic jan\u00eb edhe potencialet.<\/p>\n<p>Nga ana e student\u00ebve u paraqiten k\u00ebrkesat si dhe sygjerimet me q\u00ebllim q\u00eb Komuna e Ulqinit t\u00eb nd\u00ebrhyj\u00eb p\u00ebr rritjen e mund\u00ebsive t\u00eb pun\u00ebsimit t\u00eb tyre pas p\u00ebrfundimit t\u00eb studimeve por edhe nd\u00ebrhyrjen n\u00eb instancat shtetorore shqiptare p\u00ebr regjistrimin e student\u00ebve dhe leht\u00ebsimin e procedurave.<\/p>\n<p><strong>TV1 CHANNEL<\/strong><\/p>\n<p>\n\t\t<style type=\"text\/css\">\n\t\t\t#gallery-1 {\n\t\t\t\tmargin: auto;\n\t\t\t}\n\t\t\t#gallery-1 .gallery-item {\n\t\t\t\tfloat: left;\n\t\t\t\tmargin-top: 10px;\n\t\t\t\ttext-align: center;\n\t\t\t\twidth: 33%;\n\t\t\t}\n\t\t\t#gallery-1 img {\n\t\t\t\tborder: 2px solid #cfcfcf;\n\t\t\t}\n\t\t\t#gallery-1 .gallery-caption {\n\t\t\t\tmargin-left: 0;\n\t\t\t}\n\t\t\t\/* see gallery_shortcode() in wp-includes\/media.php *\/\n\t\t<\/style>\n\t\t<div id='gallery-1' class='gallery galleryid-57876 gallery-columns-3 gallery-size-thumbnail'><dl class='gallery-item'>\n\t\t\t<dt class='gallery-icon landscape'>\n\t\t\t\t<a href='https:\/\/www.visit-ulcinj.com\/blog\/wp-content\/uploads\/2012\/03\/Nazif-Cungu-takohet-me-studentat-nga-Ulqini-ne-Shkoder.jpg'><img width=\"150\" height=\"150\" src=\"https:\/\/www.visit-ulcinj.com\/blog\/wp-content\/uploads\/2012\/03\/Nazif-Cungu-takohet-me-studentat-nga-Ulqini-ne-Shkoder-150x150.jpg\" class=\"attachment-thumbnail size-thumbnail\" alt=\"\" loading=\"lazy\" \/><\/a>\n\t\t\t<\/dt><\/dl><dl class='gallery-item'>\n\t\t\t<dt class='gallery-icon landscape'>\n\t\t\t\t<a href='https:\/\/www.visit-ulcinj.com\/blog\/wp-content\/uploads\/2012\/03\/Nazif-Cungu-takohet-me-studentat-nga-Ulqini-ne-Shkoder.8.jpg'><img width=\"150\" height=\"150\" src=\"https:\/\/www.visit-ulcinj.com\/blog\/wp-content\/uploads\/2012\/03\/Nazif-Cungu-takohet-me-studentat-nga-Ulqini-ne-Shkoder.8-150x150.jpg\" class=\"attachment-thumbnail size-thumbnail\" alt=\"\" loading=\"lazy\" \/><\/a>\n\t\t\t<\/dt><\/dl><dl class='gallery-item'>\n\t\t\t<dt class='gallery-icon landscape'>\n\t\t\t\t<a href='https:\/\/www.visit-ulcinj.com\/blog\/wp-content\/uploads\/2012\/03\/Nazif-Cungu-takohet-me-studentat-nga-Ulqini-ne-Shkoder.9.jpg'><img width=\"150\" height=\"150\" src=\"https:\/\/www.visit-ulcinj.com\/blog\/wp-content\/uploads\/2012\/03\/Nazif-Cungu-takohet-me-studentat-nga-Ulqini-ne-Shkoder.9-150x150.jpg\" class=\"attachment-thumbnail size-thumbnail\" alt=\"\" loading=\"lazy\" \/><\/a>\n\t\t\t<\/dt><\/dl><br style=\"clear: both\" \/><dl class='gallery-item'>\n\t\t\t<dt class='gallery-icon landscape'>\n\t\t\t\t<a href='https:\/\/www.visit-ulcinj.com\/blog\/wp-content\/uploads\/2012\/03\/Nazif-Cungu-takohet-me-studentat-nga-Ulqini-ne-Shkoder.10.jpg'><img width=\"150\" height=\"150\" src=\"https:\/\/www.visit-ulcinj.com\/blog\/wp-content\/uploads\/2012\/03\/Nazif-Cungu-takohet-me-studentat-nga-Ulqini-ne-Shkoder.10-150x150.jpg\" class=\"attachment-thumbnail size-thumbnail\" alt=\"\" loading=\"lazy\" \/><\/a>\n\t\t\t<\/dt><\/dl><dl class='gallery-item'>\n\t\t\t<dt class='gallery-icon landscape'>\n\t\t\t\t<a href='https:\/\/www.visit-ulcinj.com\/blog\/wp-content\/uploads\/2012\/03\/Nazif-Cungu-takohet-me-studentat-nga-Ulqini-ne-Shkoder.11.jpg'><img width=\"150\" height=\"150\" src=\"https:\/\/www.visit-ulcinj.com\/blog\/wp-content\/uploads\/2012\/03\/Nazif-Cungu-takohet-me-studentat-nga-Ulqini-ne-Shkoder.11-150x150.jpg\" class=\"attachment-thumbnail size-thumbnail\" alt=\"\" loading=\"lazy\" \/><\/a>\n\t\t\t<\/dt><\/dl><dl class='gallery-item'>\n\t\t\t<dt class='gallery-icon landscape'>\n\t\t\t\t<a href='https:\/\/www.visit-ulcinj.com\/blog\/wp-content\/uploads\/2012\/03\/Nazif-Cungu-takohet-me-studentat-nga-Ulqini-ne-Shkoder.1.jpg'><img width=\"150\" height=\"150\" src=\"https:\/\/www.visit-ulcinj.com\/blog\/wp-content\/uploads\/2012\/03\/Nazif-Cungu-takohet-me-studentat-nga-Ulqini-ne-Shkoder.1-150x150.jpg\" class=\"attachment-thumbnail size-thumbnail\" alt=\"\" loading=\"lazy\" \/><\/a>\n\t\t\t<\/dt><\/dl><br style=\"clear: both\" \/><dl class='gallery-item'>\n\t\t\t<dt class='gallery-icon landscape'>\n\t\t\t\t<a href='https:\/\/www.visit-ulcinj.com\/blog\/wp-content\/uploads\/2012\/03\/Nazif-Cungu-takohet-me-studentat-nga-Ulqini-ne-Shkoder.2.jpg'><img width=\"150\" height=\"150\" src=\"https:\/\/www.visit-ulcinj.com\/blog\/wp-content\/uploads\/2012\/03\/Nazif-Cungu-takohet-me-studentat-nga-Ulqini-ne-Shkoder.2-150x150.jpg\" class=\"attachment-thumbnail size-thumbnail\" alt=\"\" loading=\"lazy\" \/><\/a>\n\t\t\t<\/dt><\/dl><dl class='gallery-item'>\n\t\t\t<dt class='gallery-icon landscape'>\n\t\t\t\t<a href='https:\/\/www.visit-ulcinj.com\/blog\/wp-content\/uploads\/2012\/03\/Nazif-Cungu-takohet-me-studentat-nga-Ulqini-ne-Shkoder.3.jpg'><img width=\"150\" height=\"150\" src=\"https:\/\/www.visit-ulcinj.com\/blog\/wp-content\/uploads\/2012\/03\/Nazif-Cungu-takohet-me-studentat-nga-Ulqini-ne-Shkoder.3-150x150.jpg\" class=\"attachment-thumbnail size-thumbnail\" alt=\"\" loading=\"lazy\" \/><\/a>\n\t\t\t<\/dt><\/dl><dl class='gallery-item'>\n\t\t\t<dt class='gallery-icon landscape'>\n\t\t\t\t<a href='https:\/\/www.visit-ulcinj.com\/blog\/wp-content\/uploads\/2012\/03\/Nazif-Cungu-takohet-me-studentat-nga-Ulqini-ne-Shkoder.4.jpg'><img width=\"150\" height=\"150\" src=\"https:\/\/www.visit-ulcinj.com\/blog\/wp-content\/uploads\/2012\/03\/Nazif-Cungu-takohet-me-studentat-nga-Ulqini-ne-Shkoder.4-150x150.jpg\" class=\"attachment-thumbnail size-thumbnail\" alt=\"\" loading=\"lazy\" \/><\/a>\n\t\t\t<\/dt><\/dl><br style=\"clear: both\" \/><dl class='gallery-item'>\n\t\t\t<dt class='gallery-icon landscape'>\n\t\t\t\t<a href='https:\/\/www.visit-ulcinj.com\/blog\/wp-content\/uploads\/2012\/03\/Nazif-Cungu-takohet-me-studentat-nga-Ulqini-ne-Shkoder.5.jpg'><img width=\"150\" height=\"150\" src=\"https:\/\/www.visit-ulcinj.com\/blog\/wp-content\/uploads\/2012\/03\/Nazif-Cungu-takohet-me-studentat-nga-Ulqini-ne-Shkoder.5-150x150.jpg\" class=\"attachment-thumbnail size-thumbnail\" alt=\"\" loading=\"lazy\" \/><\/a>\n\t\t\t<\/dt><\/dl><dl class='gallery-item'>\n\t\t\t<dt class='gallery-icon landscape'>\n\t\t\t\t<a href='https:\/\/www.visit-ulcinj.com\/blog\/wp-content\/uploads\/2012\/03\/Nazif-Cungu-takohet-me-studentat-nga-Ulqini-ne-Shkoder.6.jpg'><img width=\"150\" height=\"150\" src=\"https:\/\/www.visit-ulcinj.com\/blog\/wp-content\/uploads\/2012\/03\/Nazif-Cungu-takohet-me-studentat-nga-Ulqini-ne-Shkoder.6-150x150.jpg\" class=\"attachment-thumbnail size-thumbnail\" alt=\"\" loading=\"lazy\" \/><\/a>\n\t\t\t<\/dt><\/dl><dl class='gallery-item'>\n\t\t\t<dt class='gallery-icon landscape'>\n\t\t\t\t<a href='https:\/\/www.visit-ulcinj.com\/blog\/wp-content\/uploads\/2012\/03\/Nazif-Cungu-takohet-me-studentat-nga-Ulqini-ne-Shkoder.7.jpg'><img width=\"150\" height=\"150\" src=\"https:\/\/www.visit-ulcinj.com\/blog\/wp-content\/uploads\/2012\/03\/Nazif-Cungu-takohet-me-studentat-nga-Ulqini-ne-Shkoder.7-150x150.jpg\" class=\"attachment-thumbnail size-thumbnail\" alt=\"\" loading=\"lazy\" \/><\/a>\n\t\t\t<\/dt><\/dl><br style=\"clear: both\" \/>\n\t\t<\/div>\n<br \/>\n[flv]http:\/\/www.pronaindi.com\/tv1channel\/images\/stories\/videos\/grand_hotel_spot.flv[\/flv]<\/p>\n","protected":false},"excerpt":{"rendered":"<p>Drejtuesit e Komun\u00ebs s\u00eb Ulqinit zhvilluan nj\u00eb takim n\u00eb Grand Hotel Europa me studentet e Ulqinit q\u00eb studjojn n\u00eb Universitetin e Shkodr\u00ebs. Kryetari I Komun\u00ebs Ulqin Nazif Cungu para student\u00ebve u shpreh se jemi k\u00ebtu q\u00eb t\u00eb gjith\u00eb s\u00eb bashku t\u00eb japim ide p\u00ebr t\u00eb ardhmen e Ulqinit, p\u00ebr t\u00eb nd\u00ebrtuar potenciale zhvillimore me q\u00ebllim [&hellip;]<\/p>\n","protected":false},"author":1,"featured_media":0,"comment_status":"open","ping_status":"closed","sticky":false,"template":"","format":"standard","meta":{"spay_email":"","jetpack_publicize_message":"","jetpack_is_tweetstorm":false,"jetpack_publicize_feature_enabled":true},"categories":[14],"tags":[229,118,6796,41,200,18],"jetpack_publicize_connections":[],"yoast_head":"<!-- This site is optimized with the Yoast SEO plugin v19.1 - https:\/\/yoast.com\/wordpress\/plugins\/seo\/ -->\n<title>Nazif Cungu takohet me studentat nga Ulqini ne Shkoder - Foto - Lajme nga Ulqini<\/title>\n<meta name=\"description\" content=\"Drejtuesit e Komun\u00ebs s\u00eb Ulqinit zhvilluan nj\u00eb takim n\u00eb Grand Hotel Europa me studentet e Ulqinit q\u00eb studjojn n\u00eb Universitetin e Shkodr\u00ebs. Kryetari I\" \/>\n<meta name=\"robots\" content=\"index, follow, max-snippet:-1, max-image-preview:large, max-video-preview:-1\" \/>\n<link rel=\"canonical\" href=\"https:\/\/www.visit-ulcinj.com\/blog\/2012\/03\/03\/nazif-cungu-takohet-me-studentat-nga-ulqini-ne-shkoder-foto\/\" \/>\n<meta property=\"og:locale\" content=\"en_US\" \/>\n<meta property=\"og:type\" content=\"article\" \/>\n<meta property=\"og:title\" content=\"Nazif Cungu takohet me studentat nga Ulqini ne Shkoder - Foto - Lajme nga Ulqini\" \/>\n<meta property=\"og:description\" content=\"Drejtuesit e Komun\u00ebs s\u00eb Ulqinit zhvilluan nj\u00eb takim n\u00eb Grand Hotel Europa me studentet e Ulqinit q\u00eb studjojn n\u00eb Universitetin e Shkodr\u00ebs. Kryetari I\" \/>\n<meta property=\"og:url\" content=\"https:\/\/www.visit-ulcinj.com\/blog\/2012\/03\/03\/nazif-cungu-takohet-me-studentat-nga-ulqini-ne-shkoder-foto\/\" \/>\n<meta property=\"og:site_name\" content=\"Lajme nga Ulqini\" \/>\n<meta property=\"article:published_time\" content=\"2012-03-03T08:06:27+00:00\" \/>\n<meta property=\"article:modified_time\" content=\"2012-03-07T07:55:17+00:00\" \/>\n<meta property=\"og:image\" content=\"https:\/\/www.visit-ulcinj.com\/blog\/wp-content\/uploads\/2012\/03\/Nazif-Cungu-takohet-me-studentat-nga-Ulqini-ne-Shkoder-150x150.jpg\" \/>\n<meta name=\"twitter:label1\" content=\"Written by\" \/>\n\t<meta name=\"twitter:data1\" content=\"ulqini\" \/>\n\t<meta name=\"twitter:label2\" content=\"Est. reading time\" \/>\n\t<meta name=\"twitter:data2\" content=\"1 minute\" \/>\n<script type=\"application\/ld+json\" class=\"yoast-schema-graph\">{\"@context\":\"https:\/\/schema.org\",\"@graph\":[{\"@type\":\"WebSite\",\"@id\":\"https:\/\/www.visit-ulcinj.com\/blog\/#website\",\"url\":\"https:\/\/www.visit-ulcinj.com\/blog\/\",\"name\":\"Lajme nga Ulqini\",\"description\":\"Lajme,Vijesti,Ulqini,Ulqin,Crna Gora,Mali i Zi\",\"potentialAction\":[{\"@type\":\"SearchAction\",\"target\":{\"@type\":\"EntryPoint\",\"urlTemplate\":\"https:\/\/www.visit-ulcinj.com\/blog\/?s={search_term_string}\"},\"query-input\":\"required name=search_term_string\"}],\"inLanguage\":\"en-US\"},{\"@type\":\"ImageObject\",\"inLanguage\":\"en-US\",\"@id\":\"https:\/\/www.visit-ulcinj.com\/blog\/2012\/03\/03\/nazif-cungu-takohet-me-studentat-nga-ulqini-ne-shkoder-foto\/#primaryimage\",\"url\":\"https:\/\/www.visit-ulcinj.com\/blog\/wp-content\/uploads\/2012\/03\/Nazif-Cungu-takohet-me-studentat-nga-Ulqini-ne-Shkoder.jpg\",\"contentUrl\":\"https:\/\/www.visit-ulcinj.com\/blog\/wp-content\/uploads\/2012\/03\/Nazif-Cungu-takohet-me-studentat-nga-Ulqini-ne-Shkoder.jpg\",\"width\":\"960\",\"height\":\"641\"},{\"@type\":\"WebPage\",\"@id\":\"https:\/\/www.visit-ulcinj.com\/blog\/2012\/03\/03\/nazif-cungu-takohet-me-studentat-nga-ulqini-ne-shkoder-foto\/#webpage\",\"url\":\"https:\/\/www.visit-ulcinj.com\/blog\/2012\/03\/03\/nazif-cungu-takohet-me-studentat-nga-ulqini-ne-shkoder-foto\/\",\"name\":\"Nazif Cungu takohet me studentat nga Ulqini ne Shkoder - Foto - Lajme nga Ulqini\",\"isPartOf\":{\"@id\":\"https:\/\/www.visit-ulcinj.com\/blog\/#website\"},\"primaryImageOfPage\":{\"@id\":\"https:\/\/www.visit-ulcinj.com\/blog\/2012\/03\/03\/nazif-cungu-takohet-me-studentat-nga-ulqini-ne-shkoder-foto\/#primaryimage\"},\"datePublished\":\"2012-03-03T08:06:27+00:00\",\"dateModified\":\"2012-03-07T07:55:17+00:00\",\"author\":{\"@id\":\"https:\/\/www.visit-ulcinj.com\/blog\/#\/schema\/person\/dcab619c614d3038751c63bc2aadc06d\"},\"description\":\"Drejtuesit e Komun\u00ebs s\u00eb Ulqinit zhvilluan nj\u00eb takim n\u00eb Grand Hotel Europa me studentet e Ulqinit q\u00eb studjojn n\u00eb Universitetin e Shkodr\u00ebs. Kryetari I\",\"breadcrumb\":{\"@id\":\"https:\/\/www.visit-ulcinj.com\/blog\/2012\/03\/03\/nazif-cungu-takohet-me-studentat-nga-ulqini-ne-shkoder-foto\/#breadcrumb\"},\"inLanguage\":\"en-US\",\"potentialAction\":[{\"@type\":\"ReadAction\",\"target\":[\"https:\/\/www.visit-ulcinj.com\/blog\/2012\/03\/03\/nazif-cungu-takohet-me-studentat-nga-ulqini-ne-shkoder-foto\/\"]}]},{\"@type\":\"BreadcrumbList\",\"@id\":\"https:\/\/www.visit-ulcinj.com\/blog\/2012\/03\/03\/nazif-cungu-takohet-me-studentat-nga-ulqini-ne-shkoder-foto\/#breadcrumb\",\"itemListElement\":[{\"@type\":\"ListItem\",\"position\":1,\"name\":\"Nazif Cungu takohet me studentat nga Ulqini ne Shkoder &#8211; Foto\"}]},{\"@type\":\"Person\",\"@id\":\"https:\/\/www.visit-ulcinj.com\/blog\/#\/schema\/person\/dcab619c614d3038751c63bc2aadc06d\",\"name\":\"ulqini\",\"sameAs\":[\"http:\/\/www.visit-ulcinj.com\"],\"url\":\"https:\/\/www.visit-ulcinj.com\/blog\/author\/admin\/\"}]}<\/script>\n<!-- \/ Yoast SEO plugin. -->","yoast_head_json":{"title":"Nazif Cungu takohet me studentat nga Ulqini ne Shkoder - Foto - Lajme nga Ulqini","description":"Drejtuesit e Komun\u00ebs s\u00eb Ulqinit zhvilluan nj\u00eb takim n\u00eb Grand Hotel Europa me studentet e Ulqinit q\u00eb studjojn n\u00eb Universitetin e Shkodr\u00ebs. Kryetari I","robots":{"index":"index","follow":"follow","max-snippet":"max-snippet:-1","max-image-preview":"max-image-preview:large","max-video-preview":"max-video-preview:-1"},"canonical":"https:\/\/www.visit-ulcinj.com\/blog\/2012\/03\/03\/nazif-cungu-takohet-me-studentat-nga-ulqini-ne-shkoder-foto\/","og_locale":"en_US","og_type":"article","og_title":"Nazif Cungu takohet me studentat nga Ulqini ne Shkoder - Foto - Lajme nga Ulqini","og_description":"Drejtuesit e Komun\u00ebs s\u00eb Ulqinit zhvilluan nj\u00eb takim n\u00eb Grand Hotel Europa me studentet e Ulqinit q\u00eb studjojn n\u00eb Universitetin e Shkodr\u00ebs. Kryetari I","og_url":"https:\/\/www.visit-ulcinj.com\/blog\/2012\/03\/03\/nazif-cungu-takohet-me-studentat-nga-ulqini-ne-shkoder-foto\/","og_site_name":"Lajme nga Ulqini","article_published_time":"2012-03-03T08:06:27+00:00","article_modified_time":"2012-03-07T07:55:17+00:00","og_image":[{"url":"https:\/\/www.visit-ulcinj.com\/blog\/wp-content\/uploads\/2012\/03\/Nazif-Cungu-takohet-me-studentat-nga-Ulqini-ne-Shkoder-150x150.jpg"}],"twitter_misc":{"Written by":"ulqini","Est. reading time":"1 minute"},"schema":{"@context":"https:\/\/schema.org","@graph":[{"@type":"WebSite","@id":"https:\/\/www.visit-ulcinj.com\/blog\/#website","url":"https:\/\/www.visit-ulcinj.com\/blog\/","name":"Lajme nga Ulqini","description":"Lajme,Vijesti,Ulqini,Ulqin,Crna Gora,Mali i Zi","potentialAction":[{"@type":"SearchAction","target":{"@type":"EntryPoint","urlTemplate":"https:\/\/www.visit-ulcinj.com\/blog\/?s={search_term_string}"},"query-input":"required name=search_term_string"}],"inLanguage":"en-US"},{"@type":"ImageObject","inLanguage":"en-US","@id":"https:\/\/www.visit-ulcinj.com\/blog\/2012\/03\/03\/nazif-cungu-takohet-me-studentat-nga-ulqini-ne-shkoder-foto\/#primaryimage","url":"https:\/\/www.visit-ulcinj.com\/blog\/wp-content\/uploads\/2012\/03\/Nazif-Cungu-takohet-me-studentat-nga-Ulqini-ne-Shkoder.jpg","contentUrl":"https:\/\/www.visit-ulcinj.com\/blog\/wp-content\/uploads\/2012\/03\/Nazif-Cungu-takohet-me-studentat-nga-Ulqini-ne-Shkoder.jpg","width":"960","height":"641"},{"@type":"WebPage","@id":"https:\/\/www.visit-ulcinj.com\/blog\/2012\/03\/03\/nazif-cungu-takohet-me-studentat-nga-ulqini-ne-shkoder-foto\/#webpage","url":"https:\/\/www.visit-ulcinj.com\/blog\/2012\/03\/03\/nazif-cungu-takohet-me-studentat-nga-ulqini-ne-shkoder-foto\/","name":"Nazif Cungu takohet me studentat nga Ulqini ne Shkoder - Foto - Lajme nga Ulqini","isPartOf":{"@id":"https:\/\/www.visit-ulcinj.com\/blog\/#website"},"primaryImageOfPage":{"@id":"https:\/\/www.visit-ulcinj.com\/blog\/2012\/03\/03\/nazif-cungu-takohet-me-studentat-nga-ulqini-ne-shkoder-foto\/#primaryimage"},"datePublished":"2012-03-03T08:06:27+00:00","dateModified":"2012-03-07T07:55:17+00:00","author":{"@id":"https:\/\/www.visit-ulcinj.com\/blog\/#\/schema\/person\/dcab619c614d3038751c63bc2aadc06d"},"description":"Drejtuesit e Komun\u00ebs s\u00eb Ulqinit zhvilluan nj\u00eb takim n\u00eb Grand Hotel Europa me studentet e Ulqinit q\u00eb studjojn n\u00eb Universitetin e Shkodr\u00ebs. Kryetari I","breadcrumb":{"@id":"https:\/\/www.visit-ulcinj.com\/blog\/2012\/03\/03\/nazif-cungu-takohet-me-studentat-nga-ulqini-ne-shkoder-foto\/#breadcrumb"},"inLanguage":"en-US","potentialAction":[{"@type":"ReadAction","target":["https:\/\/www.visit-ulcinj.com\/blog\/2012\/03\/03\/nazif-cungu-takohet-me-studentat-nga-ulqini-ne-shkoder-foto\/"]}]},{"@type":"BreadcrumbList","@id":"https:\/\/www.visit-ulcinj.com\/blog\/2012\/03\/03\/nazif-cungu-takohet-me-studentat-nga-ulqini-ne-shkoder-foto\/#breadcrumb","itemListElement":[{"@type":"ListItem","position":1,"name":"Nazif Cungu takohet me studentat nga Ulqini ne Shkoder &#8211; Foto"}]},{"@type":"Person","@id":"https:\/\/www.visit-ulcinj.com\/blog\/#\/schema\/person\/dcab619c614d3038751c63bc2aadc06d","name":"ulqini","sameAs":["http:\/\/www.visit-ulcinj.com"],"url":"https:\/\/www.visit-ulcinj.com\/blog\/author\/admin\/"}]}},"jetpack_featured_media_url":"","jetpack_sharing_enabled":true,"jetpack_shortlink":"https:\/\/wp.me\/pe6lTn-f3u","_links":{"self":[{"href":"https:\/\/www.visit-ulcinj.com\/blog\/wp-json\/wp\/v2\/posts\/57876"}],"collection":[{"href":"https:\/\/www.visit-ulcinj.com\/blog\/wp-json\/wp\/v2\/posts"}],"about":[{"href":"https:\/\/www.visit-ulcinj.com\/blog\/wp-json\/wp\/v2\/types\/post"}],"author":[{"embeddable":true,"href":"https:\/\/www.visit-ulcinj.com\/blog\/wp-json\/wp\/v2\/users\/1"}],"replies":[{"embeddable":true,"href":"https:\/\/www.visit-ulcinj.com\/blog\/wp-json\/wp\/v2\/comments?post=57876"}],"version-history":[{"count":5,"href":"https:\/\/www.visit-ulcinj.com\/blog\/wp-json\/wp\/v2\/posts\/57876\/revisions"}],"predecessor-version":[{"id":57893,"href":"https:\/\/www.visit-ulcinj.com\/blog\/wp-json\/wp\/v2\/posts\/57876\/revisions\/57893"}],"wp:attachment":[{"href":"https:\/\/www.visit-ulcinj.com\/blog\/wp-json\/wp\/v2\/media?parent=57876"}],"wp:term":[{"taxonomy":"category","embeddable":true,"href":"https:\/\/www.visit-ulcinj.com\/blog\/wp-json\/wp\/v2\/categories?post=57876"},{"taxonomy":"post_tag","embeddable":true,"href":"https:\/\/www.visit-ulcinj.com\/blog\/wp-json\/wp\/v2\/tags?post=57876"}],"curies":[{"name":"wp","href":"https:\/\/api.w.org\/{rel}","templated":true}]}}