{"id":57906,"date":"2012-03-04T00:17:49","date_gmt":"2012-03-03T23:17:49","guid":{"rendered":"http:\/\/www.visit-ulcinj.com\/blog\/?p=57906"},"modified":"2012-03-15T06:48:34","modified_gmt":"2012-03-15T05:48:34","slug":"cungu-nuk-do-te-lejojme-heqjen-e-flamurit-kombetar-nga-ulqini","status":"publish","type":"post","link":"https:\/\/www.visit-ulcinj.com\/blog\/2012\/03\/04\/cungu-nuk-do-te-lejojme-heqjen-e-flamurit-kombetar-nga-ulqini\/","title":{"rendered":"Cungu: Nuk do t\u00eb lejojm\u00eb heqjen e flamurit komb\u00ebtar nga Ulqini"},"content":{"rendered":"<p><strong><a href=\"http:\/\/www.visit-ulcinj.com\/blog\/wp-content\/uploads\/2012\/03\/Gazetari-Besim-Toska_Kryetari-i-UlqinitNazif-Cungu.jpg\"><img loading=\"lazy\" class=\"alignleft  wp-image-57907\" title=\"Gazetari, Besim Toska_Kryetari i Ulqinit,Nazif Cungu\" src=\"http:\/\/www.visit-ulcinj.com\/blog\/wp-content\/uploads\/2012\/03\/Gazetari-Besim-Toska_Kryetari-i-UlqinitNazif-Cungu.jpg\" alt=\"\" width=\"508\" height=\"380\" \/><\/a>Nga Besim Toska<\/strong><strong><br \/>\nShqiptar\u00ebt n\u00eb Mal\u00eb\u00a0t\u00eb Zi, kan\u00eb qen\u00eb populli\u00a0<\/strong><strong>vendimtar\u00eb p\u00ebr\u00a0pavar\u00ebsimin e Malit\u00a0t\u00eb Zi. Por prej t\u00eb gjith\u00eb\u00a0popujve q\u00eb jetojn\u00eb\u00a0n\u00eb Mal t\u00eb Zi populli\u00a0shqiptar \u00ebsht\u00eb\u00a0m\u00eb i diskriminuar\u00a0n\u00eb zhvillim, sidomos\u00a0n\u00eb komunat me shumic\u00eb\u00a0shqiptar\u00eb.\u00a0<\/strong><\/p>\n<p>Nazif Cungu \u00ebsht\u00eb kryetar i partis\u00eb\u00a0Forca e re Demokratike. Nj\u00ebher\u00ebsh\u00a0ai \u00ebsht\u00eb edhe kryetar i komun\u00ebs\u00a0s\u00eb Ulqinit, qytetit me shumic\u00eb\u00a0shqiptare. n\u00eb intervist\u00ebn p\u00ebr\u00a0&#8220;Bota sot&#8221; ai flet p\u00ebr sfidat e Ulqinit\u00a0dhe t\u00eb shqiptar\u00ebve n\u00eb Mal t\u00eb\u00a0Zi.\u00a0Bota sot: Cila \u00ebsht\u00eb situata aktuale\u00a0politike n\u00eb Komun\u00ebn e Ulqinit\u00a0dhe ajo e shqiptar\u00ebve n\u00eb Mal\u00a0t\u00eb Zi?<\/p>\n<p>Nazif Cungu: S\u00eb pari dua t\u00eb\u00a0them se Forca e Re Demokratike,\u00a0si nj\u00eb parti shqiptare n\u00eb Mal t\u00eb Zi,\u00a0ishte themeluar enkas p\u00ebr shkak\u00a0t\u00eb pak\u00ebnaq\u00ebsis\u00eb s\u00eb popullat\u00ebs\u00a0shqiptare q\u00eb jetojn\u00eb n\u00eb Mal\u00eb t\u00eb Zi.\u00a0N\u00eb k\u00ebto dy dekadat e fundit Ulqini\u00a0dhe viset autoktone n\u00eb k\u00ebto an\u00eb\u00a0kan\u00eb p\u00ebsuar humbje t\u00eb m\u00ebdha\u00a0ekonomike. Prej t\u00eb gjith\u00eb popujve\u00a0q\u00eb jetojn\u00eb n\u00eb Mal t\u00eb Zi populli jon\u00eb,\u00a0apo komunat tona nuk jan\u00eb zhvilluar\u00a0dhe qytetar\u00ebt kan\u00eb migruar\u00a0jasht\u00eb. Derisa komunat tjera jan\u00eb\u00a0zhvilluar e nd\u00ebrtuar objekte e hotele,\u00a0infrastruktur\u00eb moderne dhe\u00a0kjo n\u00eb Ulqin s&#8217;ka ndodhur. Fajtor\u00a0p\u00ebr k\u00ebt\u00eb gjendje jo t\u00eb mir\u00eb ishte\u00a0udh\u00ebheqja komunale. Ne kemi\u00a0qen\u00eb kund\u00ebr k\u00ebtyre ngecjeve dhe\u00a0duke par\u00eb gjendjen e keqe ne\u00a0kemi vendosur q\u00eb t\u00eb formojm\u00eb\u00a0parti dhe do t\u00eb mundohem ti\u00a0mbrojm\u00eb interesat e shqiptar\u00ebve.\u00a0Q\u00ebllimi i Forc\u00ebs s\u00eb Re Demokratike,\u00a0\u00ebsht\u00eb q\u00eb t\u00eb realizohen k\u00ebrkesat\u00a0e qytetar\u00ebve dhe at\u00eb drejt integrimeve\u00a0evropiane. Ne me pun\u00eb\u00a0shum\u00eb t\u00eb madhe si parti kemi arritur\u00a0q\u00eb p\u00ebr nj\u00eb koh\u00eb shum\u00eb t\u00eb\u00a0shkurt\u00ebr, rreth gjasht\u00eb vite t\u00eb b\u00ebhemi\u00a0fuqia m\u00eb e madhe politike\u00a0p\u00ebr shqiptar\u00ebt e Malit t\u00eb Zi.<\/p>\n<p><strong>Bota sot: \u00c7\u00ebshtja e p\u00ebrdorimit\u00a0t\u00eb simboleve komb\u00ebtare n\u00eb Mal t\u00eb Zi, \u00ebsht\u00eb v\u00ebshtir\u00ebsuar pak sa,\u00a0cilat jan\u00eb t\u00eb drejtat p\u00ebr p\u00ebrdorimin\u00a0e simboleve komb\u00ebtare dhe\u00a0a do t\u00eb hiqni flamurin komb\u00ebtar?<\/strong><\/p>\n<p>Nazif Cungu: Sa i p\u00ebrket p\u00ebrdorimit\u00a0t\u00eb simboleve komb\u00ebtare,\u00a0k\u00ebto jan\u00eb vendime momentale t\u00eb\u00a0cilat duhet t\u00eb rregullohen. Shqiptar\u00ebt\u00a0n\u00eb Mal\u00eb t\u00eb Zi, kan\u00eb qen\u00eb populli\u00a0vendimtar\u00eb p\u00ebr pavar\u00ebsimin\u00a0e Malit t\u00eb Zi. T\u00eb drejtat i takojn\u00eb\u00a0secilit popull dhe promovimi i\u00a0tyre \u00ebsht\u00eb e drejt demokratike n\u00eb\u00a0t\u00ebr\u00eb bot\u00ebn. Edhe shqiptar\u00ebt duhet\u00a0ti g\u00ebzojn\u00eb t\u00eb gjitha t\u00eb drejtat.\u00a0Flamuri komb\u00ebtar\u00eb shqiptar\u00eb val\u00ebvit\u00eb\u00a0dhe do t\u00eb valoi edhe m\u00eb tej.\u00a0Nuk do ta heq flamurin shqiptar\u00a0nga kabineti, sepse nj\u00eb gj\u00eb e till\u00eb\u00a0nuk \u00ebsht\u00eb e kund\u00ebr ligjshme. Un\u00eb\u00a0nuk do t\u00eb lejoi heqjen e flamurit\u00a0komb\u00ebtar dhe partia Forca e Re\u00a0Demokratike, do t\u00eb punoi p\u00ebr popullin\u00a0shqiptar\u00eb dhe mbrojtjen e\u00a0flamurit komb\u00ebtar. Forca \u00ebsht\u00eb\u00a0z\u00eb i popullit shqiptar n\u00eb Mal\u00eb t\u00eb\u00a0Zi dhe do ti mbroj interesat e\u00a0shqiptar\u00ebve.<\/p>\n<p><strong>\u00a0Bota sot:Ver\u00ebn e kaluar jo vet\u00ebm\u00a0koha ka qen\u00eb shum\u00eb e\u00a0nxeht\u00eb, por ka pasur edhe nxeht\u00ebsi\u00a0politike e cila p\u00ebr ju rezultoi\u00a0me suksese dhe marrje pushteti,\u00a0cilat jan\u00eb p\u00ebrfitimet nga populli?<\/strong><\/p>\n<p>Nazif Cungu: Nj\u00eb koh\u00eb ishim\u00a0n\u00eb opozit\u00eb dhe pas pes\u00eb vitesh e\u00a0gjysm\u00eb erdh\u00ebm ver\u00ebn e shkuar\u00a0n\u00eb marrjen e pushtetit n\u00eb Komun\u00ebn\u00a0e Ulqinit. Ajo q\u00eb Forc\u00ebn e dallon\u00a0nga partit\u00eb tjera shqiptare dallon\u00a0nga programi ekonomik gj\u00eb\u00a0t\u00eb cilat nuk e kishin partit\u00eb tjera\u00a0shqiptare. Planin e mir\u00ebfillt\u00eb ekonomik\u00a0ia kemi prezantuar popullit dhe \u00ebsht\u00eb b\u00ebr\u00eb nj\u00eb program\u00a0shum\u00eb i mir\u00eb e me t\u00eb cilin mburremi\u00a0dhe t\u00eb cilin tash kemi nisur\u00a0ta v\u00ebm\u00eb n\u00eb veprim.<\/p>\n<p><strong>Bota sot:\u00c7ka do t\u00eb ndryshoni\u00a0n\u00eb Ulqin, n\u00eb t\u00eb cilin p\u00ebr dekada\u00a0nuk ka investime dhe ndryshime.\u00a0Cilat jan\u00eb premtimet e juaja karshi\u00a0qytetar\u00ebve dhe \u00e7far\u00eb projekte\u00a0i premtoni?\u00a0<\/strong><\/p>\n<p>Nazif Cungu: N\u00eb rend t\u00eb par\u00eb\u00a0prioritet mbetet infrastruktura\u00a0n\u00eb Komun\u00ebn e Ulqinit, e cila \u00ebsht\u00eb\u00a0l\u00ebn\u00eb shum\u00eb anash dhe tash gj\u00ebrat\u00a0kan\u00eb nisur t\u00eb ndryshojn\u00eb. Ne\u00a0po p\u00ebrmir\u00ebsojm\u00eb infrastruktur\u00ebn\u00a0e rrug\u00ebve, trotuareve, gjelb\u00ebrimit,\u00a0past\u00ebrtis\u00eb dhe do ti realizojm\u00eb\u00a0si \u00ebsht\u00eb m\u00eb s\u00eb miri. Ku n\u00eb\u00a0bashk\u00ebpunim me Qeverin\u00eb qendrore,\u00a0kemi nisur procedurat dhe\u00a0n\u00eb nivel t\u00eb Komun\u00ebs s\u00eb Ulqinit\u00a0p\u00ebr realizmin e projekteve madhore.\u00a0Do t\u00eb ket\u00eb infrastruktur\u00eb\u00a0shum\u00eb t\u00eb mir\u00eb rrugore, uj\u00eb t\u00eb pijsh\u00ebm\u00a0ku gjat\u00eb k\u00ebsaj sezone nuk\u00a0do t\u00eb ket\u00eb mungese t\u00eb ujit t\u00eb pijes.\u00a0Kan\u00eb nisur punimet p\u00ebr zgjerimin\u00a0e rrug\u00ebs nga kufiri i Shqip\u00ebris\u00eb\u00a0apo Sukobin\u00eb &#8211; Kat\u00ebrkoll\u00eb\u00a0dhe ajo do t\u00eb vazhdoj\u00eb me zgjerim\u00a0deri n\u00eb Ulqin n\u00eb faza faza. Ky\u00a0aks m\u00eb par\u00eb ka qen\u00eb shum\u00eb i\u00a0ngusht\u00eb dhe i d\u00ebmtuar, nd\u00ebrsa do\u00a0t\u00eb jet\u00eb e gjer\u00eb 6.5 metra dhe me\u00a0trotuare, ndri\u00e7im e infrastruktur\u00ebn\u00a0tjet\u00ebr p\u00ebrcjell\u00ebse moderne.\u00a0Punimet e faz\u00ebs s\u00eb par\u00eb do t\u00eb kryhen\u00a0deri n\u00eb hapje t\u00eb sezon\u00ebs turistike,\u00a0nd\u00ebrsa faza e dyt\u00eb do t\u00eb\u00a0vazhdoj\u00eb pas mbarimit t\u00eb saj. Dhe\u00a0t\u00ebr\u00eb kjo arterie do t\u00eb kryhet deri\u00a0n\u00eb Ulqin. Plani i pun\u00ebs n\u00eb nj\u00eb terren\u00a0kaq t\u00eb gjer\u00eb, sigurisht ka v\u00ebshtir\u00ebsit\u00eb\u00a0e tij teknike, por un\u00eb nuk\u00a0mendoj q\u00eb pun\u00eb po kryhen. Ka\u00a0nj\u00eb ecuri, e cila na b\u00ebn optimist\u00eb\u00a0q\u00eb ta p\u00ebrfundojm\u00eb brenda afateve\u00a0q\u00eb ishin parashikuar me kontrat\u00eb\u00a0deri me 15 qershor. Tani ne flasim\u00a0p\u00ebr hapjen p\u00ebr seksionin e\u00a0par\u00eb, kurse faza e dyt\u00eb parashihet\u00a0t\u00eb kryhet para afatit t\u00eb parashikuar\u00a0n\u00eb kontrat\u00eb, e cila parashihte\u00a0q\u00eb k\u00ebto seksione t\u00eb hapen\u00a0m\u00eb 2013. Projekt tjet\u00ebr \u00ebsht\u00eb ura\u00a0mbi Porto Milen, q\u00eb financohet\u00a0nga Qeveria n\u00eb vler\u00eb prej 14 milion\u00eb\u00a0euro. Kjo ishte problematike\u00a0dhe krijonte kolona t\u00eb gjata\u00a0dhe do t\u00eb p\u00ebrfundoi deri n\u00eb maj\u00a0t\u00eb k\u00ebtij viti. Po ashtu si komun\u00eb\u00a0kemi nisur me p\u00ebrgatitje t\u00eb m\u00ebdha\u00a0n\u00eb t\u00eb gjitha fushat sidomos\u00a0n\u00eb pastrimin e plazheve dhe t\u00ebr\u00eb\u00a0komun\u00ebs. Ku kemi donacione\u00a0nga Banka Bot\u00ebrore n\u00eb vler\u00eb prej\u00a01 milion\u00eb euro me pajisje. Past\u00ebrtia\u00a0n\u00eb Ulqin do t\u00eb jet\u00eb n\u00eb nivelin\u00a0m\u00eb t\u00eb k\u00ebnaqsh\u00ebm.<\/p>\n<p><strong>\u00a0Bota sot: Shum\u00eb objekte hoteliere\u00a0n\u00eb Ulqin nuk funksionojn\u00eb\u00a0dhe jan\u00eb shkat\u00ebrruar, \u00e7ka do t\u00eb\u00a0b\u00ebni ju me k\u00ebto, do ti fusni n\u00eb\u00a0funksion apo \u00e7far\u00eb dhe do ti jepni\u00a0leje nd\u00ebrtimi p\u00ebr hotele me 5 yje?<\/strong><\/p>\n<p>Nazif Cungu:Realizmi i planeve\u00a0rregulluese \u00ebsht\u00eb ajo pjesa m\u00eb e\u00a0v\u00ebshtir\u00eb dhe p\u00ebr k\u00ebt\u00eb kemi t\u00eb gjith\u00eb\u00a0orientimin p\u00ebr zhvillim, ku po\u00a0punojm\u00eb shum\u00eb. S\u00eb shpejti do t\u00eb\u00a0nis\u00eb nd\u00ebrtimi i hotelit Jadran, Galeb,\u00a0Mediteran q\u00eb jan\u00eb mbi Ran\u00eb\u00a0apo tek plazhi i vog\u00ebl. Po ashtu s\u00eb\u00a0af\u00ebrmi nis rind\u00ebrtimi i hotelit Lydo\u00a0n\u00eb kompleksin e Rivier\u00ebs s\u00eb Ulqinit\u00a0n\u00eb Shtoj te Zalli i Shtojit apo\u00a0plazhi i madh, rind\u00ebrtimi i hote hotelit\u00a0Albatros. Jan\u00eb shum\u00eb hotele q\u00eb\u00a0nuk jan\u00eb funksionale dhe i kemi\u00a0b\u00ebr\u00eb t\u00eb gjith\u00eb p\u00ebrgatitjet urbanistike\u00a0q\u00eb t\u00eb gjith\u00eb investitor\u00ebt ti ken\u00eb\u00a0duart e lira p\u00ebr investime. Mendoj\u00eb\u00a0se investimet apo nd\u00ebrtimet\u00a0mund t\u00eb nisin nga shtatori i k\u00ebtij\u00a0viti, ku edhe mund t\u00eb nisin procedurat.\u00a0P\u00ebr t\u00eb nd\u00ebrtuar hotel me kat\u00ebr\u00a0e pes\u00eb yje duhet koh\u00eb. Kemi\u00a0b\u00ebr\u00eb t\u00eb gjitha p\u00ebrgatitjet dhe studimet\u00a0p\u00ebr dy lokacione p\u00ebr investime\u00a0n\u00eb dy qendra turistike n\u00eb Liqenin\u00a0e Shasit n\u00eb vler\u00eb prej 150\u00a0milion\u00eb euro. Po ashtu investime\u00a0do t\u00eb ket\u00eb edhe n\u00eb nj\u00eb fush\u00eb golfi\u00a0me hotele e infrastruktur\u00eb moderne\u00a0n\u00eb vler\u00eb prej 100 milion\u00eb\u00a0euro. Disa investitor\u00eb ka disa vjet\u00a0q\u00eb k\u00ebrkojn\u00eb leje, por nuk u \u00ebsht\u00eb\u00a0lejuar q\u00eb t\u00eb punojn\u00eb.<\/p>\n<p><strong>Bota sot: Shum\u00eb t\u00eb mira e p\u00ebrgjegj\u00ebsi\u00a0t\u00eb Ulqinit i kontrollon qeveria\u00a0qendrore, ato presin privatizimin,\u00a0por ju sa ishit n\u00eb opozit\u00eb\u00a0keni kritikuar shum\u00eb k\u00ebto \u00e7\u00ebshtje\u00a0cila mendoni se \u00ebsht\u00eb zgjidhja?\u00a0<\/strong><\/p>\n<p>Nazif Cungu: Sa i p\u00ebrket hoteleve\u00a0q\u00eb jan\u00eb n\u00eb menaxhim t\u00eb nivelit\u00a0qendror jan\u00eb n\u00eb pritje t\u00eb privatizimit,\u00a0por nuk ka pasur\u00a0shum\u00eb t\u00eb interesuar. Nuk jemi t\u00eb\u00a0k\u00ebnaqur me menaxhimin e tyre.\u00a0P\u00ebrs\u00ebri e kemi t\u00eb nj\u00ebjtin mendim\u00a0sikur e kisha sa ishim n\u00eb opozit\u00eb\u00a0p\u00ebr privatizimin e b\u00ebr\u00eb n\u00eb Ulqin.\u00a0Komuna e Ulqinit nuk ka fituar\u00a0nga k\u00ebto privatizime asnj\u00eb partner\u00eb\u00a0strategjik, bler\u00ebsit nuk jan\u00eb\u00a0t\u00eb fushave kompetente dhe nuk\u00a0kan\u00eb fare lidhje me turizmin. Njer\u00ebz\u00a0nga Rusia dhe shtete tjera\u00a0kan\u00eb arritur ti blejn\u00eb dhe nuk\u00a0kemi fituar asgj\u00eb si Ulqin.<\/p>\n<p><strong>Besim Toska<\/strong><br \/>\n<strong>Bota Sot<\/strong><\/p>\n<p>[flv]http:\/\/www.velikaplaza.info\/gallery\/video\/stream.php?f=Velika_Plaza_movie_Jan_2009.flv[\/flv]<\/p>\n","protected":false},"excerpt":{"rendered":"<p>Nga Besim Toska Shqiptar\u00ebt n\u00eb Mal\u00eb\u00a0t\u00eb Zi, kan\u00eb qen\u00eb populli\u00a0vendimtar\u00eb p\u00ebr\u00a0pavar\u00ebsimin e Malit\u00a0t\u00eb Zi. Por prej t\u00eb gjith\u00eb\u00a0popujve q\u00eb jetojn\u00eb\u00a0n\u00eb Mal t\u00eb Zi populli\u00a0shqiptar \u00ebsht\u00eb\u00a0m\u00eb i diskriminuar\u00a0n\u00eb zhvillim, sidomos\u00a0n\u00eb komunat me shumic\u00eb\u00a0shqiptar\u00eb.\u00a0 Nazif Cungu \u00ebsht\u00eb kryetar i partis\u00eb\u00a0Forca e re Demokratike. Nj\u00ebher\u00ebsh\u00a0ai \u00ebsht\u00eb edhe kryetar i komun\u00ebs\u00a0s\u00eb Ulqinit, qytetit me shumic\u00eb\u00a0shqiptare. n\u00eb intervist\u00ebn p\u00ebr\u00a0&#8220;Bota sot&#8221; [&hellip;]<\/p>\n","protected":false},"author":1,"featured_media":0,"comment_status":"open","ping_status":"closed","sticky":false,"template":"","format":"standard","meta":{"spay_email":"","jetpack_publicize_message":"","jetpack_is_tweetstorm":false,"jetpack_publicize_feature_enabled":true},"categories":[5],"tags":[15801,229,95,1028,118,200],"jetpack_publicize_connections":[],"yoast_head":"<!-- This site is optimized with the Yoast SEO plugin v19.1 - https:\/\/yoast.com\/wordpress\/plugins\/seo\/ -->\n<title>Cungu: Nuk do t\u00eb lejojm\u00eb heqjen e flamurit komb\u00ebtar nga Ulqini - Lajme nga Ulqini<\/title>\n<meta name=\"description\" content=\"Nga Besim Toska Shqiptar\u00ebt n\u00eb Mal\u00eb\u00a0t\u00eb Zi, kan\u00eb qen\u00eb populli\u00a0vendimtar\u00eb p\u00ebr\u00a0pavar\u00ebsimin e Malit\u00a0t\u00eb Zi. Por prej t\u00eb gjith\u00eb\u00a0popujve q\u00eb jetojn\u00eb\u00a0n\u00eb Mal t\u00eb Zi\" \/>\n<meta name=\"robots\" content=\"index, follow, max-snippet:-1, max-image-preview:large, max-video-preview:-1\" \/>\n<link rel=\"canonical\" href=\"https:\/\/www.visit-ulcinj.com\/blog\/2012\/03\/04\/cungu-nuk-do-te-lejojme-heqjen-e-flamurit-kombetar-nga-ulqini\/\" \/>\n<meta property=\"og:locale\" content=\"en_US\" \/>\n<meta property=\"og:type\" content=\"article\" \/>\n<meta property=\"og:title\" content=\"Cungu: Nuk do t\u00eb lejojm\u00eb heqjen e flamurit komb\u00ebtar nga Ulqini - Lajme nga Ulqini\" \/>\n<meta property=\"og:description\" content=\"Nga Besim Toska Shqiptar\u00ebt n\u00eb Mal\u00eb\u00a0t\u00eb Zi, kan\u00eb qen\u00eb populli\u00a0vendimtar\u00eb p\u00ebr\u00a0pavar\u00ebsimin e Malit\u00a0t\u00eb Zi. Por prej t\u00eb gjith\u00eb\u00a0popujve q\u00eb jetojn\u00eb\u00a0n\u00eb Mal t\u00eb Zi\" \/>\n<meta property=\"og:url\" content=\"https:\/\/www.visit-ulcinj.com\/blog\/2012\/03\/04\/cungu-nuk-do-te-lejojme-heqjen-e-flamurit-kombetar-nga-ulqini\/\" \/>\n<meta property=\"og:site_name\" content=\"Lajme nga Ulqini\" \/>\n<meta property=\"article:published_time\" content=\"2012-03-03T23:17:49+00:00\" \/>\n<meta property=\"article:modified_time\" content=\"2012-03-15T05:48:34+00:00\" \/>\n<meta property=\"og:image\" content=\"http:\/\/www.visit-ulcinj.com\/blog\/wp-content\/uploads\/2012\/03\/Gazetari-Besim-Toska_Kryetari-i-UlqinitNazif-Cungu.jpg\" \/>\n<meta name=\"twitter:label1\" content=\"Written by\" \/>\n\t<meta name=\"twitter:data1\" content=\"ulqini\" \/>\n\t<meta name=\"twitter:label2\" content=\"Est. reading time\" \/>\n\t<meta name=\"twitter:data2\" content=\"7 minutes\" \/>\n<script type=\"application\/ld+json\" class=\"yoast-schema-graph\">{\"@context\":\"https:\/\/schema.org\",\"@graph\":[{\"@type\":\"WebSite\",\"@id\":\"https:\/\/www.visit-ulcinj.com\/blog\/#website\",\"url\":\"https:\/\/www.visit-ulcinj.com\/blog\/\",\"name\":\"Lajme nga Ulqini\",\"description\":\"Lajme,Vijesti,Ulqini,Ulqin,Crna Gora,Mali i Zi\",\"potentialAction\":[{\"@type\":\"SearchAction\",\"target\":{\"@type\":\"EntryPoint\",\"urlTemplate\":\"https:\/\/www.visit-ulcinj.com\/blog\/?s={search_term_string}\"},\"query-input\":\"required name=search_term_string\"}],\"inLanguage\":\"en-US\"},{\"@type\":\"ImageObject\",\"inLanguage\":\"en-US\",\"@id\":\"https:\/\/www.visit-ulcinj.com\/blog\/2012\/03\/04\/cungu-nuk-do-te-lejojme-heqjen-e-flamurit-kombetar-nga-ulqini\/#primaryimage\",\"url\":\"https:\/\/www.visit-ulcinj.com\/blog\/wp-content\/uploads\/2012\/03\/Gazetari-Besim-Toska_Kryetari-i-UlqinitNazif-Cungu.jpg\",\"contentUrl\":\"https:\/\/www.visit-ulcinj.com\/blog\/wp-content\/uploads\/2012\/03\/Gazetari-Besim-Toska_Kryetari-i-UlqinitNazif-Cungu.jpg\",\"width\":\"1021\",\"height\":\"482\"},{\"@type\":\"WebPage\",\"@id\":\"https:\/\/www.visit-ulcinj.com\/blog\/2012\/03\/04\/cungu-nuk-do-te-lejojme-heqjen-e-flamurit-kombetar-nga-ulqini\/#webpage\",\"url\":\"https:\/\/www.visit-ulcinj.com\/blog\/2012\/03\/04\/cungu-nuk-do-te-lejojme-heqjen-e-flamurit-kombetar-nga-ulqini\/\",\"name\":\"Cungu: Nuk do t\u00eb lejojm\u00eb heqjen e flamurit komb\u00ebtar nga Ulqini - Lajme nga Ulqini\",\"isPartOf\":{\"@id\":\"https:\/\/www.visit-ulcinj.com\/blog\/#website\"},\"primaryImageOfPage\":{\"@id\":\"https:\/\/www.visit-ulcinj.com\/blog\/2012\/03\/04\/cungu-nuk-do-te-lejojme-heqjen-e-flamurit-kombetar-nga-ulqini\/#primaryimage\"},\"datePublished\":\"2012-03-03T23:17:49+00:00\",\"dateModified\":\"2012-03-15T05:48:34+00:00\",\"author\":{\"@id\":\"https:\/\/www.visit-ulcinj.com\/blog\/#\/schema\/person\/dcab619c614d3038751c63bc2aadc06d\"},\"description\":\"Nga Besim Toska Shqiptar\u00ebt n\u00eb Mal\u00eb\u00a0t\u00eb Zi, kan\u00eb qen\u00eb populli\u00a0vendimtar\u00eb p\u00ebr\u00a0pavar\u00ebsimin e Malit\u00a0t\u00eb Zi. Por prej t\u00eb gjith\u00eb\u00a0popujve q\u00eb jetojn\u00eb\u00a0n\u00eb Mal t\u00eb Zi\",\"breadcrumb\":{\"@id\":\"https:\/\/www.visit-ulcinj.com\/blog\/2012\/03\/04\/cungu-nuk-do-te-lejojme-heqjen-e-flamurit-kombetar-nga-ulqini\/#breadcrumb\"},\"inLanguage\":\"en-US\",\"potentialAction\":[{\"@type\":\"ReadAction\",\"target\":[\"https:\/\/www.visit-ulcinj.com\/blog\/2012\/03\/04\/cungu-nuk-do-te-lejojme-heqjen-e-flamurit-kombetar-nga-ulqini\/\"]}]},{\"@type\":\"BreadcrumbList\",\"@id\":\"https:\/\/www.visit-ulcinj.com\/blog\/2012\/03\/04\/cungu-nuk-do-te-lejojme-heqjen-e-flamurit-kombetar-nga-ulqini\/#breadcrumb\",\"itemListElement\":[{\"@type\":\"ListItem\",\"position\":1,\"name\":\"Cungu: Nuk do t\u00eb lejojm\u00eb heqjen e flamurit komb\u00ebtar nga Ulqini\"}]},{\"@type\":\"Person\",\"@id\":\"https:\/\/www.visit-ulcinj.com\/blog\/#\/schema\/person\/dcab619c614d3038751c63bc2aadc06d\",\"name\":\"ulqini\",\"sameAs\":[\"http:\/\/www.visit-ulcinj.com\"],\"url\":\"https:\/\/www.visit-ulcinj.com\/blog\/author\/admin\/\"}]}<\/script>\n<!-- \/ Yoast SEO plugin. -->","yoast_head_json":{"title":"Cungu: Nuk do t\u00eb lejojm\u00eb heqjen e flamurit komb\u00ebtar nga Ulqini - Lajme nga Ulqini","description":"Nga Besim Toska Shqiptar\u00ebt n\u00eb Mal\u00eb\u00a0t\u00eb Zi, kan\u00eb qen\u00eb populli\u00a0vendimtar\u00eb p\u00ebr\u00a0pavar\u00ebsimin e Malit\u00a0t\u00eb Zi. Por prej t\u00eb gjith\u00eb\u00a0popujve q\u00eb jetojn\u00eb\u00a0n\u00eb Mal t\u00eb Zi","robots":{"index":"index","follow":"follow","max-snippet":"max-snippet:-1","max-image-preview":"max-image-preview:large","max-video-preview":"max-video-preview:-1"},"canonical":"https:\/\/www.visit-ulcinj.com\/blog\/2012\/03\/04\/cungu-nuk-do-te-lejojme-heqjen-e-flamurit-kombetar-nga-ulqini\/","og_locale":"en_US","og_type":"article","og_title":"Cungu: Nuk do t\u00eb lejojm\u00eb heqjen e flamurit komb\u00ebtar nga Ulqini - Lajme nga Ulqini","og_description":"Nga Besim Toska Shqiptar\u00ebt n\u00eb Mal\u00eb\u00a0t\u00eb Zi, kan\u00eb qen\u00eb populli\u00a0vendimtar\u00eb p\u00ebr\u00a0pavar\u00ebsimin e Malit\u00a0t\u00eb Zi. Por prej t\u00eb gjith\u00eb\u00a0popujve q\u00eb jetojn\u00eb\u00a0n\u00eb Mal t\u00eb Zi","og_url":"https:\/\/www.visit-ulcinj.com\/blog\/2012\/03\/04\/cungu-nuk-do-te-lejojme-heqjen-e-flamurit-kombetar-nga-ulqini\/","og_site_name":"Lajme nga Ulqini","article_published_time":"2012-03-03T23:17:49+00:00","article_modified_time":"2012-03-15T05:48:34+00:00","og_image":[{"url":"http:\/\/www.visit-ulcinj.com\/blog\/wp-content\/uploads\/2012\/03\/Gazetari-Besim-Toska_Kryetari-i-UlqinitNazif-Cungu.jpg"}],"twitter_misc":{"Written by":"ulqini","Est. reading time":"7 minutes"},"schema":{"@context":"https:\/\/schema.org","@graph":[{"@type":"WebSite","@id":"https:\/\/www.visit-ulcinj.com\/blog\/#website","url":"https:\/\/www.visit-ulcinj.com\/blog\/","name":"Lajme nga Ulqini","description":"Lajme,Vijesti,Ulqini,Ulqin,Crna Gora,Mali i Zi","potentialAction":[{"@type":"SearchAction","target":{"@type":"EntryPoint","urlTemplate":"https:\/\/www.visit-ulcinj.com\/blog\/?s={search_term_string}"},"query-input":"required name=search_term_string"}],"inLanguage":"en-US"},{"@type":"ImageObject","inLanguage":"en-US","@id":"https:\/\/www.visit-ulcinj.com\/blog\/2012\/03\/04\/cungu-nuk-do-te-lejojme-heqjen-e-flamurit-kombetar-nga-ulqini\/#primaryimage","url":"https:\/\/www.visit-ulcinj.com\/blog\/wp-content\/uploads\/2012\/03\/Gazetari-Besim-Toska_Kryetari-i-UlqinitNazif-Cungu.jpg","contentUrl":"https:\/\/www.visit-ulcinj.com\/blog\/wp-content\/uploads\/2012\/03\/Gazetari-Besim-Toska_Kryetari-i-UlqinitNazif-Cungu.jpg","width":"1021","height":"482"},{"@type":"WebPage","@id":"https:\/\/www.visit-ulcinj.com\/blog\/2012\/03\/04\/cungu-nuk-do-te-lejojme-heqjen-e-flamurit-kombetar-nga-ulqini\/#webpage","url":"https:\/\/www.visit-ulcinj.com\/blog\/2012\/03\/04\/cungu-nuk-do-te-lejojme-heqjen-e-flamurit-kombetar-nga-ulqini\/","name":"Cungu: Nuk do t\u00eb lejojm\u00eb heqjen e flamurit komb\u00ebtar nga Ulqini - Lajme nga Ulqini","isPartOf":{"@id":"https:\/\/www.visit-ulcinj.com\/blog\/#website"},"primaryImageOfPage":{"@id":"https:\/\/www.visit-ulcinj.com\/blog\/2012\/03\/04\/cungu-nuk-do-te-lejojme-heqjen-e-flamurit-kombetar-nga-ulqini\/#primaryimage"},"datePublished":"2012-03-03T23:17:49+00:00","dateModified":"2012-03-15T05:48:34+00:00","author":{"@id":"https:\/\/www.visit-ulcinj.com\/blog\/#\/schema\/person\/dcab619c614d3038751c63bc2aadc06d"},"description":"Nga Besim Toska Shqiptar\u00ebt n\u00eb Mal\u00eb\u00a0t\u00eb Zi, kan\u00eb qen\u00eb populli\u00a0vendimtar\u00eb p\u00ebr\u00a0pavar\u00ebsimin e Malit\u00a0t\u00eb Zi. Por prej t\u00eb gjith\u00eb\u00a0popujve q\u00eb jetojn\u00eb\u00a0n\u00eb Mal t\u00eb Zi","breadcrumb":{"@id":"https:\/\/www.visit-ulcinj.com\/blog\/2012\/03\/04\/cungu-nuk-do-te-lejojme-heqjen-e-flamurit-kombetar-nga-ulqini\/#breadcrumb"},"inLanguage":"en-US","potentialAction":[{"@type":"ReadAction","target":["https:\/\/www.visit-ulcinj.com\/blog\/2012\/03\/04\/cungu-nuk-do-te-lejojme-heqjen-e-flamurit-kombetar-nga-ulqini\/"]}]},{"@type":"BreadcrumbList","@id":"https:\/\/www.visit-ulcinj.com\/blog\/2012\/03\/04\/cungu-nuk-do-te-lejojme-heqjen-e-flamurit-kombetar-nga-ulqini\/#breadcrumb","itemListElement":[{"@type":"ListItem","position":1,"name":"Cungu: Nuk do t\u00eb lejojm\u00eb heqjen e flamurit komb\u00ebtar nga Ulqini"}]},{"@type":"Person","@id":"https:\/\/www.visit-ulcinj.com\/blog\/#\/schema\/person\/dcab619c614d3038751c63bc2aadc06d","name":"ulqini","sameAs":["http:\/\/www.visit-ulcinj.com"],"url":"https:\/\/www.visit-ulcinj.com\/blog\/author\/admin\/"}]}},"jetpack_featured_media_url":"","jetpack_sharing_enabled":true,"jetpack_shortlink":"https:\/\/wp.me\/pe6lTn-f3Y","_links":{"self":[{"href":"https:\/\/www.visit-ulcinj.com\/blog\/wp-json\/wp\/v2\/posts\/57906"}],"collection":[{"href":"https:\/\/www.visit-ulcinj.com\/blog\/wp-json\/wp\/v2\/posts"}],"about":[{"href":"https:\/\/www.visit-ulcinj.com\/blog\/wp-json\/wp\/v2\/types\/post"}],"author":[{"embeddable":true,"href":"https:\/\/www.visit-ulcinj.com\/blog\/wp-json\/wp\/v2\/users\/1"}],"replies":[{"embeddable":true,"href":"https:\/\/www.visit-ulcinj.com\/blog\/wp-json\/wp\/v2\/comments?post=57906"}],"version-history":[{"count":8,"href":"https:\/\/www.visit-ulcinj.com\/blog\/wp-json\/wp\/v2\/posts\/57906\/revisions"}],"predecessor-version":[{"id":58109,"href":"https:\/\/www.visit-ulcinj.com\/blog\/wp-json\/wp\/v2\/posts\/57906\/revisions\/58109"}],"wp:attachment":[{"href":"https:\/\/www.visit-ulcinj.com\/blog\/wp-json\/wp\/v2\/media?parent=57906"}],"wp:term":[{"taxonomy":"category","embeddable":true,"href":"https:\/\/www.visit-ulcinj.com\/blog\/wp-json\/wp\/v2\/categories?post=57906"},{"taxonomy":"post_tag","embeddable":true,"href":"https:\/\/www.visit-ulcinj.com\/blog\/wp-json\/wp\/v2\/tags?post=57906"}],"curies":[{"name":"wp","href":"https:\/\/api.w.org\/{rel}","templated":true}]}}