{"id":5791,"date":"2008-11-10T15:50:22","date_gmt":"2008-11-10T20:50:22","guid":{"rendered":"http:\/\/www.visit-ulcinj.com\/blog\/?p=5791"},"modified":"2008-11-10T15:50:22","modified_gmt":"2008-11-10T20:50:22","slug":"ministria-dhe-keshillat-te-gatshme-te-bashkepunojne","status":"publish","type":"post","link":"https:\/\/www.visit-ulcinj.com\/blog\/2008\/11\/10\/ministria-dhe-keshillat-te-gatshme-te-bashkepunojne\/","title":{"rendered":"Ministria dhe k\u00ebshillat t\u00eb gatshme t\u00eb bashk\u00ebpunojn\u00eb"},"content":{"rendered":"<p><a href=\"http:\/\/www.visit-ulcinj.com\/blog\/wp-content\/uploads\/2008\/11\/fuad-nimani.jpg\"><img loading=\"lazy\" class=\"alignleft size-medium wp-image-5792\" title=\"fuad-nimani\" src=\"http:\/\/www.visit-ulcinj.com\/blog\/wp-content\/uploads\/2008\/11\/fuad-nimani-300x195.jpg\" alt=\"\" width=\"300\" height=\"195\" srcset=\"https:\/\/www.visit-ulcinj.com\/blog\/wp-content\/uploads\/2008\/11\/fuad-nimani-300x195.jpg 300w, https:\/\/www.visit-ulcinj.com\/blog\/wp-content\/uploads\/2008\/11\/fuad-nimani.jpg 623w\" sizes=\"(max-width: 300px) 100vw, 300px\" \/><\/a>Ministri p\u00ebr mbrojtjen e t\u00eb drejtave t\u00eb njeriut dhe pakicave u takua me kryetar\u00ebt e k\u00ebshillave nacionale t\u00eb pakicave n\u00eb Mal t\u00eb Zi<br \/>\nPodgoric\u00eb &#8211; Ministri p\u00ebr Mbrojtjen e t\u00eb Drejtave t\u00eb Njeriut dhe Pakicave, Fuad Nimani, priti t\u00eb mart\u00ebn kryetar\u00ebt e k\u00ebshillave nacionale t\u00eb pakicave n\u00eb Mal t\u00eb Zi. N\u00eb takim mor\u00ebn pjes\u00eb kryetari i K\u00ebshillit Nacional Boshnjak, prof. Dr. SherboRastoder, kryetari i K\u00ebshillit Nacional Shqiptar, Tahir Tahiri, kryetari i K\u00ebshillit Nacional Musliman, Sabrija Vuliq, kryetari i K\u00ebshillit Nacional Kroat, dr. Mirosllav Mariq dhe kryetari i K\u00ebshillit Nacional Rom, Isen Gashi.<br \/>\nN\u00eb deklarat\u00ebn p\u00ebr shtyp t\u00eb Ministris\u00eb p\u00ebr Mbrojtjen e t\u00eb Drejtave t\u00eb Njeriut dhe Pakicave thuhet se n\u00eb takim \u00ebsht\u00eb diskutuar rreth pun\u00ebs dhe financimit t\u00eb k\u00ebshillave nacionale, si dhe projekteve q\u00eb kjo ministri planifikon tzi realizoj\u00eb n\u00eb t\u00eb ardhmen.<br \/>\nMinistri Nimani ka theksuar me k\u00ebt\u00eb rast se Ministria t\u00eb cil\u00ebn ai e drejton \u00ebsht\u00eb e hapur p\u00ebr \u00e7far\u00ebdolloj bashk\u00ebpunimi me k\u00ebshillat nacionale n\u00eb rrug\u00ebn e avancimit t\u00eb t\u00eb drejtave t\u00eb pakicave n\u00eb Mal t\u00eb Zi.<br \/>\nN\u00eb deklarat\u00eb thuhet se kryetar\u00ebt e k\u00ebshillave nacionale kan\u00eb theksuar se ata do t\u00eb jen\u00eb partner\u00eb t\u00eb mir\u00eb t\u00eb Ministris\u00eb p\u00ebr Mbrojtjen e t\u00eb Drejtave t\u00eb Njeriut dhe Pakicave n\u00eb realizimin e projekteve q\u00eb kan\u00eb t\u00eb b\u00ebjn\u00eb me avancimin e t\u00eb drejtave dhe lirive t\u00eb pakicave.<br \/>\n<strong>Kohapress<\/strong><\/p>\n","protected":false},"excerpt":{"rendered":"<p>Ministri p\u00ebr mbrojtjen e t\u00eb drejtave t\u00eb njeriut dhe pakicave u takua me kryetar\u00ebt e k\u00ebshillave nacionale t\u00eb pakicave n\u00eb Mal t\u00eb Zi Podgoric\u00eb &#8211; Ministri p\u00ebr Mbrojtjen e t\u00eb Drejtave t\u00eb Njeriut dhe Pakicave, Fuad Nimani, priti t\u00eb mart\u00ebn kryetar\u00ebt e k\u00ebshillave nacionale t\u00eb pakicave n\u00eb Mal t\u00eb Zi. N\u00eb takim mor\u00ebn pjes\u00eb kryetari [&hellip;]<\/p>\n","protected":false},"author":1,"featured_media":0,"comment_status":"open","ping_status":"closed","sticky":false,"template":"","format":"standard","meta":{"spay_email":"","jetpack_publicize_message":"","jetpack_is_tweetstorm":false,"jetpack_publicize_feature_enabled":true},"categories":[6],"tags":[106],"jetpack_publicize_connections":[],"yoast_head":"<!-- This site is optimized with the Yoast SEO plugin v19.1 - https:\/\/yoast.com\/wordpress\/plugins\/seo\/ -->\n<title>Ministria dhe k\u00ebshillat t\u00eb gatshme t\u00eb bashk\u00ebpunojn\u00eb - Lajme nga Ulqini<\/title>\n<meta name=\"description\" content=\"Ministri p\u00ebr mbrojtjen e t\u00eb drejtave t\u00eb njeriut dhe pakicave u takua me kryetar\u00ebt e k\u00ebshillave nacionale t\u00eb pakicave n\u00eb Mal t\u00eb Zi Podgoric\u00eb - Ministri p\u00ebr\" \/>\n<meta name=\"robots\" content=\"index, follow, max-snippet:-1, max-image-preview:large, max-video-preview:-1\" \/>\n<link rel=\"canonical\" href=\"https:\/\/www.visit-ulcinj.com\/blog\/2008\/11\/10\/ministria-dhe-keshillat-te-gatshme-te-bashkepunojne\/\" \/>\n<meta property=\"og:locale\" content=\"en_US\" \/>\n<meta property=\"og:type\" content=\"article\" \/>\n<meta property=\"og:title\" content=\"Ministria dhe k\u00ebshillat t\u00eb gatshme t\u00eb bashk\u00ebpunojn\u00eb - Lajme nga Ulqini\" \/>\n<meta property=\"og:description\" content=\"Ministri p\u00ebr mbrojtjen e t\u00eb drejtave t\u00eb njeriut dhe pakicave u takua me kryetar\u00ebt e k\u00ebshillave nacionale t\u00eb pakicave n\u00eb Mal t\u00eb Zi Podgoric\u00eb - Ministri p\u00ebr\" \/>\n<meta property=\"og:url\" content=\"https:\/\/www.visit-ulcinj.com\/blog\/2008\/11\/10\/ministria-dhe-keshillat-te-gatshme-te-bashkepunojne\/\" \/>\n<meta property=\"og:site_name\" content=\"Lajme nga Ulqini\" \/>\n<meta property=\"article:published_time\" content=\"2008-11-10T20:50:22+00:00\" \/>\n<meta property=\"og:image\" content=\"http:\/\/www.visit-ulcinj.com\/blog\/wp-content\/uploads\/2008\/11\/fuad-nimani-300x195.jpg\" \/>\n<meta name=\"twitter:label1\" content=\"Written by\" \/>\n\t<meta name=\"twitter:data1\" content=\"ulqini\" \/>\n\t<meta name=\"twitter:label2\" content=\"Est. reading time\" \/>\n\t<meta name=\"twitter:data2\" content=\"1 minute\" \/>\n<script type=\"application\/ld+json\" class=\"yoast-schema-graph\">{\"@context\":\"https:\/\/schema.org\",\"@graph\":[{\"@type\":\"WebSite\",\"@id\":\"https:\/\/www.visit-ulcinj.com\/blog\/#website\",\"url\":\"https:\/\/www.visit-ulcinj.com\/blog\/\",\"name\":\"Lajme nga Ulqini\",\"description\":\"Lajme,Vijesti,Ulqini,Ulqin,Crna Gora,Mali i Zi\",\"potentialAction\":[{\"@type\":\"SearchAction\",\"target\":{\"@type\":\"EntryPoint\",\"urlTemplate\":\"https:\/\/www.visit-ulcinj.com\/blog\/?s={search_term_string}\"},\"query-input\":\"required name=search_term_string\"}],\"inLanguage\":\"en-US\"},{\"@type\":\"ImageObject\",\"inLanguage\":\"en-US\",\"@id\":\"https:\/\/www.visit-ulcinj.com\/blog\/2008\/11\/10\/ministria-dhe-keshillat-te-gatshme-te-bashkepunojne\/#primaryimage\",\"url\":\"http:\/\/www.visit-ulcinj.com\/blog\/wp-content\/uploads\/2008\/11\/fuad-nimani-300x195.jpg\",\"contentUrl\":\"http:\/\/www.visit-ulcinj.com\/blog\/wp-content\/uploads\/2008\/11\/fuad-nimani-300x195.jpg\"},{\"@type\":\"WebPage\",\"@id\":\"https:\/\/www.visit-ulcinj.com\/blog\/2008\/11\/10\/ministria-dhe-keshillat-te-gatshme-te-bashkepunojne\/#webpage\",\"url\":\"https:\/\/www.visit-ulcinj.com\/blog\/2008\/11\/10\/ministria-dhe-keshillat-te-gatshme-te-bashkepunojne\/\",\"name\":\"Ministria dhe k\u00ebshillat t\u00eb gatshme t\u00eb bashk\u00ebpunojn\u00eb - Lajme nga Ulqini\",\"isPartOf\":{\"@id\":\"https:\/\/www.visit-ulcinj.com\/blog\/#website\"},\"primaryImageOfPage\":{\"@id\":\"https:\/\/www.visit-ulcinj.com\/blog\/2008\/11\/10\/ministria-dhe-keshillat-te-gatshme-te-bashkepunojne\/#primaryimage\"},\"datePublished\":\"2008-11-10T20:50:22+00:00\",\"dateModified\":\"2008-11-10T20:50:22+00:00\",\"author\":{\"@id\":\"https:\/\/www.visit-ulcinj.com\/blog\/#\/schema\/person\/dcab619c614d3038751c63bc2aadc06d\"},\"description\":\"Ministri p\u00ebr mbrojtjen e t\u00eb drejtave t\u00eb njeriut dhe pakicave u takua me kryetar\u00ebt e k\u00ebshillave nacionale t\u00eb pakicave n\u00eb Mal t\u00eb Zi Podgoric\u00eb - Ministri p\u00ebr\",\"breadcrumb\":{\"@id\":\"https:\/\/www.visit-ulcinj.com\/blog\/2008\/11\/10\/ministria-dhe-keshillat-te-gatshme-te-bashkepunojne\/#breadcrumb\"},\"inLanguage\":\"en-US\",\"potentialAction\":[{\"@type\":\"ReadAction\",\"target\":[\"https:\/\/www.visit-ulcinj.com\/blog\/2008\/11\/10\/ministria-dhe-keshillat-te-gatshme-te-bashkepunojne\/\"]}]},{\"@type\":\"BreadcrumbList\",\"@id\":\"https:\/\/www.visit-ulcinj.com\/blog\/2008\/11\/10\/ministria-dhe-keshillat-te-gatshme-te-bashkepunojne\/#breadcrumb\",\"itemListElement\":[{\"@type\":\"ListItem\",\"position\":1,\"name\":\"Ministria dhe k\u00ebshillat t\u00eb gatshme t\u00eb bashk\u00ebpunojn\u00eb\"}]},{\"@type\":\"Person\",\"@id\":\"https:\/\/www.visit-ulcinj.com\/blog\/#\/schema\/person\/dcab619c614d3038751c63bc2aadc06d\",\"name\":\"ulqini\",\"sameAs\":[\"http:\/\/www.visit-ulcinj.com\"],\"url\":\"https:\/\/www.visit-ulcinj.com\/blog\/author\/admin\/\"}]}<\/script>\n<!-- \/ Yoast SEO plugin. -->","yoast_head_json":{"title":"Ministria dhe k\u00ebshillat t\u00eb gatshme t\u00eb bashk\u00ebpunojn\u00eb - Lajme nga Ulqini","description":"Ministri p\u00ebr mbrojtjen e t\u00eb drejtave t\u00eb njeriut dhe pakicave u takua me kryetar\u00ebt e k\u00ebshillave nacionale t\u00eb pakicave n\u00eb Mal t\u00eb Zi Podgoric\u00eb - Ministri p\u00ebr","robots":{"index":"index","follow":"follow","max-snippet":"max-snippet:-1","max-image-preview":"max-image-preview:large","max-video-preview":"max-video-preview:-1"},"canonical":"https:\/\/www.visit-ulcinj.com\/blog\/2008\/11\/10\/ministria-dhe-keshillat-te-gatshme-te-bashkepunojne\/","og_locale":"en_US","og_type":"article","og_title":"Ministria dhe k\u00ebshillat t\u00eb gatshme t\u00eb bashk\u00ebpunojn\u00eb - Lajme nga Ulqini","og_description":"Ministri p\u00ebr mbrojtjen e t\u00eb drejtave t\u00eb njeriut dhe pakicave u takua me kryetar\u00ebt e k\u00ebshillave nacionale t\u00eb pakicave n\u00eb Mal t\u00eb Zi Podgoric\u00eb - Ministri p\u00ebr","og_url":"https:\/\/www.visit-ulcinj.com\/blog\/2008\/11\/10\/ministria-dhe-keshillat-te-gatshme-te-bashkepunojne\/","og_site_name":"Lajme nga Ulqini","article_published_time":"2008-11-10T20:50:22+00:00","og_image":[{"url":"http:\/\/www.visit-ulcinj.com\/blog\/wp-content\/uploads\/2008\/11\/fuad-nimani-300x195.jpg"}],"twitter_misc":{"Written by":"ulqini","Est. reading time":"1 minute"},"schema":{"@context":"https:\/\/schema.org","@graph":[{"@type":"WebSite","@id":"https:\/\/www.visit-ulcinj.com\/blog\/#website","url":"https:\/\/www.visit-ulcinj.com\/blog\/","name":"Lajme nga Ulqini","description":"Lajme,Vijesti,Ulqini,Ulqin,Crna Gora,Mali i Zi","potentialAction":[{"@type":"SearchAction","target":{"@type":"EntryPoint","urlTemplate":"https:\/\/www.visit-ulcinj.com\/blog\/?s={search_term_string}"},"query-input":"required name=search_term_string"}],"inLanguage":"en-US"},{"@type":"ImageObject","inLanguage":"en-US","@id":"https:\/\/www.visit-ulcinj.com\/blog\/2008\/11\/10\/ministria-dhe-keshillat-te-gatshme-te-bashkepunojne\/#primaryimage","url":"http:\/\/www.visit-ulcinj.com\/blog\/wp-content\/uploads\/2008\/11\/fuad-nimani-300x195.jpg","contentUrl":"http:\/\/www.visit-ulcinj.com\/blog\/wp-content\/uploads\/2008\/11\/fuad-nimani-300x195.jpg"},{"@type":"WebPage","@id":"https:\/\/www.visit-ulcinj.com\/blog\/2008\/11\/10\/ministria-dhe-keshillat-te-gatshme-te-bashkepunojne\/#webpage","url":"https:\/\/www.visit-ulcinj.com\/blog\/2008\/11\/10\/ministria-dhe-keshillat-te-gatshme-te-bashkepunojne\/","name":"Ministria dhe k\u00ebshillat t\u00eb gatshme t\u00eb bashk\u00ebpunojn\u00eb - Lajme nga Ulqini","isPartOf":{"@id":"https:\/\/www.visit-ulcinj.com\/blog\/#website"},"primaryImageOfPage":{"@id":"https:\/\/www.visit-ulcinj.com\/blog\/2008\/11\/10\/ministria-dhe-keshillat-te-gatshme-te-bashkepunojne\/#primaryimage"},"datePublished":"2008-11-10T20:50:22+00:00","dateModified":"2008-11-10T20:50:22+00:00","author":{"@id":"https:\/\/www.visit-ulcinj.com\/blog\/#\/schema\/person\/dcab619c614d3038751c63bc2aadc06d"},"description":"Ministri p\u00ebr mbrojtjen e t\u00eb drejtave t\u00eb njeriut dhe pakicave u takua me kryetar\u00ebt e k\u00ebshillave nacionale t\u00eb pakicave n\u00eb Mal t\u00eb Zi Podgoric\u00eb - Ministri p\u00ebr","breadcrumb":{"@id":"https:\/\/www.visit-ulcinj.com\/blog\/2008\/11\/10\/ministria-dhe-keshillat-te-gatshme-te-bashkepunojne\/#breadcrumb"},"inLanguage":"en-US","potentialAction":[{"@type":"ReadAction","target":["https:\/\/www.visit-ulcinj.com\/blog\/2008\/11\/10\/ministria-dhe-keshillat-te-gatshme-te-bashkepunojne\/"]}]},{"@type":"BreadcrumbList","@id":"https:\/\/www.visit-ulcinj.com\/blog\/2008\/11\/10\/ministria-dhe-keshillat-te-gatshme-te-bashkepunojne\/#breadcrumb","itemListElement":[{"@type":"ListItem","position":1,"name":"Ministria dhe k\u00ebshillat t\u00eb gatshme t\u00eb bashk\u00ebpunojn\u00eb"}]},{"@type":"Person","@id":"https:\/\/www.visit-ulcinj.com\/blog\/#\/schema\/person\/dcab619c614d3038751c63bc2aadc06d","name":"ulqini","sameAs":["http:\/\/www.visit-ulcinj.com"],"url":"https:\/\/www.visit-ulcinj.com\/blog\/author\/admin\/"}]}},"jetpack_featured_media_url":"","jetpack_sharing_enabled":true,"jetpack_shortlink":"https:\/\/wp.me\/pe6lTn-1vp","_links":{"self":[{"href":"https:\/\/www.visit-ulcinj.com\/blog\/wp-json\/wp\/v2\/posts\/5791"}],"collection":[{"href":"https:\/\/www.visit-ulcinj.com\/blog\/wp-json\/wp\/v2\/posts"}],"about":[{"href":"https:\/\/www.visit-ulcinj.com\/blog\/wp-json\/wp\/v2\/types\/post"}],"author":[{"embeddable":true,"href":"https:\/\/www.visit-ulcinj.com\/blog\/wp-json\/wp\/v2\/users\/1"}],"replies":[{"embeddable":true,"href":"https:\/\/www.visit-ulcinj.com\/blog\/wp-json\/wp\/v2\/comments?post=5791"}],"version-history":[{"count":0,"href":"https:\/\/www.visit-ulcinj.com\/blog\/wp-json\/wp\/v2\/posts\/5791\/revisions"}],"wp:attachment":[{"href":"https:\/\/www.visit-ulcinj.com\/blog\/wp-json\/wp\/v2\/media?parent=5791"}],"wp:term":[{"taxonomy":"category","embeddable":true,"href":"https:\/\/www.visit-ulcinj.com\/blog\/wp-json\/wp\/v2\/categories?post=5791"},{"taxonomy":"post_tag","embeddable":true,"href":"https:\/\/www.visit-ulcinj.com\/blog\/wp-json\/wp\/v2\/tags?post=5791"}],"curies":[{"name":"wp","href":"https:\/\/api.w.org\/{rel}","templated":true}]}}