{"id":57933,"date":"2012-03-04T11:32:30","date_gmt":"2012-03-04T10:32:30","guid":{"rendered":"http:\/\/www.visit-ulcinj.com\/blog\/?p=57933"},"modified":"2012-03-04T11:32:30","modified_gmt":"2012-03-04T10:32:30","slug":"solani-bajo-sekulic-u-ulcinju-prijeti-katanac","status":"publish","type":"post","link":"https:\/\/www.visit-ulcinj.com\/blog\/2012\/03\/04\/solani-bajo-sekulic-u-ulcinju-prijeti-katanac\/","title":{"rendered":"Solani &#8220;Bajo Sekuli\u0107&#8221; u Ulcinju prijeti katanac"},"content":{"rendered":"<p><a href=\"http:\/\/www.visit-ulcinj.com\/blog\/wp-content\/uploads\/2012\/03\/Solana_Bajo-Sekulic_Ulcinj_Crna-Gora.jpg\"><img loading=\"lazy\" class=\"alignleft  wp-image-57934\" title=\"Solana_Bajo-Sekulic_Ulcinj_Crna-Gora\" src=\"http:\/\/www.visit-ulcinj.com\/blog\/wp-content\/uploads\/2012\/03\/Solana_Bajo-Sekulic_Ulcinj_Crna-Gora.jpg\" alt=\"\" width=\"508\" height=\"380\" \/><\/a>Solana &#8220;Bajo Sekuli\u0107&#8221; u Ulcinju uskoro \u0107e zatvoriti kapije a gotovo svi radnici, sem par njih koji \u0107e ostati da \u010duvaju imovinu zamrlog preduze\u0107a, zavr\u0161i\u0107e na Birou rada &#8211; to je sve izvjesniji epilog\u00a0 vi\u0161egodi\u0161njeg mu\u010deni\u010dkog bitisanja jedine crnogorske solane i najstarijeg ulcinjskog kolektiva.<\/p>\n<p>Tu\u017ean kraj i katanac u Ulcinju nazire i ste\u010dajni upravnik Milorad Ikovi\u0107 koji tvrdi da je upravo takav epilog neminovan &#8220;i to vrlo brzo&#8221;.<\/p>\n<p>&#8211; To nije stvar ni\u010dije, pa ni moje dobre volje, ve\u0107 slovo zakona. Vlada nam je oduzela koncesije, a kompanije koje su u ste\u010daju, po zakonu, ne mogu dobiti nove. Osim toga, tako\u0111e po zakonu, ako ste u ste\u010daju, radnici mogu dobiti otkaz svakog trenutka, a manje je va\u017eno da li \u0107e se to desiti danas, sjutra ili za 15 dana &#8211; kazao je Ikovi\u0107 za &#8220;Vijesti&#8221;.<\/p>\n<p>Na pitanje za\u0161to vlasnici nijesu izmirili dugovanja koja se kre\u0107u ukupno oko 3 miliona eura, na desetine pa i stotine puta manje od stvarne vrijednosti preduze\u0107a koje se prostire na 15 miliona najatraktivnijeg zemlji\u0161ta u Ulcinju, Ikovi\u0107 je kazao da odgovor treba tra\u017eiti od vlasnika, odnosno firmi biznismena Veselina Barovi\u0107a.<\/p>\n<p><a href=\"http:\/\/www.portalanalitika.me\/ekonomija\/vijesti\/53216-solani-prijeti-katanac.html\" target=\"_blank\"><strong>Analitika &#8211; Informativni Portal<\/strong><\/a><\/p>\n<p>[flv width=&#8221;508&#8243; height=&#8221;360&#8243;]http:\/\/solana-ulcinj.com\/VTS_01_1.flv[\/flv]<\/p>\n","protected":false},"excerpt":{"rendered":"<p>Solana &#8220;Bajo Sekuli\u0107&#8221; u Ulcinju uskoro \u0107e zatvoriti kapije a gotovo svi radnici, sem par njih koji \u0107e ostati da \u010duvaju imovinu zamrlog preduze\u0107a, zavr\u0161i\u0107e na Birou rada &#8211; to je sve izvjesniji epilog\u00a0 vi\u0161egodi\u0161njeg mu\u010deni\u010dkog bitisanja jedine crnogorske solane i najstarijeg ulcinjskog kolektiva. Tu\u017ean kraj i katanac u Ulcinju nazire i ste\u010dajni upravnik Milorad [&hellip;]<\/p>\n","protected":false},"author":1,"featured_media":0,"comment_status":"open","ping_status":"closed","sticky":false,"template":"","format":"standard","meta":{"spay_email":"","jetpack_publicize_message":"","jetpack_is_tweetstorm":false,"jetpack_publicize_feature_enabled":true},"categories":[8337],"tags":[20097,19],"jetpack_publicize_connections":[],"yoast_head":"<!-- This site is optimized with the Yoast SEO plugin v19.1 - https:\/\/yoast.com\/wordpress\/plugins\/seo\/ -->\n<title>Solani &quot;Bajo Sekuli\u0107&quot; u Ulcinju prijeti katanac - Lajme nga Ulqini<\/title>\n<meta name=\"description\" content=\"Solana &quot;Bajo Sekuli\u0107&quot; u Ulcinju uskoro \u0107e zatvoriti kapije a gotovo svi radnici, sem par njih koji \u0107e ostati da \u010duvaju imovinu zamrlog preduze\u0107a, zavr\u0161i\u0107e\" \/>\n<meta name=\"robots\" content=\"index, follow, max-snippet:-1, max-image-preview:large, max-video-preview:-1\" \/>\n<link rel=\"canonical\" href=\"https:\/\/www.visit-ulcinj.com\/blog\/2012\/03\/04\/solani-bajo-sekulic-u-ulcinju-prijeti-katanac\/\" \/>\n<meta property=\"og:locale\" content=\"en_US\" \/>\n<meta property=\"og:type\" content=\"article\" \/>\n<meta property=\"og:title\" content=\"Solani &quot;Bajo Sekuli\u0107&quot; u Ulcinju prijeti katanac - Lajme nga Ulqini\" \/>\n<meta property=\"og:description\" content=\"Solana &quot;Bajo Sekuli\u0107&quot; u Ulcinju uskoro \u0107e zatvoriti kapije a gotovo svi radnici, sem par njih koji \u0107e ostati da \u010duvaju imovinu zamrlog preduze\u0107a, zavr\u0161i\u0107e\" \/>\n<meta property=\"og:url\" content=\"https:\/\/www.visit-ulcinj.com\/blog\/2012\/03\/04\/solani-bajo-sekulic-u-ulcinju-prijeti-katanac\/\" \/>\n<meta property=\"og:site_name\" content=\"Lajme nga Ulqini\" \/>\n<meta property=\"article:published_time\" content=\"2012-03-04T10:32:30+00:00\" \/>\n<meta property=\"og:image\" content=\"http:\/\/www.visit-ulcinj.com\/blog\/wp-content\/uploads\/2012\/03\/Solana_Bajo-Sekulic_Ulcinj_Crna-Gora.jpg\" \/>\n<meta name=\"twitter:label1\" content=\"Written by\" \/>\n\t<meta name=\"twitter:data1\" content=\"ulqini\" \/>\n\t<meta name=\"twitter:label2\" content=\"Est. reading time\" \/>\n\t<meta name=\"twitter:data2\" content=\"1 minute\" \/>\n<script type=\"application\/ld+json\" class=\"yoast-schema-graph\">{\"@context\":\"https:\/\/schema.org\",\"@graph\":[{\"@type\":\"WebSite\",\"@id\":\"https:\/\/www.visit-ulcinj.com\/blog\/#website\",\"url\":\"https:\/\/www.visit-ulcinj.com\/blog\/\",\"name\":\"Lajme nga Ulqini\",\"description\":\"Lajme,Vijesti,Ulqini,Ulqin,Crna Gora,Mali i Zi\",\"potentialAction\":[{\"@type\":\"SearchAction\",\"target\":{\"@type\":\"EntryPoint\",\"urlTemplate\":\"https:\/\/www.visit-ulcinj.com\/blog\/?s={search_term_string}\"},\"query-input\":\"required name=search_term_string\"}],\"inLanguage\":\"en-US\"},{\"@type\":\"ImageObject\",\"inLanguage\":\"en-US\",\"@id\":\"https:\/\/www.visit-ulcinj.com\/blog\/2012\/03\/04\/solani-bajo-sekulic-u-ulcinju-prijeti-katanac\/#primaryimage\",\"url\":\"https:\/\/www.visit-ulcinj.com\/blog\/wp-content\/uploads\/2012\/03\/Solana_Bajo-Sekulic_Ulcinj_Crna-Gora.jpg\",\"contentUrl\":\"https:\/\/www.visit-ulcinj.com\/blog\/wp-content\/uploads\/2012\/03\/Solana_Bajo-Sekulic_Ulcinj_Crna-Gora.jpg\",\"width\":\"1064\",\"height\":\"633\"},{\"@type\":\"WebPage\",\"@id\":\"https:\/\/www.visit-ulcinj.com\/blog\/2012\/03\/04\/solani-bajo-sekulic-u-ulcinju-prijeti-katanac\/#webpage\",\"url\":\"https:\/\/www.visit-ulcinj.com\/blog\/2012\/03\/04\/solani-bajo-sekulic-u-ulcinju-prijeti-katanac\/\",\"name\":\"Solani \\\"Bajo Sekuli\u0107\\\" u Ulcinju prijeti katanac - Lajme nga Ulqini\",\"isPartOf\":{\"@id\":\"https:\/\/www.visit-ulcinj.com\/blog\/#website\"},\"primaryImageOfPage\":{\"@id\":\"https:\/\/www.visit-ulcinj.com\/blog\/2012\/03\/04\/solani-bajo-sekulic-u-ulcinju-prijeti-katanac\/#primaryimage\"},\"datePublished\":\"2012-03-04T10:32:30+00:00\",\"dateModified\":\"2012-03-04T10:32:30+00:00\",\"author\":{\"@id\":\"https:\/\/www.visit-ulcinj.com\/blog\/#\/schema\/person\/dcab619c614d3038751c63bc2aadc06d\"},\"description\":\"Solana \\\"Bajo Sekuli\u0107\\\" u Ulcinju uskoro \u0107e zatvoriti kapije a gotovo svi radnici, sem par njih koji \u0107e ostati da \u010duvaju imovinu zamrlog preduze\u0107a, zavr\u0161i\u0107e\",\"breadcrumb\":{\"@id\":\"https:\/\/www.visit-ulcinj.com\/blog\/2012\/03\/04\/solani-bajo-sekulic-u-ulcinju-prijeti-katanac\/#breadcrumb\"},\"inLanguage\":\"en-US\",\"potentialAction\":[{\"@type\":\"ReadAction\",\"target\":[\"https:\/\/www.visit-ulcinj.com\/blog\/2012\/03\/04\/solani-bajo-sekulic-u-ulcinju-prijeti-katanac\/\"]}]},{\"@type\":\"BreadcrumbList\",\"@id\":\"https:\/\/www.visit-ulcinj.com\/blog\/2012\/03\/04\/solani-bajo-sekulic-u-ulcinju-prijeti-katanac\/#breadcrumb\",\"itemListElement\":[{\"@type\":\"ListItem\",\"position\":1,\"name\":\"Solani &#8220;Bajo Sekuli\u0107&#8221; u Ulcinju prijeti katanac\"}]},{\"@type\":\"Person\",\"@id\":\"https:\/\/www.visit-ulcinj.com\/blog\/#\/schema\/person\/dcab619c614d3038751c63bc2aadc06d\",\"name\":\"ulqini\",\"sameAs\":[\"http:\/\/www.visit-ulcinj.com\"],\"url\":\"https:\/\/www.visit-ulcinj.com\/blog\/author\/admin\/\"}]}<\/script>\n<!-- \/ Yoast SEO plugin. -->","yoast_head_json":{"title":"Solani \"Bajo Sekuli\u0107\" u Ulcinju prijeti katanac - Lajme nga Ulqini","description":"Solana \"Bajo Sekuli\u0107\" u Ulcinju uskoro \u0107e zatvoriti kapije a gotovo svi radnici, sem par njih koji \u0107e ostati da \u010duvaju imovinu zamrlog preduze\u0107a, zavr\u0161i\u0107e","robots":{"index":"index","follow":"follow","max-snippet":"max-snippet:-1","max-image-preview":"max-image-preview:large","max-video-preview":"max-video-preview:-1"},"canonical":"https:\/\/www.visit-ulcinj.com\/blog\/2012\/03\/04\/solani-bajo-sekulic-u-ulcinju-prijeti-katanac\/","og_locale":"en_US","og_type":"article","og_title":"Solani \"Bajo Sekuli\u0107\" u Ulcinju prijeti katanac - Lajme nga Ulqini","og_description":"Solana \"Bajo Sekuli\u0107\" u Ulcinju uskoro \u0107e zatvoriti kapije a gotovo svi radnici, sem par njih koji \u0107e ostati da \u010duvaju imovinu zamrlog preduze\u0107a, zavr\u0161i\u0107e","og_url":"https:\/\/www.visit-ulcinj.com\/blog\/2012\/03\/04\/solani-bajo-sekulic-u-ulcinju-prijeti-katanac\/","og_site_name":"Lajme nga Ulqini","article_published_time":"2012-03-04T10:32:30+00:00","og_image":[{"url":"http:\/\/www.visit-ulcinj.com\/blog\/wp-content\/uploads\/2012\/03\/Solana_Bajo-Sekulic_Ulcinj_Crna-Gora.jpg"}],"twitter_misc":{"Written by":"ulqini","Est. reading time":"1 minute"},"schema":{"@context":"https:\/\/schema.org","@graph":[{"@type":"WebSite","@id":"https:\/\/www.visit-ulcinj.com\/blog\/#website","url":"https:\/\/www.visit-ulcinj.com\/blog\/","name":"Lajme nga Ulqini","description":"Lajme,Vijesti,Ulqini,Ulqin,Crna Gora,Mali i Zi","potentialAction":[{"@type":"SearchAction","target":{"@type":"EntryPoint","urlTemplate":"https:\/\/www.visit-ulcinj.com\/blog\/?s={search_term_string}"},"query-input":"required name=search_term_string"}],"inLanguage":"en-US"},{"@type":"ImageObject","inLanguage":"en-US","@id":"https:\/\/www.visit-ulcinj.com\/blog\/2012\/03\/04\/solani-bajo-sekulic-u-ulcinju-prijeti-katanac\/#primaryimage","url":"https:\/\/www.visit-ulcinj.com\/blog\/wp-content\/uploads\/2012\/03\/Solana_Bajo-Sekulic_Ulcinj_Crna-Gora.jpg","contentUrl":"https:\/\/www.visit-ulcinj.com\/blog\/wp-content\/uploads\/2012\/03\/Solana_Bajo-Sekulic_Ulcinj_Crna-Gora.jpg","width":"1064","height":"633"},{"@type":"WebPage","@id":"https:\/\/www.visit-ulcinj.com\/blog\/2012\/03\/04\/solani-bajo-sekulic-u-ulcinju-prijeti-katanac\/#webpage","url":"https:\/\/www.visit-ulcinj.com\/blog\/2012\/03\/04\/solani-bajo-sekulic-u-ulcinju-prijeti-katanac\/","name":"Solani \"Bajo Sekuli\u0107\" u Ulcinju prijeti katanac - Lajme nga Ulqini","isPartOf":{"@id":"https:\/\/www.visit-ulcinj.com\/blog\/#website"},"primaryImageOfPage":{"@id":"https:\/\/www.visit-ulcinj.com\/blog\/2012\/03\/04\/solani-bajo-sekulic-u-ulcinju-prijeti-katanac\/#primaryimage"},"datePublished":"2012-03-04T10:32:30+00:00","dateModified":"2012-03-04T10:32:30+00:00","author":{"@id":"https:\/\/www.visit-ulcinj.com\/blog\/#\/schema\/person\/dcab619c614d3038751c63bc2aadc06d"},"description":"Solana \"Bajo Sekuli\u0107\" u Ulcinju uskoro \u0107e zatvoriti kapije a gotovo svi radnici, sem par njih koji \u0107e ostati da \u010duvaju imovinu zamrlog preduze\u0107a, zavr\u0161i\u0107e","breadcrumb":{"@id":"https:\/\/www.visit-ulcinj.com\/blog\/2012\/03\/04\/solani-bajo-sekulic-u-ulcinju-prijeti-katanac\/#breadcrumb"},"inLanguage":"en-US","potentialAction":[{"@type":"ReadAction","target":["https:\/\/www.visit-ulcinj.com\/blog\/2012\/03\/04\/solani-bajo-sekulic-u-ulcinju-prijeti-katanac\/"]}]},{"@type":"BreadcrumbList","@id":"https:\/\/www.visit-ulcinj.com\/blog\/2012\/03\/04\/solani-bajo-sekulic-u-ulcinju-prijeti-katanac\/#breadcrumb","itemListElement":[{"@type":"ListItem","position":1,"name":"Solani &#8220;Bajo Sekuli\u0107&#8221; u Ulcinju prijeti katanac"}]},{"@type":"Person","@id":"https:\/\/www.visit-ulcinj.com\/blog\/#\/schema\/person\/dcab619c614d3038751c63bc2aadc06d","name":"ulqini","sameAs":["http:\/\/www.visit-ulcinj.com"],"url":"https:\/\/www.visit-ulcinj.com\/blog\/author\/admin\/"}]}},"jetpack_featured_media_url":"","jetpack_sharing_enabled":true,"jetpack_shortlink":"https:\/\/wp.me\/pe6lTn-f4p","_links":{"self":[{"href":"https:\/\/www.visit-ulcinj.com\/blog\/wp-json\/wp\/v2\/posts\/57933"}],"collection":[{"href":"https:\/\/www.visit-ulcinj.com\/blog\/wp-json\/wp\/v2\/posts"}],"about":[{"href":"https:\/\/www.visit-ulcinj.com\/blog\/wp-json\/wp\/v2\/types\/post"}],"author":[{"embeddable":true,"href":"https:\/\/www.visit-ulcinj.com\/blog\/wp-json\/wp\/v2\/users\/1"}],"replies":[{"embeddable":true,"href":"https:\/\/www.visit-ulcinj.com\/blog\/wp-json\/wp\/v2\/comments?post=57933"}],"version-history":[{"count":2,"href":"https:\/\/www.visit-ulcinj.com\/blog\/wp-json\/wp\/v2\/posts\/57933\/revisions"}],"predecessor-version":[{"id":57941,"href":"https:\/\/www.visit-ulcinj.com\/blog\/wp-json\/wp\/v2\/posts\/57933\/revisions\/57941"}],"wp:attachment":[{"href":"https:\/\/www.visit-ulcinj.com\/blog\/wp-json\/wp\/v2\/media?parent=57933"}],"wp:term":[{"taxonomy":"category","embeddable":true,"href":"https:\/\/www.visit-ulcinj.com\/blog\/wp-json\/wp\/v2\/categories?post=57933"},{"taxonomy":"post_tag","embeddable":true,"href":"https:\/\/www.visit-ulcinj.com\/blog\/wp-json\/wp\/v2\/tags?post=57933"}],"curies":[{"name":"wp","href":"https:\/\/api.w.org\/{rel}","templated":true}]}}