{"id":57937,"date":"2012-03-04T12:06:26","date_gmt":"2012-03-04T11:06:26","guid":{"rendered":"http:\/\/www.visit-ulcinj.com\/blog\/?p=57937"},"modified":"2012-03-04T12:06:26","modified_gmt":"2012-03-04T11:06:26","slug":"radnici-solane-dok-bude-soline-idemo-iz-fabrike","status":"publish","type":"post","link":"https:\/\/www.visit-ulcinj.com\/blog\/2012\/03\/04\/radnici-solane-dok-bude-soline-idemo-iz-fabrike\/","title":{"rendered":"Radnici Solane: Dok bude soli,ne idemo iz fabrike"},"content":{"rendered":"<p><a href=\"http:\/\/www.visit-ulcinj.com\/blog\/wp-content\/uploads\/2012\/03\/Radnici-Solane-Ulcinj_Dok-bude-soline-idemo-iz-fabrike.jpg\"><img loading=\"lazy\" class=\"alignleft  wp-image-57938\" title=\"Radnici Solane Ulcinj_Dok bude soli,ne idemo iz fabrike\" src=\"http:\/\/www.visit-ulcinj.com\/blog\/wp-content\/uploads\/2012\/03\/Radnici-Solane-Ulcinj_Dok-bude-soline-idemo-iz-fabrike.jpg\" alt=\"\" width=\"508\" height=\"380\" \/><\/a>Radnici Solane nijesu krivi za stanje u kome se danas nalazi preduze\u0107e i nije realno o\u010dekivati da \u0107e prihvatiti da budu izba\u010deni na ulicu, a da neko proda oko 11.000 tona soli, koliko se nalazi na lageru, poru\u010deno je ju\u010de iz Sindikata Solane nakon informacija da bi jedino crnogorsko preduze\u0107e koje proizvodi so uskoro moglo biti zatvoreno. Podsjetimo, ste\u010dajna uprava Solane \u201eBajo Sekuli\u0107\u201d objavila je poziv za prodaju imovine tog ulcinjskog preduze\u0107a sredinom decembra pro\u0161le godine, po po\u010detnoj cijeni od 257,8 miliona eura. Prva javna prodaja Solane, od koje povjerioci tra\u017ee oko tri miliona, nije uspjela jer nije bilo zainteresovanih.<br \/>\nPredsjednik sindikata preduze\u0107a Marko Miranovi\u0107 kazao je \u201eDanu\u201d da radnici ne mogu dozvoliti da so, koje bez njih ne bi bilo u magacinu, sjutra neko proda, a zaposlene po\u0161alje na biro.<\/p>\n<p>\u2013 Radnici i rukovodstvo su se lani zalo\u017eili da se, uprkos problemima, sprovede berba. Uspjeli smo da proizvedemo 15.000 tona soli, a trenutno je na lageru oko 11.000 tona. Dok je so tu, i mi \u0107emo biti tu \u2013 rekao je Miranovi\u0107. On je dodao da \u0107e svoje zahtjeve podnijeti resornom ministarstvu, premijeru i drugim nadle\u017enim institucijama i tra\u017eiti pomo\u0107.<br \/>\n\u2013 \u017delimo da nam odobre koncesije za morsku vodu, koje pla\u0107amo osam hiljada eura i nerealno je da budu ukinute. Istina, klasi\u010dni ste\u010daj je uveden, ali je prije pola godine postignut dogovor izme\u0111u ste\u010dajnog sudije, ste\u010dajnog upravnika, ve\u0107inskog vlasnika i radnika da nam se dozvoli da radimo. Dokazali smo da mo\u017eemo da poslujemo pozitivno, a to \u0161to je neko ranije upropastio firmu, nije na\u0161 grijeh. Utvr\u0111ivanjem odgovornosti treba da se bave istra\u017eni organi \u2013 naveo je Miranovi\u0107 i dodao da treba utvrditi ko je kriv za pronevjeru dva do tri miliona eura.<br \/>\nPrema njegovim rije\u010dima, trenutno stanje i koli\u010dina usoljene vode garantuju da bi eventualnom berbom dobili izme\u0111u 15.000 i 30.000 tona soli, \u0161to vrijedi \u0161est do sedam miliona eura.<br \/>\n<a href=\"http:\/\/www.visit-ulcinj.com\/blog\/wp-content\/uploads\/2012\/03\/solana-ul.jpg\"><img loading=\"lazy\" class=\"alignleft  wp-image-57939\" title=\"solana ul\" src=\"http:\/\/www.visit-ulcinj.com\/blog\/wp-content\/uploads\/2012\/03\/solana-ul.jpg\" alt=\"\" width=\"508\" height=\"300\" \/><\/a><br \/>\n\u2013 Mimo logike je o\u010dekivati da to ostavimo i odemo. Ovih 70 radnika mo\u017ee da radi i pozitivno posluje, a imamo \u010dasnog i po\u0161tenog direktora, koji zna posao \u2013 ocijenio je Miranovi\u0107.<br \/>\nDirektor Solane Dragi\u0161a Rosandi\u0107 smatra da ga\u0161enje firme, \u0161to je ve\u0107 du\u017ee aktuelno, nije nikome u interesu.<br \/>\n\u2013 Vlasnici su zainteresovani da se nekako radi, a ne da se fabrika zatvori, ali moraju na\u0107i zajedni\u010dki jezik sa sudom \u2013ka\u017ee Rosandi\u0107.<br \/>\nOn isti\u010de da preduze\u0107e posluje uprkos svim pote\u0161ko\u0107ama.<br \/>\n\u2013 Radimo pod hipotekom, a dugovi su veliki. Samo zaposlenima dugujemo \u0161est plata. Ne mo\u017eemo da montiramo novu pakirnicu, jer nemamo sredstava da zavr\u0161imo tu investiciju, ali radimo kao da \u0107e berbe biti. Odgovore na sva pitanja ipak treba da daju sud i ve\u0107inski vlasnik \u2013 rekao je Rosandi\u0107.<br \/>\n\u201eDan\u201c je poku\u0161ao da dobije komentar i od ste\u010dajnog upravnika Milorada Ikovi\u0107a, ali smo ostali uskra\u0107eni za odgovor.<br \/>\nPomo\u0107 Solani najavili su i iz lokalne uprave. Predsjednik op\u0161tine Nazif Cungu izjavio je ranije da \u0107e pomo\u0107i koliko mogu\u0107nosti Op\u0161tine budu dozvolile.<br \/>\nSolanom se bavi i NVO sektor, koji je u vi\u0161e navrata upozoravao da bi njeno zatvaranje zna\u010dilo ubijanje grada.<br \/>\n\u2013 Pozivamo gra\u0111ane, politi\u010dare i sve kojima je stalo do Ulcinja da se homogenizuju i daju doprinos kako bi se Solana sa\u010duvala i opstala kao fabrika kvalitetne morske soli. Ukoliko se to ne dogodi, centralna i lokalna vlast snosi\u0107e dio odgovornosti za sve \u0161to se potencijalo desi u budu\u0107nosti, a najve\u0107u odgovornost ima Vlada \u2013 kazao je predsjednik UO NVO \u201eMogul\u201c Dritan Abazovi\u0107.<br \/>\nOn smatra da jo\u0161 nije kasno da se Solana spasi.<br \/>\n\u2013 Ako to ne bude u\u010dinjeno, bi\u0107e jasno da postoji sprega izme\u0111u donosilaca odluka i ljudi koji vr\u0161e privatizacije na ovakav na\u010din, a to \u0107e umnogome uticati na ionako ne ba\u0161 dobar imid\u017e Crne Gorte u borbi protiv korupcije i organizovanog kriminala \u2013 smatra Abazovi\u0107.<br \/>\nVe\u0107inski vlasnik Solane je Veselin Barovi\u0107, koji ju je kupio za 800.000 eura, \u010dime je dobio 15 miliona kvadrata zemlji\u0161ta, koje je 2008. u prostornom planu preimenovano iz industrijskog u gra\u0111evinsko.<\/p>\n<p><strong>M.K.<\/strong><\/p>\n<p><strong>Tokom vanrednog stanja radili danono\u0107no<\/strong><\/p>\n<p>U Sindikatu Solane tvrde da su u vrijeme vremenskih nepogoda i vanrednog stanja radili danono\u0107no i da se u tim te\u0161kim okolnostima pokazalo koliko je Solana potrebna Crnoj Gori.<br \/>\n\u2013 Kamioni sa solju za puteve utovarani su i danju i no\u0107u. Radili smo punom parom jer je pola dr\u017eave bilo zavejano. Uspjeli smo da odgovorimo svim zahtjevima, a sada ho\u0107e da nas zatvore \u2013 ka\u017eu u sindikatu.<\/p>\n<p><a href=\"http:\/\/www.dan.co.me\/?nivo=3&amp;rubrika=Ekonomija&amp;clanak=322151&amp;datum=2012-03-03\" target=\"_blank\"><strong>Izvor\u00a0: DAN<\/strong><\/a><\/p>\n<p>[flv width=&#8221;508&#8243; height=&#8221;360&#8243;]http:\/\/solana-ulcinj.com\/VTS_01_1.flv[\/flv]<\/p>\n","protected":false},"excerpt":{"rendered":"<p>Radnici Solane nijesu krivi za stanje u kome se danas nalazi preduze\u0107e i nije realno o\u010dekivati da \u0107e prihvatiti da budu izba\u010deni na ulicu, a da neko proda oko 11.000 tona soli, koliko se nalazi na lageru, poru\u010deno je ju\u010de iz Sindikata Solane nakon informacija da bi jedino crnogorsko preduze\u0107e koje proizvodi so uskoro moglo [&hellip;]<\/p>\n","protected":false},"author":1,"featured_media":0,"comment_status":"open","ping_status":"closed","sticky":false,"template":"","format":"standard","meta":{"spay_email":"","jetpack_publicize_message":"","jetpack_is_tweetstorm":false,"jetpack_publicize_feature_enabled":true},"categories":[8337],"tags":[19,1968],"jetpack_publicize_connections":[],"yoast_head":"<!-- This site is optimized with the Yoast SEO plugin v19.1 - https:\/\/yoast.com\/wordpress\/plugins\/seo\/ -->\n<title>Radnici Solane: Dok bude soli,ne idemo iz fabrike - Lajme nga Ulqini<\/title>\n<meta name=\"description\" content=\"Radnici Solane nijesu krivi za stanje u kome se danas nalazi preduze\u0107e i nije realno o\u010dekivati da \u0107e prihvatiti da budu izba\u010deni na ulicu, a da neko proda\" \/>\n<meta name=\"robots\" content=\"index, follow, max-snippet:-1, max-image-preview:large, max-video-preview:-1\" \/>\n<link rel=\"canonical\" href=\"https:\/\/www.visit-ulcinj.com\/blog\/2012\/03\/04\/radnici-solane-dok-bude-soline-idemo-iz-fabrike\/\" \/>\n<meta property=\"og:locale\" content=\"en_US\" \/>\n<meta property=\"og:type\" content=\"article\" \/>\n<meta property=\"og:title\" content=\"Radnici Solane: Dok bude soli,ne idemo iz fabrike - Lajme nga Ulqini\" \/>\n<meta property=\"og:description\" content=\"Radnici Solane nijesu krivi za stanje u kome se danas nalazi preduze\u0107e i nije realno o\u010dekivati da \u0107e prihvatiti da budu izba\u010deni na ulicu, a da neko proda\" \/>\n<meta property=\"og:url\" content=\"https:\/\/www.visit-ulcinj.com\/blog\/2012\/03\/04\/radnici-solane-dok-bude-soline-idemo-iz-fabrike\/\" \/>\n<meta property=\"og:site_name\" content=\"Lajme nga Ulqini\" \/>\n<meta property=\"article:published_time\" content=\"2012-03-04T11:06:26+00:00\" \/>\n<meta property=\"og:image\" content=\"http:\/\/www.visit-ulcinj.com\/blog\/wp-content\/uploads\/2012\/03\/Radnici-Solane-Ulcinj_Dok-bude-soline-idemo-iz-fabrike.jpg\" \/>\n<meta name=\"twitter:label1\" content=\"Written by\" \/>\n\t<meta name=\"twitter:data1\" content=\"ulqini\" \/>\n\t<meta name=\"twitter:label2\" content=\"Est. reading time\" \/>\n\t<meta name=\"twitter:data2\" content=\"4 minutes\" \/>\n<script type=\"application\/ld+json\" class=\"yoast-schema-graph\">{\"@context\":\"https:\/\/schema.org\",\"@graph\":[{\"@type\":\"WebSite\",\"@id\":\"https:\/\/www.visit-ulcinj.com\/blog\/#website\",\"url\":\"https:\/\/www.visit-ulcinj.com\/blog\/\",\"name\":\"Lajme nga Ulqini\",\"description\":\"Lajme,Vijesti,Ulqini,Ulqin,Crna Gora,Mali i Zi\",\"potentialAction\":[{\"@type\":\"SearchAction\",\"target\":{\"@type\":\"EntryPoint\",\"urlTemplate\":\"https:\/\/www.visit-ulcinj.com\/blog\/?s={search_term_string}\"},\"query-input\":\"required name=search_term_string\"}],\"inLanguage\":\"en-US\"},{\"@type\":\"ImageObject\",\"inLanguage\":\"en-US\",\"@id\":\"https:\/\/www.visit-ulcinj.com\/blog\/2012\/03\/04\/radnici-solane-dok-bude-soline-idemo-iz-fabrike\/#primaryimage\",\"url\":\"https:\/\/www.visit-ulcinj.com\/blog\/wp-content\/uploads\/2012\/03\/Radnici-Solane-Ulcinj_Dok-bude-soline-idemo-iz-fabrike.jpg\",\"contentUrl\":\"https:\/\/www.visit-ulcinj.com\/blog\/wp-content\/uploads\/2012\/03\/Radnici-Solane-Ulcinj_Dok-bude-soline-idemo-iz-fabrike.jpg\",\"width\":\"744\",\"height\":\"408\"},{\"@type\":\"WebPage\",\"@id\":\"https:\/\/www.visit-ulcinj.com\/blog\/2012\/03\/04\/radnici-solane-dok-bude-soline-idemo-iz-fabrike\/#webpage\",\"url\":\"https:\/\/www.visit-ulcinj.com\/blog\/2012\/03\/04\/radnici-solane-dok-bude-soline-idemo-iz-fabrike\/\",\"name\":\"Radnici Solane: Dok bude soli,ne idemo iz fabrike - Lajme nga Ulqini\",\"isPartOf\":{\"@id\":\"https:\/\/www.visit-ulcinj.com\/blog\/#website\"},\"primaryImageOfPage\":{\"@id\":\"https:\/\/www.visit-ulcinj.com\/blog\/2012\/03\/04\/radnici-solane-dok-bude-soline-idemo-iz-fabrike\/#primaryimage\"},\"datePublished\":\"2012-03-04T11:06:26+00:00\",\"dateModified\":\"2012-03-04T11:06:26+00:00\",\"author\":{\"@id\":\"https:\/\/www.visit-ulcinj.com\/blog\/#\/schema\/person\/dcab619c614d3038751c63bc2aadc06d\"},\"description\":\"Radnici Solane nijesu krivi za stanje u kome se danas nalazi preduze\u0107e i nije realno o\u010dekivati da \u0107e prihvatiti da budu izba\u010deni na ulicu, a da neko proda\",\"breadcrumb\":{\"@id\":\"https:\/\/www.visit-ulcinj.com\/blog\/2012\/03\/04\/radnici-solane-dok-bude-soline-idemo-iz-fabrike\/#breadcrumb\"},\"inLanguage\":\"en-US\",\"potentialAction\":[{\"@type\":\"ReadAction\",\"target\":[\"https:\/\/www.visit-ulcinj.com\/blog\/2012\/03\/04\/radnici-solane-dok-bude-soline-idemo-iz-fabrike\/\"]}]},{\"@type\":\"BreadcrumbList\",\"@id\":\"https:\/\/www.visit-ulcinj.com\/blog\/2012\/03\/04\/radnici-solane-dok-bude-soline-idemo-iz-fabrike\/#breadcrumb\",\"itemListElement\":[{\"@type\":\"ListItem\",\"position\":1,\"name\":\"Radnici Solane: Dok bude soli,ne idemo iz fabrike\"}]},{\"@type\":\"Person\",\"@id\":\"https:\/\/www.visit-ulcinj.com\/blog\/#\/schema\/person\/dcab619c614d3038751c63bc2aadc06d\",\"name\":\"ulqini\",\"sameAs\":[\"http:\/\/www.visit-ulcinj.com\"],\"url\":\"https:\/\/www.visit-ulcinj.com\/blog\/author\/admin\/\"}]}<\/script>\n<!-- \/ Yoast SEO plugin. -->","yoast_head_json":{"title":"Radnici Solane: Dok bude soli,ne idemo iz fabrike - Lajme nga Ulqini","description":"Radnici Solane nijesu krivi za stanje u kome se danas nalazi preduze\u0107e i nije realno o\u010dekivati da \u0107e prihvatiti da budu izba\u010deni na ulicu, a da neko proda","robots":{"index":"index","follow":"follow","max-snippet":"max-snippet:-1","max-image-preview":"max-image-preview:large","max-video-preview":"max-video-preview:-1"},"canonical":"https:\/\/www.visit-ulcinj.com\/blog\/2012\/03\/04\/radnici-solane-dok-bude-soline-idemo-iz-fabrike\/","og_locale":"en_US","og_type":"article","og_title":"Radnici Solane: Dok bude soli,ne idemo iz fabrike - Lajme nga Ulqini","og_description":"Radnici Solane nijesu krivi za stanje u kome se danas nalazi preduze\u0107e i nije realno o\u010dekivati da \u0107e prihvatiti da budu izba\u010deni na ulicu, a da neko proda","og_url":"https:\/\/www.visit-ulcinj.com\/blog\/2012\/03\/04\/radnici-solane-dok-bude-soline-idemo-iz-fabrike\/","og_site_name":"Lajme nga Ulqini","article_published_time":"2012-03-04T11:06:26+00:00","og_image":[{"url":"http:\/\/www.visit-ulcinj.com\/blog\/wp-content\/uploads\/2012\/03\/Radnici-Solane-Ulcinj_Dok-bude-soline-idemo-iz-fabrike.jpg"}],"twitter_misc":{"Written by":"ulqini","Est. reading time":"4 minutes"},"schema":{"@context":"https:\/\/schema.org","@graph":[{"@type":"WebSite","@id":"https:\/\/www.visit-ulcinj.com\/blog\/#website","url":"https:\/\/www.visit-ulcinj.com\/blog\/","name":"Lajme nga Ulqini","description":"Lajme,Vijesti,Ulqini,Ulqin,Crna Gora,Mali i Zi","potentialAction":[{"@type":"SearchAction","target":{"@type":"EntryPoint","urlTemplate":"https:\/\/www.visit-ulcinj.com\/blog\/?s={search_term_string}"},"query-input":"required name=search_term_string"}],"inLanguage":"en-US"},{"@type":"ImageObject","inLanguage":"en-US","@id":"https:\/\/www.visit-ulcinj.com\/blog\/2012\/03\/04\/radnici-solane-dok-bude-soline-idemo-iz-fabrike\/#primaryimage","url":"https:\/\/www.visit-ulcinj.com\/blog\/wp-content\/uploads\/2012\/03\/Radnici-Solane-Ulcinj_Dok-bude-soline-idemo-iz-fabrike.jpg","contentUrl":"https:\/\/www.visit-ulcinj.com\/blog\/wp-content\/uploads\/2012\/03\/Radnici-Solane-Ulcinj_Dok-bude-soline-idemo-iz-fabrike.jpg","width":"744","height":"408"},{"@type":"WebPage","@id":"https:\/\/www.visit-ulcinj.com\/blog\/2012\/03\/04\/radnici-solane-dok-bude-soline-idemo-iz-fabrike\/#webpage","url":"https:\/\/www.visit-ulcinj.com\/blog\/2012\/03\/04\/radnici-solane-dok-bude-soline-idemo-iz-fabrike\/","name":"Radnici Solane: Dok bude soli,ne idemo iz fabrike - Lajme nga Ulqini","isPartOf":{"@id":"https:\/\/www.visit-ulcinj.com\/blog\/#website"},"primaryImageOfPage":{"@id":"https:\/\/www.visit-ulcinj.com\/blog\/2012\/03\/04\/radnici-solane-dok-bude-soline-idemo-iz-fabrike\/#primaryimage"},"datePublished":"2012-03-04T11:06:26+00:00","dateModified":"2012-03-04T11:06:26+00:00","author":{"@id":"https:\/\/www.visit-ulcinj.com\/blog\/#\/schema\/person\/dcab619c614d3038751c63bc2aadc06d"},"description":"Radnici Solane nijesu krivi za stanje u kome se danas nalazi preduze\u0107e i nije realno o\u010dekivati da \u0107e prihvatiti da budu izba\u010deni na ulicu, a da neko proda","breadcrumb":{"@id":"https:\/\/www.visit-ulcinj.com\/blog\/2012\/03\/04\/radnici-solane-dok-bude-soline-idemo-iz-fabrike\/#breadcrumb"},"inLanguage":"en-US","potentialAction":[{"@type":"ReadAction","target":["https:\/\/www.visit-ulcinj.com\/blog\/2012\/03\/04\/radnici-solane-dok-bude-soline-idemo-iz-fabrike\/"]}]},{"@type":"BreadcrumbList","@id":"https:\/\/www.visit-ulcinj.com\/blog\/2012\/03\/04\/radnici-solane-dok-bude-soline-idemo-iz-fabrike\/#breadcrumb","itemListElement":[{"@type":"ListItem","position":1,"name":"Radnici Solane: Dok bude soli,ne idemo iz fabrike"}]},{"@type":"Person","@id":"https:\/\/www.visit-ulcinj.com\/blog\/#\/schema\/person\/dcab619c614d3038751c63bc2aadc06d","name":"ulqini","sameAs":["http:\/\/www.visit-ulcinj.com"],"url":"https:\/\/www.visit-ulcinj.com\/blog\/author\/admin\/"}]}},"jetpack_featured_media_url":"","jetpack_sharing_enabled":true,"jetpack_shortlink":"https:\/\/wp.me\/pe6lTn-f4t","_links":{"self":[{"href":"https:\/\/www.visit-ulcinj.com\/blog\/wp-json\/wp\/v2\/posts\/57937"}],"collection":[{"href":"https:\/\/www.visit-ulcinj.com\/blog\/wp-json\/wp\/v2\/posts"}],"about":[{"href":"https:\/\/www.visit-ulcinj.com\/blog\/wp-json\/wp\/v2\/types\/post"}],"author":[{"embeddable":true,"href":"https:\/\/www.visit-ulcinj.com\/blog\/wp-json\/wp\/v2\/users\/1"}],"replies":[{"embeddable":true,"href":"https:\/\/www.visit-ulcinj.com\/blog\/wp-json\/wp\/v2\/comments?post=57937"}],"version-history":[{"count":1,"href":"https:\/\/www.visit-ulcinj.com\/blog\/wp-json\/wp\/v2\/posts\/57937\/revisions"}],"predecessor-version":[{"id":57940,"href":"https:\/\/www.visit-ulcinj.com\/blog\/wp-json\/wp\/v2\/posts\/57937\/revisions\/57940"}],"wp:attachment":[{"href":"https:\/\/www.visit-ulcinj.com\/blog\/wp-json\/wp\/v2\/media?parent=57937"}],"wp:term":[{"taxonomy":"category","embeddable":true,"href":"https:\/\/www.visit-ulcinj.com\/blog\/wp-json\/wp\/v2\/categories?post=57937"},{"taxonomy":"post_tag","embeddable":true,"href":"https:\/\/www.visit-ulcinj.com\/blog\/wp-json\/wp\/v2\/tags?post=57937"}],"curies":[{"name":"wp","href":"https:\/\/api.w.org\/{rel}","templated":true}]}}