{"id":5794,"date":"2008-11-10T16:39:59","date_gmt":"2008-11-10T21:39:59","guid":{"rendered":"http:\/\/www.visit-ulcinj.com\/blog\/?p=5794"},"modified":"2008-11-10T16:39:59","modified_gmt":"2008-11-10T21:39:59","slug":"ne-qki-malesia-ne-tuz-u-shfaq-drama-nirvana-video","status":"publish","type":"post","link":"https:\/\/www.visit-ulcinj.com\/blog\/2008\/11\/10\/ne-qki-malesia-ne-tuz-u-shfaq-drama-nirvana-video\/","title":{"rendered":"N\u00eb QKI &#8220;Mal\u00ebsia&#8221; n\u00eb Tuz u shfaq drama &#8220;Nirvana&#8221;- Video"},"content":{"rendered":"<p><a href=\"http:\/\/www.visit-ulcinj.com\/blog\/wp-content\/uploads\/2008\/11\/drama-nirvana.jpg\"><img loading=\"lazy\" class=\"alignleft size-medium wp-image-5795\" title=\"drama-nirvana\" src=\"http:\/\/www.visit-ulcinj.com\/blog\/wp-content\/uploads\/2008\/11\/drama-nirvana-300x199.jpg\" alt=\"\" width=\"300\" height=\"199\" srcset=\"https:\/\/www.visit-ulcinj.com\/blog\/wp-content\/uploads\/2008\/11\/drama-nirvana-300x199.jpg 300w, https:\/\/www.visit-ulcinj.com\/blog\/wp-content\/uploads\/2008\/11\/drama-nirvana.jpg 476w\" sizes=\"(max-width: 300px) 100vw, 300px\" \/><\/a><strong>Reminishenc\u00eb mbi ekzodin, humbjen, vetmin\u00eb&#8230;<\/strong><br \/>\nPara nj\u00eb numri t\u00eb madh auditoriumi nga Mal\u00ebsia, t\u00eb h\u00ebn\u00ebn n\u00eb QKI &#8220;Mal\u00ebsia&#8221; n\u00eb Tuz, Teatri Komb\u00ebtar nga Prishtina shfaqi dram\u00ebn &#8220;Nirvana&#8221;, apo ndryshe e quajtur &#8220;Rruga e shpirtit&#8221;, e cila u mir\u00ebprit mjaft mir\u00eb dhe u vler\u00ebsua lart nga shikuesit e pranish\u00ebm.<br \/>\nDrama &#8220;Nirvana&#8221; i takon zhanrit t\u00eb teatrit t\u00eb poezis\u00eb, e cila pretendon surealizmin skenik. Shfaqja n\u00eb fjal\u00eb mb\u00ebshtet\u00eb tez\u00ebn e Nices- p\u00ebrjetimin Dionisian, ringritjen e shpirtit, nd\u00ebrgjegj\u00ebsimin ekzistencial&#8230;. N\u00eb k\u00ebt\u00eb shfaqje n\u00eb m\u00ebnyr\u00eb t\u00eb shk\u00eblqyer aktor\u00ebt e k\u00ebtij teatri prezantuan reminishenc\u00ebn mbi eksodin, humbjen, vetmin\u00eb&#8230; .<br \/>\n&#8220;Nirvana&#8221; u realizua mbi fenomenin biblik t\u00eb jet\u00ebs, vdekjes dhe liris\u00eb&#8230;<br \/>\nRolet i interpretuan Sheqerie Bu\u00e7aj, Selman Lokaj, Veton Osmani, Selman Jusufi etj.<br \/>\nN\u00eb k\u00ebt\u00eb shfaqje rolin e balerinave e luajt\u00ebn Jeta Musolli, Behije Murtezi dhe Luljeta Ademi. Skenograf ishte Burim Gora, kostumograf Samka Ferri, muzika Sabedin Ferraj-Cabi, dizajni i dritave, Asllan Hyseni dhe inspicient, Bajram Mehmetaj.<br \/>\nShfaqja e k\u00ebsaj drame \u00ebsht\u00eb e konceptuar dhe e realizuar skenikisht si teat\u00ebr i poezis\u00eb i mb\u00ebshtetur mbi pjes\u00ebt tekstore nga Bibla, por edhe nga autor\u00eb t\u00eb njohur si, Ismail Kadare, Teki D\u00ebrvishi, Ali Podrimja, Halil Matoshi etj.<br \/>\nRegjin\u00eb dhe adaptimin e dram\u00ebs e b\u00ebri Selman Jusufi, i cili deri m\u00eb tani ka b\u00ebr\u00eb regjin\u00eb e kat\u00ebr dramave, &#8220;Krushqit jan\u00eb t\u00eb ngrir\u00eb&#8221;, &#8220;Burgu i hapur&#8221;, &#8220;Palimpsest&#8221; dhe &#8220;Toka e premtuar&#8221;. Regjisori Jusufi gjithashtu \u00ebsht\u00eb edhe autor i pes\u00eb librave. P\u00ebr 35 vjet\u00eb n\u00eb sken\u00eb ai ka realizuar afro 200 role.<br \/>\nP\u00ebr qytetar\u00ebt e Mal\u00ebsis\u00eb, Selman Jusufi tashm\u00eb \u00ebsht\u00eb b\u00ebr\u00eb em\u00ebr i njohur, pasi q\u00eb ai vitin e kaluar po n\u00eb QKI &#8220;Mal\u00ebsia&#8221; ka luajtur me Teatrin Komb\u00ebtar t\u00eb Kosov\u00ebs rolin e Aleksand\u00ebr Mojsiut.<br \/>\n<strong>Rr.D<br \/>\nKoha Javore<\/strong><\/p>\n<!--YouTube Error: bad URL entered-->\n","protected":false},"excerpt":{"rendered":"<p>Reminishenc\u00eb mbi ekzodin, humbjen, vetmin\u00eb&#8230; Para nj\u00eb numri t\u00eb madh auditoriumi nga Mal\u00ebsia, t\u00eb h\u00ebn\u00ebn n\u00eb QKI &#8220;Mal\u00ebsia&#8221; n\u00eb Tuz, Teatri Komb\u00ebtar nga Prishtina shfaqi dram\u00ebn &#8220;Nirvana&#8221;, apo ndryshe e quajtur &#8220;Rruga e shpirtit&#8221;, e cila u mir\u00ebprit mjaft mir\u00eb dhe u vler\u00ebsua lart nga shikuesit e pranish\u00ebm. Drama &#8220;Nirvana&#8221; i takon zhanrit t\u00eb teatrit [&hellip;]<\/p>\n","protected":false},"author":1,"featured_media":0,"comment_status":"open","ping_status":"closed","sticky":false,"template":"","format":"standard","meta":{"spay_email":"","jetpack_publicize_message":"","jetpack_is_tweetstorm":false,"jetpack_publicize_feature_enabled":true},"categories":[4],"tags":[4997],"jetpack_publicize_connections":[],"yoast_head":"<!-- This site is optimized with the Yoast SEO plugin v19.1 - https:\/\/yoast.com\/wordpress\/plugins\/seo\/ -->\n<title>N\u00eb QKI &quot;Mal\u00ebsia&quot; n\u00eb Tuz u shfaq drama &quot;Nirvana&quot;- Video - Lajme nga Ulqini<\/title>\n<meta name=\"description\" content=\"Reminishenc\u00eb mbi ekzodin, humbjen, vetmin\u00eb... Para nj\u00eb numri t\u00eb madh auditoriumi nga Mal\u00ebsia, t\u00eb h\u00ebn\u00ebn n\u00eb QKI &quot;Mal\u00ebsia&quot; n\u00eb Tuz, Teatri Komb\u00ebtar nga\" \/>\n<meta name=\"robots\" content=\"index, follow, max-snippet:-1, max-image-preview:large, max-video-preview:-1\" \/>\n<link rel=\"canonical\" href=\"https:\/\/www.visit-ulcinj.com\/blog\/2008\/11\/10\/ne-qki-malesia-ne-tuz-u-shfaq-drama-nirvana-video\/\" \/>\n<meta property=\"og:locale\" content=\"en_US\" \/>\n<meta property=\"og:type\" content=\"article\" \/>\n<meta property=\"og:title\" content=\"N\u00eb QKI &quot;Mal\u00ebsia&quot; n\u00eb Tuz u shfaq drama &quot;Nirvana&quot;- Video - Lajme nga Ulqini\" \/>\n<meta property=\"og:description\" content=\"Reminishenc\u00eb mbi ekzodin, humbjen, vetmin\u00eb... Para nj\u00eb numri t\u00eb madh auditoriumi nga Mal\u00ebsia, t\u00eb h\u00ebn\u00ebn n\u00eb QKI &quot;Mal\u00ebsia&quot; n\u00eb Tuz, Teatri Komb\u00ebtar nga\" \/>\n<meta property=\"og:url\" content=\"https:\/\/www.visit-ulcinj.com\/blog\/2008\/11\/10\/ne-qki-malesia-ne-tuz-u-shfaq-drama-nirvana-video\/\" \/>\n<meta property=\"og:site_name\" content=\"Lajme nga Ulqini\" \/>\n<meta property=\"article:published_time\" content=\"2008-11-10T21:39:59+00:00\" \/>\n<meta property=\"og:image\" content=\"http:\/\/www.visit-ulcinj.com\/blog\/wp-content\/uploads\/2008\/11\/drama-nirvana-300x199.jpg\" \/>\n<meta name=\"twitter:label1\" content=\"Written by\" \/>\n\t<meta name=\"twitter:data1\" content=\"ulqini\" \/>\n\t<meta name=\"twitter:label2\" content=\"Est. reading time\" \/>\n\t<meta name=\"twitter:data2\" content=\"2 minutes\" \/>\n<script type=\"application\/ld+json\" class=\"yoast-schema-graph\">{\"@context\":\"https:\/\/schema.org\",\"@graph\":[{\"@type\":\"WebSite\",\"@id\":\"https:\/\/www.visit-ulcinj.com\/blog\/#website\",\"url\":\"https:\/\/www.visit-ulcinj.com\/blog\/\",\"name\":\"Lajme nga Ulqini\",\"description\":\"Lajme,Vijesti,Ulqini,Ulqin,Crna Gora,Mali i Zi\",\"potentialAction\":[{\"@type\":\"SearchAction\",\"target\":{\"@type\":\"EntryPoint\",\"urlTemplate\":\"https:\/\/www.visit-ulcinj.com\/blog\/?s={search_term_string}\"},\"query-input\":\"required name=search_term_string\"}],\"inLanguage\":\"en-US\"},{\"@type\":\"ImageObject\",\"inLanguage\":\"en-US\",\"@id\":\"https:\/\/www.visit-ulcinj.com\/blog\/2008\/11\/10\/ne-qki-malesia-ne-tuz-u-shfaq-drama-nirvana-video\/#primaryimage\",\"url\":\"http:\/\/www.visit-ulcinj.com\/blog\/wp-content\/uploads\/2008\/11\/drama-nirvana-300x199.jpg\",\"contentUrl\":\"http:\/\/www.visit-ulcinj.com\/blog\/wp-content\/uploads\/2008\/11\/drama-nirvana-300x199.jpg\"},{\"@type\":\"WebPage\",\"@id\":\"https:\/\/www.visit-ulcinj.com\/blog\/2008\/11\/10\/ne-qki-malesia-ne-tuz-u-shfaq-drama-nirvana-video\/#webpage\",\"url\":\"https:\/\/www.visit-ulcinj.com\/blog\/2008\/11\/10\/ne-qki-malesia-ne-tuz-u-shfaq-drama-nirvana-video\/\",\"name\":\"N\u00eb QKI \\\"Mal\u00ebsia\\\" n\u00eb Tuz u shfaq drama \\\"Nirvana\\\"- Video - Lajme nga Ulqini\",\"isPartOf\":{\"@id\":\"https:\/\/www.visit-ulcinj.com\/blog\/#website\"},\"primaryImageOfPage\":{\"@id\":\"https:\/\/www.visit-ulcinj.com\/blog\/2008\/11\/10\/ne-qki-malesia-ne-tuz-u-shfaq-drama-nirvana-video\/#primaryimage\"},\"datePublished\":\"2008-11-10T21:39:59+00:00\",\"dateModified\":\"2008-11-10T21:39:59+00:00\",\"author\":{\"@id\":\"https:\/\/www.visit-ulcinj.com\/blog\/#\/schema\/person\/dcab619c614d3038751c63bc2aadc06d\"},\"description\":\"Reminishenc\u00eb mbi ekzodin, humbjen, vetmin\u00eb... Para nj\u00eb numri t\u00eb madh auditoriumi nga Mal\u00ebsia, t\u00eb h\u00ebn\u00ebn n\u00eb QKI \\\"Mal\u00ebsia\\\" n\u00eb Tuz, Teatri Komb\u00ebtar nga\",\"breadcrumb\":{\"@id\":\"https:\/\/www.visit-ulcinj.com\/blog\/2008\/11\/10\/ne-qki-malesia-ne-tuz-u-shfaq-drama-nirvana-video\/#breadcrumb\"},\"inLanguage\":\"en-US\",\"potentialAction\":[{\"@type\":\"ReadAction\",\"target\":[\"https:\/\/www.visit-ulcinj.com\/blog\/2008\/11\/10\/ne-qki-malesia-ne-tuz-u-shfaq-drama-nirvana-video\/\"]}]},{\"@type\":\"BreadcrumbList\",\"@id\":\"https:\/\/www.visit-ulcinj.com\/blog\/2008\/11\/10\/ne-qki-malesia-ne-tuz-u-shfaq-drama-nirvana-video\/#breadcrumb\",\"itemListElement\":[{\"@type\":\"ListItem\",\"position\":1,\"name\":\"N\u00eb QKI &#8220;Mal\u00ebsia&#8221; n\u00eb Tuz u shfaq drama &#8220;Nirvana&#8221;- Video\"}]},{\"@type\":\"Person\",\"@id\":\"https:\/\/www.visit-ulcinj.com\/blog\/#\/schema\/person\/dcab619c614d3038751c63bc2aadc06d\",\"name\":\"ulqini\",\"sameAs\":[\"http:\/\/www.visit-ulcinj.com\"],\"url\":\"https:\/\/www.visit-ulcinj.com\/blog\/author\/admin\/\"}]}<\/script>\n<!-- \/ Yoast SEO plugin. -->","yoast_head_json":{"title":"N\u00eb QKI \"Mal\u00ebsia\" n\u00eb Tuz u shfaq drama \"Nirvana\"- Video - Lajme nga Ulqini","description":"Reminishenc\u00eb mbi ekzodin, humbjen, vetmin\u00eb... Para nj\u00eb numri t\u00eb madh auditoriumi nga Mal\u00ebsia, t\u00eb h\u00ebn\u00ebn n\u00eb QKI \"Mal\u00ebsia\" n\u00eb Tuz, Teatri Komb\u00ebtar nga","robots":{"index":"index","follow":"follow","max-snippet":"max-snippet:-1","max-image-preview":"max-image-preview:large","max-video-preview":"max-video-preview:-1"},"canonical":"https:\/\/www.visit-ulcinj.com\/blog\/2008\/11\/10\/ne-qki-malesia-ne-tuz-u-shfaq-drama-nirvana-video\/","og_locale":"en_US","og_type":"article","og_title":"N\u00eb QKI \"Mal\u00ebsia\" n\u00eb Tuz u shfaq drama \"Nirvana\"- Video - Lajme nga Ulqini","og_description":"Reminishenc\u00eb mbi ekzodin, humbjen, vetmin\u00eb... Para nj\u00eb numri t\u00eb madh auditoriumi nga Mal\u00ebsia, t\u00eb h\u00ebn\u00ebn n\u00eb QKI \"Mal\u00ebsia\" n\u00eb Tuz, Teatri Komb\u00ebtar nga","og_url":"https:\/\/www.visit-ulcinj.com\/blog\/2008\/11\/10\/ne-qki-malesia-ne-tuz-u-shfaq-drama-nirvana-video\/","og_site_name":"Lajme nga Ulqini","article_published_time":"2008-11-10T21:39:59+00:00","og_image":[{"url":"http:\/\/www.visit-ulcinj.com\/blog\/wp-content\/uploads\/2008\/11\/drama-nirvana-300x199.jpg"}],"twitter_misc":{"Written by":"ulqini","Est. reading time":"2 minutes"},"schema":{"@context":"https:\/\/schema.org","@graph":[{"@type":"WebSite","@id":"https:\/\/www.visit-ulcinj.com\/blog\/#website","url":"https:\/\/www.visit-ulcinj.com\/blog\/","name":"Lajme nga Ulqini","description":"Lajme,Vijesti,Ulqini,Ulqin,Crna Gora,Mali i Zi","potentialAction":[{"@type":"SearchAction","target":{"@type":"EntryPoint","urlTemplate":"https:\/\/www.visit-ulcinj.com\/blog\/?s={search_term_string}"},"query-input":"required name=search_term_string"}],"inLanguage":"en-US"},{"@type":"ImageObject","inLanguage":"en-US","@id":"https:\/\/www.visit-ulcinj.com\/blog\/2008\/11\/10\/ne-qki-malesia-ne-tuz-u-shfaq-drama-nirvana-video\/#primaryimage","url":"http:\/\/www.visit-ulcinj.com\/blog\/wp-content\/uploads\/2008\/11\/drama-nirvana-300x199.jpg","contentUrl":"http:\/\/www.visit-ulcinj.com\/blog\/wp-content\/uploads\/2008\/11\/drama-nirvana-300x199.jpg"},{"@type":"WebPage","@id":"https:\/\/www.visit-ulcinj.com\/blog\/2008\/11\/10\/ne-qki-malesia-ne-tuz-u-shfaq-drama-nirvana-video\/#webpage","url":"https:\/\/www.visit-ulcinj.com\/blog\/2008\/11\/10\/ne-qki-malesia-ne-tuz-u-shfaq-drama-nirvana-video\/","name":"N\u00eb QKI \"Mal\u00ebsia\" n\u00eb Tuz u shfaq drama \"Nirvana\"- Video - Lajme nga Ulqini","isPartOf":{"@id":"https:\/\/www.visit-ulcinj.com\/blog\/#website"},"primaryImageOfPage":{"@id":"https:\/\/www.visit-ulcinj.com\/blog\/2008\/11\/10\/ne-qki-malesia-ne-tuz-u-shfaq-drama-nirvana-video\/#primaryimage"},"datePublished":"2008-11-10T21:39:59+00:00","dateModified":"2008-11-10T21:39:59+00:00","author":{"@id":"https:\/\/www.visit-ulcinj.com\/blog\/#\/schema\/person\/dcab619c614d3038751c63bc2aadc06d"},"description":"Reminishenc\u00eb mbi ekzodin, humbjen, vetmin\u00eb... Para nj\u00eb numri t\u00eb madh auditoriumi nga Mal\u00ebsia, t\u00eb h\u00ebn\u00ebn n\u00eb QKI \"Mal\u00ebsia\" n\u00eb Tuz, Teatri Komb\u00ebtar nga","breadcrumb":{"@id":"https:\/\/www.visit-ulcinj.com\/blog\/2008\/11\/10\/ne-qki-malesia-ne-tuz-u-shfaq-drama-nirvana-video\/#breadcrumb"},"inLanguage":"en-US","potentialAction":[{"@type":"ReadAction","target":["https:\/\/www.visit-ulcinj.com\/blog\/2008\/11\/10\/ne-qki-malesia-ne-tuz-u-shfaq-drama-nirvana-video\/"]}]},{"@type":"BreadcrumbList","@id":"https:\/\/www.visit-ulcinj.com\/blog\/2008\/11\/10\/ne-qki-malesia-ne-tuz-u-shfaq-drama-nirvana-video\/#breadcrumb","itemListElement":[{"@type":"ListItem","position":1,"name":"N\u00eb QKI &#8220;Mal\u00ebsia&#8221; n\u00eb Tuz u shfaq drama &#8220;Nirvana&#8221;- Video"}]},{"@type":"Person","@id":"https:\/\/www.visit-ulcinj.com\/blog\/#\/schema\/person\/dcab619c614d3038751c63bc2aadc06d","name":"ulqini","sameAs":["http:\/\/www.visit-ulcinj.com"],"url":"https:\/\/www.visit-ulcinj.com\/blog\/author\/admin\/"}]}},"jetpack_featured_media_url":"","jetpack_sharing_enabled":true,"jetpack_shortlink":"https:\/\/wp.me\/pe6lTn-1vs","_links":{"self":[{"href":"https:\/\/www.visit-ulcinj.com\/blog\/wp-json\/wp\/v2\/posts\/5794"}],"collection":[{"href":"https:\/\/www.visit-ulcinj.com\/blog\/wp-json\/wp\/v2\/posts"}],"about":[{"href":"https:\/\/www.visit-ulcinj.com\/blog\/wp-json\/wp\/v2\/types\/post"}],"author":[{"embeddable":true,"href":"https:\/\/www.visit-ulcinj.com\/blog\/wp-json\/wp\/v2\/users\/1"}],"replies":[{"embeddable":true,"href":"https:\/\/www.visit-ulcinj.com\/blog\/wp-json\/wp\/v2\/comments?post=5794"}],"version-history":[{"count":0,"href":"https:\/\/www.visit-ulcinj.com\/blog\/wp-json\/wp\/v2\/posts\/5794\/revisions"}],"wp:attachment":[{"href":"https:\/\/www.visit-ulcinj.com\/blog\/wp-json\/wp\/v2\/media?parent=5794"}],"wp:term":[{"taxonomy":"category","embeddable":true,"href":"https:\/\/www.visit-ulcinj.com\/blog\/wp-json\/wp\/v2\/categories?post=5794"},{"taxonomy":"post_tag","embeddable":true,"href":"https:\/\/www.visit-ulcinj.com\/blog\/wp-json\/wp\/v2\/tags?post=5794"}],"curies":[{"name":"wp","href":"https:\/\/api.w.org\/{rel}","templated":true}]}}