{"id":57942,"date":"2012-03-04T12:21:55","date_gmt":"2012-03-04T11:21:55","guid":{"rendered":"http:\/\/www.visit-ulcinj.com\/blog\/?p=57942"},"modified":"2012-03-09T16:31:05","modified_gmt":"2012-03-09T15:31:05","slug":"ibrahimu-redzi-srusen-objekat-u-centru-ulcinja-video","status":"publish","type":"post","link":"https:\/\/www.visit-ulcinj.com\/blog\/2012\/03\/04\/ibrahimu-redzi-srusen-objekat-u-centru-ulcinja-video\/","title":{"rendered":"Ibrahimu Red\u017ei sru\u0161en objekat u centru Ulcinja &#8211; Video"},"content":{"rendered":"<p><a href=\"http:\/\/www.visit-ulcinj.com\/blog\/wp-content\/uploads\/2012\/03\/Ibrahimu-Redzi-srusen-objekat-u-centru-Ulcinja.jpg\"><img loading=\"lazy\" class=\"alignleft  wp-image-57943\" title=\"Ibrahimu Redzi srusen objekat u centru Ulcinja\" src=\"http:\/\/www.visit-ulcinj.com\/blog\/wp-content\/uploads\/2012\/03\/Ibrahimu-Redzi-srusen-objekat-u-centru-Ulcinja.jpg\" alt=\"\" width=\"508\" height=\"380\" srcset=\"https:\/\/www.visit-ulcinj.com\/blog\/wp-content\/uploads\/2012\/03\/Ibrahimu-Redzi-srusen-objekat-u-centru-Ulcinja.jpg 768w, https:\/\/www.visit-ulcinj.com\/blog\/wp-content\/uploads\/2012\/03\/Ibrahimu-Redzi-srusen-objekat-u-centru-Ulcinja-300x225.jpg 300w\" sizes=\"(max-width: 508px) 100vw, 508px\" \/><\/a>&#8220;Red\u017ea je imao odobrenje da izgradi potporne zidove prema susjednim objektima, koje je doveo u opasnost nezakonitim iskopom&#8221;<\/p>\n<p>Inspekcija za\u0161tite prostora do temelja je poru\u0161ila objekat investitora Ibrahima Red\u017ee koji je u centru Ulcinja, kod restorana \u201cAlfa\u201d, gradio bez prethodno pribavljene gra\u0111evinske dozvole. Glavni inspektor Miko Osmanovi\u0107 kazao je da inspekcija postupa postupa u skladu sa svojim ovla\u0161\u0107enjima i na izvr\u0161enju rje\u0161enja o ru\u0161enju objekta Red\u017ee.<\/p>\n<p>&#8220;Red\u017ea je imao odobrenje da izgradi potporne zidove prema susjednim objektima, koje je doveo u opasnost nezakonitim iskopom. Me\u0111utim, on je nastavio gradnju objekta bez dozvole zbog \u010dega je i uslijedilo rje\u0161enje o ru\u0161enju&#8221;, kazao je Osmanovi\u0107 za \u201cVijesti\u201d.<br \/>\n<a href=\"http:\/\/www.visit-ulcinj.com\/blog\/wp-content\/uploads\/2012\/03\/Ibrahimu-Redzi-srusen-objekat-u-centru-Ulcinja.1.jpg\"><img loading=\"lazy\" class=\"alignleft  wp-image-57944\" title=\"Ibrahimu Redzi srusen objekat u centru Ulcinja.1\" src=\"http:\/\/www.visit-ulcinj.com\/blog\/wp-content\/uploads\/2012\/03\/Ibrahimu-Redzi-srusen-objekat-u-centru-Ulcinja.1.jpg\" alt=\"\" width=\"508\" height=\"300\" \/><\/a><\/p>\n<p>Zbog nezakonitog iskopa, protiv Red\u017ee inspektori su ve\u0107 podnijeli krivi\u010dnu prijavu ali investitor ju\u010de nije prisustvovao ru\u0161enju. Vijestima je potvr\u0111eno da je on dan ranije pozvan u ulcinjsku ispostavu policije gdje mu je predo\u010deno da \u0107e objekat biti sru\u0161en.<\/p>\n<p>Pred vi\u0161e desetina gra\u0111ana ru\u0161enje je, uz asistenciju policije, izvela podgori\u010dka firma \u201cGraditelj\u201d, koja za te vrste poslove ima zaklju\u010den ugovor sa Ministarstvom. Tako je za samo sat, sru\u0161eno gotovo sve \u0161to je Red\u017ea gradio u posljednjih 15 dana.<\/p>\n<p>Svojevremno, Red\u017ea je optu\u017eio policiju da mu je iz njemu neznanih razloga, blokirala gra\u0111evinske ma\u0161ine na placu u centru Ulcinja ali je iz Uprave policije \u201cVijestima\u201d stigao ekspresan odgovor u kome se tvrdilo da je investitor radove na \u010di\u0161\u0107enju parcele izvodio bez odobrenja nadle\u017enih op\u0161tinskih organa.<\/p>\n<p>Red\u017ea je tada \u201cVijesti\u201d obavijestio o problemima sa kojima sa suo\u010dava ali ne i o tome da je iskopima ugrozio \u017eivote porodica u susjednima objektima, od kojih su neke bile prisiljene da se i isele iz svojih domova iz bezbjednosnih razloga, poput prvih kom\u0161ija, familije Kara\u0111inovi\u0107. Oni su se privremeno iselili iz svog doma iz straha da se na njihovu ku\u0107u ne obru\u0161i objekat Hajraja Sadrija koji se nalazi iznad njihovog.<\/p>\n<p>Na zahtjev Sadrija, Kara\u0111inovi\u0107a i Dragovoje, tre\u0107eg kom\u0161ije, Op\u0161tina je izdala dozvolu Red\u017ei da izgradi potporne zidove kako ne bi do\u0161lo do klizi\u0161ta i eventualnog obru\u0161avanja zemlji\u0161ta i objekata.<\/p>\n<p>Na zahtjev Sadrija, Kara\u0111inovi\u0107a i Dragovoje, tre\u0107eg kom\u0161ije, Op\u0161tina je izdala dozvolu Red\u017ei da izgradi potporne zidove kako ne bi do\u0161lo do klizi\u0161ta i eventualnog obru\u0161avanja zemlji\u0161ta i objekata.<\/p>\n<p>&nbsp;<\/p>\n<p><a href=\"http:\/\/www.vijesti.me\/vijesti\/za-sat-sruseno-sve-sto-je-redza-gradio-dvije-sedmice-clanak-63251\" target=\"_blank\"><strong>Samir Adrovi\u0107 <\/strong><br \/>\n<\/a> <strong><a href=\"http:\/\/www.vijesti.me\/vijesti\/za-sat-sruseno-sve-sto-je-redza-gradio-dvije-sedmice-clanak-63251\" target=\"_blank\"> Vijesti online<\/a><br \/>\n<!--YouTube Error: bad URL entered--><br \/>\n<\/strong><\/p>\n","protected":false},"excerpt":{"rendered":"<p>&#8220;Red\u017ea je imao odobrenje da izgradi potporne zidove prema susjednim objektima, koje je doveo u opasnost nezakonitim iskopom&#8221; Inspekcija za\u0161tite prostora do temelja je poru\u0161ila objekat investitora Ibrahima Red\u017ee koji je u centru Ulcinja, kod restorana \u201cAlfa\u201d, gradio bez prethodno pribavljene gra\u0111evinske dozvole. Glavni inspektor Miko Osmanovi\u0107 kazao je da inspekcija postupa postupa u skladu [&hellip;]<\/p>\n","protected":false},"author":1,"featured_media":0,"comment_status":"open","ping_status":"closed","sticky":false,"template":"","format":"standard","meta":{"spay_email":"","jetpack_publicize_message":"","jetpack_is_tweetstorm":false,"jetpack_publicize_feature_enabled":true},"categories":[8337],"tags":[20098,20099,19],"jetpack_publicize_connections":[],"yoast_head":"<!-- This site is optimized with the Yoast SEO plugin v19.1 - https:\/\/yoast.com\/wordpress\/plugins\/seo\/ -->\n<title>Ibrahimu Red\u017ei sru\u0161en objekat u centru Ulcinja - Video - Lajme nga Ulqini<\/title>\n<meta name=\"description\" content=\"&quot;Red\u017ea je imao odobrenje da izgradi potporne zidove prema susjednim objektima, koje je doveo u opasnost nezakonitim iskopom&quot; Inspekcija za\u0161tite prostora\" \/>\n<meta name=\"robots\" content=\"index, follow, max-snippet:-1, max-image-preview:large, max-video-preview:-1\" \/>\n<link rel=\"canonical\" href=\"https:\/\/www.visit-ulcinj.com\/blog\/2012\/03\/04\/ibrahimu-redzi-srusen-objekat-u-centru-ulcinja-video\/\" \/>\n<meta property=\"og:locale\" content=\"en_US\" \/>\n<meta property=\"og:type\" content=\"article\" \/>\n<meta property=\"og:title\" content=\"Ibrahimu Red\u017ei sru\u0161en objekat u centru Ulcinja - Video - Lajme nga Ulqini\" \/>\n<meta property=\"og:description\" content=\"&quot;Red\u017ea je imao odobrenje da izgradi potporne zidove prema susjednim objektima, koje je doveo u opasnost nezakonitim iskopom&quot; Inspekcija za\u0161tite prostora\" \/>\n<meta property=\"og:url\" content=\"https:\/\/www.visit-ulcinj.com\/blog\/2012\/03\/04\/ibrahimu-redzi-srusen-objekat-u-centru-ulcinja-video\/\" \/>\n<meta property=\"og:site_name\" content=\"Lajme nga Ulqini\" \/>\n<meta property=\"article:published_time\" content=\"2012-03-04T11:21:55+00:00\" \/>\n<meta property=\"article:modified_time\" content=\"2012-03-09T15:31:05+00:00\" \/>\n<meta property=\"og:image\" content=\"http:\/\/www.visit-ulcinj.com\/blog\/wp-content\/uploads\/2012\/03\/Ibrahimu-Redzi-srusen-objekat-u-centru-Ulcinja.jpg\" \/>\n<meta name=\"twitter:label1\" content=\"Written by\" \/>\n\t<meta name=\"twitter:data1\" content=\"ulqini\" \/>\n\t<meta name=\"twitter:label2\" content=\"Est. reading time\" \/>\n\t<meta name=\"twitter:data2\" content=\"2 minutes\" \/>\n<script type=\"application\/ld+json\" class=\"yoast-schema-graph\">{\"@context\":\"https:\/\/schema.org\",\"@graph\":[{\"@type\":\"WebSite\",\"@id\":\"https:\/\/www.visit-ulcinj.com\/blog\/#website\",\"url\":\"https:\/\/www.visit-ulcinj.com\/blog\/\",\"name\":\"Lajme nga Ulqini\",\"description\":\"Lajme,Vijesti,Ulqini,Ulqin,Crna Gora,Mali i Zi\",\"potentialAction\":[{\"@type\":\"SearchAction\",\"target\":{\"@type\":\"EntryPoint\",\"urlTemplate\":\"https:\/\/www.visit-ulcinj.com\/blog\/?s={search_term_string}\"},\"query-input\":\"required name=search_term_string\"}],\"inLanguage\":\"en-US\"},{\"@type\":\"ImageObject\",\"inLanguage\":\"en-US\",\"@id\":\"https:\/\/www.visit-ulcinj.com\/blog\/2012\/03\/04\/ibrahimu-redzi-srusen-objekat-u-centru-ulcinja-video\/#primaryimage\",\"url\":\"https:\/\/www.visit-ulcinj.com\/blog\/wp-content\/uploads\/2012\/03\/Ibrahimu-Redzi-srusen-objekat-u-centru-Ulcinja.jpg\",\"contentUrl\":\"https:\/\/www.visit-ulcinj.com\/blog\/wp-content\/uploads\/2012\/03\/Ibrahimu-Redzi-srusen-objekat-u-centru-Ulcinja.jpg\",\"width\":\"768\",\"height\":\"576\"},{\"@type\":\"WebPage\",\"@id\":\"https:\/\/www.visit-ulcinj.com\/blog\/2012\/03\/04\/ibrahimu-redzi-srusen-objekat-u-centru-ulcinja-video\/#webpage\",\"url\":\"https:\/\/www.visit-ulcinj.com\/blog\/2012\/03\/04\/ibrahimu-redzi-srusen-objekat-u-centru-ulcinja-video\/\",\"name\":\"Ibrahimu Red\u017ei sru\u0161en objekat u centru Ulcinja - Video - Lajme nga Ulqini\",\"isPartOf\":{\"@id\":\"https:\/\/www.visit-ulcinj.com\/blog\/#website\"},\"primaryImageOfPage\":{\"@id\":\"https:\/\/www.visit-ulcinj.com\/blog\/2012\/03\/04\/ibrahimu-redzi-srusen-objekat-u-centru-ulcinja-video\/#primaryimage\"},\"datePublished\":\"2012-03-04T11:21:55+00:00\",\"dateModified\":\"2012-03-09T15:31:05+00:00\",\"author\":{\"@id\":\"https:\/\/www.visit-ulcinj.com\/blog\/#\/schema\/person\/dcab619c614d3038751c63bc2aadc06d\"},\"description\":\"\\\"Red\u017ea je imao odobrenje da izgradi potporne zidove prema susjednim objektima, koje je doveo u opasnost nezakonitim iskopom\\\" Inspekcija za\u0161tite prostora\",\"breadcrumb\":{\"@id\":\"https:\/\/www.visit-ulcinj.com\/blog\/2012\/03\/04\/ibrahimu-redzi-srusen-objekat-u-centru-ulcinja-video\/#breadcrumb\"},\"inLanguage\":\"en-US\",\"potentialAction\":[{\"@type\":\"ReadAction\",\"target\":[\"https:\/\/www.visit-ulcinj.com\/blog\/2012\/03\/04\/ibrahimu-redzi-srusen-objekat-u-centru-ulcinja-video\/\"]}]},{\"@type\":\"BreadcrumbList\",\"@id\":\"https:\/\/www.visit-ulcinj.com\/blog\/2012\/03\/04\/ibrahimu-redzi-srusen-objekat-u-centru-ulcinja-video\/#breadcrumb\",\"itemListElement\":[{\"@type\":\"ListItem\",\"position\":1,\"name\":\"Ibrahimu Red\u017ei sru\u0161en objekat u centru Ulcinja &#8211; Video\"}]},{\"@type\":\"Person\",\"@id\":\"https:\/\/www.visit-ulcinj.com\/blog\/#\/schema\/person\/dcab619c614d3038751c63bc2aadc06d\",\"name\":\"ulqini\",\"sameAs\":[\"http:\/\/www.visit-ulcinj.com\"],\"url\":\"https:\/\/www.visit-ulcinj.com\/blog\/author\/admin\/\"}]}<\/script>\n<!-- \/ Yoast SEO plugin. -->","yoast_head_json":{"title":"Ibrahimu Red\u017ei sru\u0161en objekat u centru Ulcinja - Video - Lajme nga Ulqini","description":"\"Red\u017ea je imao odobrenje da izgradi potporne zidove prema susjednim objektima, koje je doveo u opasnost nezakonitim iskopom\" Inspekcija za\u0161tite prostora","robots":{"index":"index","follow":"follow","max-snippet":"max-snippet:-1","max-image-preview":"max-image-preview:large","max-video-preview":"max-video-preview:-1"},"canonical":"https:\/\/www.visit-ulcinj.com\/blog\/2012\/03\/04\/ibrahimu-redzi-srusen-objekat-u-centru-ulcinja-video\/","og_locale":"en_US","og_type":"article","og_title":"Ibrahimu Red\u017ei sru\u0161en objekat u centru Ulcinja - Video - Lajme nga Ulqini","og_description":"\"Red\u017ea je imao odobrenje da izgradi potporne zidove prema susjednim objektima, koje je doveo u opasnost nezakonitim iskopom\" Inspekcija za\u0161tite prostora","og_url":"https:\/\/www.visit-ulcinj.com\/blog\/2012\/03\/04\/ibrahimu-redzi-srusen-objekat-u-centru-ulcinja-video\/","og_site_name":"Lajme nga Ulqini","article_published_time":"2012-03-04T11:21:55+00:00","article_modified_time":"2012-03-09T15:31:05+00:00","og_image":[{"url":"http:\/\/www.visit-ulcinj.com\/blog\/wp-content\/uploads\/2012\/03\/Ibrahimu-Redzi-srusen-objekat-u-centru-Ulcinja.jpg"}],"twitter_misc":{"Written by":"ulqini","Est. reading time":"2 minutes"},"schema":{"@context":"https:\/\/schema.org","@graph":[{"@type":"WebSite","@id":"https:\/\/www.visit-ulcinj.com\/blog\/#website","url":"https:\/\/www.visit-ulcinj.com\/blog\/","name":"Lajme nga Ulqini","description":"Lajme,Vijesti,Ulqini,Ulqin,Crna Gora,Mali i Zi","potentialAction":[{"@type":"SearchAction","target":{"@type":"EntryPoint","urlTemplate":"https:\/\/www.visit-ulcinj.com\/blog\/?s={search_term_string}"},"query-input":"required name=search_term_string"}],"inLanguage":"en-US"},{"@type":"ImageObject","inLanguage":"en-US","@id":"https:\/\/www.visit-ulcinj.com\/blog\/2012\/03\/04\/ibrahimu-redzi-srusen-objekat-u-centru-ulcinja-video\/#primaryimage","url":"https:\/\/www.visit-ulcinj.com\/blog\/wp-content\/uploads\/2012\/03\/Ibrahimu-Redzi-srusen-objekat-u-centru-Ulcinja.jpg","contentUrl":"https:\/\/www.visit-ulcinj.com\/blog\/wp-content\/uploads\/2012\/03\/Ibrahimu-Redzi-srusen-objekat-u-centru-Ulcinja.jpg","width":"768","height":"576"},{"@type":"WebPage","@id":"https:\/\/www.visit-ulcinj.com\/blog\/2012\/03\/04\/ibrahimu-redzi-srusen-objekat-u-centru-ulcinja-video\/#webpage","url":"https:\/\/www.visit-ulcinj.com\/blog\/2012\/03\/04\/ibrahimu-redzi-srusen-objekat-u-centru-ulcinja-video\/","name":"Ibrahimu Red\u017ei sru\u0161en objekat u centru Ulcinja - Video - Lajme nga Ulqini","isPartOf":{"@id":"https:\/\/www.visit-ulcinj.com\/blog\/#website"},"primaryImageOfPage":{"@id":"https:\/\/www.visit-ulcinj.com\/blog\/2012\/03\/04\/ibrahimu-redzi-srusen-objekat-u-centru-ulcinja-video\/#primaryimage"},"datePublished":"2012-03-04T11:21:55+00:00","dateModified":"2012-03-09T15:31:05+00:00","author":{"@id":"https:\/\/www.visit-ulcinj.com\/blog\/#\/schema\/person\/dcab619c614d3038751c63bc2aadc06d"},"description":"\"Red\u017ea je imao odobrenje da izgradi potporne zidove prema susjednim objektima, koje je doveo u opasnost nezakonitim iskopom\" Inspekcija za\u0161tite prostora","breadcrumb":{"@id":"https:\/\/www.visit-ulcinj.com\/blog\/2012\/03\/04\/ibrahimu-redzi-srusen-objekat-u-centru-ulcinja-video\/#breadcrumb"},"inLanguage":"en-US","potentialAction":[{"@type":"ReadAction","target":["https:\/\/www.visit-ulcinj.com\/blog\/2012\/03\/04\/ibrahimu-redzi-srusen-objekat-u-centru-ulcinja-video\/"]}]},{"@type":"BreadcrumbList","@id":"https:\/\/www.visit-ulcinj.com\/blog\/2012\/03\/04\/ibrahimu-redzi-srusen-objekat-u-centru-ulcinja-video\/#breadcrumb","itemListElement":[{"@type":"ListItem","position":1,"name":"Ibrahimu Red\u017ei sru\u0161en objekat u centru Ulcinja &#8211; Video"}]},{"@type":"Person","@id":"https:\/\/www.visit-ulcinj.com\/blog\/#\/schema\/person\/dcab619c614d3038751c63bc2aadc06d","name":"ulqini","sameAs":["http:\/\/www.visit-ulcinj.com"],"url":"https:\/\/www.visit-ulcinj.com\/blog\/author\/admin\/"}]}},"jetpack_featured_media_url":"","jetpack_sharing_enabled":true,"jetpack_shortlink":"https:\/\/wp.me\/pe6lTn-f4y","_links":{"self":[{"href":"https:\/\/www.visit-ulcinj.com\/blog\/wp-json\/wp\/v2\/posts\/57942"}],"collection":[{"href":"https:\/\/www.visit-ulcinj.com\/blog\/wp-json\/wp\/v2\/posts"}],"about":[{"href":"https:\/\/www.visit-ulcinj.com\/blog\/wp-json\/wp\/v2\/types\/post"}],"author":[{"embeddable":true,"href":"https:\/\/www.visit-ulcinj.com\/blog\/wp-json\/wp\/v2\/users\/1"}],"replies":[{"embeddable":true,"href":"https:\/\/www.visit-ulcinj.com\/blog\/wp-json\/wp\/v2\/comments?post=57942"}],"version-history":[{"count":6,"href":"https:\/\/www.visit-ulcinj.com\/blog\/wp-json\/wp\/v2\/posts\/57942\/revisions"}],"predecessor-version":[{"id":58054,"href":"https:\/\/www.visit-ulcinj.com\/blog\/wp-json\/wp\/v2\/posts\/57942\/revisions\/58054"}],"wp:attachment":[{"href":"https:\/\/www.visit-ulcinj.com\/blog\/wp-json\/wp\/v2\/media?parent=57942"}],"wp:term":[{"taxonomy":"category","embeddable":true,"href":"https:\/\/www.visit-ulcinj.com\/blog\/wp-json\/wp\/v2\/categories?post=57942"},{"taxonomy":"post_tag","embeddable":true,"href":"https:\/\/www.visit-ulcinj.com\/blog\/wp-json\/wp\/v2\/tags?post=57942"}],"curies":[{"name":"wp","href":"https:\/\/api.w.org\/{rel}","templated":true}]}}