{"id":57952,"date":"2012-03-04T12:57:53","date_gmt":"2012-03-04T11:57:53","guid":{"rendered":"http:\/\/www.visit-ulcinj.com\/blog\/?p=57952"},"modified":"2012-03-04T13:00:51","modified_gmt":"2012-03-04T12:00:51","slug":"dafina-zbulon-caste-intime-me-ish-te-dashurin","status":"publish","type":"post","link":"https:\/\/www.visit-ulcinj.com\/blog\/2012\/03\/04\/dafina-zbulon-caste-intime-me-ish-te-dashurin\/","title":{"rendered":"Dafina zbulon \u00e7aste intime me ish-t\u00eb dashurin"},"content":{"rendered":"<p><a href=\"http:\/\/www.visit-ulcinj.com\/blog\/wp-content\/uploads\/2012\/03\/Dafina-zbulon-caste-intime-me-ish-t\u00eb-dashurin.jpg\"><img loading=\"lazy\" class=\"alignleft  wp-image-57953\" title=\"Dafina zbulon caste intime me ish-t\u00eb dashurin\" src=\"http:\/\/www.visit-ulcinj.com\/blog\/wp-content\/uploads\/2012\/03\/Dafina-zbulon-caste-intime-me-ish-t\u00eb-dashurin.jpg\" alt=\"\" width=\"508\" height=\"380\" \/><\/a>Ngado po qarkullojn\u00eb z\u00ebra se k\u00ebng\u00ebtarja e njohur Dafina Zeqiri ka filluar nj\u00eb lidhje dashurie me Ledri Vul\u00ebn, reperin e grupit \u2018Skillz\u2019. Lidhja e tyre \u00ebsht\u00eb b\u00ebr\u00eb publike pas zbulimit t\u00eb disa imazheve ku Ledri dhe Dafina kishin qen\u00eb s\u00eb bashku, madje n\u00eb nj\u00eb organizim p\u00ebr festat e fundvitit n\u00eb nj\u00eb nga televizionet kosovare, ata kishin ardhur t\u00eb shoq\u00ebruar s\u00eb bashku si \u00e7ift, por askush nuk kishte dyshuar p\u00ebr faktin se ata t\u00eb dy edhe kan\u00eb bashk\u00ebpunuar n\u00eb k\u00ebng\u00ebn \u2018\u2019Po m\u2019p\u00eblqen\u2019\u2019.<\/p>\n<p>P\u00ebr t\u00eb fshehur k\u00ebto dyshime, k\u00ebng\u00ebtarja e njohur ka filluar t\u00eb zbuloj\u00eb p\u00ebrmes rrjeteve sociale imazhe private nga lidhja kur ishte me Krenar \u00c7o\u00e7ajn. Fotoja e zbuluar s\u00eb fundi tregon Dafin\u00ebn dhe ish-t\u00eb dashurin n\u00eb koh\u00ebn kur kan\u00eb qen\u00eb duke pushuar pas ndonj\u00eb koncerti.<\/p>\n<p>P\u00ebr t\u00eb m\u00ebsuar m\u00eb shum\u00eb se \u00e7far\u00eb ka ndodhur me ish-t\u00eb dashurin e Dafin\u00ebs, hulumtuam dhe na treguan q\u00eb ai p\u00ebr momentin gjendet n\u00eb Australi p\u00ebr pun\u00eb dhe pushime. Madje nga atje, ai n\u00eb profilin e tij kishte postuar disa statuse interesante dhe nj\u00eb foto si shenj\u00eb p\u00ebrsh\u00ebndetjeje.<\/p>\n<p>Edhe n\u00eb koh\u00ebn kur udh\u00ebtonte me Dafin\u00ebn, Krenari m\u00eb shum\u00eb shkonte n\u00eb Australi p\u00ebr bizneset familjare. Krenari nd\u00ebrkoh\u00eb e ka harruar Dafin\u00ebn, duke filluar t\u00eb arg\u00ebtohet me shum\u00eb femra n\u00eb at\u00eb vend t\u00eb larg\u00ebt.<\/p>\n<p>MAPO<br \/>\n<!--YouTube Error: bad URL entered--><\/p>\n","protected":false},"excerpt":{"rendered":"<p>Ngado po qarkullojn\u00eb z\u00ebra se k\u00ebng\u00ebtarja e njohur Dafina Zeqiri ka filluar nj\u00eb lidhje dashurie me Ledri Vul\u00ebn, reperin e grupit \u2018Skillz\u2019. Lidhja e tyre \u00ebsht\u00eb b\u00ebr\u00eb publike pas zbulimit t\u00eb disa imazheve ku Ledri dhe Dafina kishin qen\u00eb s\u00eb bashku, madje n\u00eb nj\u00eb organizim p\u00ebr festat e fundvitit n\u00eb nj\u00eb nga televizionet kosovare, ata [&hellip;]<\/p>\n","protected":false},"author":1,"featured_media":0,"comment_status":"open","ping_status":"closed","sticky":false,"template":"","format":"standard","meta":{"spay_email":"","jetpack_publicize_message":"","jetpack_is_tweetstorm":false,"jetpack_publicize_feature_enabled":true},"categories":[1],"tags":[19677,4926,19806,16036,19514,19511,6693,19460],"jetpack_publicize_connections":[],"yoast_head":"<!-- This site is optimized with the Yoast SEO plugin v19.1 - https:\/\/yoast.com\/wordpress\/plugins\/seo\/ -->\n<title>Dafina zbulon \u00e7aste intime me ish-t\u00eb dashurin - Lajme nga Ulqini<\/title>\n<meta name=\"description\" content=\"Ngado po qarkullojn\u00eb z\u00ebra se k\u00ebng\u00ebtarja e njohur Dafina Zeqiri ka filluar nj\u00eb lidhje dashurie me Ledri Vul\u00ebn, reperin e grupit \u2018Skillz\u2019. Lidhja e tyre\" \/>\n<meta name=\"robots\" content=\"index, follow, max-snippet:-1, max-image-preview:large, max-video-preview:-1\" \/>\n<link rel=\"canonical\" href=\"https:\/\/www.visit-ulcinj.com\/blog\/2012\/03\/04\/dafina-zbulon-caste-intime-me-ish-te-dashurin\/\" \/>\n<meta property=\"og:locale\" content=\"en_US\" \/>\n<meta property=\"og:type\" content=\"article\" \/>\n<meta property=\"og:title\" content=\"Dafina zbulon \u00e7aste intime me ish-t\u00eb dashurin - Lajme nga Ulqini\" \/>\n<meta property=\"og:description\" content=\"Ngado po qarkullojn\u00eb z\u00ebra se k\u00ebng\u00ebtarja e njohur Dafina Zeqiri ka filluar nj\u00eb lidhje dashurie me Ledri Vul\u00ebn, reperin e grupit \u2018Skillz\u2019. Lidhja e tyre\" \/>\n<meta property=\"og:url\" content=\"https:\/\/www.visit-ulcinj.com\/blog\/2012\/03\/04\/dafina-zbulon-caste-intime-me-ish-te-dashurin\/\" \/>\n<meta property=\"og:site_name\" content=\"Lajme nga Ulqini\" \/>\n<meta property=\"article:published_time\" content=\"2012-03-04T11:57:53+00:00\" \/>\n<meta property=\"article:modified_time\" content=\"2012-03-04T12:00:51+00:00\" \/>\n<meta name=\"twitter:label1\" content=\"Written by\" \/>\n\t<meta name=\"twitter:data1\" content=\"ulqini\" \/>\n\t<meta name=\"twitter:label2\" content=\"Est. reading time\" \/>\n\t<meta name=\"twitter:data2\" content=\"1 minute\" \/>\n<script type=\"application\/ld+json\" class=\"yoast-schema-graph\">{\"@context\":\"https:\/\/schema.org\",\"@graph\":[{\"@type\":\"WebSite\",\"@id\":\"https:\/\/www.visit-ulcinj.com\/blog\/#website\",\"url\":\"https:\/\/www.visit-ulcinj.com\/blog\/\",\"name\":\"Lajme nga Ulqini\",\"description\":\"Lajme,Vijesti,Ulqini,Ulqin,Crna Gora,Mali i Zi\",\"potentialAction\":[{\"@type\":\"SearchAction\",\"target\":{\"@type\":\"EntryPoint\",\"urlTemplate\":\"https:\/\/www.visit-ulcinj.com\/blog\/?s={search_term_string}\"},\"query-input\":\"required name=search_term_string\"}],\"inLanguage\":\"en-US\"},{\"@type\":\"WebPage\",\"@id\":\"https:\/\/www.visit-ulcinj.com\/blog\/2012\/03\/04\/dafina-zbulon-caste-intime-me-ish-te-dashurin\/#webpage\",\"url\":\"https:\/\/www.visit-ulcinj.com\/blog\/2012\/03\/04\/dafina-zbulon-caste-intime-me-ish-te-dashurin\/\",\"name\":\"Dafina zbulon \u00e7aste intime me ish-t\u00eb dashurin - Lajme nga Ulqini\",\"isPartOf\":{\"@id\":\"https:\/\/www.visit-ulcinj.com\/blog\/#website\"},\"datePublished\":\"2012-03-04T11:57:53+00:00\",\"dateModified\":\"2012-03-04T12:00:51+00:00\",\"author\":{\"@id\":\"https:\/\/www.visit-ulcinj.com\/blog\/#\/schema\/person\/dcab619c614d3038751c63bc2aadc06d\"},\"description\":\"Ngado po qarkullojn\u00eb z\u00ebra se k\u00ebng\u00ebtarja e njohur Dafina Zeqiri ka filluar nj\u00eb lidhje dashurie me Ledri Vul\u00ebn, reperin e grupit \u2018Skillz\u2019. Lidhja e tyre\",\"breadcrumb\":{\"@id\":\"https:\/\/www.visit-ulcinj.com\/blog\/2012\/03\/04\/dafina-zbulon-caste-intime-me-ish-te-dashurin\/#breadcrumb\"},\"inLanguage\":\"en-US\",\"potentialAction\":[{\"@type\":\"ReadAction\",\"target\":[\"https:\/\/www.visit-ulcinj.com\/blog\/2012\/03\/04\/dafina-zbulon-caste-intime-me-ish-te-dashurin\/\"]}]},{\"@type\":\"BreadcrumbList\",\"@id\":\"https:\/\/www.visit-ulcinj.com\/blog\/2012\/03\/04\/dafina-zbulon-caste-intime-me-ish-te-dashurin\/#breadcrumb\",\"itemListElement\":[{\"@type\":\"ListItem\",\"position\":1,\"name\":\"Dafina zbulon \u00e7aste intime me ish-t\u00eb dashurin\"}]},{\"@type\":\"Person\",\"@id\":\"https:\/\/www.visit-ulcinj.com\/blog\/#\/schema\/person\/dcab619c614d3038751c63bc2aadc06d\",\"name\":\"ulqini\",\"sameAs\":[\"http:\/\/www.visit-ulcinj.com\"],\"url\":\"https:\/\/www.visit-ulcinj.com\/blog\/author\/admin\/\"}]}<\/script>\n<!-- \/ Yoast SEO plugin. -->","yoast_head_json":{"title":"Dafina zbulon \u00e7aste intime me ish-t\u00eb dashurin - Lajme nga Ulqini","description":"Ngado po qarkullojn\u00eb z\u00ebra se k\u00ebng\u00ebtarja e njohur Dafina Zeqiri ka filluar nj\u00eb lidhje dashurie me Ledri Vul\u00ebn, reperin e grupit \u2018Skillz\u2019. Lidhja e tyre","robots":{"index":"index","follow":"follow","max-snippet":"max-snippet:-1","max-image-preview":"max-image-preview:large","max-video-preview":"max-video-preview:-1"},"canonical":"https:\/\/www.visit-ulcinj.com\/blog\/2012\/03\/04\/dafina-zbulon-caste-intime-me-ish-te-dashurin\/","og_locale":"en_US","og_type":"article","og_title":"Dafina zbulon \u00e7aste intime me ish-t\u00eb dashurin - Lajme nga Ulqini","og_description":"Ngado po qarkullojn\u00eb z\u00ebra se k\u00ebng\u00ebtarja e njohur Dafina Zeqiri ka filluar nj\u00eb lidhje dashurie me Ledri Vul\u00ebn, reperin e grupit \u2018Skillz\u2019. Lidhja e tyre","og_url":"https:\/\/www.visit-ulcinj.com\/blog\/2012\/03\/04\/dafina-zbulon-caste-intime-me-ish-te-dashurin\/","og_site_name":"Lajme nga Ulqini","article_published_time":"2012-03-04T11:57:53+00:00","article_modified_time":"2012-03-04T12:00:51+00:00","twitter_misc":{"Written by":"ulqini","Est. reading time":"1 minute"},"schema":{"@context":"https:\/\/schema.org","@graph":[{"@type":"WebSite","@id":"https:\/\/www.visit-ulcinj.com\/blog\/#website","url":"https:\/\/www.visit-ulcinj.com\/blog\/","name":"Lajme nga Ulqini","description":"Lajme,Vijesti,Ulqini,Ulqin,Crna Gora,Mali i Zi","potentialAction":[{"@type":"SearchAction","target":{"@type":"EntryPoint","urlTemplate":"https:\/\/www.visit-ulcinj.com\/blog\/?s={search_term_string}"},"query-input":"required name=search_term_string"}],"inLanguage":"en-US"},{"@type":"WebPage","@id":"https:\/\/www.visit-ulcinj.com\/blog\/2012\/03\/04\/dafina-zbulon-caste-intime-me-ish-te-dashurin\/#webpage","url":"https:\/\/www.visit-ulcinj.com\/blog\/2012\/03\/04\/dafina-zbulon-caste-intime-me-ish-te-dashurin\/","name":"Dafina zbulon \u00e7aste intime me ish-t\u00eb dashurin - Lajme nga Ulqini","isPartOf":{"@id":"https:\/\/www.visit-ulcinj.com\/blog\/#website"},"datePublished":"2012-03-04T11:57:53+00:00","dateModified":"2012-03-04T12:00:51+00:00","author":{"@id":"https:\/\/www.visit-ulcinj.com\/blog\/#\/schema\/person\/dcab619c614d3038751c63bc2aadc06d"},"description":"Ngado po qarkullojn\u00eb z\u00ebra se k\u00ebng\u00ebtarja e njohur Dafina Zeqiri ka filluar nj\u00eb lidhje dashurie me Ledri Vul\u00ebn, reperin e grupit \u2018Skillz\u2019. Lidhja e tyre","breadcrumb":{"@id":"https:\/\/www.visit-ulcinj.com\/blog\/2012\/03\/04\/dafina-zbulon-caste-intime-me-ish-te-dashurin\/#breadcrumb"},"inLanguage":"en-US","potentialAction":[{"@type":"ReadAction","target":["https:\/\/www.visit-ulcinj.com\/blog\/2012\/03\/04\/dafina-zbulon-caste-intime-me-ish-te-dashurin\/"]}]},{"@type":"BreadcrumbList","@id":"https:\/\/www.visit-ulcinj.com\/blog\/2012\/03\/04\/dafina-zbulon-caste-intime-me-ish-te-dashurin\/#breadcrumb","itemListElement":[{"@type":"ListItem","position":1,"name":"Dafina zbulon \u00e7aste intime me ish-t\u00eb dashurin"}]},{"@type":"Person","@id":"https:\/\/www.visit-ulcinj.com\/blog\/#\/schema\/person\/dcab619c614d3038751c63bc2aadc06d","name":"ulqini","sameAs":["http:\/\/www.visit-ulcinj.com"],"url":"https:\/\/www.visit-ulcinj.com\/blog\/author\/admin\/"}]}},"jetpack_featured_media_url":"","jetpack_sharing_enabled":true,"jetpack_shortlink":"https:\/\/wp.me\/pe6lTn-f4I","_links":{"self":[{"href":"https:\/\/www.visit-ulcinj.com\/blog\/wp-json\/wp\/v2\/posts\/57952"}],"collection":[{"href":"https:\/\/www.visit-ulcinj.com\/blog\/wp-json\/wp\/v2\/posts"}],"about":[{"href":"https:\/\/www.visit-ulcinj.com\/blog\/wp-json\/wp\/v2\/types\/post"}],"author":[{"embeddable":true,"href":"https:\/\/www.visit-ulcinj.com\/blog\/wp-json\/wp\/v2\/users\/1"}],"replies":[{"embeddable":true,"href":"https:\/\/www.visit-ulcinj.com\/blog\/wp-json\/wp\/v2\/comments?post=57952"}],"version-history":[{"count":3,"href":"https:\/\/www.visit-ulcinj.com\/blog\/wp-json\/wp\/v2\/posts\/57952\/revisions"}],"predecessor-version":[{"id":57955,"href":"https:\/\/www.visit-ulcinj.com\/blog\/wp-json\/wp\/v2\/posts\/57952\/revisions\/57955"}],"wp:attachment":[{"href":"https:\/\/www.visit-ulcinj.com\/blog\/wp-json\/wp\/v2\/media?parent=57952"}],"wp:term":[{"taxonomy":"category","embeddable":true,"href":"https:\/\/www.visit-ulcinj.com\/blog\/wp-json\/wp\/v2\/categories?post=57952"},{"taxonomy":"post_tag","embeddable":true,"href":"https:\/\/www.visit-ulcinj.com\/blog\/wp-json\/wp\/v2\/tags?post=57952"}],"curies":[{"name":"wp","href":"https:\/\/api.w.org\/{rel}","templated":true}]}}