{"id":57968,"date":"2012-03-04T13:42:17","date_gmt":"2012-03-04T12:42:17","guid":{"rendered":"http:\/\/www.visit-ulcinj.com\/blog\/?p=57968"},"modified":"2012-03-05T11:18:38","modified_gmt":"2012-03-05T10:18:38","slug":"lorik-cana-shfaqet-ne-tirane-me-nje-modele-franceze","status":"publish","type":"post","link":"https:\/\/www.visit-ulcinj.com\/blog\/2012\/03\/04\/lorik-cana-shfaqet-ne-tirane-me-nje-modele-franceze\/","title":{"rendered":"Lorik Cana shfaqet n\u00eb Tiran\u00eb me nj\u00eb modele franceze"},"content":{"rendered":"<p><strong><a href=\"http:\/\/www.visit-ulcinj.com\/blog\/wp-content\/uploads\/2012\/03\/Lorik-Cana.jpg\"><img loading=\"lazy\" class=\"alignleft  wp-image-57969\" title=\"Lorik Cana\" src=\"http:\/\/www.visit-ulcinj.com\/blog\/wp-content\/uploads\/2012\/03\/Lorik-Cana.jpg\" alt=\"\" width=\"508\" height=\"380\" \/><\/a>Lorik Cana \u00ebsht\u00eb ndar\u00eb nga Miss-i Arnita Beqiraj, p\u00ebr t\u2019u hedhur n\u00eb krah\u00ebt e nj\u00eb modeleje, k\u00ebt\u00eb her\u00eb jo me origjin\u00eb shqiptare.<\/strong><\/p>\n<p>Ky \u00ebsht\u00eb thashethemi q\u00eb po qarkullon s\u00eb fundmi n\u00ebp\u00ebr Tiran\u00eb. Si\u00e7 flitet, Loriku \u00ebsht\u00eb par\u00eb t\u00eb frekuentoj\u00eb jet\u00ebn e nat\u00ebs n\u00eb Tiran\u00eb n\u00ebn shoq\u00ebrin\u00eb e nj\u00eb<br \/>\nmodeleje franceze, t\u00eb cil\u00ebn e ka prezantuar si t\u00eb dashur.<\/p>\n<p>Nd\u00ebrkoh\u00eb q\u00eb, nga ana tjet\u00ebr Arnita, e ftuar n\u00eb nj\u00eb emision televiziv, nuk pranoi por as mohoi nj\u00eb lidhje t\u00eb p\u00ebrfolur me kapitenin e komb\u00ebtares, Lorik Can\u00ebn.<br \/>\n<a href=\"http:\/\/www.visit-ulcinj.com\/blog\/wp-content\/uploads\/2012\/03\/Lorik-Cana-n\u00eb-Tiran\u00eb-me-nj\u00eb-dashur-t\u00eb-re.jpg\"><img loading=\"lazy\" class=\"alignleft  wp-image-57979\" title=\"Lorik Cana n\u00eb Tiran\u00eb me nj\u00eb dashur t\u00eb re\" src=\"http:\/\/www.visit-ulcinj.com\/blog\/wp-content\/uploads\/2012\/03\/Lorik-Cana-n\u00eb-Tiran\u00eb-me-nj\u00eb-dashur-t\u00eb-re.jpg\" alt=\"\" width=\"490\" height=\"299\" \/><\/a><\/p>\n<p>\u201cT\u00eb gjith\u00eb ata q\u00eb jan\u00eb kurioz\u00eb duhet t\u00eb presin edhe pak p\u00ebr t\u00eb m\u00ebsuar t\u00eb v\u00ebrtet\u00ebn\u201d, \u2013 u shpreh ajo. Se cila \u00ebsht\u00eb e v\u00ebrteta p\u00ebr k\u00ebto histori, por edhe p\u00ebr shum\u00eb t\u00eb tjera t\u00eb lakuara m\u00eb par\u00eb n\u00eb faqet roz\u00eb t\u00eb fundjav\u00ebs, vet\u00ebm Lorik Cana mund t\u00eb na e tregoj\u00eb.<br \/>\n<strong>BalkanWeb<\/strong><\/p>\n","protected":false},"excerpt":{"rendered":"<p>Lorik Cana \u00ebsht\u00eb ndar\u00eb nga Miss-i Arnita Beqiraj, p\u00ebr t\u2019u hedhur n\u00eb krah\u00ebt e nj\u00eb modeleje, k\u00ebt\u00eb her\u00eb jo me origjin\u00eb shqiptare. Ky \u00ebsht\u00eb thashethemi q\u00eb po qarkullon s\u00eb fundmi n\u00ebp\u00ebr Tiran\u00eb. Si\u00e7 flitet, Loriku \u00ebsht\u00eb par\u00eb t\u00eb frekuentoj\u00eb jet\u00ebn e nat\u00ebs n\u00eb Tiran\u00eb n\u00ebn shoq\u00ebrin\u00eb e nj\u00eb modeleje franceze, t\u00eb cil\u00ebn e ka prezantuar [&hellip;]<\/p>\n","protected":false},"author":1,"featured_media":0,"comment_status":"open","ping_status":"closed","sticky":false,"template":"","format":"standard","meta":{"spay_email":"","jetpack_publicize_message":"","jetpack_is_tweetstorm":false,"jetpack_publicize_feature_enabled":true},"categories":[1],"tags":[4946],"jetpack_publicize_connections":[],"yoast_head":"<!-- This site is optimized with the Yoast SEO plugin v19.1 - https:\/\/yoast.com\/wordpress\/plugins\/seo\/ -->\n<title>Lorik Cana shfaqet n\u00eb Tiran\u00eb me nj\u00eb modele franceze - Lajme nga Ulqini<\/title>\n<meta name=\"description\" content=\"Lorik Cana \u00ebsht\u00eb ndar\u00eb nga Miss-i Arnita Beqiraj, p\u00ebr t\u2019u hedhur n\u00eb krah\u00ebt e nj\u00eb modeleje, k\u00ebt\u00eb her\u00eb jo me origjin\u00eb shqiptare. Ky \u00ebsht\u00eb thashethemi q\u00eb po\" \/>\n<meta name=\"robots\" content=\"index, follow, max-snippet:-1, max-image-preview:large, max-video-preview:-1\" \/>\n<link rel=\"canonical\" href=\"https:\/\/www.visit-ulcinj.com\/blog\/2012\/03\/04\/lorik-cana-shfaqet-ne-tirane-me-nje-modele-franceze\/\" \/>\n<meta property=\"og:locale\" content=\"en_US\" \/>\n<meta property=\"og:type\" content=\"article\" \/>\n<meta property=\"og:title\" content=\"Lorik Cana shfaqet n\u00eb Tiran\u00eb me nj\u00eb modele franceze - Lajme nga Ulqini\" \/>\n<meta property=\"og:description\" content=\"Lorik Cana \u00ebsht\u00eb ndar\u00eb nga Miss-i Arnita Beqiraj, p\u00ebr t\u2019u hedhur n\u00eb krah\u00ebt e nj\u00eb modeleje, k\u00ebt\u00eb her\u00eb jo me origjin\u00eb shqiptare. Ky \u00ebsht\u00eb thashethemi q\u00eb po\" \/>\n<meta property=\"og:url\" content=\"https:\/\/www.visit-ulcinj.com\/blog\/2012\/03\/04\/lorik-cana-shfaqet-ne-tirane-me-nje-modele-franceze\/\" \/>\n<meta property=\"og:site_name\" content=\"Lajme nga Ulqini\" \/>\n<meta property=\"article:published_time\" content=\"2012-03-04T12:42:17+00:00\" \/>\n<meta property=\"article:modified_time\" content=\"2012-03-05T10:18:38+00:00\" \/>\n<meta property=\"og:image\" content=\"http:\/\/www.visit-ulcinj.com\/blog\/wp-content\/uploads\/2012\/03\/Lorik-Cana.jpg\" \/>\n<meta name=\"twitter:label1\" content=\"Written by\" \/>\n\t<meta name=\"twitter:data1\" content=\"ulqini\" \/>\n\t<meta name=\"twitter:label2\" content=\"Est. reading time\" \/>\n\t<meta name=\"twitter:data2\" content=\"1 minute\" \/>\n<script type=\"application\/ld+json\" class=\"yoast-schema-graph\">{\"@context\":\"https:\/\/schema.org\",\"@graph\":[{\"@type\":\"WebSite\",\"@id\":\"https:\/\/www.visit-ulcinj.com\/blog\/#website\",\"url\":\"https:\/\/www.visit-ulcinj.com\/blog\/\",\"name\":\"Lajme nga Ulqini\",\"description\":\"Lajme,Vijesti,Ulqini,Ulqin,Crna Gora,Mali i Zi\",\"potentialAction\":[{\"@type\":\"SearchAction\",\"target\":{\"@type\":\"EntryPoint\",\"urlTemplate\":\"https:\/\/www.visit-ulcinj.com\/blog\/?s={search_term_string}\"},\"query-input\":\"required name=search_term_string\"}],\"inLanguage\":\"en-US\"},{\"@type\":\"ImageObject\",\"inLanguage\":\"en-US\",\"@id\":\"https:\/\/www.visit-ulcinj.com\/blog\/2012\/03\/04\/lorik-cana-shfaqet-ne-tirane-me-nje-modele-franceze\/#primaryimage\",\"url\":\"http:\/\/www.visit-ulcinj.com\/blog\/wp-content\/uploads\/2012\/03\/Lorik-Cana.jpg\",\"contentUrl\":\"http:\/\/www.visit-ulcinj.com\/blog\/wp-content\/uploads\/2012\/03\/Lorik-Cana.jpg\"},{\"@type\":\"WebPage\",\"@id\":\"https:\/\/www.visit-ulcinj.com\/blog\/2012\/03\/04\/lorik-cana-shfaqet-ne-tirane-me-nje-modele-franceze\/#webpage\",\"url\":\"https:\/\/www.visit-ulcinj.com\/blog\/2012\/03\/04\/lorik-cana-shfaqet-ne-tirane-me-nje-modele-franceze\/\",\"name\":\"Lorik Cana shfaqet n\u00eb Tiran\u00eb me nj\u00eb modele franceze - Lajme nga Ulqini\",\"isPartOf\":{\"@id\":\"https:\/\/www.visit-ulcinj.com\/blog\/#website\"},\"primaryImageOfPage\":{\"@id\":\"https:\/\/www.visit-ulcinj.com\/blog\/2012\/03\/04\/lorik-cana-shfaqet-ne-tirane-me-nje-modele-franceze\/#primaryimage\"},\"datePublished\":\"2012-03-04T12:42:17+00:00\",\"dateModified\":\"2012-03-05T10:18:38+00:00\",\"author\":{\"@id\":\"https:\/\/www.visit-ulcinj.com\/blog\/#\/schema\/person\/dcab619c614d3038751c63bc2aadc06d\"},\"description\":\"Lorik Cana \u00ebsht\u00eb ndar\u00eb nga Miss-i Arnita Beqiraj, p\u00ebr t\u2019u hedhur n\u00eb krah\u00ebt e nj\u00eb modeleje, k\u00ebt\u00eb her\u00eb jo me origjin\u00eb shqiptare. Ky \u00ebsht\u00eb thashethemi q\u00eb po\",\"breadcrumb\":{\"@id\":\"https:\/\/www.visit-ulcinj.com\/blog\/2012\/03\/04\/lorik-cana-shfaqet-ne-tirane-me-nje-modele-franceze\/#breadcrumb\"},\"inLanguage\":\"en-US\",\"potentialAction\":[{\"@type\":\"ReadAction\",\"target\":[\"https:\/\/www.visit-ulcinj.com\/blog\/2012\/03\/04\/lorik-cana-shfaqet-ne-tirane-me-nje-modele-franceze\/\"]}]},{\"@type\":\"BreadcrumbList\",\"@id\":\"https:\/\/www.visit-ulcinj.com\/blog\/2012\/03\/04\/lorik-cana-shfaqet-ne-tirane-me-nje-modele-franceze\/#breadcrumb\",\"itemListElement\":[{\"@type\":\"ListItem\",\"position\":1,\"name\":\"Lorik Cana shfaqet n\u00eb Tiran\u00eb me nj\u00eb modele franceze\"}]},{\"@type\":\"Person\",\"@id\":\"https:\/\/www.visit-ulcinj.com\/blog\/#\/schema\/person\/dcab619c614d3038751c63bc2aadc06d\",\"name\":\"ulqini\",\"sameAs\":[\"http:\/\/www.visit-ulcinj.com\"],\"url\":\"https:\/\/www.visit-ulcinj.com\/blog\/author\/admin\/\"}]}<\/script>\n<!-- \/ Yoast SEO plugin. -->","yoast_head_json":{"title":"Lorik Cana shfaqet n\u00eb Tiran\u00eb me nj\u00eb modele franceze - Lajme nga Ulqini","description":"Lorik Cana \u00ebsht\u00eb ndar\u00eb nga Miss-i Arnita Beqiraj, p\u00ebr t\u2019u hedhur n\u00eb krah\u00ebt e nj\u00eb modeleje, k\u00ebt\u00eb her\u00eb jo me origjin\u00eb shqiptare. Ky \u00ebsht\u00eb thashethemi q\u00eb po","robots":{"index":"index","follow":"follow","max-snippet":"max-snippet:-1","max-image-preview":"max-image-preview:large","max-video-preview":"max-video-preview:-1"},"canonical":"https:\/\/www.visit-ulcinj.com\/blog\/2012\/03\/04\/lorik-cana-shfaqet-ne-tirane-me-nje-modele-franceze\/","og_locale":"en_US","og_type":"article","og_title":"Lorik Cana shfaqet n\u00eb Tiran\u00eb me nj\u00eb modele franceze - Lajme nga Ulqini","og_description":"Lorik Cana \u00ebsht\u00eb ndar\u00eb nga Miss-i Arnita Beqiraj, p\u00ebr t\u2019u hedhur n\u00eb krah\u00ebt e nj\u00eb modeleje, k\u00ebt\u00eb her\u00eb jo me origjin\u00eb shqiptare. Ky \u00ebsht\u00eb thashethemi q\u00eb po","og_url":"https:\/\/www.visit-ulcinj.com\/blog\/2012\/03\/04\/lorik-cana-shfaqet-ne-tirane-me-nje-modele-franceze\/","og_site_name":"Lajme nga Ulqini","article_published_time":"2012-03-04T12:42:17+00:00","article_modified_time":"2012-03-05T10:18:38+00:00","og_image":[{"url":"http:\/\/www.visit-ulcinj.com\/blog\/wp-content\/uploads\/2012\/03\/Lorik-Cana.jpg"}],"twitter_misc":{"Written by":"ulqini","Est. reading time":"1 minute"},"schema":{"@context":"https:\/\/schema.org","@graph":[{"@type":"WebSite","@id":"https:\/\/www.visit-ulcinj.com\/blog\/#website","url":"https:\/\/www.visit-ulcinj.com\/blog\/","name":"Lajme nga Ulqini","description":"Lajme,Vijesti,Ulqini,Ulqin,Crna Gora,Mali i Zi","potentialAction":[{"@type":"SearchAction","target":{"@type":"EntryPoint","urlTemplate":"https:\/\/www.visit-ulcinj.com\/blog\/?s={search_term_string}"},"query-input":"required name=search_term_string"}],"inLanguage":"en-US"},{"@type":"ImageObject","inLanguage":"en-US","@id":"https:\/\/www.visit-ulcinj.com\/blog\/2012\/03\/04\/lorik-cana-shfaqet-ne-tirane-me-nje-modele-franceze\/#primaryimage","url":"http:\/\/www.visit-ulcinj.com\/blog\/wp-content\/uploads\/2012\/03\/Lorik-Cana.jpg","contentUrl":"http:\/\/www.visit-ulcinj.com\/blog\/wp-content\/uploads\/2012\/03\/Lorik-Cana.jpg"},{"@type":"WebPage","@id":"https:\/\/www.visit-ulcinj.com\/blog\/2012\/03\/04\/lorik-cana-shfaqet-ne-tirane-me-nje-modele-franceze\/#webpage","url":"https:\/\/www.visit-ulcinj.com\/blog\/2012\/03\/04\/lorik-cana-shfaqet-ne-tirane-me-nje-modele-franceze\/","name":"Lorik Cana shfaqet n\u00eb Tiran\u00eb me nj\u00eb modele franceze - Lajme nga Ulqini","isPartOf":{"@id":"https:\/\/www.visit-ulcinj.com\/blog\/#website"},"primaryImageOfPage":{"@id":"https:\/\/www.visit-ulcinj.com\/blog\/2012\/03\/04\/lorik-cana-shfaqet-ne-tirane-me-nje-modele-franceze\/#primaryimage"},"datePublished":"2012-03-04T12:42:17+00:00","dateModified":"2012-03-05T10:18:38+00:00","author":{"@id":"https:\/\/www.visit-ulcinj.com\/blog\/#\/schema\/person\/dcab619c614d3038751c63bc2aadc06d"},"description":"Lorik Cana \u00ebsht\u00eb ndar\u00eb nga Miss-i Arnita Beqiraj, p\u00ebr t\u2019u hedhur n\u00eb krah\u00ebt e nj\u00eb modeleje, k\u00ebt\u00eb her\u00eb jo me origjin\u00eb shqiptare. Ky \u00ebsht\u00eb thashethemi q\u00eb po","breadcrumb":{"@id":"https:\/\/www.visit-ulcinj.com\/blog\/2012\/03\/04\/lorik-cana-shfaqet-ne-tirane-me-nje-modele-franceze\/#breadcrumb"},"inLanguage":"en-US","potentialAction":[{"@type":"ReadAction","target":["https:\/\/www.visit-ulcinj.com\/blog\/2012\/03\/04\/lorik-cana-shfaqet-ne-tirane-me-nje-modele-franceze\/"]}]},{"@type":"BreadcrumbList","@id":"https:\/\/www.visit-ulcinj.com\/blog\/2012\/03\/04\/lorik-cana-shfaqet-ne-tirane-me-nje-modele-franceze\/#breadcrumb","itemListElement":[{"@type":"ListItem","position":1,"name":"Lorik Cana shfaqet n\u00eb Tiran\u00eb me nj\u00eb modele franceze"}]},{"@type":"Person","@id":"https:\/\/www.visit-ulcinj.com\/blog\/#\/schema\/person\/dcab619c614d3038751c63bc2aadc06d","name":"ulqini","sameAs":["http:\/\/www.visit-ulcinj.com"],"url":"https:\/\/www.visit-ulcinj.com\/blog\/author\/admin\/"}]}},"jetpack_featured_media_url":"","jetpack_sharing_enabled":true,"jetpack_shortlink":"https:\/\/wp.me\/pe6lTn-f4Y","_links":{"self":[{"href":"https:\/\/www.visit-ulcinj.com\/blog\/wp-json\/wp\/v2\/posts\/57968"}],"collection":[{"href":"https:\/\/www.visit-ulcinj.com\/blog\/wp-json\/wp\/v2\/posts"}],"about":[{"href":"https:\/\/www.visit-ulcinj.com\/blog\/wp-json\/wp\/v2\/types\/post"}],"author":[{"embeddable":true,"href":"https:\/\/www.visit-ulcinj.com\/blog\/wp-json\/wp\/v2\/users\/1"}],"replies":[{"embeddable":true,"href":"https:\/\/www.visit-ulcinj.com\/blog\/wp-json\/wp\/v2\/comments?post=57968"}],"version-history":[{"count":3,"href":"https:\/\/www.visit-ulcinj.com\/blog\/wp-json\/wp\/v2\/posts\/57968\/revisions"}],"predecessor-version":[{"id":57971,"href":"https:\/\/www.visit-ulcinj.com\/blog\/wp-json\/wp\/v2\/posts\/57968\/revisions\/57971"}],"wp:attachment":[{"href":"https:\/\/www.visit-ulcinj.com\/blog\/wp-json\/wp\/v2\/media?parent=57968"}],"wp:term":[{"taxonomy":"category","embeddable":true,"href":"https:\/\/www.visit-ulcinj.com\/blog\/wp-json\/wp\/v2\/categories?post=57968"},{"taxonomy":"post_tag","embeddable":true,"href":"https:\/\/www.visit-ulcinj.com\/blog\/wp-json\/wp\/v2\/tags?post=57968"}],"curies":[{"name":"wp","href":"https:\/\/api.w.org\/{rel}","templated":true}]}}