{"id":5797,"date":"2008-11-10T16:52:47","date_gmt":"2008-11-10T21:52:47","guid":{"rendered":"http:\/\/www.visit-ulcinj.com\/blog\/?p=5797"},"modified":"2008-11-10T16:52:47","modified_gmt":"2008-11-10T21:52:47","slug":"interviste-me-aktorin-e-teatrit-kombetar-te-prishtines-selman-lokaj","status":"publish","type":"post","link":"https:\/\/www.visit-ulcinj.com\/blog\/2008\/11\/10\/interviste-me-aktorin-e-teatrit-kombetar-te-prishtines-selman-lokaj\/","title":{"rendered":"Intervist\u00eb me aktorin e teatrit komb\u00ebtar t\u00eb prishtin\u00ebs, Selman Lokaj"},"content":{"rendered":"<p><a href=\"http:\/\/www.visit-ulcinj.com\/blog\/wp-content\/uploads\/2008\/11\/selman-lokaj.jpg\"><img loading=\"lazy\" class=\"alignleft size-medium wp-image-5798\" title=\"selman-lokaj\" src=\"http:\/\/www.visit-ulcinj.com\/blog\/wp-content\/uploads\/2008\/11\/selman-lokaj.jpg\" alt=\"\" width=\"353\" height=\"226\" \/><\/a><strong>Pozita e aktorit n\u00eb Kosov\u00eb \u00ebsht\u00eb mjaft e palakmueshme<\/strong><br \/>\nSelman Lokaj \u00ebsht\u00eb nj\u00ebri nd\u00ebr aktor\u00ebt e njohur t\u00eb Teatrit Komb\u00ebtar t\u00eb Prishtin\u00ebs. Q\u00eb nga viti 1967 ai ka filluar t\u00eb luaj\u00eb n\u00eb sken\u00ebn e k\u00ebtij teatri me aktor\u00eb m\u00eb t\u00eb njohur t\u00eb Kosov\u00ebs. P\u00ebrve\u00e7 n\u00eb teat\u00ebr, ai ka luajtur edhe n\u00eb filma dhe drama televizive. Numri i roleve q\u00eb Lokaj ka luajtur deri m\u00eb tani \u00ebsht\u00eb mjaft i madh dhe e ka shum\u00eb v\u00ebshtir\u00eb tzi mbaj\u00eb mend. P\u00ebr zgjuarsin\u00eb dhe profesionalizmin e rrall\u00eb, regjisor\u00ebt kosovar\u00eb shpesh atij edhe ia kan\u00eb besuar t\u00eb luaj\u00eb edhe role kryesore. P\u00ebr luajtjen e shk\u00eblqyer t\u00eb roleve ai edhe \u00ebsht\u00eb shp\u00ebrblyer. Edhe pse Selman Lokaj gjendet para pensionit dhe i ka mbushur 65 vjet akoma thot\u00eb se \u00ebsht\u00eb i fort\u00eb fizikisht dhe psikikisht dhe n\u00ebse Teatri Komb\u00ebtar e sheh si t\u00eb nevojshme ai p\u00ebrs\u00ebri me k\u00ebnaq\u00ebsi do t\u00eb vazhdonte q\u00eb t\u00eb luaj\u00eb edhe ndonj\u00eb rol.<br \/>\n<strong>Koha javore:<\/strong> Z.Lokaj, t\u00eb h\u00ebn\u00ebn n\u00eb QKI &#8220;Mal\u00ebsia&#8221; n\u00eb Tuz keni luajtur nj\u00eb rol mjaft interesant, i cili \u00ebsht\u00eb mir\u00ebpritur mjaft mir\u00eb nga shikuesit. Sa ka qen\u00eb e v\u00ebshtir\u00eb p\u00ebr Ju realizimi i k\u00ebtij roli?<br \/>\n<strong>S.Lokaj: <\/strong>Rolin t\u00eb cilin un\u00eb e kam luajtur ka qen\u00eb mjaft i v\u00ebshtir\u00eb p\u00ebr vet\u00eb faktin se kjo shfaqje ka qen\u00eb e shkruar kryesisht n\u00eb poezi. Andaj, \u00ebsht\u00eb mjaft e v\u00ebshtir\u00eb ta thuash n\u00eb sken\u00eb poezin\u00eb. Si\u00e7 ka mund t\u00eb v\u00ebrehet, n\u00eb k\u00ebt\u00eb shfaqje nuk kemi t\u00eb b\u00ebjm\u00eb vet\u00ebm me nj\u00eb shkrimtar, apo me nj\u00eb autor t\u00eb tekstit, por n\u00eb fakt kemi pasur t\u00eb b\u00ebjm\u00eb me mendimet e shum\u00eb autor\u00ebve, t\u00eb cilat \u00ebsht\u00eb dashur tzi lidhim. Nj\u00ebkoh\u00ebsisht, edhe p\u00ebr ekipin me t\u00eb cilin luajt\u00ebm ka qen\u00eb mjaft e v\u00ebshtir\u00eb. Mir\u00ebpo, un\u00eb dhe aktor\u00ebt e k\u00ebsaj shfaqjeje me nj\u00eb disiplin\u00eb dhe pun\u00eb mjaft t\u00eb madhe dhe me nj\u00eb studim t\u00eb tekstit jemi munduar q\u00eb t\u00eb arrijm\u00eb at\u00eb q\u00eb shfaq\u00ebm para publikut t\u00eb Mal\u00ebsis\u00eb. Me r\u00ebnd\u00ebsi p\u00ebr ne \u00ebsht\u00eb se shfaqja n\u00eb Tuz u prit shum\u00eb mir\u00eb.<br \/>\n<strong>Koha javore<\/strong>: Kur keni filluar t\u00eb merreni me artin e aktrimit?<br \/>\n<strong>S.Lokaj: <\/strong>Me aktrim kam filluar t\u00eb merrem menj\u00ebher\u00eb pas p\u00ebrfundimit t\u00eb shkoll\u00ebs s\u00eb mesme. Meq\u00eb n\u00eb Teatrin e Prishtin\u00ebs n\u00eb at\u00eb koh\u00eb ishte nj\u00eb gjenerat\u00eb e vjet\u00ebr e aktor\u00ebve, n\u00eb vitin 1967 un\u00eb pranohem si kuad\u00ebr i ri dhe k\u00ebshtu edhe fillon puna ime si aktor. Pa nd\u00ebrprerje nga puna n\u00eb Teatrin e Kosov\u00ebs n\u00eb Prishtin\u00eb paralelisht p\u00ebrfundova edhe shkoll\u00ebn e lart\u00eb t\u00eb artit t\u00eb cil\u00ebn e kreva me sukses.<br \/>\n<strong>Koha javore: <\/strong>P\u00ebraf\u00ebrsisht sa role keni realizuar deri m\u00eb tani. Ju kujtohen ato. E dini numrin e sakt\u00eb?<br \/>\n<strong>S. Lokaj:<\/strong> P\u00ebr numrin e roleve mund t\u00eb them vet\u00ebm k\u00ebt\u00eb, se deri m\u00eb tani kam marr\u00eb pjes\u00eb pothuaj n\u00eb t\u00eb gjitha projektet q\u00eb i ka realizuar Tetari i Prishtin\u00ebs. Pra, kam qen\u00eb i pranish\u00ebm n\u00eb t\u00eb gjitha shfaqjet dhe n\u00eb t\u00eb gjitha zhanret, si n\u00eb komedi, tragjedi, satir\u00eb etj. Minimum gjat\u00eb vitit n\u00eb teat\u00ebr kam realizuar dy role. Sa i p\u00ebrket numrit t\u00eb roleve ai \u00ebsht\u00eb mjaft i madh dhe e kam v\u00ebshtir\u00eb q\u00eb tzi mbaj mend ato.<br \/>\n<strong>Koha javore: <\/strong>Ju kujtohet roli i par\u00eb q\u00eb keni luajtur?<strong><br \/>\nS.Lokaj: <\/strong>Roli i par\u00eb q\u00eb ka l\u00ebn\u00eb p\u00ebrshtypje te shikuesit dhe kritik\u00ebt ka qen\u00eb roli i Agamemnonit, pastaj ai i Halilit n\u00eb dram\u00ebn &#8220;Halili dhe Hajria&#8221; e shum\u00eb t\u00eb tjera. Disa her\u00eb n\u00eb shfaqje, drama televizive dhe n\u00eb filma kam luajtur role kryesore ku edhe jam shp\u00ebrblyer me mir\u00ebnjohje. Kam luajtur nga rolet e veprave t\u00eb mesjet\u00ebs e deri n\u00eb rolet e koh\u00ebs s\u00eb tanishme.<br \/>\n<strong>Koha javore:<\/strong> Si e ndjeni veten pas gjith\u00eb k\u00ebsaj kohe n\u00eb sken\u00eb. Jeni lodhur n\u00eb Teat\u00ebr?<br \/>\n<strong>S.Lokaj: <\/strong>Akoma ndihem mir\u00eb me sh\u00ebndet edhe pse \u00ebsht\u00eb nj\u00eb koh\u00eb e gjat\u00eb q\u00eb luaj n\u00eb sken\u00eb. Tani jam n\u00eb mosh\u00ebn 65 vje\u00e7are dhe ende e ndiej veten t\u00eb fort\u00eb p\u00ebr sken\u00eb. Vet\u00ebm pas luft\u00ebs kam arritur q\u00eb t\u00eb luaj n\u00eb dy projekte mjaft t\u00eb m\u00ebdha q\u00eb i ka realizuar Teatri Komb\u00ebtar.<br \/>\n<strong>Koha javore:<\/strong> Po n\u00eb filma, a keni pasur rast t\u00eb luani?<br \/>\n<strong>S.Lokaj: <\/strong>Po. Paralelisht me Teatrin kam marr\u00eb pjes\u00eb edhe n\u00eb realizimin e roleve n\u00eb filma t\u00eb ndrysh\u00ebm kosovar\u00eb. Sot i kam t\u00eb realizuara mbi 15-16 role n\u00eb filma. Kam luajtur edhe n\u00eb drama televizive.<br \/>\n<strong>Koha javore:<\/strong> Cila \u00ebsht\u00eb pozita e aktorit sot n\u00eb Kosov\u00eb?<br \/>\n<strong>S.Lokaj:<\/strong> Pozita e aktorit sot n\u00eb Kosov\u00eb \u00ebsht\u00eb mjaft e palakmueshme. K\u00ebtu e kam fjal\u00ebn p\u00ebr an\u00ebn materiale. T\u00eb ardhurat e aktorit sot n\u00eb Kosov\u00eb jan\u00eb mjaft t\u00eb dob\u00ebta, t\u00eb mos them kurrfare.<br \/>\n<strong>Koha javore: <\/strong>Tani tzi kthehemi pak Teatri Komb\u00ebtar t\u00eb Kosov\u00ebs. N\u00ebse e krahasojm\u00eb me vendet e tjera t\u00eb Ballkanit, ku q\u00ebndron sot Kosova sa i p\u00ebrket artit skenik?<br \/>\n<strong>S. Lokaj:<\/strong> Te ne n\u00eb Kosov\u00eb Teatri \u00ebsht\u00eb n\u00eb pozit\u00eb mjaft t\u00eb keqe, sidomos pas luft\u00ebs. Jo ve\u00e7 n\u00eb Teat\u00ebr, por n\u00eb p\u00ebrgjith\u00ebsi edhe n\u00eb kultur\u00eb \u00ebsht\u00eb situata e ngjashme. Nuk \u00ebsht\u00eb problemi se nuk ka t\u00eb holla, por problemi ekziston se njer\u00ebzit nuk e din\u00eb, apo nuk e duan kultur\u00ebn. Kjo \u00ebsht\u00eb e keqe.<br \/>\n<strong>Koha javore: <\/strong>Mund t\u00eb na tregoni se cilat jan\u00eb sukseset e Teatrit Komb\u00ebtar t\u00eb Kosov\u00ebs?<br \/>\n<strong>S.Lokaj:<\/strong> N\u00eb koh\u00ebn e fundit Teatri nuk ka mundur t\u00eb arrij\u00eb t\u00eb b\u00ebj\u00eb ndonj\u00eb projekt q\u00eb mund t\u00eb dal\u00eb jasht\u00eb, p\u00ebr arsye se s\u00eb pari duhet q\u00eb teatri t\u00eb ket\u00eb kuadrin e kualifikuar. P\u00ebr t\u00eb krijuar nj\u00eb vep\u00ebr t\u00eb mir\u00eb, Teatri duhet tzi marr\u00eb kuadrot e verifikuara. Teatri Komb\u00ebtar at\u00eb detyr\u00eb e ka. Te ne momentalisht nuk ekziston kjo. Teatri Komb\u00ebtar nuk e ka detyr\u00ebn me i dhan\u00eb shfaqjet p\u00ebr provim t\u00eb student\u00ebve. Kuadri duhet t\u00eb p\u00ebrt\u00ebrihet me gjeneratat m\u00eb t\u00eb mira q\u00eb i ka Akademia e Kosov\u00ebs. Tani kemi mjaft aktor\u00eb t\u00eb shkolluar. N\u00eb mesin e 400-500 aktor\u00ebve t\u00eb rinj mund t\u00eb gjenden 30 t\u00eb mir\u00eb dhe k\u00ebshtu t\u00eb kemi edhe shfaqje m\u00eb cil\u00ebsore.<br \/>\n<strong>Koha javore:<\/strong> N\u00eb Teatrin Komb\u00ebtar t\u00eb Kosov\u00ebs jan\u00eb angazhuar mjaft aktor\u00eb t\u00eb rinj. Si q\u00ebndron bashk\u00ebpunimi me ta?<br \/>\n<strong>S. Lokaj: <\/strong>Bashk\u00ebpunimi me gjenerat\u00ebn e aktor\u00ebve t\u00eb rinj \u00ebsht\u00eb p\u00ebr \u00e7do l\u00ebvdat\u00eb. Pra, kemi nj\u00eb bashk\u00ebpunim t\u00eb mir\u00eb. Po nuk i pate aktor\u00ebt nga t\u00eb gjitha gjeneratat, at\u00ebher\u00eb n\u00eb sken\u00eb nuk mund t\u00eb realizosh shfaqje t\u00eb mir\u00eb.<br \/>\n<strong>Koha javore: <\/strong>\u00c7far\u00eb prisni nga udh\u00ebheqja e Teatrit Komb\u00ebtar t\u00eb Prishtin\u00ebs e cila \u00ebsht\u00eb zgjedhur koh\u00eb m\u00eb par\u00eb. Mendoni se do t\u00eb ndryshojn\u00eb gj\u00ebrat n\u00eb t\u00eb mir\u00eb?<br \/>\n<strong>S. Lokaj:<\/strong> Teatri e ka zgjedhur udh\u00ebheqjen e re, nj\u00eb kuad\u00ebr t\u00eb ri dhe ma merr mendja se ata tani do t\u00eb fillojn\u00eb q\u00eb ta programojn\u00eb pun\u00ebn n\u00eb teat\u00ebr.<br \/>\n<strong>Koha javore: <\/strong>\u00c7far\u00eb jeni duke punuar tani. Jeni t\u00eb angazhuar n\u00eb ndonj\u00eb projekt?<br \/>\n<strong>S.Lokaj: <\/strong>Para do kohe kam realizuar n\u00eb Maqedoni nj\u00eb rol n\u00eb nj\u00eb film q\u00eb \u00ebsht\u00eb edhe nd\u00ebr rolet kryesore, premiera e t\u00eb cilit pritet t\u00eb shfaqet n\u00eb marsin e vitit t\u00eb ardhsh\u00ebm. Po ashtu n\u00eb Kosov\u00eb kam realizuar edhe tri role t\u00eb tjera n\u00eb drama televizive.<br \/>\n<strong>Bisedoi: Rr.Dushaj<br \/>\nKoha Javore<\/strong><\/p>\n<!--YouTube Error: bad URL entered-->\n","protected":false},"excerpt":{"rendered":"<p>Pozita e aktorit n\u00eb Kosov\u00eb \u00ebsht\u00eb mjaft e palakmueshme Selman Lokaj \u00ebsht\u00eb nj\u00ebri nd\u00ebr aktor\u00ebt e njohur t\u00eb Teatrit Komb\u00ebtar t\u00eb Prishtin\u00ebs. Q\u00eb nga viti 1967 ai ka filluar t\u00eb luaj\u00eb n\u00eb sken\u00ebn e k\u00ebtij teatri me aktor\u00eb m\u00eb t\u00eb njohur t\u00eb Kosov\u00ebs. P\u00ebrve\u00e7 n\u00eb teat\u00ebr, ai ka luajtur edhe n\u00eb filma dhe drama televizive. [&hellip;]<\/p>\n","protected":false},"author":1,"featured_media":0,"comment_status":"open","ping_status":"closed","sticky":false,"template":"","format":"standard","meta":{"spay_email":"","jetpack_publicize_message":"","jetpack_is_tweetstorm":false,"jetpack_publicize_feature_enabled":true},"categories":[5],"tags":[4999,4998],"jetpack_publicize_connections":[],"yoast_head":"<!-- This site is optimized with the Yoast SEO plugin v19.1 - https:\/\/yoast.com\/wordpress\/plugins\/seo\/ -->\n<title>Intervist\u00eb me aktorin e teatrit komb\u00ebtar t\u00eb prishtin\u00ebs, Selman Lokaj - Lajme nga Ulqini<\/title>\n<meta name=\"description\" content=\"Pozita e aktorit n\u00eb Kosov\u00eb \u00ebsht\u00eb mjaft e palakmueshme Selman Lokaj \u00ebsht\u00eb nj\u00ebri nd\u00ebr aktor\u00ebt e njohur t\u00eb Teatrit Komb\u00ebtar t\u00eb Prishtin\u00ebs. Q\u00eb nga viti 1967\" \/>\n<meta name=\"robots\" content=\"index, follow, max-snippet:-1, max-image-preview:large, max-video-preview:-1\" \/>\n<link rel=\"canonical\" href=\"https:\/\/www.visit-ulcinj.com\/blog\/2008\/11\/10\/interviste-me-aktorin-e-teatrit-kombetar-te-prishtines-selman-lokaj\/\" \/>\n<meta property=\"og:locale\" content=\"en_US\" \/>\n<meta property=\"og:type\" content=\"article\" \/>\n<meta property=\"og:title\" content=\"Intervist\u00eb me aktorin e teatrit komb\u00ebtar t\u00eb prishtin\u00ebs, Selman Lokaj - Lajme nga Ulqini\" \/>\n<meta property=\"og:description\" content=\"Pozita e aktorit n\u00eb Kosov\u00eb \u00ebsht\u00eb mjaft e palakmueshme Selman Lokaj \u00ebsht\u00eb nj\u00ebri nd\u00ebr aktor\u00ebt e njohur t\u00eb Teatrit Komb\u00ebtar t\u00eb Prishtin\u00ebs. Q\u00eb nga viti 1967\" \/>\n<meta property=\"og:url\" content=\"https:\/\/www.visit-ulcinj.com\/blog\/2008\/11\/10\/interviste-me-aktorin-e-teatrit-kombetar-te-prishtines-selman-lokaj\/\" \/>\n<meta property=\"og:site_name\" content=\"Lajme nga Ulqini\" \/>\n<meta property=\"article:published_time\" content=\"2008-11-10T21:52:47+00:00\" \/>\n<meta property=\"og:image\" content=\"http:\/\/www.visit-ulcinj.com\/blog\/wp-content\/uploads\/2008\/11\/selman-lokaj.jpg\" \/>\n<meta name=\"twitter:label1\" content=\"Written by\" \/>\n\t<meta name=\"twitter:data1\" content=\"ulqini\" \/>\n\t<meta name=\"twitter:label2\" content=\"Est. reading time\" \/>\n\t<meta name=\"twitter:data2\" content=\"6 minutes\" \/>\n<script type=\"application\/ld+json\" class=\"yoast-schema-graph\">{\"@context\":\"https:\/\/schema.org\",\"@graph\":[{\"@type\":\"WebSite\",\"@id\":\"https:\/\/www.visit-ulcinj.com\/blog\/#website\",\"url\":\"https:\/\/www.visit-ulcinj.com\/blog\/\",\"name\":\"Lajme nga Ulqini\",\"description\":\"Lajme,Vijesti,Ulqini,Ulqin,Crna Gora,Mali i Zi\",\"potentialAction\":[{\"@type\":\"SearchAction\",\"target\":{\"@type\":\"EntryPoint\",\"urlTemplate\":\"https:\/\/www.visit-ulcinj.com\/blog\/?s={search_term_string}\"},\"query-input\":\"required name=search_term_string\"}],\"inLanguage\":\"en-US\"},{\"@type\":\"ImageObject\",\"inLanguage\":\"en-US\",\"@id\":\"https:\/\/www.visit-ulcinj.com\/blog\/2008\/11\/10\/interviste-me-aktorin-e-teatrit-kombetar-te-prishtines-selman-lokaj\/#primaryimage\",\"url\":\"http:\/\/www.visit-ulcinj.com\/blog\/wp-content\/uploads\/2008\/11\/selman-lokaj.jpg\",\"contentUrl\":\"http:\/\/www.visit-ulcinj.com\/blog\/wp-content\/uploads\/2008\/11\/selman-lokaj.jpg\"},{\"@type\":\"WebPage\",\"@id\":\"https:\/\/www.visit-ulcinj.com\/blog\/2008\/11\/10\/interviste-me-aktorin-e-teatrit-kombetar-te-prishtines-selman-lokaj\/#webpage\",\"url\":\"https:\/\/www.visit-ulcinj.com\/blog\/2008\/11\/10\/interviste-me-aktorin-e-teatrit-kombetar-te-prishtines-selman-lokaj\/\",\"name\":\"Intervist\u00eb me aktorin e teatrit komb\u00ebtar t\u00eb prishtin\u00ebs, Selman Lokaj - Lajme nga Ulqini\",\"isPartOf\":{\"@id\":\"https:\/\/www.visit-ulcinj.com\/blog\/#website\"},\"primaryImageOfPage\":{\"@id\":\"https:\/\/www.visit-ulcinj.com\/blog\/2008\/11\/10\/interviste-me-aktorin-e-teatrit-kombetar-te-prishtines-selman-lokaj\/#primaryimage\"},\"datePublished\":\"2008-11-10T21:52:47+00:00\",\"dateModified\":\"2008-11-10T21:52:47+00:00\",\"author\":{\"@id\":\"https:\/\/www.visit-ulcinj.com\/blog\/#\/schema\/person\/dcab619c614d3038751c63bc2aadc06d\"},\"description\":\"Pozita e aktorit n\u00eb Kosov\u00eb \u00ebsht\u00eb mjaft e palakmueshme Selman Lokaj \u00ebsht\u00eb nj\u00ebri nd\u00ebr aktor\u00ebt e njohur t\u00eb Teatrit Komb\u00ebtar t\u00eb Prishtin\u00ebs. Q\u00eb nga viti 1967\",\"breadcrumb\":{\"@id\":\"https:\/\/www.visit-ulcinj.com\/blog\/2008\/11\/10\/interviste-me-aktorin-e-teatrit-kombetar-te-prishtines-selman-lokaj\/#breadcrumb\"},\"inLanguage\":\"en-US\",\"potentialAction\":[{\"@type\":\"ReadAction\",\"target\":[\"https:\/\/www.visit-ulcinj.com\/blog\/2008\/11\/10\/interviste-me-aktorin-e-teatrit-kombetar-te-prishtines-selman-lokaj\/\"]}]},{\"@type\":\"BreadcrumbList\",\"@id\":\"https:\/\/www.visit-ulcinj.com\/blog\/2008\/11\/10\/interviste-me-aktorin-e-teatrit-kombetar-te-prishtines-selman-lokaj\/#breadcrumb\",\"itemListElement\":[{\"@type\":\"ListItem\",\"position\":1,\"name\":\"Intervist\u00eb me aktorin e teatrit komb\u00ebtar t\u00eb prishtin\u00ebs, Selman Lokaj\"}]},{\"@type\":\"Person\",\"@id\":\"https:\/\/www.visit-ulcinj.com\/blog\/#\/schema\/person\/dcab619c614d3038751c63bc2aadc06d\",\"name\":\"ulqini\",\"sameAs\":[\"http:\/\/www.visit-ulcinj.com\"],\"url\":\"https:\/\/www.visit-ulcinj.com\/blog\/author\/admin\/\"}]}<\/script>\n<!-- \/ Yoast SEO plugin. -->","yoast_head_json":{"title":"Intervist\u00eb me aktorin e teatrit komb\u00ebtar t\u00eb prishtin\u00ebs, Selman Lokaj - Lajme nga Ulqini","description":"Pozita e aktorit n\u00eb Kosov\u00eb \u00ebsht\u00eb mjaft e palakmueshme Selman Lokaj \u00ebsht\u00eb nj\u00ebri nd\u00ebr aktor\u00ebt e njohur t\u00eb Teatrit Komb\u00ebtar t\u00eb Prishtin\u00ebs. Q\u00eb nga viti 1967","robots":{"index":"index","follow":"follow","max-snippet":"max-snippet:-1","max-image-preview":"max-image-preview:large","max-video-preview":"max-video-preview:-1"},"canonical":"https:\/\/www.visit-ulcinj.com\/blog\/2008\/11\/10\/interviste-me-aktorin-e-teatrit-kombetar-te-prishtines-selman-lokaj\/","og_locale":"en_US","og_type":"article","og_title":"Intervist\u00eb me aktorin e teatrit komb\u00ebtar t\u00eb prishtin\u00ebs, Selman Lokaj - Lajme nga Ulqini","og_description":"Pozita e aktorit n\u00eb Kosov\u00eb \u00ebsht\u00eb mjaft e palakmueshme Selman Lokaj \u00ebsht\u00eb nj\u00ebri nd\u00ebr aktor\u00ebt e njohur t\u00eb Teatrit Komb\u00ebtar t\u00eb Prishtin\u00ebs. Q\u00eb nga viti 1967","og_url":"https:\/\/www.visit-ulcinj.com\/blog\/2008\/11\/10\/interviste-me-aktorin-e-teatrit-kombetar-te-prishtines-selman-lokaj\/","og_site_name":"Lajme nga Ulqini","article_published_time":"2008-11-10T21:52:47+00:00","og_image":[{"url":"http:\/\/www.visit-ulcinj.com\/blog\/wp-content\/uploads\/2008\/11\/selman-lokaj.jpg"}],"twitter_misc":{"Written by":"ulqini","Est. reading time":"6 minutes"},"schema":{"@context":"https:\/\/schema.org","@graph":[{"@type":"WebSite","@id":"https:\/\/www.visit-ulcinj.com\/blog\/#website","url":"https:\/\/www.visit-ulcinj.com\/blog\/","name":"Lajme nga Ulqini","description":"Lajme,Vijesti,Ulqini,Ulqin,Crna Gora,Mali i Zi","potentialAction":[{"@type":"SearchAction","target":{"@type":"EntryPoint","urlTemplate":"https:\/\/www.visit-ulcinj.com\/blog\/?s={search_term_string}"},"query-input":"required name=search_term_string"}],"inLanguage":"en-US"},{"@type":"ImageObject","inLanguage":"en-US","@id":"https:\/\/www.visit-ulcinj.com\/blog\/2008\/11\/10\/interviste-me-aktorin-e-teatrit-kombetar-te-prishtines-selman-lokaj\/#primaryimage","url":"http:\/\/www.visit-ulcinj.com\/blog\/wp-content\/uploads\/2008\/11\/selman-lokaj.jpg","contentUrl":"http:\/\/www.visit-ulcinj.com\/blog\/wp-content\/uploads\/2008\/11\/selman-lokaj.jpg"},{"@type":"WebPage","@id":"https:\/\/www.visit-ulcinj.com\/blog\/2008\/11\/10\/interviste-me-aktorin-e-teatrit-kombetar-te-prishtines-selman-lokaj\/#webpage","url":"https:\/\/www.visit-ulcinj.com\/blog\/2008\/11\/10\/interviste-me-aktorin-e-teatrit-kombetar-te-prishtines-selman-lokaj\/","name":"Intervist\u00eb me aktorin e teatrit komb\u00ebtar t\u00eb prishtin\u00ebs, Selman Lokaj - Lajme nga Ulqini","isPartOf":{"@id":"https:\/\/www.visit-ulcinj.com\/blog\/#website"},"primaryImageOfPage":{"@id":"https:\/\/www.visit-ulcinj.com\/blog\/2008\/11\/10\/interviste-me-aktorin-e-teatrit-kombetar-te-prishtines-selman-lokaj\/#primaryimage"},"datePublished":"2008-11-10T21:52:47+00:00","dateModified":"2008-11-10T21:52:47+00:00","author":{"@id":"https:\/\/www.visit-ulcinj.com\/blog\/#\/schema\/person\/dcab619c614d3038751c63bc2aadc06d"},"description":"Pozita e aktorit n\u00eb Kosov\u00eb \u00ebsht\u00eb mjaft e palakmueshme Selman Lokaj \u00ebsht\u00eb nj\u00ebri nd\u00ebr aktor\u00ebt e njohur t\u00eb Teatrit Komb\u00ebtar t\u00eb Prishtin\u00ebs. Q\u00eb nga viti 1967","breadcrumb":{"@id":"https:\/\/www.visit-ulcinj.com\/blog\/2008\/11\/10\/interviste-me-aktorin-e-teatrit-kombetar-te-prishtines-selman-lokaj\/#breadcrumb"},"inLanguage":"en-US","potentialAction":[{"@type":"ReadAction","target":["https:\/\/www.visit-ulcinj.com\/blog\/2008\/11\/10\/interviste-me-aktorin-e-teatrit-kombetar-te-prishtines-selman-lokaj\/"]}]},{"@type":"BreadcrumbList","@id":"https:\/\/www.visit-ulcinj.com\/blog\/2008\/11\/10\/interviste-me-aktorin-e-teatrit-kombetar-te-prishtines-selman-lokaj\/#breadcrumb","itemListElement":[{"@type":"ListItem","position":1,"name":"Intervist\u00eb me aktorin e teatrit komb\u00ebtar t\u00eb prishtin\u00ebs, Selman Lokaj"}]},{"@type":"Person","@id":"https:\/\/www.visit-ulcinj.com\/blog\/#\/schema\/person\/dcab619c614d3038751c63bc2aadc06d","name":"ulqini","sameAs":["http:\/\/www.visit-ulcinj.com"],"url":"https:\/\/www.visit-ulcinj.com\/blog\/author\/admin\/"}]}},"jetpack_featured_media_url":"","jetpack_sharing_enabled":true,"jetpack_shortlink":"https:\/\/wp.me\/pe6lTn-1vv","_links":{"self":[{"href":"https:\/\/www.visit-ulcinj.com\/blog\/wp-json\/wp\/v2\/posts\/5797"}],"collection":[{"href":"https:\/\/www.visit-ulcinj.com\/blog\/wp-json\/wp\/v2\/posts"}],"about":[{"href":"https:\/\/www.visit-ulcinj.com\/blog\/wp-json\/wp\/v2\/types\/post"}],"author":[{"embeddable":true,"href":"https:\/\/www.visit-ulcinj.com\/blog\/wp-json\/wp\/v2\/users\/1"}],"replies":[{"embeddable":true,"href":"https:\/\/www.visit-ulcinj.com\/blog\/wp-json\/wp\/v2\/comments?post=5797"}],"version-history":[{"count":0,"href":"https:\/\/www.visit-ulcinj.com\/blog\/wp-json\/wp\/v2\/posts\/5797\/revisions"}],"wp:attachment":[{"href":"https:\/\/www.visit-ulcinj.com\/blog\/wp-json\/wp\/v2\/media?parent=5797"}],"wp:term":[{"taxonomy":"category","embeddable":true,"href":"https:\/\/www.visit-ulcinj.com\/blog\/wp-json\/wp\/v2\/categories?post=5797"},{"taxonomy":"post_tag","embeddable":true,"href":"https:\/\/www.visit-ulcinj.com\/blog\/wp-json\/wp\/v2\/tags?post=5797"}],"curies":[{"name":"wp","href":"https:\/\/api.w.org\/{rel}","templated":true}]}}