{"id":57981,"date":"2012-03-05T22:00:55","date_gmt":"2012-03-05T21:00:55","guid":{"rendered":"http:\/\/www.visit-ulcinj.com\/blog\/?p=57981"},"modified":"2012-03-06T18:02:02","modified_gmt":"2012-03-06T17:02:02","slug":"vazhdon-fitorja-e-muhamed-kollarit-ne-live-show-let-ka-zvijezdama","status":"publish","type":"post","link":"https:\/\/www.visit-ulcinj.com\/blog\/2012\/03\/05\/vazhdon-fitorja-e-muhamed-kollarit-ne-live-show-let-ka-zvijezdama\/","title":{"rendered":"Vazhdon fitorja e Muhamed Kollarit n\u00eb Live-show Let ka zvijezdama"},"content":{"rendered":"<p><a href=\"http:\/\/www.visit-ulcinj.com\/blog\/wp-content\/uploads\/2012\/03\/Muhamed-kollari.jpg\"><img loading=\"lazy\" class=\"alignleft  wp-image-57987\" title=\"Muhamed kollari\" src=\"http:\/\/www.visit-ulcinj.com\/blog\/wp-content\/uploads\/2012\/03\/Muhamed-kollari.jpg\" alt=\"\" width=\"508\" height=\"380\" \/><\/a>N\u00eb spektaklin televiziv te audicioneve te talenteve te \u201clive-show-t\u201d Let ka zvijezdama,u mbajt edhe \u00a0sot\u00eb \u00a0m\u00eb 05.03.12 n\u00eb ora 20.00h. Me zgjedhjen e tyre nis dhe gara e forte e finaleve te \u201clive-show-t\u201d Let ka zvijezdama,produkcion ky i Radio Televizionit t\u00eb Malit t\u00eb Zi.N\u00eb ket finale do te konkurojne edhe artiste nga qytete te ndryshme te Mali t\u00eb Zi.<br \/>\nEdhe\u00a0 sot\u00eb keni mund te ndiqni edhe performancen e Muhamed Kollarit nga ora 20.00h !!!<br \/>\nPas nj\u00eb interpretimi brilant dhe n\u00eb mes duartrokitja t\u00eb shumta t\u00eb pranishmeve, juria e spektaklit u shpreh me nota shum\u00eb pozitive dhe e emocionuar nga interpretimi\u00a0 i artistit nga Ulqini,Muhamed Kollari.<\/p>\n\n\t\t<style type=\"text\/css\">\n\t\t\t#gallery-1 {\n\t\t\t\tmargin: auto;\n\t\t\t}\n\t\t\t#gallery-1 .gallery-item {\n\t\t\t\tfloat: left;\n\t\t\t\tmargin-top: 10px;\n\t\t\t\ttext-align: center;\n\t\t\t\twidth: 33%;\n\t\t\t}\n\t\t\t#gallery-1 img {\n\t\t\t\tborder: 2px solid #cfcfcf;\n\t\t\t}\n\t\t\t#gallery-1 .gallery-caption {\n\t\t\t\tmargin-left: 0;\n\t\t\t}\n\t\t\t\/* see gallery_shortcode() in wp-includes\/media.php *\/\n\t\t<\/style>\n\t\t<div id='gallery-1' class='gallery galleryid-57981 gallery-columns-3 gallery-size-thumbnail'><dl class='gallery-item'>\n\t\t\t<dt class='gallery-icon landscape'>\n\t\t\t\t<a href='https:\/\/www.visit-ulcinj.com\/blog\/wp-content\/uploads\/2012\/03\/Fitoj\u00eb-Muhamed-Kollari-n\u00eb-Live-show-Let-ka-zvijezdama.jpg'><img width=\"150\" height=\"150\" src=\"https:\/\/www.visit-ulcinj.com\/blog\/wp-content\/uploads\/2012\/03\/Fitoj\u00eb-Muhamed-Kollari-n\u00eb-Live-show-Let-ka-zvijezdama-150x150.jpg\" class=\"attachment-thumbnail size-thumbnail\" alt=\"\" loading=\"lazy\" \/><\/a>\n\t\t\t<\/dt><\/dl><dl class='gallery-item'>\n\t\t\t<dt class='gallery-icon landscape'>\n\t\t\t\t<a href='https:\/\/www.visit-ulcinj.com\/blog\/wp-content\/uploads\/2012\/03\/Muhamed-kollari..jpg'><img width=\"150\" height=\"150\" src=\"https:\/\/www.visit-ulcinj.com\/blog\/wp-content\/uploads\/2012\/03\/Muhamed-kollari.-150x150.jpg\" class=\"attachment-thumbnail size-thumbnail\" alt=\"\" loading=\"lazy\" \/><\/a>\n\t\t\t<\/dt><\/dl><dl class='gallery-item'>\n\t\t\t<dt class='gallery-icon landscape'>\n\t\t\t\t<a href='https:\/\/www.visit-ulcinj.com\/blog\/wp-content\/uploads\/2012\/03\/Muhamed-kollari.jpg'><img width=\"150\" height=\"150\" src=\"https:\/\/www.visit-ulcinj.com\/blog\/wp-content\/uploads\/2012\/03\/Muhamed-kollari-150x150.jpg\" class=\"attachment-thumbnail size-thumbnail\" alt=\"\" loading=\"lazy\" \/><\/a>\n\t\t\t<\/dt><\/dl><br style=\"clear: both\" \/>\n\t\t<\/div>\n\n\n\t\t<style type=\"text\/css\">\n\t\t\t#gallery-2 {\n\t\t\t\tmargin: auto;\n\t\t\t}\n\t\t\t#gallery-2 .gallery-item {\n\t\t\t\tfloat: left;\n\t\t\t\tmargin-top: 10px;\n\t\t\t\ttext-align: center;\n\t\t\t\twidth: 33%;\n\t\t\t}\n\t\t\t#gallery-2 img {\n\t\t\t\tborder: 2px solid #cfcfcf;\n\t\t\t}\n\t\t\t#gallery-2 .gallery-caption {\n\t\t\t\tmargin-left: 0;\n\t\t\t}\n\t\t\t\/* see gallery_shortcode() in wp-includes\/media.php *\/\n\t\t<\/style>\n\t\t<div id='gallery-2' class='gallery galleryid-57981 gallery-columns-3 gallery-size-thumbnail'><dl class='gallery-item'>\n\t\t\t<dt class='gallery-icon landscape'>\n\t\t\t\t<a href='https:\/\/www.visit-ulcinj.com\/blog\/wp-content\/uploads\/2012\/03\/Fitoj\u00eb-Muhamed-Kollari-n\u00eb-Live-show-Let-ka-zvijezdama.jpg'><img width=\"150\" height=\"150\" src=\"https:\/\/www.visit-ulcinj.com\/blog\/wp-content\/uploads\/2012\/03\/Fitoj\u00eb-Muhamed-Kollari-n\u00eb-Live-show-Let-ka-zvijezdama-150x150.jpg\" class=\"attachment-thumbnail size-thumbnail\" alt=\"\" loading=\"lazy\" \/><\/a>\n\t\t\t<\/dt><\/dl><dl class='gallery-item'>\n\t\t\t<dt class='gallery-icon landscape'>\n\t\t\t\t<a href='https:\/\/www.visit-ulcinj.com\/blog\/wp-content\/uploads\/2012\/03\/Muhamed-kollari..jpg'><img width=\"150\" height=\"150\" src=\"https:\/\/www.visit-ulcinj.com\/blog\/wp-content\/uploads\/2012\/03\/Muhamed-kollari.-150x150.jpg\" class=\"attachment-thumbnail size-thumbnail\" alt=\"\" loading=\"lazy\" \/><\/a>\n\t\t\t<\/dt><\/dl><dl class='gallery-item'>\n\t\t\t<dt class='gallery-icon landscape'>\n\t\t\t\t<a href='https:\/\/www.visit-ulcinj.com\/blog\/wp-content\/uploads\/2012\/03\/Muhamed-kollari.jpg'><img width=\"150\" height=\"150\" src=\"https:\/\/www.visit-ulcinj.com\/blog\/wp-content\/uploads\/2012\/03\/Muhamed-kollari-150x150.jpg\" class=\"attachment-thumbnail size-thumbnail\" alt=\"\" loading=\"lazy\" \/><\/a>\n\t\t\t<\/dt><\/dl><br style=\"clear: both\" \/>\n\t\t<\/div>\n\n<p>&nbsp;<\/p>\n<!--YouTube Error: bad URL entered-->\n","protected":false},"excerpt":{"rendered":"<p>N\u00eb spektaklin televiziv te audicioneve te talenteve te \u201clive-show-t\u201d Let ka zvijezdama,u mbajt edhe \u00a0sot\u00eb \u00a0m\u00eb 05.03.12 n\u00eb ora 20.00h. Me zgjedhjen e tyre nis dhe gara e forte e finaleve te \u201clive-show-t\u201d Let ka zvijezdama,produkcion ky i Radio Televizionit t\u00eb Malit t\u00eb Zi.N\u00eb ket finale do te konkurojne edhe artiste nga qytete te ndryshme [&hellip;]<\/p>\n","protected":false},"author":1,"featured_media":0,"comment_status":"open","ping_status":"closed","sticky":false,"template":"","format":"standard","meta":{"spay_email":"","jetpack_publicize_message":"","jetpack_is_tweetstorm":false,"jetpack_publicize_feature_enabled":true},"categories":[1],"tags":[20043,20100,14242],"jetpack_publicize_connections":[],"yoast_head":"<!-- This site is optimized with the Yoast SEO plugin v19.1 - https:\/\/yoast.com\/wordpress\/plugins\/seo\/ -->\n<title>Vazhdon fitorja e Muhamed Kollarit n\u00eb Live-show Let ka zvijezdama - Lajme nga Ulqini<\/title>\n<meta name=\"description\" content=\"N\u00eb spektaklin televiziv te audicioneve te talenteve te \u201clive-show-t\u201d Let ka zvijezdama,u mbajt edhe \u00a0sot\u00eb \u00a0m\u00eb 05.03.12 n\u00eb ora 20.00h. Me zgjedhjen e tyre\" \/>\n<meta name=\"robots\" content=\"index, follow, max-snippet:-1, max-image-preview:large, max-video-preview:-1\" \/>\n<link rel=\"canonical\" href=\"https:\/\/www.visit-ulcinj.com\/blog\/2012\/03\/05\/vazhdon-fitorja-e-muhamed-kollarit-ne-live-show-let-ka-zvijezdama\/\" \/>\n<meta property=\"og:locale\" content=\"en_US\" \/>\n<meta property=\"og:type\" content=\"article\" \/>\n<meta property=\"og:title\" content=\"Vazhdon fitorja e Muhamed Kollarit n\u00eb Live-show Let ka zvijezdama - Lajme nga Ulqini\" \/>\n<meta property=\"og:description\" content=\"N\u00eb spektaklin televiziv te audicioneve te talenteve te \u201clive-show-t\u201d Let ka zvijezdama,u mbajt edhe \u00a0sot\u00eb \u00a0m\u00eb 05.03.12 n\u00eb ora 20.00h. Me zgjedhjen e tyre\" \/>\n<meta property=\"og:url\" content=\"https:\/\/www.visit-ulcinj.com\/blog\/2012\/03\/05\/vazhdon-fitorja-e-muhamed-kollarit-ne-live-show-let-ka-zvijezdama\/\" \/>\n<meta property=\"og:site_name\" content=\"Lajme nga Ulqini\" \/>\n<meta property=\"article:published_time\" content=\"2012-03-05T21:00:55+00:00\" \/>\n<meta property=\"article:modified_time\" content=\"2012-03-06T17:02:02+00:00\" \/>\n<meta property=\"og:image\" content=\"https:\/\/www.visit-ulcinj.com\/blog\/wp-content\/uploads\/2012\/03\/Fitoj\u00eb-Muhamed-Kollari-n\u00eb-Live-show-Let-ka-zvijezdama-150x150.jpg\" \/>\n<meta name=\"twitter:label1\" content=\"Written by\" \/>\n\t<meta name=\"twitter:data1\" content=\"ulqini\" \/>\n\t<meta name=\"twitter:label2\" content=\"Est. reading time\" \/>\n\t<meta name=\"twitter:data2\" content=\"1 minute\" \/>\n<script type=\"application\/ld+json\" class=\"yoast-schema-graph\">{\"@context\":\"https:\/\/schema.org\",\"@graph\":[{\"@type\":\"WebSite\",\"@id\":\"https:\/\/www.visit-ulcinj.com\/blog\/#website\",\"url\":\"https:\/\/www.visit-ulcinj.com\/blog\/\",\"name\":\"Lajme nga Ulqini\",\"description\":\"Lajme,Vijesti,Ulqini,Ulqin,Crna Gora,Mali i Zi\",\"potentialAction\":[{\"@type\":\"SearchAction\",\"target\":{\"@type\":\"EntryPoint\",\"urlTemplate\":\"https:\/\/www.visit-ulcinj.com\/blog\/?s={search_term_string}\"},\"query-input\":\"required name=search_term_string\"}],\"inLanguage\":\"en-US\"},{\"@type\":\"ImageObject\",\"inLanguage\":\"en-US\",\"@id\":\"https:\/\/www.visit-ulcinj.com\/blog\/2012\/03\/05\/vazhdon-fitorja-e-muhamed-kollarit-ne-live-show-let-ka-zvijezdama\/#primaryimage\",\"url\":\"https:\/\/www.visit-ulcinj.com\/blog\/wp-content\/uploads\/2012\/03\/Muhamed-kollari.jpg\",\"contentUrl\":\"https:\/\/www.visit-ulcinj.com\/blog\/wp-content\/uploads\/2012\/03\/Muhamed-kollari.jpg\",\"width\":\"960\",\"height\":\"891\"},{\"@type\":\"WebPage\",\"@id\":\"https:\/\/www.visit-ulcinj.com\/blog\/2012\/03\/05\/vazhdon-fitorja-e-muhamed-kollarit-ne-live-show-let-ka-zvijezdama\/#webpage\",\"url\":\"https:\/\/www.visit-ulcinj.com\/blog\/2012\/03\/05\/vazhdon-fitorja-e-muhamed-kollarit-ne-live-show-let-ka-zvijezdama\/\",\"name\":\"Vazhdon fitorja e Muhamed Kollarit n\u00eb Live-show Let ka zvijezdama - Lajme nga Ulqini\",\"isPartOf\":{\"@id\":\"https:\/\/www.visit-ulcinj.com\/blog\/#website\"},\"primaryImageOfPage\":{\"@id\":\"https:\/\/www.visit-ulcinj.com\/blog\/2012\/03\/05\/vazhdon-fitorja-e-muhamed-kollarit-ne-live-show-let-ka-zvijezdama\/#primaryimage\"},\"datePublished\":\"2012-03-05T21:00:55+00:00\",\"dateModified\":\"2012-03-06T17:02:02+00:00\",\"author\":{\"@id\":\"https:\/\/www.visit-ulcinj.com\/blog\/#\/schema\/person\/dcab619c614d3038751c63bc2aadc06d\"},\"description\":\"N\u00eb spektaklin televiziv te audicioneve te talenteve te \u201clive-show-t\u201d Let ka zvijezdama,u mbajt edhe \u00a0sot\u00eb \u00a0m\u00eb 05.03.12 n\u00eb ora 20.00h. Me zgjedhjen e tyre\",\"breadcrumb\":{\"@id\":\"https:\/\/www.visit-ulcinj.com\/blog\/2012\/03\/05\/vazhdon-fitorja-e-muhamed-kollarit-ne-live-show-let-ka-zvijezdama\/#breadcrumb\"},\"inLanguage\":\"en-US\",\"potentialAction\":[{\"@type\":\"ReadAction\",\"target\":[\"https:\/\/www.visit-ulcinj.com\/blog\/2012\/03\/05\/vazhdon-fitorja-e-muhamed-kollarit-ne-live-show-let-ka-zvijezdama\/\"]}]},{\"@type\":\"BreadcrumbList\",\"@id\":\"https:\/\/www.visit-ulcinj.com\/blog\/2012\/03\/05\/vazhdon-fitorja-e-muhamed-kollarit-ne-live-show-let-ka-zvijezdama\/#breadcrumb\",\"itemListElement\":[{\"@type\":\"ListItem\",\"position\":1,\"name\":\"Vazhdon fitorja e Muhamed Kollarit n\u00eb Live-show Let ka zvijezdama\"}]},{\"@type\":\"Person\",\"@id\":\"https:\/\/www.visit-ulcinj.com\/blog\/#\/schema\/person\/dcab619c614d3038751c63bc2aadc06d\",\"name\":\"ulqini\",\"sameAs\":[\"http:\/\/www.visit-ulcinj.com\"],\"url\":\"https:\/\/www.visit-ulcinj.com\/blog\/author\/admin\/\"}]}<\/script>\n<!-- \/ Yoast SEO plugin. -->","yoast_head_json":{"title":"Vazhdon fitorja e Muhamed Kollarit n\u00eb Live-show Let ka zvijezdama - Lajme nga Ulqini","description":"N\u00eb spektaklin televiziv te audicioneve te talenteve te \u201clive-show-t\u201d Let ka zvijezdama,u mbajt edhe \u00a0sot\u00eb \u00a0m\u00eb 05.03.12 n\u00eb ora 20.00h. Me zgjedhjen e tyre","robots":{"index":"index","follow":"follow","max-snippet":"max-snippet:-1","max-image-preview":"max-image-preview:large","max-video-preview":"max-video-preview:-1"},"canonical":"https:\/\/www.visit-ulcinj.com\/blog\/2012\/03\/05\/vazhdon-fitorja-e-muhamed-kollarit-ne-live-show-let-ka-zvijezdama\/","og_locale":"en_US","og_type":"article","og_title":"Vazhdon fitorja e Muhamed Kollarit n\u00eb Live-show Let ka zvijezdama - Lajme nga Ulqini","og_description":"N\u00eb spektaklin televiziv te audicioneve te talenteve te \u201clive-show-t\u201d Let ka zvijezdama,u mbajt edhe \u00a0sot\u00eb \u00a0m\u00eb 05.03.12 n\u00eb ora 20.00h. Me zgjedhjen e tyre","og_url":"https:\/\/www.visit-ulcinj.com\/blog\/2012\/03\/05\/vazhdon-fitorja-e-muhamed-kollarit-ne-live-show-let-ka-zvijezdama\/","og_site_name":"Lajme nga Ulqini","article_published_time":"2012-03-05T21:00:55+00:00","article_modified_time":"2012-03-06T17:02:02+00:00","og_image":[{"url":"https:\/\/www.visit-ulcinj.com\/blog\/wp-content\/uploads\/2012\/03\/Fitoj\u00eb-Muhamed-Kollari-n\u00eb-Live-show-Let-ka-zvijezdama-150x150.jpg"}],"twitter_misc":{"Written by":"ulqini","Est. reading time":"1 minute"},"schema":{"@context":"https:\/\/schema.org","@graph":[{"@type":"WebSite","@id":"https:\/\/www.visit-ulcinj.com\/blog\/#website","url":"https:\/\/www.visit-ulcinj.com\/blog\/","name":"Lajme nga Ulqini","description":"Lajme,Vijesti,Ulqini,Ulqin,Crna Gora,Mali i Zi","potentialAction":[{"@type":"SearchAction","target":{"@type":"EntryPoint","urlTemplate":"https:\/\/www.visit-ulcinj.com\/blog\/?s={search_term_string}"},"query-input":"required name=search_term_string"}],"inLanguage":"en-US"},{"@type":"ImageObject","inLanguage":"en-US","@id":"https:\/\/www.visit-ulcinj.com\/blog\/2012\/03\/05\/vazhdon-fitorja-e-muhamed-kollarit-ne-live-show-let-ka-zvijezdama\/#primaryimage","url":"https:\/\/www.visit-ulcinj.com\/blog\/wp-content\/uploads\/2012\/03\/Muhamed-kollari.jpg","contentUrl":"https:\/\/www.visit-ulcinj.com\/blog\/wp-content\/uploads\/2012\/03\/Muhamed-kollari.jpg","width":"960","height":"891"},{"@type":"WebPage","@id":"https:\/\/www.visit-ulcinj.com\/blog\/2012\/03\/05\/vazhdon-fitorja-e-muhamed-kollarit-ne-live-show-let-ka-zvijezdama\/#webpage","url":"https:\/\/www.visit-ulcinj.com\/blog\/2012\/03\/05\/vazhdon-fitorja-e-muhamed-kollarit-ne-live-show-let-ka-zvijezdama\/","name":"Vazhdon fitorja e Muhamed Kollarit n\u00eb Live-show Let ka zvijezdama - Lajme nga Ulqini","isPartOf":{"@id":"https:\/\/www.visit-ulcinj.com\/blog\/#website"},"primaryImageOfPage":{"@id":"https:\/\/www.visit-ulcinj.com\/blog\/2012\/03\/05\/vazhdon-fitorja-e-muhamed-kollarit-ne-live-show-let-ka-zvijezdama\/#primaryimage"},"datePublished":"2012-03-05T21:00:55+00:00","dateModified":"2012-03-06T17:02:02+00:00","author":{"@id":"https:\/\/www.visit-ulcinj.com\/blog\/#\/schema\/person\/dcab619c614d3038751c63bc2aadc06d"},"description":"N\u00eb spektaklin televiziv te audicioneve te talenteve te \u201clive-show-t\u201d Let ka zvijezdama,u mbajt edhe \u00a0sot\u00eb \u00a0m\u00eb 05.03.12 n\u00eb ora 20.00h. Me zgjedhjen e tyre","breadcrumb":{"@id":"https:\/\/www.visit-ulcinj.com\/blog\/2012\/03\/05\/vazhdon-fitorja-e-muhamed-kollarit-ne-live-show-let-ka-zvijezdama\/#breadcrumb"},"inLanguage":"en-US","potentialAction":[{"@type":"ReadAction","target":["https:\/\/www.visit-ulcinj.com\/blog\/2012\/03\/05\/vazhdon-fitorja-e-muhamed-kollarit-ne-live-show-let-ka-zvijezdama\/"]}]},{"@type":"BreadcrumbList","@id":"https:\/\/www.visit-ulcinj.com\/blog\/2012\/03\/05\/vazhdon-fitorja-e-muhamed-kollarit-ne-live-show-let-ka-zvijezdama\/#breadcrumb","itemListElement":[{"@type":"ListItem","position":1,"name":"Vazhdon fitorja e Muhamed Kollarit n\u00eb Live-show Let ka zvijezdama"}]},{"@type":"Person","@id":"https:\/\/www.visit-ulcinj.com\/blog\/#\/schema\/person\/dcab619c614d3038751c63bc2aadc06d","name":"ulqini","sameAs":["http:\/\/www.visit-ulcinj.com"],"url":"https:\/\/www.visit-ulcinj.com\/blog\/author\/admin\/"}]}},"jetpack_featured_media_url":"","jetpack_sharing_enabled":true,"jetpack_shortlink":"https:\/\/wp.me\/pe6lTn-f5b","_links":{"self":[{"href":"https:\/\/www.visit-ulcinj.com\/blog\/wp-json\/wp\/v2\/posts\/57981"}],"collection":[{"href":"https:\/\/www.visit-ulcinj.com\/blog\/wp-json\/wp\/v2\/posts"}],"about":[{"href":"https:\/\/www.visit-ulcinj.com\/blog\/wp-json\/wp\/v2\/types\/post"}],"author":[{"embeddable":true,"href":"https:\/\/www.visit-ulcinj.com\/blog\/wp-json\/wp\/v2\/users\/1"}],"replies":[{"embeddable":true,"href":"https:\/\/www.visit-ulcinj.com\/blog\/wp-json\/wp\/v2\/comments?post=57981"}],"version-history":[{"count":4,"href":"https:\/\/www.visit-ulcinj.com\/blog\/wp-json\/wp\/v2\/posts\/57981\/revisions"}],"predecessor-version":[{"id":57989,"href":"https:\/\/www.visit-ulcinj.com\/blog\/wp-json\/wp\/v2\/posts\/57981\/revisions\/57989"}],"wp:attachment":[{"href":"https:\/\/www.visit-ulcinj.com\/blog\/wp-json\/wp\/v2\/media?parent=57981"}],"wp:term":[{"taxonomy":"category","embeddable":true,"href":"https:\/\/www.visit-ulcinj.com\/blog\/wp-json\/wp\/v2\/categories?post=57981"},{"taxonomy":"post_tag","embeddable":true,"href":"https:\/\/www.visit-ulcinj.com\/blog\/wp-json\/wp\/v2\/tags?post=57981"}],"curies":[{"name":"wp","href":"https:\/\/api.w.org\/{rel}","templated":true}]}}