{"id":57992,"date":"2012-03-06T18:54:55","date_gmt":"2012-03-06T17:54:55","guid":{"rendered":"http:\/\/www.visit-ulcinj.com\/blog\/?p=57992"},"modified":"2012-03-06T18:54:55","modified_gmt":"2012-03-06T17:54:55","slug":"polemika-dhe-reagime-%e2%80%9emenaxhimi-transparent-i-bregdetit","status":"publish","type":"post","link":"https:\/\/www.visit-ulcinj.com\/blog\/2012\/03\/06\/polemika-dhe-reagime-%e2%80%9emenaxhimi-transparent-i-bregdetit\/","title":{"rendered":"Polemika dhe reagime \u201eMenaxhimi transparent i bregdetit\u201c"},"content":{"rendered":"<p><a href=\"http:\/\/www.visit-ulcinj.com\/blog\/wp-content\/uploads\/2012\/03\/OJQ-MogUL-Ulqin_Ulqini.jpg\"><img loading=\"lazy\" class=\"alignleft  wp-image-57993\" title=\"OJQ-MogUL-Ulqin_Ulqini\" src=\"http:\/\/www.visit-ulcinj.com\/blog\/wp-content\/uploads\/2012\/03\/OJQ-MogUL-Ulqin_Ulqini.jpg\" alt=\"\" width=\"508\" height=\"380\" \/><\/a>Ulqin \u2013 Shumica e pjes\u00ebmarr\u00ebsve t\u00eb\u00a0tryez\u00ebs s\u00eb rrumbullak\u00ebt me tem\u00eb \u201eMenaxhimi\u00a0transparent i bregdetit\u201c, kan\u00eb kritikuar\u00a0pun\u00ebn e Nd\u00ebrmarrjes Publike \u201eT\u00eb Mirat\u00a0detare\u201c p\u00ebr jotransparenc\u00eb dhe qasje t\u00eb\u00a0pabarabart\u00eb n\u00eb administrimin e territorit\u00a0t\u00eb komunave bregdetare n\u00eb Mal t\u00eb Zi.\u00a0Tryeza e organizuar t\u00eb m\u00ebrkur\u00ebn e kaluar\u00a0n\u00eb Ulqin nga Organizata joqeveritare vendore\u00a0\u201eMogUl\u201c \u00ebsht\u00eb karakterizuar nga debate\u00a0t\u00eb ashpra nd\u00ebrmjet p\u00ebrfaq\u00ebsuesve\u00a0politik\u00eb, p\u00ebrfaq\u00ebsuesve t\u00eb pushtetit lokal\u00a0t\u00eb Ulqinit dhe atyre t\u00eb sektorit civil, nga\u00a0nj\u00ebra an\u00eb, dhe p\u00ebrfaq\u00ebsuesve t\u00eb NP \u201eT\u00eb Mirat\u00a0detare\u201c nga ana tjet\u00ebr.\u00a0Disa pjes\u00ebmarr\u00ebs t\u00eb tryez\u00ebs kan\u00eb vler\u00ebsuar\u00a0madje se me Ligjin p\u00ebr t\u00eb mirat detare\u00a0dhe m\u00ebnyr\u00ebn e menaxhimit t\u00eb bregdetit\u00a0nga NP \u201eT\u00eb Mirat detare\u201c, Ulqini \u00ebsht\u00eb i diskriminuar.\u00a0Polemikat dhe debatet kan\u00eb vazhduar\u00a0edhe pas tryez\u00ebs s\u00eb rrumbullak\u00ebt.\u00a0N\u00eb nj\u00eb reagim pas tryez\u00ebs, NP \u201eT\u00eb Mirat detare\u201c\u00a0thekson se ky institucion nuk \u00ebsht\u00eb\u00a0vendi i duhur p\u00ebr adresimin e pohimeve se\u00a0ulqinak\u00ebt jan\u00eb t\u00eb diskriminuar.\u00a0\u201eAs q\u00eb jemi institucion diskriminues n\u00eb\u00a0nivel nacional, si\u00e7 \u00ebsht\u00eb th\u00ebn\u00eb n\u00eb takim, e sidomos nuk jemi adres\u00eb p\u00ebr pretendimet\u00a0e individ\u00ebve q\u00eb t\u00eb disponojn\u00eb me territorin\u00a0shtet\u00ebror\u201c, thuhet n\u00eb reagim.\u00a0Por sipas OJQ \u201eMogUl\u201c, ky konstatim i NP\u00a0\u201eT\u00eb mirat detare\u201c nuk q\u00ebndron p\u00ebr disa arsye.\u00a0\u201eNP \u2018T\u00eb mirat detare\u2019 n\u00eb Ulqin p\u00ebrfshin 13\u00a0p\u00ebr qind t\u00eb territorit t\u00eb p\u00ebrgjithsh\u00ebm t\u00eb\u00a0komun\u00ebs, nd\u00ebrsa n\u00eb komunat e tjera bregdetare\u00a0kjo p\u00ebrqindje \u00ebsht\u00eb shum\u00eb m\u00eb e\u00a0vog\u00ebl. N\u00eb NP \u2018T\u00eb mirat detare\u2019 jan\u00eb t\u00eb pun\u00ebsuar\u00a0vet\u00ebm dy vet\u00eb nga Ulqini, por asnj\u00ebri\u00a0nga ata nuk \u00ebsht\u00eb i pun\u00ebsuar n\u00eb stafin\u00a0udh\u00ebheq\u00ebs apo n\u00eb selin\u00eb e organizat\u00ebs n\u00eb\u00a0Budv\u00eb. Kufiri i NP \u2018T\u00eb mirat detare\u2019 vet\u00ebm n\u00eb\u00a0Ulqin dep\u00ebrton gati deri n\u00eb dy kilometra\u00a0thell\u00ebsi, edhe pse ky p\u00ebrb\u00ebn nj\u00eb precedent\u00a0t\u00eb llojit t\u00eb vet q\u00eb \u00ebsht\u00eb n\u00eb kund\u00ebrshtim me\u00a0Ligjin\u201c, thuhet n\u00eb deklarat\u00ebn p\u00ebr shtyp t\u00eb\u00a0MogUl-it.\u00a0Sipas NP \u201eT\u00eb mirat detare\u201c, disa pjes\u00ebmarr\u00ebs\u00a0t\u00eb tryez\u00ebs e kan\u00eb shfryt\u00ebzuar at\u00eb p\u00ebr\u00a0promovimin e vet politik dhe destruksion\u00a0t\u00eb dispozitave ligjore pozitive t\u00eb Malit t\u00eb Zi.\u00a0\u201eE kuptojm\u00eb hidh\u00ebrimin e atyre q\u00eb nuk\u00a0kan\u00eb arritur t\u00eb rr\u00ebmbejn\u00eb pjes\u00eb t\u00eb pron\u00ebs\u00a0shtet\u00ebrore dhe n\u00eb to t\u00eb nd\u00ebrtojn\u00eb objekte\u00a0nd\u00ebrtimi dhe objekte p\u00ebr q\u00ebllime t\u00eb tjera, si\u00e7 ka ndodhur n\u00eb zon\u00ebn e Plazhit t\u00eb Madh,\u00a0e cila nuk ndodhet n\u00eb zon\u00ebn e t\u00eb mirave\u00a0detare\u201c, thekson reagimi.\u00a0Madje nga kjo nd\u00ebrmarrje pretendojn\u00eb se\u00a0ekziston nj\u00eb dallim i duksh\u00ebm sa i p\u00ebrket\u00a0m\u00ebnyr\u00ebs s\u00eb menaxhimit t\u00eb territorit n\u00eb\u00a0komun\u00ebn e Ulqinit nd\u00ebrmjet zon\u00ebs brenda\u00a0dhe asaj q\u00eb \u00ebsht\u00eb jasht\u00eb administrimit t\u00eb\u00a0NP \u201eT\u00eb mirat detare\u201c.\u00a0Edhe k\u00ebto pretendime t\u00eb NP \u201cT\u00eb mirat detare\u201d\u00a0jan\u00eb hedhur posht\u00eb nga MogUl, q\u00eb\u00a0e ka cil\u00ebsuar si t\u00eb gabuar dhe t\u00eb pasakt\u00eb\u00a0tez\u00ebn se kjo nd\u00ebrmarrje \u00ebsht\u00eb mbrojt\u00ebse e\u00a0pron\u00ebs shtet\u00ebrore dhe se \u00e7do mjedis tjet\u00ebr\u00a0q\u00eb nuk ka qen\u00eb n\u00eb kompetenc\u00eb t\u00eb saj \u00ebsht\u00eb\u00a0devalvuar.\u00a0\u201cLumi Buna ku ka ndodhur ekspansioni i\u00a0nd\u00ebrtimit informal n\u00eb dhjet\u00eb vitet e fundit\u00a0\u00ebsht\u00eb treguesi m\u00eb i mir\u00eb q\u00eb flet n\u00eb favor\u00a0t\u00eb kund\u00ebrshtimit t\u00eb k\u00ebsaj teze. N\u00ebse k\u00ebsaj\u00a0i shtojm\u00eb edhe Port Milen\u00ebn si bomb\u00eb\u00a0ekologjike, devastimin e ullisht\u00ebs n\u00eb Valdanos,\u00a0at\u00ebher\u00eb \u00e7do gj\u00eb \u00ebsht\u00eb e qart\u00eb si qelqi\u201d,\u00a0thekson deklarata p\u00ebr shtyp e MogUl.\u00a0Nga kjo organizat\u00eb joqeveritare kan\u00eb rikujtuar\u00a0po ashtu se shteti duhet t\u00eb kujdeset\u00a0p\u00ebr t\u00ebr\u00eb territorin e vet, p\u00ebrfshir\u00eb edhe at\u00eb\u00a0q\u00eb qeveriset nga komuna.<\/p>\n<p><strong>(Kohapress)<\/strong><\/p>\n<p>[flv width=&#8221;508&#8243; height=&#8221;360&#8243;]http:\/\/www.velikaplaza.info\/gallery\/video\/stream.php?f=Velika_Plaza_movie_Jan_2009.flv[\/flv]<strong><br \/>\n<\/strong><\/p>\n","protected":false},"excerpt":{"rendered":"<p>Ulqin \u2013 Shumica e pjes\u00ebmarr\u00ebsve t\u00eb\u00a0tryez\u00ebs s\u00eb rrumbullak\u00ebt me tem\u00eb \u201eMenaxhimi\u00a0transparent i bregdetit\u201c, kan\u00eb kritikuar\u00a0pun\u00ebn e Nd\u00ebrmarrjes Publike \u201eT\u00eb Mirat\u00a0detare\u201c p\u00ebr jotransparenc\u00eb dhe qasje t\u00eb\u00a0pabarabart\u00eb n\u00eb administrimin e territorit\u00a0t\u00eb komunave bregdetare n\u00eb Mal t\u00eb Zi.\u00a0Tryeza e organizuar t\u00eb m\u00ebrkur\u00ebn e kaluar\u00a0n\u00eb Ulqin nga Organizata joqeveritare vendore\u00a0\u201eMogUl\u201c \u00ebsht\u00eb karakterizuar nga debate\u00a0t\u00eb ashpra nd\u00ebrmjet p\u00ebrfaq\u00ebsuesve\u00a0politik\u00eb, p\u00ebrfaq\u00ebsuesve t\u00eb [&hellip;]<\/p>\n","protected":false},"author":1,"featured_media":0,"comment_status":"open","ping_status":"closed","sticky":false,"template":"","format":"standard","meta":{"spay_email":"","jetpack_publicize_message":"","jetpack_is_tweetstorm":false,"jetpack_publicize_feature_enabled":true},"categories":[11],"tags":[20101,18],"jetpack_publicize_connections":[],"yoast_head":"<!-- This site is optimized with the Yoast SEO plugin v19.1 - https:\/\/yoast.com\/wordpress\/plugins\/seo\/ -->\n<title>Polemika dhe reagime \u201eMenaxhimi transparent i bregdetit\u201c - Lajme nga Ulqini<\/title>\n<meta name=\"description\" content=\"Ulqin \u2013 Shumica e pjes\u00ebmarr\u00ebsve t\u00eb\u00a0tryez\u00ebs s\u00eb rrumbullak\u00ebt me tem\u00eb \u201eMenaxhimi\u00a0transparent i bregdetit\u201c, kan\u00eb kritikuar\u00a0pun\u00ebn e Nd\u00ebrmarrjes Publike \u201eT\u00eb\" \/>\n<meta name=\"robots\" content=\"index, follow, max-snippet:-1, max-image-preview:large, max-video-preview:-1\" \/>\n<link rel=\"canonical\" href=\"https:\/\/www.visit-ulcinj.com\/blog\/2012\/03\/06\/polemika-dhe-reagime-\u201emenaxhimi-transparent-i-bregdetit\/\" \/>\n<meta property=\"og:locale\" content=\"en_US\" \/>\n<meta property=\"og:type\" content=\"article\" \/>\n<meta property=\"og:title\" content=\"Polemika dhe reagime \u201eMenaxhimi transparent i bregdetit\u201c - Lajme nga Ulqini\" \/>\n<meta property=\"og:description\" content=\"Ulqin \u2013 Shumica e pjes\u00ebmarr\u00ebsve t\u00eb\u00a0tryez\u00ebs s\u00eb rrumbullak\u00ebt me tem\u00eb \u201eMenaxhimi\u00a0transparent i bregdetit\u201c, kan\u00eb kritikuar\u00a0pun\u00ebn e Nd\u00ebrmarrjes Publike \u201eT\u00eb\" \/>\n<meta property=\"og:url\" content=\"https:\/\/www.visit-ulcinj.com\/blog\/2012\/03\/06\/polemika-dhe-reagime-\u201emenaxhimi-transparent-i-bregdetit\/\" \/>\n<meta property=\"og:site_name\" content=\"Lajme nga Ulqini\" \/>\n<meta property=\"article:published_time\" content=\"2012-03-06T17:54:55+00:00\" \/>\n<meta property=\"og:image\" content=\"http:\/\/www.visit-ulcinj.com\/blog\/wp-content\/uploads\/2012\/03\/OJQ-MogUL-Ulqin_Ulqini.jpg\" \/>\n<meta name=\"twitter:label1\" content=\"Written by\" \/>\n\t<meta name=\"twitter:data1\" content=\"ulqini\" \/>\n\t<meta name=\"twitter:label2\" content=\"Est. reading time\" \/>\n\t<meta name=\"twitter:data2\" content=\"3 minutes\" \/>\n<script type=\"application\/ld+json\" class=\"yoast-schema-graph\">{\"@context\":\"https:\/\/schema.org\",\"@graph\":[{\"@type\":\"WebSite\",\"@id\":\"https:\/\/www.visit-ulcinj.com\/blog\/#website\",\"url\":\"https:\/\/www.visit-ulcinj.com\/blog\/\",\"name\":\"Lajme nga Ulqini\",\"description\":\"Lajme,Vijesti,Ulqini,Ulqin,Crna Gora,Mali i Zi\",\"potentialAction\":[{\"@type\":\"SearchAction\",\"target\":{\"@type\":\"EntryPoint\",\"urlTemplate\":\"https:\/\/www.visit-ulcinj.com\/blog\/?s={search_term_string}\"},\"query-input\":\"required name=search_term_string\"}],\"inLanguage\":\"en-US\"},{\"@type\":\"ImageObject\",\"inLanguage\":\"en-US\",\"@id\":\"https:\/\/www.visit-ulcinj.com\/blog\/2012\/03\/06\/polemika-dhe-reagime-%e2%80%9emenaxhimi-transparent-i-bregdetit\/#primaryimage\",\"url\":\"https:\/\/www.visit-ulcinj.com\/blog\/wp-content\/uploads\/2012\/03\/OJQ-MogUL-Ulqin_Ulqini.jpg\",\"contentUrl\":\"https:\/\/www.visit-ulcinj.com\/blog\/wp-content\/uploads\/2012\/03\/OJQ-MogUL-Ulqin_Ulqini.jpg\",\"width\":\"536\",\"height\":\"421\"},{\"@type\":\"WebPage\",\"@id\":\"https:\/\/www.visit-ulcinj.com\/blog\/2012\/03\/06\/polemika-dhe-reagime-%e2%80%9emenaxhimi-transparent-i-bregdetit\/#webpage\",\"url\":\"https:\/\/www.visit-ulcinj.com\/blog\/2012\/03\/06\/polemika-dhe-reagime-%e2%80%9emenaxhimi-transparent-i-bregdetit\/\",\"name\":\"Polemika dhe reagime \u201eMenaxhimi transparent i bregdetit\u201c - Lajme nga Ulqini\",\"isPartOf\":{\"@id\":\"https:\/\/www.visit-ulcinj.com\/blog\/#website\"},\"primaryImageOfPage\":{\"@id\":\"https:\/\/www.visit-ulcinj.com\/blog\/2012\/03\/06\/polemika-dhe-reagime-%e2%80%9emenaxhimi-transparent-i-bregdetit\/#primaryimage\"},\"datePublished\":\"2012-03-06T17:54:55+00:00\",\"dateModified\":\"2012-03-06T17:54:55+00:00\",\"author\":{\"@id\":\"https:\/\/www.visit-ulcinj.com\/blog\/#\/schema\/person\/dcab619c614d3038751c63bc2aadc06d\"},\"description\":\"Ulqin \u2013 Shumica e pjes\u00ebmarr\u00ebsve t\u00eb\u00a0tryez\u00ebs s\u00eb rrumbullak\u00ebt me tem\u00eb \u201eMenaxhimi\u00a0transparent i bregdetit\u201c, kan\u00eb kritikuar\u00a0pun\u00ebn e Nd\u00ebrmarrjes Publike \u201eT\u00eb\",\"breadcrumb\":{\"@id\":\"https:\/\/www.visit-ulcinj.com\/blog\/2012\/03\/06\/polemika-dhe-reagime-%e2%80%9emenaxhimi-transparent-i-bregdetit\/#breadcrumb\"},\"inLanguage\":\"en-US\",\"potentialAction\":[{\"@type\":\"ReadAction\",\"target\":[\"https:\/\/www.visit-ulcinj.com\/blog\/2012\/03\/06\/polemika-dhe-reagime-%e2%80%9emenaxhimi-transparent-i-bregdetit\/\"]}]},{\"@type\":\"BreadcrumbList\",\"@id\":\"https:\/\/www.visit-ulcinj.com\/blog\/2012\/03\/06\/polemika-dhe-reagime-%e2%80%9emenaxhimi-transparent-i-bregdetit\/#breadcrumb\",\"itemListElement\":[{\"@type\":\"ListItem\",\"position\":1,\"name\":\"Polemika dhe reagime \u201eMenaxhimi transparent i bregdetit\u201c\"}]},{\"@type\":\"Person\",\"@id\":\"https:\/\/www.visit-ulcinj.com\/blog\/#\/schema\/person\/dcab619c614d3038751c63bc2aadc06d\",\"name\":\"ulqini\",\"sameAs\":[\"http:\/\/www.visit-ulcinj.com\"],\"url\":\"https:\/\/www.visit-ulcinj.com\/blog\/author\/admin\/\"}]}<\/script>\n<!-- \/ Yoast SEO plugin. -->","yoast_head_json":{"title":"Polemika dhe reagime \u201eMenaxhimi transparent i bregdetit\u201c - Lajme nga Ulqini","description":"Ulqin \u2013 Shumica e pjes\u00ebmarr\u00ebsve t\u00eb\u00a0tryez\u00ebs s\u00eb rrumbullak\u00ebt me tem\u00eb \u201eMenaxhimi\u00a0transparent i bregdetit\u201c, kan\u00eb kritikuar\u00a0pun\u00ebn e Nd\u00ebrmarrjes Publike \u201eT\u00eb","robots":{"index":"index","follow":"follow","max-snippet":"max-snippet:-1","max-image-preview":"max-image-preview:large","max-video-preview":"max-video-preview:-1"},"canonical":"https:\/\/www.visit-ulcinj.com\/blog\/2012\/03\/06\/polemika-dhe-reagime-\u201emenaxhimi-transparent-i-bregdetit\/","og_locale":"en_US","og_type":"article","og_title":"Polemika dhe reagime \u201eMenaxhimi transparent i bregdetit\u201c - Lajme nga Ulqini","og_description":"Ulqin \u2013 Shumica e pjes\u00ebmarr\u00ebsve t\u00eb\u00a0tryez\u00ebs s\u00eb rrumbullak\u00ebt me tem\u00eb \u201eMenaxhimi\u00a0transparent i bregdetit\u201c, kan\u00eb kritikuar\u00a0pun\u00ebn e Nd\u00ebrmarrjes Publike \u201eT\u00eb","og_url":"https:\/\/www.visit-ulcinj.com\/blog\/2012\/03\/06\/polemika-dhe-reagime-\u201emenaxhimi-transparent-i-bregdetit\/","og_site_name":"Lajme nga Ulqini","article_published_time":"2012-03-06T17:54:55+00:00","og_image":[{"url":"http:\/\/www.visit-ulcinj.com\/blog\/wp-content\/uploads\/2012\/03\/OJQ-MogUL-Ulqin_Ulqini.jpg"}],"twitter_misc":{"Written by":"ulqini","Est. reading time":"3 minutes"},"schema":{"@context":"https:\/\/schema.org","@graph":[{"@type":"WebSite","@id":"https:\/\/www.visit-ulcinj.com\/blog\/#website","url":"https:\/\/www.visit-ulcinj.com\/blog\/","name":"Lajme nga Ulqini","description":"Lajme,Vijesti,Ulqini,Ulqin,Crna Gora,Mali i Zi","potentialAction":[{"@type":"SearchAction","target":{"@type":"EntryPoint","urlTemplate":"https:\/\/www.visit-ulcinj.com\/blog\/?s={search_term_string}"},"query-input":"required name=search_term_string"}],"inLanguage":"en-US"},{"@type":"ImageObject","inLanguage":"en-US","@id":"https:\/\/www.visit-ulcinj.com\/blog\/2012\/03\/06\/polemika-dhe-reagime-%e2%80%9emenaxhimi-transparent-i-bregdetit\/#primaryimage","url":"https:\/\/www.visit-ulcinj.com\/blog\/wp-content\/uploads\/2012\/03\/OJQ-MogUL-Ulqin_Ulqini.jpg","contentUrl":"https:\/\/www.visit-ulcinj.com\/blog\/wp-content\/uploads\/2012\/03\/OJQ-MogUL-Ulqin_Ulqini.jpg","width":"536","height":"421"},{"@type":"WebPage","@id":"https:\/\/www.visit-ulcinj.com\/blog\/2012\/03\/06\/polemika-dhe-reagime-%e2%80%9emenaxhimi-transparent-i-bregdetit\/#webpage","url":"https:\/\/www.visit-ulcinj.com\/blog\/2012\/03\/06\/polemika-dhe-reagime-%e2%80%9emenaxhimi-transparent-i-bregdetit\/","name":"Polemika dhe reagime \u201eMenaxhimi transparent i bregdetit\u201c - Lajme nga Ulqini","isPartOf":{"@id":"https:\/\/www.visit-ulcinj.com\/blog\/#website"},"primaryImageOfPage":{"@id":"https:\/\/www.visit-ulcinj.com\/blog\/2012\/03\/06\/polemika-dhe-reagime-%e2%80%9emenaxhimi-transparent-i-bregdetit\/#primaryimage"},"datePublished":"2012-03-06T17:54:55+00:00","dateModified":"2012-03-06T17:54:55+00:00","author":{"@id":"https:\/\/www.visit-ulcinj.com\/blog\/#\/schema\/person\/dcab619c614d3038751c63bc2aadc06d"},"description":"Ulqin \u2013 Shumica e pjes\u00ebmarr\u00ebsve t\u00eb\u00a0tryez\u00ebs s\u00eb rrumbullak\u00ebt me tem\u00eb \u201eMenaxhimi\u00a0transparent i bregdetit\u201c, kan\u00eb kritikuar\u00a0pun\u00ebn e Nd\u00ebrmarrjes Publike \u201eT\u00eb","breadcrumb":{"@id":"https:\/\/www.visit-ulcinj.com\/blog\/2012\/03\/06\/polemika-dhe-reagime-%e2%80%9emenaxhimi-transparent-i-bregdetit\/#breadcrumb"},"inLanguage":"en-US","potentialAction":[{"@type":"ReadAction","target":["https:\/\/www.visit-ulcinj.com\/blog\/2012\/03\/06\/polemika-dhe-reagime-%e2%80%9emenaxhimi-transparent-i-bregdetit\/"]}]},{"@type":"BreadcrumbList","@id":"https:\/\/www.visit-ulcinj.com\/blog\/2012\/03\/06\/polemika-dhe-reagime-%e2%80%9emenaxhimi-transparent-i-bregdetit\/#breadcrumb","itemListElement":[{"@type":"ListItem","position":1,"name":"Polemika dhe reagime \u201eMenaxhimi transparent i bregdetit\u201c"}]},{"@type":"Person","@id":"https:\/\/www.visit-ulcinj.com\/blog\/#\/schema\/person\/dcab619c614d3038751c63bc2aadc06d","name":"ulqini","sameAs":["http:\/\/www.visit-ulcinj.com"],"url":"https:\/\/www.visit-ulcinj.com\/blog\/author\/admin\/"}]}},"jetpack_featured_media_url":"","jetpack_sharing_enabled":true,"jetpack_shortlink":"https:\/\/wp.me\/pe6lTn-f5m","_links":{"self":[{"href":"https:\/\/www.visit-ulcinj.com\/blog\/wp-json\/wp\/v2\/posts\/57992"}],"collection":[{"href":"https:\/\/www.visit-ulcinj.com\/blog\/wp-json\/wp\/v2\/posts"}],"about":[{"href":"https:\/\/www.visit-ulcinj.com\/blog\/wp-json\/wp\/v2\/types\/post"}],"author":[{"embeddable":true,"href":"https:\/\/www.visit-ulcinj.com\/blog\/wp-json\/wp\/v2\/users\/1"}],"replies":[{"embeddable":true,"href":"https:\/\/www.visit-ulcinj.com\/blog\/wp-json\/wp\/v2\/comments?post=57992"}],"version-history":[{"count":2,"href":"https:\/\/www.visit-ulcinj.com\/blog\/wp-json\/wp\/v2\/posts\/57992\/revisions"}],"predecessor-version":[{"id":57996,"href":"https:\/\/www.visit-ulcinj.com\/blog\/wp-json\/wp\/v2\/posts\/57992\/revisions\/57996"}],"wp:attachment":[{"href":"https:\/\/www.visit-ulcinj.com\/blog\/wp-json\/wp\/v2\/media?parent=57992"}],"wp:term":[{"taxonomy":"category","embeddable":true,"href":"https:\/\/www.visit-ulcinj.com\/blog\/wp-json\/wp\/v2\/categories?post=57992"},{"taxonomy":"post_tag","embeddable":true,"href":"https:\/\/www.visit-ulcinj.com\/blog\/wp-json\/wp\/v2\/tags?post=57992"}],"curies":[{"name":"wp","href":"https:\/\/api.w.org\/{rel}","templated":true}]}}