{"id":580,"date":"2008-02-20T10:10:28","date_gmt":"2008-02-20T15:10:28","guid":{"rendered":"http:\/\/www.visit-ulcinj.com\/blog\/2008\/02\/20\/limmigration-albanaise-en-belgique\/"},"modified":"2008-07-02T13:14:56","modified_gmt":"2008-07-02T18:14:56","slug":"limmigration-albanaise-en-belgique","status":"publish","type":"post","link":"https:\/\/www.visit-ulcinj.com\/blog\/2008\/02\/20\/limmigration-albanaise-en-belgique\/","title":{"rendered":"L&#8217;immigration albanaise en Belgique"},"content":{"rendered":"<p><img loading=\"lazy\" src=\"http:\/\/bruxelles.blogs.liberation.fr\/coulisses\/images\/2007\/12\/17\/belgique1_2.jpg\" alt=\"\" width=\"259\" height=\"195\" align=\"left\" \/>Le 1er ao\u00fbt 1956, le train transportant 700 r\u00e9fugi\u00e9s venus de pays communistes du sud-est de l&#8217;Europe arrive en gare de Seille, dans la province de Namur. Ces r\u00e9fugi\u00e9s ont fait un voyage de 72 heures et parmi eux, il y a des centaines de r\u00e9fugi\u00e9s originaires d&#8217;Albanie: c&#8217;est le d\u00e9but de la premi\u00e8re vague d&#8217;immigration albanaise en Belgique. On \u00e9value entre 40.000 et 50.000 le nombre d&#8217;Albanais ou de Belges d&#8217;origine albanaise en Belgique. Ils sont originaires d&#8217;Albanie, du Kosovo, de la Mac\u00e9doine et du Mont\u00e9n\u00e9gro.<\/p>\n<p>La premi\u00e8re vague d&#8217;immigration albanaise est &#8220;\u00e9litiste&#8221; et date de la fin des ann\u00e9es cinquante et du d\u00e9but des ann\u00e9es soixante. Il s&#8217;agit d&#8217;Albanais du nord de l&#8217;Albanie, relativement instruits, oppos\u00e9s \u00e0 la dictature communiste d&#8217;Enver Hoxha et en qu\u00eate de libert\u00e9.<\/p>\n<p>Arriv\u00e9s dans un pays qui a besoin de main-d&#8217;oeuvre, les r\u00e9fugi\u00e9s politiques albanais sont bien accueillis en Belgique et s&#8217;y int\u00e8grent bien. Cet exil ne sera pas exempt de souffrance car le rideaux de fer qui entoure l&#8217;Albanie les privera de tout contact avec leur pays d&#8217;origine et leur famille pendant une quarantaine d&#8217;ann\u00e9es.<\/p>\n<p>Cette premi\u00e8re vague d&#8217;immigration sera suivie de l&#8217;arriv\u00e9e plus massive d&#8217;Albanais du Kosovo qui d\u00e9butera \u00e0 la fin des ann\u00e9es &#8217;70 et s&#8217;intensifiera dans les ann\u00e9es &#8217;90 en m\u00eame temps que la r\u00e9pression serbe s&#8217;abattra sur les Albanais du Kosovo. Elle culminera lorsque Belgrade commettra des massacres de milliers de civils albanais et chassera pr\u00e8s d&#8217;un million d&#8217;Albanais du Kosovo en 1999. Il s&#8217;agit aussi d&#8217;une immigration surtout politique qui apportera une aide mat\u00e9rielle pr\u00e9cieuse aux familles rest\u00e9es au Kosovo et dont la situation \u00e9conomique est de plus en plus difficile.<\/p>\n<p>Dans les ann\u00e9es &#8217;90, une deuxi\u00e8me vague d&#8217;immigration provient d&#8217;Albanie apr\u00e8s la chute du r\u00e9gime communiste. Des centaines de milliers d&#8217;Albanais, coup\u00e9s du monde pendant 45 ans, fuient la grande pauvret\u00e9 de l&#8217;Albanie et se pr\u00e9cipitent surtout en Italie et en Gr\u00e8ce mais aussi en Belgique. (belga)<\/p>\n","protected":false},"excerpt":{"rendered":"<p><img loading=\"lazy\" src=\"http:\/\/bruxelles.blogs.liberation.fr\/coulisses\/images\/2007\/12\/17\/belgique1_2.jpg\" align=\"left\" height=\"140\" width=\"140\" \/><\/p>\n","protected":false},"author":1,"featured_media":0,"comment_status":"open","ping_status":"closed","sticky":false,"template":"","format":"standard","meta":{"spay_email":"","jetpack_publicize_message":"","jetpack_is_tweetstorm":false,"jetpack_publicize_feature_enabled":true},"categories":[7],"tags":[1689,1688,1777,1691,1917,1696,789,1663,1694,788,1692,1690,792,1695],"jetpack_publicize_connections":[],"yoast_head":"<!-- This site is optimized with the Yoast SEO plugin v19.1 - https:\/\/yoast.com\/wordpress\/plugins\/seo\/ -->\n<title>L&#039;immigration albanaise en Belgique - Lajme nga Ulqini<\/title>\n<meta name=\"robots\" content=\"index, follow, max-snippet:-1, max-image-preview:large, max-video-preview:-1\" \/>\n<link rel=\"canonical\" href=\"https:\/\/www.visit-ulcinj.com\/blog\/2008\/02\/20\/limmigration-albanaise-en-belgique\/\" \/>\n<meta property=\"og:locale\" content=\"en_US\" \/>\n<meta property=\"og:type\" content=\"article\" \/>\n<meta property=\"og:title\" content=\"L&#039;immigration albanaise en Belgique - Lajme nga Ulqini\" \/>\n<meta property=\"og:url\" content=\"https:\/\/www.visit-ulcinj.com\/blog\/2008\/02\/20\/limmigration-albanaise-en-belgique\/\" \/>\n<meta property=\"og:site_name\" content=\"Lajme nga Ulqini\" \/>\n<meta property=\"article:published_time\" content=\"2008-02-20T15:10:28+00:00\" \/>\n<meta property=\"article:modified_time\" content=\"2008-07-02T18:14:56+00:00\" \/>\n<meta property=\"og:image\" content=\"http:\/\/bruxelles.blogs.liberation.fr\/coulisses\/images\/2007\/12\/17\/belgique1_2.jpg\" \/>\n<meta name=\"twitter:label1\" content=\"Written by\" \/>\n\t<meta name=\"twitter:data1\" content=\"ulqini\" \/>\n\t<meta name=\"twitter:label2\" content=\"Est. reading time\" \/>\n\t<meta name=\"twitter:data2\" content=\"2 minutes\" \/>\n<script type=\"application\/ld+json\" class=\"yoast-schema-graph\">{\"@context\":\"https:\/\/schema.org\",\"@graph\":[{\"@type\":\"WebSite\",\"@id\":\"https:\/\/www.visit-ulcinj.com\/blog\/#website\",\"url\":\"https:\/\/www.visit-ulcinj.com\/blog\/\",\"name\":\"Lajme nga Ulqini\",\"description\":\"Lajme,Vijesti,Ulqini,Ulqin,Crna Gora,Mali i Zi\",\"potentialAction\":[{\"@type\":\"SearchAction\",\"target\":{\"@type\":\"EntryPoint\",\"urlTemplate\":\"https:\/\/www.visit-ulcinj.com\/blog\/?s={search_term_string}\"},\"query-input\":\"required name=search_term_string\"}],\"inLanguage\":\"en-US\"},{\"@type\":\"ImageObject\",\"inLanguage\":\"en-US\",\"@id\":\"https:\/\/www.visit-ulcinj.com\/blog\/2008\/02\/20\/limmigration-albanaise-en-belgique\/#primaryimage\",\"url\":\"http:\/\/bruxelles.blogs.liberation.fr\/coulisses\/images\/2007\/12\/17\/belgique1_2.jpg\",\"contentUrl\":\"http:\/\/bruxelles.blogs.liberation.fr\/coulisses\/images\/2007\/12\/17\/belgique1_2.jpg\"},{\"@type\":\"WebPage\",\"@id\":\"https:\/\/www.visit-ulcinj.com\/blog\/2008\/02\/20\/limmigration-albanaise-en-belgique\/#webpage\",\"url\":\"https:\/\/www.visit-ulcinj.com\/blog\/2008\/02\/20\/limmigration-albanaise-en-belgique\/\",\"name\":\"L'immigration albanaise en Belgique - Lajme nga Ulqini\",\"isPartOf\":{\"@id\":\"https:\/\/www.visit-ulcinj.com\/blog\/#website\"},\"primaryImageOfPage\":{\"@id\":\"https:\/\/www.visit-ulcinj.com\/blog\/2008\/02\/20\/limmigration-albanaise-en-belgique\/#primaryimage\"},\"datePublished\":\"2008-02-20T15:10:28+00:00\",\"dateModified\":\"2008-07-02T18:14:56+00:00\",\"author\":{\"@id\":\"https:\/\/www.visit-ulcinj.com\/blog\/#\/schema\/person\/dcab619c614d3038751c63bc2aadc06d\"},\"breadcrumb\":{\"@id\":\"https:\/\/www.visit-ulcinj.com\/blog\/2008\/02\/20\/limmigration-albanaise-en-belgique\/#breadcrumb\"},\"inLanguage\":\"en-US\",\"potentialAction\":[{\"@type\":\"ReadAction\",\"target\":[\"https:\/\/www.visit-ulcinj.com\/blog\/2008\/02\/20\/limmigration-albanaise-en-belgique\/\"]}]},{\"@type\":\"BreadcrumbList\",\"@id\":\"https:\/\/www.visit-ulcinj.com\/blog\/2008\/02\/20\/limmigration-albanaise-en-belgique\/#breadcrumb\",\"itemListElement\":[{\"@type\":\"ListItem\",\"position\":1,\"name\":\"L&#8217;immigration albanaise en Belgique\"}]},{\"@type\":\"Person\",\"@id\":\"https:\/\/www.visit-ulcinj.com\/blog\/#\/schema\/person\/dcab619c614d3038751c63bc2aadc06d\",\"name\":\"ulqini\",\"sameAs\":[\"http:\/\/www.visit-ulcinj.com\"],\"url\":\"https:\/\/www.visit-ulcinj.com\/blog\/author\/admin\/\"}]}<\/script>\n<!-- \/ Yoast SEO plugin. -->","yoast_head_json":{"title":"L'immigration albanaise en Belgique - Lajme nga Ulqini","robots":{"index":"index","follow":"follow","max-snippet":"max-snippet:-1","max-image-preview":"max-image-preview:large","max-video-preview":"max-video-preview:-1"},"canonical":"https:\/\/www.visit-ulcinj.com\/blog\/2008\/02\/20\/limmigration-albanaise-en-belgique\/","og_locale":"en_US","og_type":"article","og_title":"L'immigration albanaise en Belgique - Lajme nga Ulqini","og_url":"https:\/\/www.visit-ulcinj.com\/blog\/2008\/02\/20\/limmigration-albanaise-en-belgique\/","og_site_name":"Lajme nga Ulqini","article_published_time":"2008-02-20T15:10:28+00:00","article_modified_time":"2008-07-02T18:14:56+00:00","og_image":[{"url":"http:\/\/bruxelles.blogs.liberation.fr\/coulisses\/images\/2007\/12\/17\/belgique1_2.jpg"}],"twitter_misc":{"Written by":"ulqini","Est. reading time":"2 minutes"},"schema":{"@context":"https:\/\/schema.org","@graph":[{"@type":"WebSite","@id":"https:\/\/www.visit-ulcinj.com\/blog\/#website","url":"https:\/\/www.visit-ulcinj.com\/blog\/","name":"Lajme nga Ulqini","description":"Lajme,Vijesti,Ulqini,Ulqin,Crna Gora,Mali i Zi","potentialAction":[{"@type":"SearchAction","target":{"@type":"EntryPoint","urlTemplate":"https:\/\/www.visit-ulcinj.com\/blog\/?s={search_term_string}"},"query-input":"required name=search_term_string"}],"inLanguage":"en-US"},{"@type":"ImageObject","inLanguage":"en-US","@id":"https:\/\/www.visit-ulcinj.com\/blog\/2008\/02\/20\/limmigration-albanaise-en-belgique\/#primaryimage","url":"http:\/\/bruxelles.blogs.liberation.fr\/coulisses\/images\/2007\/12\/17\/belgique1_2.jpg","contentUrl":"http:\/\/bruxelles.blogs.liberation.fr\/coulisses\/images\/2007\/12\/17\/belgique1_2.jpg"},{"@type":"WebPage","@id":"https:\/\/www.visit-ulcinj.com\/blog\/2008\/02\/20\/limmigration-albanaise-en-belgique\/#webpage","url":"https:\/\/www.visit-ulcinj.com\/blog\/2008\/02\/20\/limmigration-albanaise-en-belgique\/","name":"L'immigration albanaise en Belgique - Lajme nga Ulqini","isPartOf":{"@id":"https:\/\/www.visit-ulcinj.com\/blog\/#website"},"primaryImageOfPage":{"@id":"https:\/\/www.visit-ulcinj.com\/blog\/2008\/02\/20\/limmigration-albanaise-en-belgique\/#primaryimage"},"datePublished":"2008-02-20T15:10:28+00:00","dateModified":"2008-07-02T18:14:56+00:00","author":{"@id":"https:\/\/www.visit-ulcinj.com\/blog\/#\/schema\/person\/dcab619c614d3038751c63bc2aadc06d"},"breadcrumb":{"@id":"https:\/\/www.visit-ulcinj.com\/blog\/2008\/02\/20\/limmigration-albanaise-en-belgique\/#breadcrumb"},"inLanguage":"en-US","potentialAction":[{"@type":"ReadAction","target":["https:\/\/www.visit-ulcinj.com\/blog\/2008\/02\/20\/limmigration-albanaise-en-belgique\/"]}]},{"@type":"BreadcrumbList","@id":"https:\/\/www.visit-ulcinj.com\/blog\/2008\/02\/20\/limmigration-albanaise-en-belgique\/#breadcrumb","itemListElement":[{"@type":"ListItem","position":1,"name":"L&#8217;immigration albanaise en Belgique"}]},{"@type":"Person","@id":"https:\/\/www.visit-ulcinj.com\/blog\/#\/schema\/person\/dcab619c614d3038751c63bc2aadc06d","name":"ulqini","sameAs":["http:\/\/www.visit-ulcinj.com"],"url":"https:\/\/www.visit-ulcinj.com\/blog\/author\/admin\/"}]}},"jetpack_featured_media_url":"","jetpack_sharing_enabled":true,"jetpack_shortlink":"https:\/\/wp.me\/pe6lTn-9m","_links":{"self":[{"href":"https:\/\/www.visit-ulcinj.com\/blog\/wp-json\/wp\/v2\/posts\/580"}],"collection":[{"href":"https:\/\/www.visit-ulcinj.com\/blog\/wp-json\/wp\/v2\/posts"}],"about":[{"href":"https:\/\/www.visit-ulcinj.com\/blog\/wp-json\/wp\/v2\/types\/post"}],"author":[{"embeddable":true,"href":"https:\/\/www.visit-ulcinj.com\/blog\/wp-json\/wp\/v2\/users\/1"}],"replies":[{"embeddable":true,"href":"https:\/\/www.visit-ulcinj.com\/blog\/wp-json\/wp\/v2\/comments?post=580"}],"version-history":[{"count":0,"href":"https:\/\/www.visit-ulcinj.com\/blog\/wp-json\/wp\/v2\/posts\/580\/revisions"}],"wp:attachment":[{"href":"https:\/\/www.visit-ulcinj.com\/blog\/wp-json\/wp\/v2\/media?parent=580"}],"wp:term":[{"taxonomy":"category","embeddable":true,"href":"https:\/\/www.visit-ulcinj.com\/blog\/wp-json\/wp\/v2\/categories?post=580"},{"taxonomy":"post_tag","embeddable":true,"href":"https:\/\/www.visit-ulcinj.com\/blog\/wp-json\/wp\/v2\/tags?post=580"}],"curies":[{"name":"wp","href":"https:\/\/api.w.org\/{rel}","templated":true}]}}