{"id":58020,"date":"2012-03-08T16:20:26","date_gmt":"2012-03-08T15:20:26","guid":{"rendered":"http:\/\/www.visit-ulcinj.com\/blog\/?p=58020"},"modified":"2012-03-08T16:20:26","modified_gmt":"2012-03-08T15:20:26","slug":"ulcinj-u-sajam-turizma-itb-u-berlinu-video","status":"publish","type":"post","link":"https:\/\/www.visit-ulcinj.com\/blog\/2012\/03\/08\/ulcinj-u-sajam-turizma-itb-u-berlinu-video\/","title":{"rendered":"Ulcinj u sajam turizma \u201cITB\u201d u Berlinu &#8211; Video"},"content":{"rendered":"<p><strong><a href=\"http:\/\/www.visit-ulcinj.com\/blog\/wp-content\/uploads\/2012\/03\/Sajam-turizma-Berlin-_ITB-2012.jpg\"><img loading=\"lazy\" class=\"alignleft  wp-image-58021\" title=\"Sajam-turizma-Berlin-_ITB-2012\" src=\"http:\/\/www.visit-ulcinj.com\/blog\/wp-content\/uploads\/2012\/03\/Sajam-turizma-Berlin-_ITB-2012.jpg\" alt=\"\" width=\"508\" height=\"380\" \/><\/a>NTO predstavio ponudu Crne Gore na ITB-u u Berlinu<\/strong><\/p>\n<p>U okviru 46. me\u0111unarodnog sajma turizma \u201eITB 2012\u201c u Berlinu, koji predstavlja jedan od najposje\u0107enijih sajmova turizma, direktor NTO CG Sa\u0161a Radovi\u0107 i direktor predstavni\u0161tva NTO CG u Frankfurtu Karlo Petelin, odr\u017eali su pres konferenciju za njema\u010dke medije i partnere na kojem su predstavili novitete u turisti\u010dkoj ponudi za predstoje\u0107u sezonu.<\/p>\n<p>Pres konferenciji je prisustvovao i Juergen Buechy, predsjednik Njema\u010dkog turisti\u010dkog udru\u017eenja (DRV), koji je istakao da DRV sa entuzijazmom o\u010dekuje ovogodi\u0161nji kongres koji \u0107e se odr\u017eati sredinom novembru u Crnoj Gori, i da kao krovno udru\u017eenje njema\u010dke turisti\u010dke privrede podr\u017eava napore Crne Gore na pridobijanju njema\u010dkih turista. \u201eCrna Gora je mala zemlja jedinstvene sinergije obale i njenog zale\u0111a sa planinskim dijelom. Nadamo se da \u0107e tokom kongresa njema\u010dka privreda biti u prilici da upozna potencijale ove zemlje i da \u0107e kongres doprinijeti pove\u0107anju broja njema\u010dkih turista narednih godina.\u201c rekao je Buechy.<\/p>\n<p>Sa\u0161a Radovi\u0107 i Karlo Petelin su prisutne medije informisali o potencijalima Crne Gore, specifi\u010dnoj turisti\u010dkoj ponudi poput pje\u0161a\u010denja i biciklizma, projekta za koji je Crna Gora dobila nagradu \u201eEco Trophea\u201c od strane DRV-a, kao i trenutnim i budu\u0107im investicijama u turizmu. Presu su prisustvovali predstavnici uticajnijih medijskih ku\u0107a, online i specijalizovani mediji, kao \u0161to su \u201eBrigitte\u201c, \u201eFVW\u201c, \u201eFreizeit Woche\u201c, \u201eNeues Detschland\u201c, \u201eAugsburger Allgemein\u201c, \u201eAlpin\u201c itd.<\/p>\n<p>Crna Gora je u centru interesovanja ove godine na ITB-u zbog \u010dinjenice da je doma\u0107in kongresa Njema\u010dkog turisti\u010dkog udru\u017eenja. Ponuda Crne Gore je zastupljena i na \u0161tandu ovog udru\u017eenja na kojem je za predstoje\u0107i kongres ve\u0107 obavljen veliki broj registracija turisti\u010dkih agenata.<\/p>\n<p>I ove godine \u201eAir Berlin\u201c \u0107e nastaviti \u010darter konekciju iz Berlina, Dizeldorfa, Hamburga i Be\u010da preko Nirnberga do Tivta u periodu od 16. maja do 12. septembra 2012. Njema\u010dki turoperator Neckermann je ove godine ponovo uvrstio aran\u017emane za Crnu Goru u svojim katalozima, a hotel \u201cTara\u201d u Be\u010di\u0107ima tokom 2012. godine \u0107e da posluje sa fran\u017eizom Thomas Cook-a pod brendom \u201cSentido Hotels and Resorts\u201d. Sentido ima prepoznatljive smje\u0161tajne kapacitete kao i klijentelu u preko 20 hotela \u0161irom svijeta, u Egiptu, Gr\u010dkoj, Keniji, \u0160paniji, Turskoj, Tunisu, Kipru i dr. destinacijama.<\/p>\n<p>Uprokos globalnoj krizi, stanje u njema\u010dkoj ekonomiji pokazuje da \u0107e Njemci ove godine nesmanjeno putovati van svoje zemlje, te su iskazane projekcije da \u0107e Crna Gora zadr\u017eati dvocifrencu stopu rasta sa ovog tr\u017ei\u0161ta. Crnu Goru je pro\u0161le godine posjetilo 35.000 turista koji su ostvarili 183 000 no\u0107enja \u0161to predstavlja porast od 20% u odnosu na 2010.god.<\/p>\n<p>Crnogorski \u0161tand posjetio je i ambasador Crne Gore u Njema\u010dkoj, Vladimir Radulovi\u0107.<\/p>\n<p>Na \u0161tandu Crne Gore prisutne su lokalne turisti\u010dke organizacije Budve, Herceg Novog i Ulcinja, kao i \u201cMontenegro Stars Hotels group\u201d, hotelska grupa \u201cBudvanska rivijera\u201d, hotel \u201eAvala Resorts&amp;Vilas\u201d, hotel \u201eQueen of Montenegro\u201d, \u201eUlcinjska Rivijera\u201c, hotel \u201eDvori Bal\u0161i\u0107a, TA \u201eAdria DMC\u201c, i \u201eGlobtour\u201c, zatim Porto Montenegro i Montenegro airlines koji je specijalno za predstavljanje na ITB-u pripremio promotivne tarife na letovima iz zemalja njema\u010dkog govornog podru\u010dja ka Crnoj Gori tokom zimske sezone 2012\/13. i ljeto 2013. god.<\/p>\n<p>Ove godine sajam je okupio preko 10.000 izlaga\u010da iz 180 zemalja.<\/p>\n<p>Sajam traje do nedjelje, 11. marta.<\/p>\n<p>&nbsp;<\/p>\n<p><strong>Izvor: Vlada.me<br \/>\n<!--YouTube Error: bad URL entered--><br \/>\n<\/strong><\/p>\n","protected":false},"excerpt":{"rendered":"<p>NTO predstavio ponudu Crne Gore na ITB-u u Berlinu U okviru 46. me\u0111unarodnog sajma turizma \u201eITB 2012\u201c u Berlinu, koji predstavlja jedan od najposje\u0107enijih sajmova turizma, direktor NTO CG Sa\u0161a Radovi\u0107 i direktor predstavni\u0161tva NTO CG u Frankfurtu Karlo Petelin, odr\u017eali su pres konferenciju za njema\u010dke medije i partnere na kojem su predstavili novitete u [&hellip;]<\/p>\n","protected":false},"author":1,"featured_media":0,"comment_status":"open","ping_status":"closed","sticky":false,"template":"","format":"standard","meta":{"spay_email":"","jetpack_publicize_message":"","jetpack_is_tweetstorm":false,"jetpack_publicize_feature_enabled":true},"categories":[8337],"tags":[20,20113,10343,18062,20114,14620,19],"jetpack_publicize_connections":[],"yoast_head":"<!-- This site is optimized with the Yoast SEO plugin v19.1 - https:\/\/yoast.com\/wordpress\/plugins\/seo\/ -->\n<title>Ulcinj u sajam turizma \u201cITB\u201d u Berlinu - Video - Lajme nga Ulqini<\/title>\n<meta name=\"description\" content=\"NTO predstavio ponudu Crne Gore na ITB-u u Berlinu U okviru 46. me\u0111unarodnog sajma turizma \u201eITB 2012\u201c u Berlinu, koji predstavlja jedan od najposje\u0107enijih\" \/>\n<meta name=\"robots\" content=\"index, follow, max-snippet:-1, max-image-preview:large, max-video-preview:-1\" \/>\n<link rel=\"canonical\" href=\"https:\/\/www.visit-ulcinj.com\/blog\/2012\/03\/08\/ulcinj-u-sajam-turizma-itb-u-berlinu-video\/\" \/>\n<meta property=\"og:locale\" content=\"en_US\" \/>\n<meta property=\"og:type\" content=\"article\" \/>\n<meta property=\"og:title\" content=\"Ulcinj u sajam turizma \u201cITB\u201d u Berlinu - Video - Lajme nga Ulqini\" \/>\n<meta property=\"og:description\" content=\"NTO predstavio ponudu Crne Gore na ITB-u u Berlinu U okviru 46. me\u0111unarodnog sajma turizma \u201eITB 2012\u201c u Berlinu, koji predstavlja jedan od najposje\u0107enijih\" \/>\n<meta property=\"og:url\" content=\"https:\/\/www.visit-ulcinj.com\/blog\/2012\/03\/08\/ulcinj-u-sajam-turizma-itb-u-berlinu-video\/\" \/>\n<meta property=\"og:site_name\" content=\"Lajme nga Ulqini\" \/>\n<meta property=\"article:published_time\" content=\"2012-03-08T15:20:26+00:00\" \/>\n<meta property=\"og:image\" content=\"http:\/\/www.visit-ulcinj.com\/blog\/wp-content\/uploads\/2012\/03\/Sajam-turizma-Berlin-_ITB-2012.jpg\" \/>\n<meta name=\"twitter:label1\" content=\"Written by\" \/>\n\t<meta name=\"twitter:data1\" content=\"ulqini\" \/>\n\t<meta name=\"twitter:label2\" content=\"Est. reading time\" \/>\n\t<meta name=\"twitter:data2\" content=\"3 minutes\" \/>\n<script type=\"application\/ld+json\" class=\"yoast-schema-graph\">{\"@context\":\"https:\/\/schema.org\",\"@graph\":[{\"@type\":\"WebSite\",\"@id\":\"https:\/\/www.visit-ulcinj.com\/blog\/#website\",\"url\":\"https:\/\/www.visit-ulcinj.com\/blog\/\",\"name\":\"Lajme nga Ulqini\",\"description\":\"Lajme,Vijesti,Ulqini,Ulqin,Crna Gora,Mali i Zi\",\"potentialAction\":[{\"@type\":\"SearchAction\",\"target\":{\"@type\":\"EntryPoint\",\"urlTemplate\":\"https:\/\/www.visit-ulcinj.com\/blog\/?s={search_term_string}\"},\"query-input\":\"required name=search_term_string\"}],\"inLanguage\":\"en-US\"},{\"@type\":\"ImageObject\",\"inLanguage\":\"en-US\",\"@id\":\"https:\/\/www.visit-ulcinj.com\/blog\/2012\/03\/08\/ulcinj-u-sajam-turizma-itb-u-berlinu-video\/#primaryimage\",\"url\":\"https:\/\/www.visit-ulcinj.com\/blog\/wp-content\/uploads\/2012\/03\/Sajam-turizma-Berlin-_ITB-2012.jpg\",\"contentUrl\":\"https:\/\/www.visit-ulcinj.com\/blog\/wp-content\/uploads\/2012\/03\/Sajam-turizma-Berlin-_ITB-2012.jpg\",\"width\":\"640\",\"height\":\"428\"},{\"@type\":\"WebPage\",\"@id\":\"https:\/\/www.visit-ulcinj.com\/blog\/2012\/03\/08\/ulcinj-u-sajam-turizma-itb-u-berlinu-video\/#webpage\",\"url\":\"https:\/\/www.visit-ulcinj.com\/blog\/2012\/03\/08\/ulcinj-u-sajam-turizma-itb-u-berlinu-video\/\",\"name\":\"Ulcinj u sajam turizma \u201cITB\u201d u Berlinu - Video - Lajme nga Ulqini\",\"isPartOf\":{\"@id\":\"https:\/\/www.visit-ulcinj.com\/blog\/#website\"},\"primaryImageOfPage\":{\"@id\":\"https:\/\/www.visit-ulcinj.com\/blog\/2012\/03\/08\/ulcinj-u-sajam-turizma-itb-u-berlinu-video\/#primaryimage\"},\"datePublished\":\"2012-03-08T15:20:26+00:00\",\"dateModified\":\"2012-03-08T15:20:26+00:00\",\"author\":{\"@id\":\"https:\/\/www.visit-ulcinj.com\/blog\/#\/schema\/person\/dcab619c614d3038751c63bc2aadc06d\"},\"description\":\"NTO predstavio ponudu Crne Gore na ITB-u u Berlinu U okviru 46. me\u0111unarodnog sajma turizma \u201eITB 2012\u201c u Berlinu, koji predstavlja jedan od najposje\u0107enijih\",\"breadcrumb\":{\"@id\":\"https:\/\/www.visit-ulcinj.com\/blog\/2012\/03\/08\/ulcinj-u-sajam-turizma-itb-u-berlinu-video\/#breadcrumb\"},\"inLanguage\":\"en-US\",\"potentialAction\":[{\"@type\":\"ReadAction\",\"target\":[\"https:\/\/www.visit-ulcinj.com\/blog\/2012\/03\/08\/ulcinj-u-sajam-turizma-itb-u-berlinu-video\/\"]}]},{\"@type\":\"BreadcrumbList\",\"@id\":\"https:\/\/www.visit-ulcinj.com\/blog\/2012\/03\/08\/ulcinj-u-sajam-turizma-itb-u-berlinu-video\/#breadcrumb\",\"itemListElement\":[{\"@type\":\"ListItem\",\"position\":1,\"name\":\"Ulcinj u sajam turizma \u201cITB\u201d u Berlinu &#8211; Video\"}]},{\"@type\":\"Person\",\"@id\":\"https:\/\/www.visit-ulcinj.com\/blog\/#\/schema\/person\/dcab619c614d3038751c63bc2aadc06d\",\"name\":\"ulqini\",\"sameAs\":[\"http:\/\/www.visit-ulcinj.com\"],\"url\":\"https:\/\/www.visit-ulcinj.com\/blog\/author\/admin\/\"}]}<\/script>\n<!-- \/ Yoast SEO plugin. -->","yoast_head_json":{"title":"Ulcinj u sajam turizma \u201cITB\u201d u Berlinu - Video - Lajme nga Ulqini","description":"NTO predstavio ponudu Crne Gore na ITB-u u Berlinu U okviru 46. me\u0111unarodnog sajma turizma \u201eITB 2012\u201c u Berlinu, koji predstavlja jedan od najposje\u0107enijih","robots":{"index":"index","follow":"follow","max-snippet":"max-snippet:-1","max-image-preview":"max-image-preview:large","max-video-preview":"max-video-preview:-1"},"canonical":"https:\/\/www.visit-ulcinj.com\/blog\/2012\/03\/08\/ulcinj-u-sajam-turizma-itb-u-berlinu-video\/","og_locale":"en_US","og_type":"article","og_title":"Ulcinj u sajam turizma \u201cITB\u201d u Berlinu - Video - Lajme nga Ulqini","og_description":"NTO predstavio ponudu Crne Gore na ITB-u u Berlinu U okviru 46. me\u0111unarodnog sajma turizma \u201eITB 2012\u201c u Berlinu, koji predstavlja jedan od najposje\u0107enijih","og_url":"https:\/\/www.visit-ulcinj.com\/blog\/2012\/03\/08\/ulcinj-u-sajam-turizma-itb-u-berlinu-video\/","og_site_name":"Lajme nga Ulqini","article_published_time":"2012-03-08T15:20:26+00:00","og_image":[{"url":"http:\/\/www.visit-ulcinj.com\/blog\/wp-content\/uploads\/2012\/03\/Sajam-turizma-Berlin-_ITB-2012.jpg"}],"twitter_misc":{"Written by":"ulqini","Est. reading time":"3 minutes"},"schema":{"@context":"https:\/\/schema.org","@graph":[{"@type":"WebSite","@id":"https:\/\/www.visit-ulcinj.com\/blog\/#website","url":"https:\/\/www.visit-ulcinj.com\/blog\/","name":"Lajme nga Ulqini","description":"Lajme,Vijesti,Ulqini,Ulqin,Crna Gora,Mali i Zi","potentialAction":[{"@type":"SearchAction","target":{"@type":"EntryPoint","urlTemplate":"https:\/\/www.visit-ulcinj.com\/blog\/?s={search_term_string}"},"query-input":"required name=search_term_string"}],"inLanguage":"en-US"},{"@type":"ImageObject","inLanguage":"en-US","@id":"https:\/\/www.visit-ulcinj.com\/blog\/2012\/03\/08\/ulcinj-u-sajam-turizma-itb-u-berlinu-video\/#primaryimage","url":"https:\/\/www.visit-ulcinj.com\/blog\/wp-content\/uploads\/2012\/03\/Sajam-turizma-Berlin-_ITB-2012.jpg","contentUrl":"https:\/\/www.visit-ulcinj.com\/blog\/wp-content\/uploads\/2012\/03\/Sajam-turizma-Berlin-_ITB-2012.jpg","width":"640","height":"428"},{"@type":"WebPage","@id":"https:\/\/www.visit-ulcinj.com\/blog\/2012\/03\/08\/ulcinj-u-sajam-turizma-itb-u-berlinu-video\/#webpage","url":"https:\/\/www.visit-ulcinj.com\/blog\/2012\/03\/08\/ulcinj-u-sajam-turizma-itb-u-berlinu-video\/","name":"Ulcinj u sajam turizma \u201cITB\u201d u Berlinu - Video - Lajme nga Ulqini","isPartOf":{"@id":"https:\/\/www.visit-ulcinj.com\/blog\/#website"},"primaryImageOfPage":{"@id":"https:\/\/www.visit-ulcinj.com\/blog\/2012\/03\/08\/ulcinj-u-sajam-turizma-itb-u-berlinu-video\/#primaryimage"},"datePublished":"2012-03-08T15:20:26+00:00","dateModified":"2012-03-08T15:20:26+00:00","author":{"@id":"https:\/\/www.visit-ulcinj.com\/blog\/#\/schema\/person\/dcab619c614d3038751c63bc2aadc06d"},"description":"NTO predstavio ponudu Crne Gore na ITB-u u Berlinu U okviru 46. me\u0111unarodnog sajma turizma \u201eITB 2012\u201c u Berlinu, koji predstavlja jedan od najposje\u0107enijih","breadcrumb":{"@id":"https:\/\/www.visit-ulcinj.com\/blog\/2012\/03\/08\/ulcinj-u-sajam-turizma-itb-u-berlinu-video\/#breadcrumb"},"inLanguage":"en-US","potentialAction":[{"@type":"ReadAction","target":["https:\/\/www.visit-ulcinj.com\/blog\/2012\/03\/08\/ulcinj-u-sajam-turizma-itb-u-berlinu-video\/"]}]},{"@type":"BreadcrumbList","@id":"https:\/\/www.visit-ulcinj.com\/blog\/2012\/03\/08\/ulcinj-u-sajam-turizma-itb-u-berlinu-video\/#breadcrumb","itemListElement":[{"@type":"ListItem","position":1,"name":"Ulcinj u sajam turizma \u201cITB\u201d u Berlinu &#8211; Video"}]},{"@type":"Person","@id":"https:\/\/www.visit-ulcinj.com\/blog\/#\/schema\/person\/dcab619c614d3038751c63bc2aadc06d","name":"ulqini","sameAs":["http:\/\/www.visit-ulcinj.com"],"url":"https:\/\/www.visit-ulcinj.com\/blog\/author\/admin\/"}]}},"jetpack_featured_media_url":"","jetpack_sharing_enabled":true,"jetpack_shortlink":"https:\/\/wp.me\/pe6lTn-f5O","_links":{"self":[{"href":"https:\/\/www.visit-ulcinj.com\/blog\/wp-json\/wp\/v2\/posts\/58020"}],"collection":[{"href":"https:\/\/www.visit-ulcinj.com\/blog\/wp-json\/wp\/v2\/posts"}],"about":[{"href":"https:\/\/www.visit-ulcinj.com\/blog\/wp-json\/wp\/v2\/types\/post"}],"author":[{"embeddable":true,"href":"https:\/\/www.visit-ulcinj.com\/blog\/wp-json\/wp\/v2\/users\/1"}],"replies":[{"embeddable":true,"href":"https:\/\/www.visit-ulcinj.com\/blog\/wp-json\/wp\/v2\/comments?post=58020"}],"version-history":[{"count":1,"href":"https:\/\/www.visit-ulcinj.com\/blog\/wp-json\/wp\/v2\/posts\/58020\/revisions"}],"predecessor-version":[{"id":58022,"href":"https:\/\/www.visit-ulcinj.com\/blog\/wp-json\/wp\/v2\/posts\/58020\/revisions\/58022"}],"wp:attachment":[{"href":"https:\/\/www.visit-ulcinj.com\/blog\/wp-json\/wp\/v2\/media?parent=58020"}],"wp:term":[{"taxonomy":"category","embeddable":true,"href":"https:\/\/www.visit-ulcinj.com\/blog\/wp-json\/wp\/v2\/categories?post=58020"},{"taxonomy":"post_tag","embeddable":true,"href":"https:\/\/www.visit-ulcinj.com\/blog\/wp-json\/wp\/v2\/tags?post=58020"}],"curies":[{"name":"wp","href":"https:\/\/api.w.org\/{rel}","templated":true}]}}