{"id":58023,"date":"2012-03-08T18:15:17","date_gmt":"2012-03-08T17:15:17","guid":{"rendered":"http:\/\/www.visit-ulcinj.com\/blog\/?p=58023"},"modified":"2012-03-10T11:40:18","modified_gmt":"2012-03-10T10:40:18","slug":"ulqini-ne-panairin-e-turizmit-ne-berlin-itb-2012","status":"publish","type":"post","link":"https:\/\/www.visit-ulcinj.com\/blog\/2012\/03\/08\/ulqini-ne-panairin-e-turizmit-ne-berlin-itb-2012\/","title":{"rendered":"Ulqini n\u00eb panairin e turizmit n\u00eb Berlin &#8220;ITB &#8211; 2012\u201d"},"content":{"rendered":"<p><a href=\"http:\/\/www.visit-ulcinj.com\/blog\/wp-content\/uploads\/2012\/03\/Ulqini-n\u00eb-panairin-e-turizmit-n\u00eb-Berlin-ITB-2012.jpg\"><img loading=\"lazy\" class=\"alignleft size-full wp-image-58024\" title=\"Ulqini n\u00eb panairin e turizmit n\u00eb Berlin ITB - 2012\" src=\"http:\/\/www.visit-ulcinj.com\/blog\/wp-content\/uploads\/2012\/03\/Ulqini-n\u00eb-panairin-e-turizmit-n\u00eb-Berlin-ITB-2012.jpg\" alt=\"\" width=\"640\" height=\"428\" srcset=\"https:\/\/www.visit-ulcinj.com\/blog\/wp-content\/uploads\/2012\/03\/Ulqini-n\u00eb-panairin-e-turizmit-n\u00eb-Berlin-ITB-2012.jpg 640w, https:\/\/www.visit-ulcinj.com\/blog\/wp-content\/uploads\/2012\/03\/Ulqini-n\u00eb-panairin-e-turizmit-n\u00eb-Berlin-ITB-2012-300x200.jpg 300w\" sizes=\"(max-width: 640px) 100vw, 640px\" \/><\/a>Edicioni i 46 -t\u00eb i panairit m\u00eb t\u00eb madh bot\u00ebror t\u00eb turizmit n\u00eb Berlin,filloi te merkuren 07.03.ku i hapi dyert si \u00e7do vit Bursa Nderkombetare e Turizmit deri m\u00eb 11.03.2012<br \/>\nPrezantimi i radhes i ofert\u00ebs turistike t\u00eb Organizates Turistike t\u00eb Ulqinit (OTU)n\u00eb panairin turistik n\u00eb Berlin\u201d ITB -2012\u201d, ku u b\u00eb hartimi i materialeve t\u00eb reja turistike propagandistike t\u00eb Ulqinit por gjithashtu moren pjes edhe aktoret principale te lamis te turizmit malazias sikurse Drejtori aktual i Organizat\u00ebs turistike t\u00eb Malit t\u00eb Zi,z.Sasha Radoviq,si dhe p\u00ebrfaqsuesi i OTMZ ne Frankfurt z. Karlo Petelin,si dhe ambasadori I Malit te Zi ne Gjermani,z. Vladimir Raduloviq.<br \/>\nN\u00eb k\u00ebt\u00eb panair Mal te Zi, drejtori i Organizates turistike te Malit te Zi ,si dhe shume perfaqseues ofisiel te Malit te Zi te turizmit dhan\u00eb nj\u00eb konferenc\u00eb p\u00ebr shtyp ne pavionin e Malit te Zi.<br \/>\nDrejtori i Organizates turistike te Malit te Zi,perfaqsoi politik\u00ebn qeveritare t\u00eb zhvillimit t\u00eb turizmit n\u00eb Mal te Zi, t\u00eb bazuar n\u00eb nxitjen e atij kulturor e me baz\u00eb natyr\u00ebn, si format me rritjen m\u00eb t\u00eb shpejt\u00eb (10 p\u00ebrqind n\u00eb vit) t\u00eb turizmit nd\u00ebrkomb\u00ebtar dhe ku vendi yn\u00eb gjen p\u00ebrpar\u00ebsi konkurruese. Jemi shteti i dhjet n\u00eb Mesdhe p\u00ebr nga intensiteti i monumenteve kulturore (pas Italis\u00eb dhe disa shteteve tjera ne rajon) dhe larmishm\u00ebria e klim\u00ebs dhe peisazhit natyror malazias qe nuk ka t\u00eb krahasuar n\u00eb rajon. Po ashtu, Mali i Zi p\u00ebr vitin 2010 njohu rritjen relative m\u00eb t\u00eb cil\u00ebsuar n\u00eb Ballkan, me 20 p\u00ebrqind m\u00eb shum\u00eb vizitor\u00eb t\u00eb huaj n\u00eb krahasim me nj\u00eb vit m\u00eb par\u00eb.<br \/>\n<a href=\"http:\/\/www.visit-ulcinj.com\/blog\/wp-content\/uploads\/2012\/03\/Ulqini-n\u00eb-panairin-e-turizmit-n\u00eb-Berlin-ITB-2012_1.jpg\"><img loading=\"lazy\" class=\"alignleft  wp-image-58025\" title=\"Ulqini n\u00eb panairin e turizmit n\u00eb Berlin ITB - 2012_1\" src=\"http:\/\/www.visit-ulcinj.com\/blog\/wp-content\/uploads\/2012\/03\/Ulqini-n\u00eb-panairin-e-turizmit-n\u00eb-Berlin-ITB-2012_1.jpg\" alt=\"\" width=\"508\" height=\"300\" \/><\/a><br \/>\nSikurse u shpjegoi Drejtori i Organizates turistike te Malit te Zi pyetjeve t\u00eb shumta t\u00eb gazetar\u00ebve t\u00eb pranish\u00ebm n\u00eb konferenc\u00ebn p\u00ebr shtyp, lidhur me nxitjen e investimeve n\u00eb turiz\u00ebm dhe garancit\u00eb ligjore q\u00eb u ofrohen turist\u00ebve t\u00eb huaj n\u00eb Mal te Zi, do t\u00eb formohet nj\u00eb struktur\u00eb sh\u00ebrbyese e mbrojt\u00ebse e turist\u00ebve t\u00eb huaj.<br \/>\nDo t\u00eb krijohet edhe nj\u00eb fond i ve\u00e7ant\u00eb turistik, q\u00eb do t\u00eb materializoj\u00eb nismat e k\u00ebtyre grupeve punuese turistike t\u00eb interesit p\u00ebr zonat m\u00eb t\u00ebrheq\u00ebse turistike t\u00eb Mal te Zi.<br \/>\nNga ana e mediave gjermane, angleze, amerikane e nd\u00ebrkomb\u00ebtare t\u00eb pranishme n\u00eb konferenc\u00ebn e Berlinit, spikati nj\u00eb interesim maksimal p\u00ebr at\u00eb q\u00eb u quajt \u201cthesari i fshehur i bregdetit malazias Budves,Ulqinit,Kotorit,Herceg-Novit etj.<br \/>\nDhe realisht, vendi yn\u00eb p\u00ebr nga t\u00ebrheqjet e tij bregdetare e t\u00eb natyr\u00ebs mund t\u00eb befasoj\u00eb gjithk\u00ebnd, si turistin e huaj elitar t\u00eb eko turizmit, edhe at\u00eb t\u00eb natyr\u00ebs apo sh\u00ebtitjeve arkeologjike.Pavioni turistik malazias n\u00eb Berlin, edhe pse qe modest, arriti t\u00eb jap\u00eb nj\u00eb pjes\u00eb t\u00eb t\u00ebrheqjes s\u00eb ofert\u00ebs turistike malaziase qe asht per tu knaqur me numrin e vizitoreve.<br \/>\nN\u00eb pavionin turistik\u00eb t\u00eb Malit t\u00eb Zi,ishin t\u00eb vendosur p\u00ebrfaqsuesit e organizatave turistike t\u00eb Budves,Ulqinit dhe Herceg Novit , si dhe kompanit turistike \u201cMontenegro Stars Hotels group\u201d, grupa hoteliere\u201cBudvanska rivijera\u201d, hoteli \u201eAvala Resorts&amp;Vilas\u201d, hoteli \u201eQueen of Montenegro\u201d, HTP\u201eUlcinjska Rivijera\u201c, hoteli \u201eDvori Bal\u0161i\u0107a, TA \u201eAdria DMC\u201c, dhe\u201eGlobtour\u201c, mandej Porto Montenegro dhe Montenegro airlines t\u00eb cil\u00ebt\u00a0 kishin ardhur me \u00e7mime speciale pergaditur per sezonin 2012\/13.<br \/>\nIndustria e turizmit p\u00ebrjeton bum, si\u00e7 mund t\u00eb shihet n\u00eb ITB. 10.664 ekspozues nga 187 vende jan\u00eb dyndur n\u00eb 26 sallat e mbushura plot. Ky panair \u00ebsht\u00eb m\u00eb i madhi p\u00ebr nga pjes\u00ebmarrja dhe shtrirja e ekspozimit n\u00eb fush\u00ebn e turizmit bot\u00ebror.<\/p>\n<p><strong>Lajme nga Ulqini<\/strong><\/p>\n<!--YouTube Error: bad URL entered-->\n","protected":false},"excerpt":{"rendered":"<p>Edicioni i 46 -t\u00eb i panairit m\u00eb t\u00eb madh bot\u00ebror t\u00eb turizmit n\u00eb Berlin,filloi te merkuren 07.03.ku i hapi dyert si \u00e7do vit Bursa Nderkombetare e Turizmit deri m\u00eb 11.03.2012 Prezantimi i radhes i ofert\u00ebs turistike t\u00eb Organizates Turistike t\u00eb Ulqinit (OTU)n\u00eb panairin turistik n\u00eb Berlin\u201d ITB -2012\u201d, ku u b\u00eb hartimi i materialeve t\u00eb [&hellip;]<\/p>\n","protected":false},"author":1,"featured_media":0,"comment_status":"open","ping_status":"closed","sticky":false,"template":"","format":"standard","meta":{"spay_email":"","jetpack_publicize_message":"","jetpack_is_tweetstorm":false,"jetpack_publicize_feature_enabled":true},"categories":[10],"tags":[15892,14887,7665,200,20115,18],"jetpack_publicize_connections":[],"yoast_head":"<!-- This site is optimized with the Yoast SEO plugin v19.1 - https:\/\/yoast.com\/wordpress\/plugins\/seo\/ -->\n<title>Ulqini n\u00eb panairin e turizmit n\u00eb Berlin &quot;ITB - 2012\u201d - Lajme nga Ulqini<\/title>\n<meta name=\"description\" content=\"Edicioni i 46 -t\u00eb i panairit m\u00eb t\u00eb madh bot\u00ebror t\u00eb turizmit n\u00eb Berlin,filloi te merkuren 07.03.ku i hapi dyert si \u00e7do vit Bursa Nderkombetare e Turizmit\" \/>\n<meta name=\"robots\" content=\"index, follow, max-snippet:-1, max-image-preview:large, max-video-preview:-1\" \/>\n<link rel=\"canonical\" href=\"https:\/\/www.visit-ulcinj.com\/blog\/2012\/03\/08\/ulqini-ne-panairin-e-turizmit-ne-berlin-itb-2012\/\" \/>\n<meta property=\"og:locale\" content=\"en_US\" \/>\n<meta property=\"og:type\" content=\"article\" \/>\n<meta property=\"og:title\" content=\"Ulqini n\u00eb panairin e turizmit n\u00eb Berlin &quot;ITB - 2012\u201d - Lajme nga Ulqini\" \/>\n<meta property=\"og:description\" content=\"Edicioni i 46 -t\u00eb i panairit m\u00eb t\u00eb madh bot\u00ebror t\u00eb turizmit n\u00eb Berlin,filloi te merkuren 07.03.ku i hapi dyert si \u00e7do vit Bursa Nderkombetare e Turizmit\" \/>\n<meta property=\"og:url\" content=\"https:\/\/www.visit-ulcinj.com\/blog\/2012\/03\/08\/ulqini-ne-panairin-e-turizmit-ne-berlin-itb-2012\/\" \/>\n<meta property=\"og:site_name\" content=\"Lajme nga Ulqini\" \/>\n<meta property=\"article:published_time\" content=\"2012-03-08T17:15:17+00:00\" \/>\n<meta property=\"article:modified_time\" content=\"2012-03-10T10:40:18+00:00\" \/>\n<meta name=\"twitter:label1\" content=\"Written by\" \/>\n\t<meta name=\"twitter:data1\" content=\"ulqini\" \/>\n\t<meta name=\"twitter:label2\" content=\"Est. reading time\" \/>\n\t<meta name=\"twitter:data2\" content=\"3 minutes\" \/>\n<script type=\"application\/ld+json\" class=\"yoast-schema-graph\">{\"@context\":\"https:\/\/schema.org\",\"@graph\":[{\"@type\":\"WebSite\",\"@id\":\"https:\/\/www.visit-ulcinj.com\/blog\/#website\",\"url\":\"https:\/\/www.visit-ulcinj.com\/blog\/\",\"name\":\"Lajme nga Ulqini\",\"description\":\"Lajme,Vijesti,Ulqini,Ulqin,Crna Gora,Mali i Zi\",\"potentialAction\":[{\"@type\":\"SearchAction\",\"target\":{\"@type\":\"EntryPoint\",\"urlTemplate\":\"https:\/\/www.visit-ulcinj.com\/blog\/?s={search_term_string}\"},\"query-input\":\"required name=search_term_string\"}],\"inLanguage\":\"en-US\"},{\"@type\":\"WebPage\",\"@id\":\"https:\/\/www.visit-ulcinj.com\/blog\/2012\/03\/08\/ulqini-ne-panairin-e-turizmit-ne-berlin-itb-2012\/#webpage\",\"url\":\"https:\/\/www.visit-ulcinj.com\/blog\/2012\/03\/08\/ulqini-ne-panairin-e-turizmit-ne-berlin-itb-2012\/\",\"name\":\"Ulqini n\u00eb panairin e turizmit n\u00eb Berlin \\\"ITB - 2012\u201d - Lajme nga Ulqini\",\"isPartOf\":{\"@id\":\"https:\/\/www.visit-ulcinj.com\/blog\/#website\"},\"datePublished\":\"2012-03-08T17:15:17+00:00\",\"dateModified\":\"2012-03-10T10:40:18+00:00\",\"author\":{\"@id\":\"https:\/\/www.visit-ulcinj.com\/blog\/#\/schema\/person\/dcab619c614d3038751c63bc2aadc06d\"},\"description\":\"Edicioni i 46 -t\u00eb i panairit m\u00eb t\u00eb madh bot\u00ebror t\u00eb turizmit n\u00eb Berlin,filloi te merkuren 07.03.ku i hapi dyert si \u00e7do vit Bursa Nderkombetare e Turizmit\",\"breadcrumb\":{\"@id\":\"https:\/\/www.visit-ulcinj.com\/blog\/2012\/03\/08\/ulqini-ne-panairin-e-turizmit-ne-berlin-itb-2012\/#breadcrumb\"},\"inLanguage\":\"en-US\",\"potentialAction\":[{\"@type\":\"ReadAction\",\"target\":[\"https:\/\/www.visit-ulcinj.com\/blog\/2012\/03\/08\/ulqini-ne-panairin-e-turizmit-ne-berlin-itb-2012\/\"]}]},{\"@type\":\"BreadcrumbList\",\"@id\":\"https:\/\/www.visit-ulcinj.com\/blog\/2012\/03\/08\/ulqini-ne-panairin-e-turizmit-ne-berlin-itb-2012\/#breadcrumb\",\"itemListElement\":[{\"@type\":\"ListItem\",\"position\":1,\"name\":\"Ulqini n\u00eb panairin e turizmit n\u00eb Berlin &#8220;ITB &#8211; 2012\u201d\"}]},{\"@type\":\"Person\",\"@id\":\"https:\/\/www.visit-ulcinj.com\/blog\/#\/schema\/person\/dcab619c614d3038751c63bc2aadc06d\",\"name\":\"ulqini\",\"sameAs\":[\"http:\/\/www.visit-ulcinj.com\"],\"url\":\"https:\/\/www.visit-ulcinj.com\/blog\/author\/admin\/\"}]}<\/script>\n<!-- \/ Yoast SEO plugin. -->","yoast_head_json":{"title":"Ulqini n\u00eb panairin e turizmit n\u00eb Berlin \"ITB - 2012\u201d - Lajme nga Ulqini","description":"Edicioni i 46 -t\u00eb i panairit m\u00eb t\u00eb madh bot\u00ebror t\u00eb turizmit n\u00eb Berlin,filloi te merkuren 07.03.ku i hapi dyert si \u00e7do vit Bursa Nderkombetare e Turizmit","robots":{"index":"index","follow":"follow","max-snippet":"max-snippet:-1","max-image-preview":"max-image-preview:large","max-video-preview":"max-video-preview:-1"},"canonical":"https:\/\/www.visit-ulcinj.com\/blog\/2012\/03\/08\/ulqini-ne-panairin-e-turizmit-ne-berlin-itb-2012\/","og_locale":"en_US","og_type":"article","og_title":"Ulqini n\u00eb panairin e turizmit n\u00eb Berlin \"ITB - 2012\u201d - Lajme nga Ulqini","og_description":"Edicioni i 46 -t\u00eb i panairit m\u00eb t\u00eb madh bot\u00ebror t\u00eb turizmit n\u00eb Berlin,filloi te merkuren 07.03.ku i hapi dyert si \u00e7do vit Bursa Nderkombetare e Turizmit","og_url":"https:\/\/www.visit-ulcinj.com\/blog\/2012\/03\/08\/ulqini-ne-panairin-e-turizmit-ne-berlin-itb-2012\/","og_site_name":"Lajme nga Ulqini","article_published_time":"2012-03-08T17:15:17+00:00","article_modified_time":"2012-03-10T10:40:18+00:00","twitter_misc":{"Written by":"ulqini","Est. reading time":"3 minutes"},"schema":{"@context":"https:\/\/schema.org","@graph":[{"@type":"WebSite","@id":"https:\/\/www.visit-ulcinj.com\/blog\/#website","url":"https:\/\/www.visit-ulcinj.com\/blog\/","name":"Lajme nga Ulqini","description":"Lajme,Vijesti,Ulqini,Ulqin,Crna Gora,Mali i Zi","potentialAction":[{"@type":"SearchAction","target":{"@type":"EntryPoint","urlTemplate":"https:\/\/www.visit-ulcinj.com\/blog\/?s={search_term_string}"},"query-input":"required name=search_term_string"}],"inLanguage":"en-US"},{"@type":"WebPage","@id":"https:\/\/www.visit-ulcinj.com\/blog\/2012\/03\/08\/ulqini-ne-panairin-e-turizmit-ne-berlin-itb-2012\/#webpage","url":"https:\/\/www.visit-ulcinj.com\/blog\/2012\/03\/08\/ulqini-ne-panairin-e-turizmit-ne-berlin-itb-2012\/","name":"Ulqini n\u00eb panairin e turizmit n\u00eb Berlin \"ITB - 2012\u201d - Lajme nga Ulqini","isPartOf":{"@id":"https:\/\/www.visit-ulcinj.com\/blog\/#website"},"datePublished":"2012-03-08T17:15:17+00:00","dateModified":"2012-03-10T10:40:18+00:00","author":{"@id":"https:\/\/www.visit-ulcinj.com\/blog\/#\/schema\/person\/dcab619c614d3038751c63bc2aadc06d"},"description":"Edicioni i 46 -t\u00eb i panairit m\u00eb t\u00eb madh bot\u00ebror t\u00eb turizmit n\u00eb Berlin,filloi te merkuren 07.03.ku i hapi dyert si \u00e7do vit Bursa Nderkombetare e Turizmit","breadcrumb":{"@id":"https:\/\/www.visit-ulcinj.com\/blog\/2012\/03\/08\/ulqini-ne-panairin-e-turizmit-ne-berlin-itb-2012\/#breadcrumb"},"inLanguage":"en-US","potentialAction":[{"@type":"ReadAction","target":["https:\/\/www.visit-ulcinj.com\/blog\/2012\/03\/08\/ulqini-ne-panairin-e-turizmit-ne-berlin-itb-2012\/"]}]},{"@type":"BreadcrumbList","@id":"https:\/\/www.visit-ulcinj.com\/blog\/2012\/03\/08\/ulqini-ne-panairin-e-turizmit-ne-berlin-itb-2012\/#breadcrumb","itemListElement":[{"@type":"ListItem","position":1,"name":"Ulqini n\u00eb panairin e turizmit n\u00eb Berlin &#8220;ITB &#8211; 2012\u201d"}]},{"@type":"Person","@id":"https:\/\/www.visit-ulcinj.com\/blog\/#\/schema\/person\/dcab619c614d3038751c63bc2aadc06d","name":"ulqini","sameAs":["http:\/\/www.visit-ulcinj.com"],"url":"https:\/\/www.visit-ulcinj.com\/blog\/author\/admin\/"}]}},"jetpack_featured_media_url":"","jetpack_sharing_enabled":true,"jetpack_shortlink":"https:\/\/wp.me\/pe6lTn-f5R","_links":{"self":[{"href":"https:\/\/www.visit-ulcinj.com\/blog\/wp-json\/wp\/v2\/posts\/58023"}],"collection":[{"href":"https:\/\/www.visit-ulcinj.com\/blog\/wp-json\/wp\/v2\/posts"}],"about":[{"href":"https:\/\/www.visit-ulcinj.com\/blog\/wp-json\/wp\/v2\/types\/post"}],"author":[{"embeddable":true,"href":"https:\/\/www.visit-ulcinj.com\/blog\/wp-json\/wp\/v2\/users\/1"}],"replies":[{"embeddable":true,"href":"https:\/\/www.visit-ulcinj.com\/blog\/wp-json\/wp\/v2\/comments?post=58023"}],"version-history":[{"count":3,"href":"https:\/\/www.visit-ulcinj.com\/blog\/wp-json\/wp\/v2\/posts\/58023\/revisions"}],"predecessor-version":[{"id":58088,"href":"https:\/\/www.visit-ulcinj.com\/blog\/wp-json\/wp\/v2\/posts\/58023\/revisions\/58088"}],"wp:attachment":[{"href":"https:\/\/www.visit-ulcinj.com\/blog\/wp-json\/wp\/v2\/media?parent=58023"}],"wp:term":[{"taxonomy":"category","embeddable":true,"href":"https:\/\/www.visit-ulcinj.com\/blog\/wp-json\/wp\/v2\/categories?post=58023"},{"taxonomy":"post_tag","embeddable":true,"href":"https:\/\/www.visit-ulcinj.com\/blog\/wp-json\/wp\/v2\/tags?post=58023"}],"curies":[{"name":"wp","href":"https:\/\/api.w.org\/{rel}","templated":true}]}}