{"id":58034,"date":"2012-03-09T14:41:34","date_gmt":"2012-03-09T13:41:34","guid":{"rendered":"http:\/\/www.visit-ulcinj.com\/blog\/?p=58034"},"modified":"2012-03-09T14:41:34","modified_gmt":"2012-03-09T13:41:34","slug":"k-k-ulqini-42-medalje-ne-kampionatin-e-malit-te-zi","status":"publish","type":"post","link":"https:\/\/www.visit-ulcinj.com\/blog\/2012\/03\/09\/k-k-ulqini-42-medalje-ne-kampionatin-e-malit-te-zi\/","title":{"rendered":"K. K. &#8220;Ulqini&#8221; 42 medalje n\u00eb kampionatin e Malit t\u00eb Zi"},"content":{"rendered":"<p><a href=\"http:\/\/www.visit-ulcinj.com\/blog\/wp-content\/uploads\/2012\/03\/DARDAN-CEKA-DHE-DIELL\u00cbZA-RAMA-KAMPION\u00cb-KK-ULQINI.jpg\"><img loading=\"lazy\" class=\"alignleft  wp-image-58035\" title=\"DARDAN CEKA DHE DIELL\u00cbZA RAMA KAMPION\u00cb - KK ULQINI\" src=\"http:\/\/www.visit-ulcinj.com\/blog\/wp-content\/uploads\/2012\/03\/DARDAN-CEKA-DHE-DIELL\u00cbZA-RAMA-KAMPION\u00cb-KK-ULQINI.jpg\" alt=\"\" width=\"508\" height=\"380\" srcset=\"https:\/\/www.visit-ulcinj.com\/blog\/wp-content\/uploads\/2012\/03\/DARDAN-CEKA-DHE-DIELL\u00cbZA-RAMA-KAMPION\u00cb-KK-ULQINI.jpg 960w, https:\/\/www.visit-ulcinj.com\/blog\/wp-content\/uploads\/2012\/03\/DARDAN-CEKA-DHE-DIELL\u00cbZA-RAMA-KAMPION\u00cb-KK-ULQINI-300x225.jpg 300w\" sizes=\"(max-width: 508px) 100vw, 508px\" \/><\/a>Klubi i karates\u00eb \u201cUlqini\u201d u rendit n\u00eb vendin e tret\u00eb n\u00eb renditjen e p\u00ebrgjithshme.<\/p>\n<p><strong>DARDAN CEKA DHE DIELL\u00cbZA RAMA KAMPION\u00cb<\/strong><\/p>\n<p>T\u00eb shtun\u00ebn, m\u00eb 3 mars 2012 n\u00eb Podgoric\u00eb u mbajt Kampionati i Karates\u00eb s\u00eb Malit t\u00eb Zi p\u00ebr pionier\u00eb, shpresa dhe senior\u00eb. Klubi i karates\u00eb \u201cUlqini\u201d u rendit n\u00eb ve&#8230;nd t\u00eb tret\u00eb n\u00eb renditjen e p\u00ebrgjithshme, n\u00eb vend t\u00eb par\u00eb u rendit K.K.\u201cBuduqnost\u201d, nd\u00ebrsa vendi i dyt\u00eb i takoi K.K \u201cOmlladinac\u201d nga Podgorica. Garuesit e Klubit t\u00eb karates\u00eb \u201cUlqini\u201d ishin shum\u00eb t\u00eb d\u00ebmtuar nga ana e refer\u00ebve, pasi q\u00eb ata u ndesh\u00ebn n\u00eb 12 finale dhe fal\u00eb referimit t\u00eb nj\u00ebansh\u00ebm, arrit\u00ebm t\u00eb fitojm\u00eb vet\u00ebm dy, p\u00ebrkund\u00ebr p\u00ebrgatitjes s\u00eb shk\u00eblqyeshme t\u00eb garuesve tan\u00eb. Kjo nuk \u00ebsht\u00eb rast\u00ebsi, por e b\u00ebr\u00eb me q\u00ebllim q\u00eb garuesit e klubit ton\u00eb t\u00eb mos shpallen kampion\u00eb. N\u00eb disiplin\u00ebn individuale n\u00eb luft\u00ebra kampion\u00eb t\u00eb Malit t\u00eb Zi u shpall\u00ebn Dardan Ceka dhe Diell\u00ebza Rama, nd\u00ebrsa n\u00ebnkampion\u00eb t\u00eb Malit t\u00eb Zi u shpall\u00ebn 8 garues: Eliza Salihu, Edisa Shaba, Martin Simonoviq, Nermin Suma, Flaka Avdiu, Katarina Marnikoviq, Erion Nika dhe Jeton Luka. Po ashtu n\u00ebnkampion\u00eb t\u00eb Malit t\u00eb Zi u shpall\u00ebn edhe 2 ekipe: ekipi i senior\u00ebve n\u00eb luft\u00ebra dhe ekipi i pionier\u00ebve n\u00eb kata. Ekipi i senior\u00ebve ishte i p\u00ebrb\u00ebr\u00eb nga Herolind Nishevci, Drilon Basha, Petar Barlloviq, Dardan Ceka, Viktor Curoviq, Allmir Hajdari dhe Liridon Elezi. Dy garuesit e par\u00eb jan\u00eb nga Kosova, jan\u00eb b\u00ebr\u00eb an\u00ebtar\u00eb t\u00eb klubit ton\u00eb dhe n\u00eb gara prestigjoze mbrojn\u00eb ngjyrat e klubit ton\u00eb. Ekipi i katave ishte i p\u00ebrb\u00ebr\u00eb nga Gabriell Bytyqi, Ensar Marshiq dhe Nermin Suma. Me medalje t\u00eb bronzt\u00eb u kuror\u00ebzuan 13 garues dhe 3 ekipe. N\u00eb luft\u00ebra individuale me medalje u kuror\u00ebzuan Bylbyl Rexhepi, Pjet\u00ebr Hota, Gabriel Bytyqi, Gabriella Junkoviq, David Simonoviq, Edmond Demiri, Ensar Marshiq, Egzona Nika, Marko Daboviq, Arben Elezi, Izabella Ivanoviq dhe Radica Dashiq. N\u00eb kata individuale me medaljen e bronzt\u00eb u kuror\u00ebzua Eliza Salihu. Ekipi i senioreve n\u00eb luft\u00ebra ekipore, n\u00eb p\u00ebrb\u00ebrje Gentiana Korpuzi, Radica Dashiq dhe Hantie Ibro\u00e7i u kuror\u00ebzua me medalje t\u00eb bronzt\u00eb. Gentiana Korpuzi \u00ebsht\u00eb garuese nga Kosova, e cila po ashtu \u00ebsht\u00eb regjistruar n\u00eb klubin ton\u00eb dhe tash e tutje do t\u00eb jet\u00eb p\u00ebrforcim mjaft i fort\u00eb p\u00ebr \u201eUlqinin\u201c. Ekipi i senior\u00ebve n\u00eb kata ishte n\u00eb p\u00ebrb\u00ebrje Dardan Ceka, Liridon Elezi dhe Viktor Curoviq dhe u kuror\u00ebzua me medalje t\u00eb bronzt\u00eb, nd\u00ebrsa ekipi i vajzave p\u00ebr pionier\u00eb n\u00eb p\u00ebrb\u00ebrje Diell\u00ebza Rama, Gabriella Junkoviq dhe Eliza Salihu po ashtu mor\u00ebn medaljen e bronzt\u00eb. Garuesit e KK \u201eUlqini\u201c n\u00eb disiplinat individuale dhe ekipore arrit\u00ebn t\u00eb fitojn\u00eb plot 42 medalje. Fal\u00ebnderojm\u00eb garuesit nga Kosova q\u00eb na p\u00ebrkrah\u00ebn n\u00eb k\u00ebt\u00eb Kampionat, duke garuar p\u00ebr ne, si dhe ata t\u00eb cil\u00ebt n\u00eb t\u00eb ardhmen do t\u00eb garojn\u00eb p\u00ebr klubin ton\u00eb. N\u00eb k\u00ebt\u00eb m\u00ebnyr\u00eb d\u00ebshmojm\u00eb bashk\u00ebpunimin e mir\u00eb n\u00eb mes t\u00eb klubeve tona, si dhe kemi treguar q\u00eb jemi t\u00eb fuqish\u00ebm, sepse luft\u00ebrat e k\u00ebtyre ekipe t\u00eb senior\u00ebve ishin t\u00eb shk\u00eblqyera. Referimi i nj\u00ebansh\u00ebm na d\u00ebmtoi shum\u00eb dhe p\u00ebr k\u00ebt\u00eb arsye nuk arrit\u00ebm t\u00eb shpallemi kampion\u00eb. Fal\u00ebnderojm\u00eb shum\u00eb mikun ton\u00eb Afrim Latifin, karateistin e shquar, selektor n\u00eb P\u00ebrfaq\u00ebsuesen e Kosov\u00ebs, i cili ka ardhur t\u00eb na p\u00ebrkrah\u00eb bashk\u00eb me tre garuesit e tjer\u00eb nga Kosova. N\u00eb dit\u00ebt n\u00eb vijim, garuesit ton\u00eb do t\u00eb p\u00ebrgatiten p\u00ebr Kampionatin Ballkanik, i cili do t\u00eb mbahet me 16-18 mars ne Herceg Novi, ku shpresojm\u00eb do t\u00eb arrijm\u00eb rezultate t\u00eb mira. Udh\u00ebheq\u00ebsia e klubit t\u00eb karates\u00eb \u201cUlqini\u201d fal\u00ebnderon sponzor\u00ebt e k\u00ebsaj gar\u00eb &#8211; L\u00ebvizjen \u201cPerspektiva\u201d, \u201cFinal trade\u201d, Mario Rudoviq nga Shtoji dhe prind\u00ebrit e f\u00ebmij\u00ebve .<\/p>\n<p><strong>Sh\u00ebrbimi informativ i Klubit t\u00eb Karates\u00eb \u201cUlqini\u201d<br \/>\n\n\t\t<style type=\"text\/css\">\n\t\t\t#gallery-1 {\n\t\t\t\tmargin: auto;\n\t\t\t}\n\t\t\t#gallery-1 .gallery-item {\n\t\t\t\tfloat: left;\n\t\t\t\tmargin-top: 10px;\n\t\t\t\ttext-align: center;\n\t\t\t\twidth: 33%;\n\t\t\t}\n\t\t\t#gallery-1 img {\n\t\t\t\tborder: 2px solid #cfcfcf;\n\t\t\t}\n\t\t\t#gallery-1 .gallery-caption {\n\t\t\t\tmargin-left: 0;\n\t\t\t}\n\t\t\t\/* see gallery_shortcode() in wp-includes\/media.php *\/\n\t\t<\/style>\n\t\t<div id='gallery-1' class='gallery galleryid-58034 gallery-columns-3 gallery-size-thumbnail'><dl class='gallery-item'>\n\t\t\t<dt class='gallery-icon landscape'>\n\t\t\t\t<a href='https:\/\/www.visit-ulcinj.com\/blog\/wp-content\/uploads\/2012\/03\/DARDAN-CEKA-DHE-DIELL\u00cbZA-RAMA-KAMPION\u00cb-KK-ULQINI.jpg'><img width=\"150\" height=\"150\" src=\"https:\/\/www.visit-ulcinj.com\/blog\/wp-content\/uploads\/2012\/03\/DARDAN-CEKA-DHE-DIELL\u00cbZA-RAMA-KAMPION\u00cb-KK-ULQINI-150x150.jpg\" class=\"attachment-thumbnail size-thumbnail\" alt=\"\" loading=\"lazy\" \/><\/a>\n\t\t\t<\/dt><\/dl><dl class='gallery-item'>\n\t\t\t<dt class='gallery-icon portrait'>\n\t\t\t\t<a href='https:\/\/www.visit-ulcinj.com\/blog\/wp-content\/uploads\/2012\/03\/DARDAN-CEKA-KK-ULQINI.1.jpg'><img width=\"150\" height=\"150\" src=\"https:\/\/www.visit-ulcinj.com\/blog\/wp-content\/uploads\/2012\/03\/DARDAN-CEKA-KK-ULQINI.1-150x150.jpg\" class=\"attachment-thumbnail size-thumbnail\" alt=\"\" loading=\"lazy\" \/><\/a>\n\t\t\t<\/dt><\/dl><dl class='gallery-item'>\n\t\t\t<dt class='gallery-icon landscape'>\n\t\t\t\t<a href='https:\/\/www.visit-ulcinj.com\/blog\/wp-content\/uploads\/2012\/03\/DARDAN-CEKA-DHE-DIELL\u00cbZA-RAMA-KAMPION\u00cb-KK-ULQINI.1.jpg'><img width=\"150\" height=\"150\" src=\"https:\/\/www.visit-ulcinj.com\/blog\/wp-content\/uploads\/2012\/03\/DARDAN-CEKA-DHE-DIELL\u00cbZA-RAMA-KAMPION\u00cb-KK-ULQINI.1-150x150.jpg\" class=\"attachment-thumbnail size-thumbnail\" alt=\"\" loading=\"lazy\" \/><\/a>\n\t\t\t<\/dt><\/dl><br style=\"clear: both\" \/><dl class='gallery-item'>\n\t\t\t<dt class='gallery-icon landscape'>\n\t\t\t\t<a href='https:\/\/www.visit-ulcinj.com\/blog\/wp-content\/uploads\/2012\/03\/DARDAN-CEKA-DHE-DIELL\u00cbZA-RAMA-KAMPION\u00cb-KK-ULQINI.2_picnik.jpg'><img width=\"150\" height=\"150\" src=\"https:\/\/www.visit-ulcinj.com\/blog\/wp-content\/uploads\/2012\/03\/DARDAN-CEKA-DHE-DIELL\u00cbZA-RAMA-KAMPION\u00cb-KK-ULQINI.2_picnik-150x150.jpg\" class=\"attachment-thumbnail size-thumbnail\" alt=\"\" loading=\"lazy\" \/><\/a>\n\t\t\t<\/dt><\/dl><dl class='gallery-item'>\n\t\t\t<dt class='gallery-icon landscape'>\n\t\t\t\t<a href='https:\/\/www.visit-ulcinj.com\/blog\/wp-content\/uploads\/2012\/03\/DARDAN-CEKA-DHE-DIELL\u00cbZA-RAMA-KAMPION\u00cb-KK-ULQINI1.jpg'><img width=\"150\" height=\"150\" src=\"https:\/\/www.visit-ulcinj.com\/blog\/wp-content\/uploads\/2012\/03\/DARDAN-CEKA-DHE-DIELL\u00cbZA-RAMA-KAMPION\u00cb-KK-ULQINI1-150x150.jpg\" class=\"attachment-thumbnail size-thumbnail\" alt=\"\" loading=\"lazy\" \/><\/a>\n\t\t\t<\/dt><\/dl><dl class='gallery-item'>\n\t\t\t<dt class='gallery-icon portrait'>\n\t\t\t\t<a href='https:\/\/www.visit-ulcinj.com\/blog\/wp-content\/uploads\/2012\/03\/DIELL\u00cbZA-RAMA-KAMPION\u00cb-KK-ULQINI.1.jpg'><img width=\"150\" height=\"150\" src=\"https:\/\/www.visit-ulcinj.com\/blog\/wp-content\/uploads\/2012\/03\/DIELL\u00cbZA-RAMA-KAMPION\u00cb-KK-ULQINI.1-150x150.jpg\" class=\"attachment-thumbnail size-thumbnail\" alt=\"\" loading=\"lazy\" \/><\/a>\n\t\t\t<\/dt><\/dl><br style=\"clear: both\" \/>\n\t\t<\/div>\n<br \/>\n<\/strong><\/p>\n","protected":false},"excerpt":{"rendered":"<p>Klubi i karates\u00eb \u201cUlqini\u201d u rendit n\u00eb vendin e tret\u00eb n\u00eb renditjen e p\u00ebrgjithshme. DARDAN CEKA DHE DIELL\u00cbZA RAMA KAMPION\u00cb T\u00eb shtun\u00ebn, m\u00eb 3 mars 2012 n\u00eb Podgoric\u00eb u mbajt Kampionati i Karates\u00eb s\u00eb Malit t\u00eb Zi p\u00ebr pionier\u00eb, shpresa dhe senior\u00eb. Klubi i karates\u00eb \u201cUlqini\u201d u rendit n\u00eb ve&#8230;nd t\u00eb tret\u00eb n\u00eb renditjen e [&hellip;]<\/p>\n","protected":false},"author":1,"featured_media":0,"comment_status":"open","ping_status":"closed","sticky":false,"template":"","format":"standard","meta":{"spay_email":"","jetpack_publicize_message":"","jetpack_is_tweetstorm":false,"jetpack_publicize_feature_enabled":true},"categories":[3],"tags":[14707],"jetpack_publicize_connections":[],"yoast_head":"<!-- This site is optimized with the Yoast SEO plugin v19.1 - https:\/\/yoast.com\/wordpress\/plugins\/seo\/ -->\n<title>K. K. &quot;Ulqini&quot; 42 medalje n\u00eb kampionatin e Malit t\u00eb Zi - Lajme nga Ulqini<\/title>\n<meta name=\"description\" content=\"Klubi i karates\u00eb \u201cUlqini\u201d u rendit n\u00eb vendin e tret\u00eb n\u00eb renditjen e p\u00ebrgjithshme. DARDAN CEKA DHE DIELL\u00cbZA RAMA KAMPION\u00cb T\u00eb shtun\u00ebn, m\u00eb 3 mars 2012 n\u00eb\" \/>\n<meta name=\"robots\" content=\"index, follow, max-snippet:-1, max-image-preview:large, max-video-preview:-1\" \/>\n<link rel=\"canonical\" href=\"https:\/\/www.visit-ulcinj.com\/blog\/2012\/03\/09\/k-k-ulqini-42-medalje-ne-kampionatin-e-malit-te-zi\/\" \/>\n<meta property=\"og:locale\" content=\"en_US\" \/>\n<meta property=\"og:type\" content=\"article\" \/>\n<meta property=\"og:title\" content=\"K. K. &quot;Ulqini&quot; 42 medalje n\u00eb kampionatin e Malit t\u00eb Zi - Lajme nga Ulqini\" \/>\n<meta property=\"og:description\" content=\"Klubi i karates\u00eb \u201cUlqini\u201d u rendit n\u00eb vendin e tret\u00eb n\u00eb renditjen e p\u00ebrgjithshme. DARDAN CEKA DHE DIELL\u00cbZA RAMA KAMPION\u00cb T\u00eb shtun\u00ebn, m\u00eb 3 mars 2012 n\u00eb\" \/>\n<meta property=\"og:url\" content=\"https:\/\/www.visit-ulcinj.com\/blog\/2012\/03\/09\/k-k-ulqini-42-medalje-ne-kampionatin-e-malit-te-zi\/\" \/>\n<meta property=\"og:site_name\" content=\"Lajme nga Ulqini\" \/>\n<meta property=\"article:published_time\" content=\"2012-03-09T13:41:34+00:00\" \/>\n<meta property=\"og:image\" content=\"https:\/\/www.visit-ulcinj.com\/blog\/wp-content\/uploads\/2012\/03\/DARDAN-CEKA-DHE-DIELL\u00cbZA-RAMA-KAMPION\u00cb-KK-ULQINI-150x150.jpg\" \/>\n<meta name=\"twitter:label1\" content=\"Written by\" \/>\n\t<meta name=\"twitter:data1\" content=\"ulqini\" \/>\n\t<meta name=\"twitter:label2\" content=\"Est. reading time\" \/>\n\t<meta name=\"twitter:data2\" content=\"3 minutes\" \/>\n<script type=\"application\/ld+json\" class=\"yoast-schema-graph\">{\"@context\":\"https:\/\/schema.org\",\"@graph\":[{\"@type\":\"WebSite\",\"@id\":\"https:\/\/www.visit-ulcinj.com\/blog\/#website\",\"url\":\"https:\/\/www.visit-ulcinj.com\/blog\/\",\"name\":\"Lajme nga Ulqini\",\"description\":\"Lajme,Vijesti,Ulqini,Ulqin,Crna Gora,Mali i Zi\",\"potentialAction\":[{\"@type\":\"SearchAction\",\"target\":{\"@type\":\"EntryPoint\",\"urlTemplate\":\"https:\/\/www.visit-ulcinj.com\/blog\/?s={search_term_string}\"},\"query-input\":\"required name=search_term_string\"}],\"inLanguage\":\"en-US\"},{\"@type\":\"WebPage\",\"@id\":\"https:\/\/www.visit-ulcinj.com\/blog\/2012\/03\/09\/k-k-ulqini-42-medalje-ne-kampionatin-e-malit-te-zi\/#webpage\",\"url\":\"https:\/\/www.visit-ulcinj.com\/blog\/2012\/03\/09\/k-k-ulqini-42-medalje-ne-kampionatin-e-malit-te-zi\/\",\"name\":\"K. K. \\\"Ulqini\\\" 42 medalje n\u00eb kampionatin e Malit t\u00eb Zi - Lajme nga Ulqini\",\"isPartOf\":{\"@id\":\"https:\/\/www.visit-ulcinj.com\/blog\/#website\"},\"datePublished\":\"2012-03-09T13:41:34+00:00\",\"dateModified\":\"2012-03-09T13:41:34+00:00\",\"author\":{\"@id\":\"https:\/\/www.visit-ulcinj.com\/blog\/#\/schema\/person\/dcab619c614d3038751c63bc2aadc06d\"},\"description\":\"Klubi i karates\u00eb \u201cUlqini\u201d u rendit n\u00eb vendin e tret\u00eb n\u00eb renditjen e p\u00ebrgjithshme. DARDAN CEKA DHE DIELL\u00cbZA RAMA KAMPION\u00cb T\u00eb shtun\u00ebn, m\u00eb 3 mars 2012 n\u00eb\",\"breadcrumb\":{\"@id\":\"https:\/\/www.visit-ulcinj.com\/blog\/2012\/03\/09\/k-k-ulqini-42-medalje-ne-kampionatin-e-malit-te-zi\/#breadcrumb\"},\"inLanguage\":\"en-US\",\"potentialAction\":[{\"@type\":\"ReadAction\",\"target\":[\"https:\/\/www.visit-ulcinj.com\/blog\/2012\/03\/09\/k-k-ulqini-42-medalje-ne-kampionatin-e-malit-te-zi\/\"]}]},{\"@type\":\"BreadcrumbList\",\"@id\":\"https:\/\/www.visit-ulcinj.com\/blog\/2012\/03\/09\/k-k-ulqini-42-medalje-ne-kampionatin-e-malit-te-zi\/#breadcrumb\",\"itemListElement\":[{\"@type\":\"ListItem\",\"position\":1,\"name\":\"K. K. &#8220;Ulqini&#8221; 42 medalje n\u00eb kampionatin e Malit t\u00eb Zi\"}]},{\"@type\":\"Person\",\"@id\":\"https:\/\/www.visit-ulcinj.com\/blog\/#\/schema\/person\/dcab619c614d3038751c63bc2aadc06d\",\"name\":\"ulqini\",\"sameAs\":[\"http:\/\/www.visit-ulcinj.com\"],\"url\":\"https:\/\/www.visit-ulcinj.com\/blog\/author\/admin\/\"}]}<\/script>\n<!-- \/ Yoast SEO plugin. -->","yoast_head_json":{"title":"K. K. \"Ulqini\" 42 medalje n\u00eb kampionatin e Malit t\u00eb Zi - Lajme nga Ulqini","description":"Klubi i karates\u00eb \u201cUlqini\u201d u rendit n\u00eb vendin e tret\u00eb n\u00eb renditjen e p\u00ebrgjithshme. DARDAN CEKA DHE DIELL\u00cbZA RAMA KAMPION\u00cb T\u00eb shtun\u00ebn, m\u00eb 3 mars 2012 n\u00eb","robots":{"index":"index","follow":"follow","max-snippet":"max-snippet:-1","max-image-preview":"max-image-preview:large","max-video-preview":"max-video-preview:-1"},"canonical":"https:\/\/www.visit-ulcinj.com\/blog\/2012\/03\/09\/k-k-ulqini-42-medalje-ne-kampionatin-e-malit-te-zi\/","og_locale":"en_US","og_type":"article","og_title":"K. K. \"Ulqini\" 42 medalje n\u00eb kampionatin e Malit t\u00eb Zi - Lajme nga Ulqini","og_description":"Klubi i karates\u00eb \u201cUlqini\u201d u rendit n\u00eb vendin e tret\u00eb n\u00eb renditjen e p\u00ebrgjithshme. DARDAN CEKA DHE DIELL\u00cbZA RAMA KAMPION\u00cb T\u00eb shtun\u00ebn, m\u00eb 3 mars 2012 n\u00eb","og_url":"https:\/\/www.visit-ulcinj.com\/blog\/2012\/03\/09\/k-k-ulqini-42-medalje-ne-kampionatin-e-malit-te-zi\/","og_site_name":"Lajme nga Ulqini","article_published_time":"2012-03-09T13:41:34+00:00","og_image":[{"url":"https:\/\/www.visit-ulcinj.com\/blog\/wp-content\/uploads\/2012\/03\/DARDAN-CEKA-DHE-DIELL\u00cbZA-RAMA-KAMPION\u00cb-KK-ULQINI-150x150.jpg"}],"twitter_misc":{"Written by":"ulqini","Est. reading time":"3 minutes"},"schema":{"@context":"https:\/\/schema.org","@graph":[{"@type":"WebSite","@id":"https:\/\/www.visit-ulcinj.com\/blog\/#website","url":"https:\/\/www.visit-ulcinj.com\/blog\/","name":"Lajme nga Ulqini","description":"Lajme,Vijesti,Ulqini,Ulqin,Crna Gora,Mali i Zi","potentialAction":[{"@type":"SearchAction","target":{"@type":"EntryPoint","urlTemplate":"https:\/\/www.visit-ulcinj.com\/blog\/?s={search_term_string}"},"query-input":"required name=search_term_string"}],"inLanguage":"en-US"},{"@type":"WebPage","@id":"https:\/\/www.visit-ulcinj.com\/blog\/2012\/03\/09\/k-k-ulqini-42-medalje-ne-kampionatin-e-malit-te-zi\/#webpage","url":"https:\/\/www.visit-ulcinj.com\/blog\/2012\/03\/09\/k-k-ulqini-42-medalje-ne-kampionatin-e-malit-te-zi\/","name":"K. K. \"Ulqini\" 42 medalje n\u00eb kampionatin e Malit t\u00eb Zi - Lajme nga Ulqini","isPartOf":{"@id":"https:\/\/www.visit-ulcinj.com\/blog\/#website"},"datePublished":"2012-03-09T13:41:34+00:00","dateModified":"2012-03-09T13:41:34+00:00","author":{"@id":"https:\/\/www.visit-ulcinj.com\/blog\/#\/schema\/person\/dcab619c614d3038751c63bc2aadc06d"},"description":"Klubi i karates\u00eb \u201cUlqini\u201d u rendit n\u00eb vendin e tret\u00eb n\u00eb renditjen e p\u00ebrgjithshme. DARDAN CEKA DHE DIELL\u00cbZA RAMA KAMPION\u00cb T\u00eb shtun\u00ebn, m\u00eb 3 mars 2012 n\u00eb","breadcrumb":{"@id":"https:\/\/www.visit-ulcinj.com\/blog\/2012\/03\/09\/k-k-ulqini-42-medalje-ne-kampionatin-e-malit-te-zi\/#breadcrumb"},"inLanguage":"en-US","potentialAction":[{"@type":"ReadAction","target":["https:\/\/www.visit-ulcinj.com\/blog\/2012\/03\/09\/k-k-ulqini-42-medalje-ne-kampionatin-e-malit-te-zi\/"]}]},{"@type":"BreadcrumbList","@id":"https:\/\/www.visit-ulcinj.com\/blog\/2012\/03\/09\/k-k-ulqini-42-medalje-ne-kampionatin-e-malit-te-zi\/#breadcrumb","itemListElement":[{"@type":"ListItem","position":1,"name":"K. K. &#8220;Ulqini&#8221; 42 medalje n\u00eb kampionatin e Malit t\u00eb Zi"}]},{"@type":"Person","@id":"https:\/\/www.visit-ulcinj.com\/blog\/#\/schema\/person\/dcab619c614d3038751c63bc2aadc06d","name":"ulqini","sameAs":["http:\/\/www.visit-ulcinj.com"],"url":"https:\/\/www.visit-ulcinj.com\/blog\/author\/admin\/"}]}},"jetpack_featured_media_url":"","jetpack_sharing_enabled":true,"jetpack_shortlink":"https:\/\/wp.me\/pe6lTn-f62","_links":{"self":[{"href":"https:\/\/www.visit-ulcinj.com\/blog\/wp-json\/wp\/v2\/posts\/58034"}],"collection":[{"href":"https:\/\/www.visit-ulcinj.com\/blog\/wp-json\/wp\/v2\/posts"}],"about":[{"href":"https:\/\/www.visit-ulcinj.com\/blog\/wp-json\/wp\/v2\/types\/post"}],"author":[{"embeddable":true,"href":"https:\/\/www.visit-ulcinj.com\/blog\/wp-json\/wp\/v2\/users\/1"}],"replies":[{"embeddable":true,"href":"https:\/\/www.visit-ulcinj.com\/blog\/wp-json\/wp\/v2\/comments?post=58034"}],"version-history":[{"count":1,"href":"https:\/\/www.visit-ulcinj.com\/blog\/wp-json\/wp\/v2\/posts\/58034\/revisions"}],"predecessor-version":[{"id":58041,"href":"https:\/\/www.visit-ulcinj.com\/blog\/wp-json\/wp\/v2\/posts\/58034\/revisions\/58041"}],"wp:attachment":[{"href":"https:\/\/www.visit-ulcinj.com\/blog\/wp-json\/wp\/v2\/media?parent=58034"}],"wp:term":[{"taxonomy":"category","embeddable":true,"href":"https:\/\/www.visit-ulcinj.com\/blog\/wp-json\/wp\/v2\/categories?post=58034"},{"taxonomy":"post_tag","embeddable":true,"href":"https:\/\/www.visit-ulcinj.com\/blog\/wp-json\/wp\/v2\/tags?post=58034"}],"curies":[{"name":"wp","href":"https:\/\/api.w.org\/{rel}","templated":true}]}}