{"id":5806,"date":"2008-11-10T17:32:13","date_gmt":"2008-11-10T22:32:13","guid":{"rendered":"http:\/\/www.visit-ulcinj.com\/blog\/?p=5806"},"modified":"2008-11-12T02:20:51","modified_gmt":"2008-11-12T07:20:51","slug":"flet-per-kosoven-sikur-pavaresia-e-saj-eshte-merite-ekskluzive-e-ferhatit","status":"publish","type":"post","link":"https:\/\/www.visit-ulcinj.com\/blog\/2008\/11\/10\/flet-per-kosoven-sikur-pavaresia-e-saj-eshte-merite-ekskluzive-e-ferhatit\/","title":{"rendered":"Flet p\u00ebr Kosov\u00ebn sikur pavar\u00ebsia e saj \u00ebsht\u00eb merit\u00eb ekskluzive e Ferhatit"},"content":{"rendered":"<p><a href=\"http:\/\/www.visit-ulcinj.com\/blog\/wp-content\/uploads\/2008\/11\/ferhat-dinosha-2.jpg\"><img loading=\"lazy\" class=\"alignleft size-medium wp-image-5807\" title=\"ferhat-dinosha-2\" src=\"http:\/\/www.visit-ulcinj.com\/blog\/wp-content\/uploads\/2008\/11\/ferhat-dinosha-2-300x134.jpg\" alt=\"\" width=\"300\" height=\"148\" \/><\/a>T`i kthehemi halleve q\u00eb na brengosin br\u00ebnda. Para disa dit\u00ebsh n\u00eb Ulqin, nj\u00eb klub sportiv zyrtarisht e humbet lojen vet\u00ebm se n\u00eb muret e shkoll\u00ebs figuronte flamuri shqiptar. Edhe kjo merit\u00eb e juaja.<br \/>\n\u00c7do dit\u00eb rrahni tupanin se ju e soll\u00ebt flamurin shqiptar n\u00eb Mal t\u00eb Zi.<br \/>\nPo si u humbaska loja p\u00ebr flamur t\u00eb cilin vet\u00eb Dinosha na e siguroi?!<br \/>\nT\u00eb falenderojm\u00eb edhe p\u00ebr k\u00ebt\u00eb merit\u00eb.<br \/>\nUlqinit i keni sjellur edhe merita t\u00eb tjera p\u00ebr t\u00eb cil\u00ebn gj\u00eb ata duhet t`ju falend\u00ebrojn\u00eb, n\u00ebse nj\u00eb gj\u00eb t\u00eb till\u00eb nuk e kan\u00eb b\u00ebr\u00eb edhe deri m\u00eb tani.<br \/>\nKriporen e privatizuat me kushte shum\u00eb &#8220;t\u00eb favorshme&#8221; p\u00ebr qytetin e Ulqinit. Aq jan\u00eb kushtet e favorshme sa q\u00eb pronari n\u00eb nj\u00eb t\u00eb af\u00ebrme ndoshta mendon q\u00eb ta mbyll kriporen e ta shes\u00eb p\u00ebr truall .<br \/>\nDhasht\u00eb zoti q\u00eb t`i nxjerr\u00eb t\u00eb hollat prej 960.000 euro p\u00ebr sip\u00ebrfaqe toke 15 milion\u00eb metra katror\u00eb s\u00eb bashku me kriporen.<br \/>\nNuk do t\u00eb ishte mir\u00eb q\u00eb t\u00eb na e shihte sherrin se u mundua i gjori t\u00eb na ndihmoj\u00eb s\u00eb bashku me ata t\u00eb cil\u00ebt edhe e perkrah\u00ebn dhe nuk than asnj\u00eb fjal\u00eb ndaj k\u00ebtij transferi shekullor.<br \/>\n\u00c7far\u00eb do t\u00eb b\u00ebni me ullishtat e Valdanosit? Ndoshta pritni ndonj\u00eb marr\u00ebveshje me sheik\u00ebt arabian\u00eb q\u00eb po paralajm\u00ebrohen koh\u00ebve t\u00eb fundit nga kreu partiak, komunal dhe shtet\u00ebror, e t\u00eb b\u00ebni nj\u00eb transfer t\u00eb ngjash\u00ebm me at\u00eb t\u00eb kripores.<br \/>\n\u00c7ka do t\u00eb b\u00ebhet me Alpet Shqiptare n\u00eb Komun\u00ebn e Plav\u00ebs q\u00eb me vot\u00ebn tuaj u nacionalizuan?<br \/>\nDo t`i zgjidhni k\u00ebto \u00e7\u00ebshtje, ska dyshim, n\u00ebse fitoni detyr\u00eb nga lart\u00eb . Prap arsyetimi besojm\u00eb se do te jet\u00eb i nj\u00ebjt\u00eb, ju kan\u00eb k\u00ebshilluar Amerikan\u00ebt, se ju nuk ishit p\u00ebr nj\u00eb zgjidhje t\u00eb till\u00eb. Ashtu si shkoi puna edhe me komun\u00ebn e Tuzit.<br \/>\nJo, jo zot\u00ebri, Amerikan\u00ebt e as Kinez\u00ebt nuk t\u00eb detyrojn\u00eb t\u00eb veprosh kund\u00ebr interesave t\u00eb popullit, po as kund\u00ebr bindjeve politike.<br \/>\nPo \u00e7`u b\u00eb me diaspor\u00ebn q\u00eb dikur e doje shum\u00eb?<br \/>\nNuk shohim m\u00eb ftesa nga shqiptar\u00ebt ton\u00eb drejtuar shp\u00ebtimtarit t\u00eb \u00e7\u00ebshtjes shqiptare.<br \/>\nNa intereson t\u00eb dim\u00eb se a nd\u00ebrruat ju q\u00ebndrimet dhe u parkuat gabimisht apo ndoshta diaspora nuk \u00ebsht\u00eb m\u00eb e nj\u00ebjta q\u00eb ishte deri para disa viteve.<br \/>\nKeni edhe merita t\u00eb cilat nuk duhet t`i l\u00ebm\u00eb anash. Sa i p\u00ebrket pun\u00ebsimeve keni arritur nj\u00eb sukses t\u00eb lakmuesh\u00ebm. Me urdh\u00ebrin tuaj keni pun\u00ebsuar edhe diplomat\u00eb dhe polic\u00eb. Por mjerisht nuk keni shum\u00eb njer\u00ebz t\u00eb besuesh\u00ebm n\u00eb Mal\u00ebsi, andaj u detyruat q\u00eb n\u00eb v\u00ebnde t\u00eb besueshme t\u00eb pun\u00ebsoni familjar\u00ebt tuaj apo m\u00eb t\u00eb af\u00ebrmit. Edhe k\u00ebsaj i thon\u00eb politik\u00eb.<br \/>\nT\u00eb pun\u00ebsosh sot shqiptar\u00eb \u00ebsht\u00eb patriotiz\u00ebm edhe n\u00ebse n\u00eb k\u00ebto vende te pun\u00ebs e inkuadron pothuaj krejt familjen.<br \/>\nKritere t\u00eb ngjashme p\u00ebr pun\u00ebsim kishim vet\u00ebm n\u00eb sistemet komuniste autoritare.<br \/>\nMbetet t\u00eb shohim se \u00e7far\u00eb detyre do t\u00eb t\u00eb japin, gjegj\u00ebsisht do t\u00eb pranosh n\u00eb t\u00eb ardhmen, apo ndoshta dhasht\u00eb Zoti p\u00ebrs\u00ebri do t`i ktheh\u00ebsh foles\u00eb dhe s\u00eb bashku do t\u00eb punojm\u00eb p\u00ebr nj\u00eb t\u00eb ardhme m\u00eb t\u00eb mir\u00eb t\u00eb t\u00eb gjith\u00eb qytetar\u00ebve.<br \/>\nDeri at\u00ebher\u00eb ju k\u00ebshillojm\u00eb q\u00eb t\u00eb merrni dhe lexoni aktakuz\u00ebn ndaj v\u00ebllez\u00ebrve tan\u00eb t\u00eb burgosur n\u00eb aksionin policor ,,Fluturimi i shqiponj\u00ebs&#8221;, q\u00eb sipas jush jan\u00eb t\u00eb burgosur nga ne e t\u00eb cil\u00ebt akuzohen n\u00eb mes tjerash, edhe p\u00ebr ndihm\u00ebn financiare q\u00eb i paskan b\u00ebr\u00eb Ushtris\u00eb \u00c7lirimtare t\u00eb Kosov\u00ebs, e ju pastaj shpjegoni se kujt i takon padit\u00ebsi shtet\u00ebror &#8211; politik\u00ebs suaj apo ton\u00ebs?<br \/>\nDhe s\u00eb fundi, edhe nj\u00eb k\u00ebshill\u00eb: krahasoni tekstin e propozimit t\u00eb kushtetut\u00ebs me at\u00eb q\u00eb kemi sot. N\u00ebse ju nuk v\u00ebreni dallime, qytetar\u00ebt shqiptar\u00eb ato i shohin. Kjo merit\u00eb me siguri se nuk ju takon juve ngase, p\u00ebr dallim nga t\u00eb tjer\u00ebt, nuk kishit asnj\u00eb amandament partiak. Kjo edhe na nxit\u00eb t\u00eb besojm\u00eb dhe t\u00eb punojm\u00eb si opozit\u00eb shqiptare n\u00eb Mal t\u00eb Zi drejt angazhimit ton\u00eb p\u00ebr nj\u00eb platform\u00eb t\u00eb qart\u00eb politike t\u00eb veprimit, q\u00eb t\u00eb gjith\u00ebve s\u00eb bashku do tna \u00e7onte drejt arritjes s\u00eb t\u00eb drejtave tona si popull autokton n\u00eb trojet e veta etnike.<br \/>\n<strong>Smajl-Maliq \u00c7unmulaj<br \/>\nVasel Sinishtaj<br \/>\nKoha Javore<\/strong><\/p>\n","protected":false},"excerpt":{"rendered":"<p>T`i kthehemi halleve q\u00eb na brengosin br\u00ebnda. Para disa dit\u00ebsh n\u00eb Ulqin, nj\u00eb klub sportiv zyrtarisht e humbet lojen vet\u00ebm se n\u00eb muret e shkoll\u00ebs figuronte flamuri shqiptar. Edhe kjo merit\u00eb e juaja. \u00c7do dit\u00eb rrahni tupanin se ju e soll\u00ebt flamurin shqiptar n\u00eb Mal t\u00eb Zi. Po si u humbaska loja p\u00ebr flamur t\u00eb [&hellip;]<\/p>\n","protected":false},"author":1,"featured_media":0,"comment_status":"open","ping_status":"closed","sticky":false,"template":"","format":"standard","meta":{"spay_email":"","jetpack_publicize_message":"","jetpack_is_tweetstorm":false,"jetpack_publicize_feature_enabled":true},"categories":[6],"tags":[97],"jetpack_publicize_connections":[],"yoast_head":"<!-- This site is optimized with the Yoast SEO plugin v19.1 - https:\/\/yoast.com\/wordpress\/plugins\/seo\/ -->\n<title>Flet p\u00ebr Kosov\u00ebn sikur pavar\u00ebsia e saj \u00ebsht\u00eb merit\u00eb ekskluzive e Ferhatit - Lajme nga Ulqini<\/title>\n<meta name=\"description\" content=\"T`i kthehemi halleve q\u00eb na brengosin br\u00ebnda. Para disa dit\u00ebsh n\u00eb Ulqin, nj\u00eb klub sportiv zyrtarisht e humbet lojen vet\u00ebm se n\u00eb muret e shkoll\u00ebs figuronte\" \/>\n<meta name=\"robots\" content=\"index, follow, max-snippet:-1, max-image-preview:large, max-video-preview:-1\" \/>\n<link rel=\"canonical\" href=\"https:\/\/www.visit-ulcinj.com\/blog\/2008\/11\/10\/flet-per-kosoven-sikur-pavaresia-e-saj-eshte-merite-ekskluzive-e-ferhatit\/\" \/>\n<meta property=\"og:locale\" content=\"en_US\" \/>\n<meta property=\"og:type\" content=\"article\" \/>\n<meta property=\"og:title\" content=\"Flet p\u00ebr Kosov\u00ebn sikur pavar\u00ebsia e saj \u00ebsht\u00eb merit\u00eb ekskluzive e Ferhatit - Lajme nga Ulqini\" \/>\n<meta property=\"og:description\" content=\"T`i kthehemi halleve q\u00eb na brengosin br\u00ebnda. Para disa dit\u00ebsh n\u00eb Ulqin, nj\u00eb klub sportiv zyrtarisht e humbet lojen vet\u00ebm se n\u00eb muret e shkoll\u00ebs figuronte\" \/>\n<meta property=\"og:url\" content=\"https:\/\/www.visit-ulcinj.com\/blog\/2008\/11\/10\/flet-per-kosoven-sikur-pavaresia-e-saj-eshte-merite-ekskluzive-e-ferhatit\/\" \/>\n<meta property=\"og:site_name\" content=\"Lajme nga Ulqini\" \/>\n<meta property=\"article:published_time\" content=\"2008-11-10T22:32:13+00:00\" \/>\n<meta property=\"article:modified_time\" content=\"2008-11-12T07:20:51+00:00\" \/>\n<meta property=\"og:image\" content=\"http:\/\/www.visit-ulcinj.com\/blog\/wp-content\/uploads\/2008\/11\/ferhat-dinosha-2-300x134.jpg\" \/>\n<meta name=\"twitter:label1\" content=\"Written by\" \/>\n\t<meta name=\"twitter:data1\" content=\"ulqini\" \/>\n\t<meta name=\"twitter:label2\" content=\"Est. reading time\" \/>\n\t<meta name=\"twitter:data2\" content=\"4 minutes\" \/>\n<script type=\"application\/ld+json\" class=\"yoast-schema-graph\">{\"@context\":\"https:\/\/schema.org\",\"@graph\":[{\"@type\":\"WebSite\",\"@id\":\"https:\/\/www.visit-ulcinj.com\/blog\/#website\",\"url\":\"https:\/\/www.visit-ulcinj.com\/blog\/\",\"name\":\"Lajme nga Ulqini\",\"description\":\"Lajme,Vijesti,Ulqini,Ulqin,Crna Gora,Mali i Zi\",\"potentialAction\":[{\"@type\":\"SearchAction\",\"target\":{\"@type\":\"EntryPoint\",\"urlTemplate\":\"https:\/\/www.visit-ulcinj.com\/blog\/?s={search_term_string}\"},\"query-input\":\"required name=search_term_string\"}],\"inLanguage\":\"en-US\"},{\"@type\":\"ImageObject\",\"inLanguage\":\"en-US\",\"@id\":\"https:\/\/www.visit-ulcinj.com\/blog\/2008\/11\/10\/flet-per-kosoven-sikur-pavaresia-e-saj-eshte-merite-ekskluzive-e-ferhatit\/#primaryimage\",\"url\":\"http:\/\/www.visit-ulcinj.com\/blog\/wp-content\/uploads\/2008\/11\/ferhat-dinosha-2-300x134.jpg\",\"contentUrl\":\"http:\/\/www.visit-ulcinj.com\/blog\/wp-content\/uploads\/2008\/11\/ferhat-dinosha-2-300x134.jpg\"},{\"@type\":\"WebPage\",\"@id\":\"https:\/\/www.visit-ulcinj.com\/blog\/2008\/11\/10\/flet-per-kosoven-sikur-pavaresia-e-saj-eshte-merite-ekskluzive-e-ferhatit\/#webpage\",\"url\":\"https:\/\/www.visit-ulcinj.com\/blog\/2008\/11\/10\/flet-per-kosoven-sikur-pavaresia-e-saj-eshte-merite-ekskluzive-e-ferhatit\/\",\"name\":\"Flet p\u00ebr Kosov\u00ebn sikur pavar\u00ebsia e saj \u00ebsht\u00eb merit\u00eb ekskluzive e Ferhatit - Lajme nga Ulqini\",\"isPartOf\":{\"@id\":\"https:\/\/www.visit-ulcinj.com\/blog\/#website\"},\"primaryImageOfPage\":{\"@id\":\"https:\/\/www.visit-ulcinj.com\/blog\/2008\/11\/10\/flet-per-kosoven-sikur-pavaresia-e-saj-eshte-merite-ekskluzive-e-ferhatit\/#primaryimage\"},\"datePublished\":\"2008-11-10T22:32:13+00:00\",\"dateModified\":\"2008-11-12T07:20:51+00:00\",\"author\":{\"@id\":\"https:\/\/www.visit-ulcinj.com\/blog\/#\/schema\/person\/dcab619c614d3038751c63bc2aadc06d\"},\"description\":\"T`i kthehemi halleve q\u00eb na brengosin br\u00ebnda. Para disa dit\u00ebsh n\u00eb Ulqin, nj\u00eb klub sportiv zyrtarisht e humbet lojen vet\u00ebm se n\u00eb muret e shkoll\u00ebs figuronte\",\"breadcrumb\":{\"@id\":\"https:\/\/www.visit-ulcinj.com\/blog\/2008\/11\/10\/flet-per-kosoven-sikur-pavaresia-e-saj-eshte-merite-ekskluzive-e-ferhatit\/#breadcrumb\"},\"inLanguage\":\"en-US\",\"potentialAction\":[{\"@type\":\"ReadAction\",\"target\":[\"https:\/\/www.visit-ulcinj.com\/blog\/2008\/11\/10\/flet-per-kosoven-sikur-pavaresia-e-saj-eshte-merite-ekskluzive-e-ferhatit\/\"]}]},{\"@type\":\"BreadcrumbList\",\"@id\":\"https:\/\/www.visit-ulcinj.com\/blog\/2008\/11\/10\/flet-per-kosoven-sikur-pavaresia-e-saj-eshte-merite-ekskluzive-e-ferhatit\/#breadcrumb\",\"itemListElement\":[{\"@type\":\"ListItem\",\"position\":1,\"name\":\"Flet p\u00ebr Kosov\u00ebn sikur pavar\u00ebsia e saj \u00ebsht\u00eb merit\u00eb ekskluzive e Ferhatit\"}]},{\"@type\":\"Person\",\"@id\":\"https:\/\/www.visit-ulcinj.com\/blog\/#\/schema\/person\/dcab619c614d3038751c63bc2aadc06d\",\"name\":\"ulqini\",\"sameAs\":[\"http:\/\/www.visit-ulcinj.com\"],\"url\":\"https:\/\/www.visit-ulcinj.com\/blog\/author\/admin\/\"}]}<\/script>\n<!-- \/ Yoast SEO plugin. -->","yoast_head_json":{"title":"Flet p\u00ebr Kosov\u00ebn sikur pavar\u00ebsia e saj \u00ebsht\u00eb merit\u00eb ekskluzive e Ferhatit - Lajme nga Ulqini","description":"T`i kthehemi halleve q\u00eb na brengosin br\u00ebnda. Para disa dit\u00ebsh n\u00eb Ulqin, nj\u00eb klub sportiv zyrtarisht e humbet lojen vet\u00ebm se n\u00eb muret e shkoll\u00ebs figuronte","robots":{"index":"index","follow":"follow","max-snippet":"max-snippet:-1","max-image-preview":"max-image-preview:large","max-video-preview":"max-video-preview:-1"},"canonical":"https:\/\/www.visit-ulcinj.com\/blog\/2008\/11\/10\/flet-per-kosoven-sikur-pavaresia-e-saj-eshte-merite-ekskluzive-e-ferhatit\/","og_locale":"en_US","og_type":"article","og_title":"Flet p\u00ebr Kosov\u00ebn sikur pavar\u00ebsia e saj \u00ebsht\u00eb merit\u00eb ekskluzive e Ferhatit - Lajme nga Ulqini","og_description":"T`i kthehemi halleve q\u00eb na brengosin br\u00ebnda. Para disa dit\u00ebsh n\u00eb Ulqin, nj\u00eb klub sportiv zyrtarisht e humbet lojen vet\u00ebm se n\u00eb muret e shkoll\u00ebs figuronte","og_url":"https:\/\/www.visit-ulcinj.com\/blog\/2008\/11\/10\/flet-per-kosoven-sikur-pavaresia-e-saj-eshte-merite-ekskluzive-e-ferhatit\/","og_site_name":"Lajme nga Ulqini","article_published_time":"2008-11-10T22:32:13+00:00","article_modified_time":"2008-11-12T07:20:51+00:00","og_image":[{"url":"http:\/\/www.visit-ulcinj.com\/blog\/wp-content\/uploads\/2008\/11\/ferhat-dinosha-2-300x134.jpg"}],"twitter_misc":{"Written by":"ulqini","Est. reading time":"4 minutes"},"schema":{"@context":"https:\/\/schema.org","@graph":[{"@type":"WebSite","@id":"https:\/\/www.visit-ulcinj.com\/blog\/#website","url":"https:\/\/www.visit-ulcinj.com\/blog\/","name":"Lajme nga Ulqini","description":"Lajme,Vijesti,Ulqini,Ulqin,Crna Gora,Mali i Zi","potentialAction":[{"@type":"SearchAction","target":{"@type":"EntryPoint","urlTemplate":"https:\/\/www.visit-ulcinj.com\/blog\/?s={search_term_string}"},"query-input":"required name=search_term_string"}],"inLanguage":"en-US"},{"@type":"ImageObject","inLanguage":"en-US","@id":"https:\/\/www.visit-ulcinj.com\/blog\/2008\/11\/10\/flet-per-kosoven-sikur-pavaresia-e-saj-eshte-merite-ekskluzive-e-ferhatit\/#primaryimage","url":"http:\/\/www.visit-ulcinj.com\/blog\/wp-content\/uploads\/2008\/11\/ferhat-dinosha-2-300x134.jpg","contentUrl":"http:\/\/www.visit-ulcinj.com\/blog\/wp-content\/uploads\/2008\/11\/ferhat-dinosha-2-300x134.jpg"},{"@type":"WebPage","@id":"https:\/\/www.visit-ulcinj.com\/blog\/2008\/11\/10\/flet-per-kosoven-sikur-pavaresia-e-saj-eshte-merite-ekskluzive-e-ferhatit\/#webpage","url":"https:\/\/www.visit-ulcinj.com\/blog\/2008\/11\/10\/flet-per-kosoven-sikur-pavaresia-e-saj-eshte-merite-ekskluzive-e-ferhatit\/","name":"Flet p\u00ebr Kosov\u00ebn sikur pavar\u00ebsia e saj \u00ebsht\u00eb merit\u00eb ekskluzive e Ferhatit - Lajme nga Ulqini","isPartOf":{"@id":"https:\/\/www.visit-ulcinj.com\/blog\/#website"},"primaryImageOfPage":{"@id":"https:\/\/www.visit-ulcinj.com\/blog\/2008\/11\/10\/flet-per-kosoven-sikur-pavaresia-e-saj-eshte-merite-ekskluzive-e-ferhatit\/#primaryimage"},"datePublished":"2008-11-10T22:32:13+00:00","dateModified":"2008-11-12T07:20:51+00:00","author":{"@id":"https:\/\/www.visit-ulcinj.com\/blog\/#\/schema\/person\/dcab619c614d3038751c63bc2aadc06d"},"description":"T`i kthehemi halleve q\u00eb na brengosin br\u00ebnda. Para disa dit\u00ebsh n\u00eb Ulqin, nj\u00eb klub sportiv zyrtarisht e humbet lojen vet\u00ebm se n\u00eb muret e shkoll\u00ebs figuronte","breadcrumb":{"@id":"https:\/\/www.visit-ulcinj.com\/blog\/2008\/11\/10\/flet-per-kosoven-sikur-pavaresia-e-saj-eshte-merite-ekskluzive-e-ferhatit\/#breadcrumb"},"inLanguage":"en-US","potentialAction":[{"@type":"ReadAction","target":["https:\/\/www.visit-ulcinj.com\/blog\/2008\/11\/10\/flet-per-kosoven-sikur-pavaresia-e-saj-eshte-merite-ekskluzive-e-ferhatit\/"]}]},{"@type":"BreadcrumbList","@id":"https:\/\/www.visit-ulcinj.com\/blog\/2008\/11\/10\/flet-per-kosoven-sikur-pavaresia-e-saj-eshte-merite-ekskluzive-e-ferhatit\/#breadcrumb","itemListElement":[{"@type":"ListItem","position":1,"name":"Flet p\u00ebr Kosov\u00ebn sikur pavar\u00ebsia e saj \u00ebsht\u00eb merit\u00eb ekskluzive e Ferhatit"}]},{"@type":"Person","@id":"https:\/\/www.visit-ulcinj.com\/blog\/#\/schema\/person\/dcab619c614d3038751c63bc2aadc06d","name":"ulqini","sameAs":["http:\/\/www.visit-ulcinj.com"],"url":"https:\/\/www.visit-ulcinj.com\/blog\/author\/admin\/"}]}},"jetpack_featured_media_url":"","jetpack_sharing_enabled":true,"jetpack_shortlink":"https:\/\/wp.me\/pe6lTn-1vE","_links":{"self":[{"href":"https:\/\/www.visit-ulcinj.com\/blog\/wp-json\/wp\/v2\/posts\/5806"}],"collection":[{"href":"https:\/\/www.visit-ulcinj.com\/blog\/wp-json\/wp\/v2\/posts"}],"about":[{"href":"https:\/\/www.visit-ulcinj.com\/blog\/wp-json\/wp\/v2\/types\/post"}],"author":[{"embeddable":true,"href":"https:\/\/www.visit-ulcinj.com\/blog\/wp-json\/wp\/v2\/users\/1"}],"replies":[{"embeddable":true,"href":"https:\/\/www.visit-ulcinj.com\/blog\/wp-json\/wp\/v2\/comments?post=5806"}],"version-history":[{"count":0,"href":"https:\/\/www.visit-ulcinj.com\/blog\/wp-json\/wp\/v2\/posts\/5806\/revisions"}],"wp:attachment":[{"href":"https:\/\/www.visit-ulcinj.com\/blog\/wp-json\/wp\/v2\/media?parent=5806"}],"wp:term":[{"taxonomy":"category","embeddable":true,"href":"https:\/\/www.visit-ulcinj.com\/blog\/wp-json\/wp\/v2\/categories?post=5806"},{"taxonomy":"post_tag","embeddable":true,"href":"https:\/\/www.visit-ulcinj.com\/blog\/wp-json\/wp\/v2\/tags?post=5806"}],"curies":[{"name":"wp","href":"https:\/\/api.w.org\/{rel}","templated":true}]}}