{"id":58073,"date":"2012-03-10T07:41:25","date_gmt":"2012-03-10T06:41:25","guid":{"rendered":"http:\/\/www.visit-ulcinj.com\/blog\/?p=58073"},"modified":"2012-03-10T07:41:25","modified_gmt":"2012-03-10T06:41:25","slug":"alban-skenderaj-me-klip-te-ri-me-prit-atje","status":"publish","type":"post","link":"https:\/\/www.visit-ulcinj.com\/blog\/2012\/03\/10\/alban-skenderaj-me-klip-te-ri-me-prit-atje\/","title":{"rendered":"Alban Sk\u00ebnderaj: Me klip t\u00eb ri, \u201cM\u00eb prit atje\u201d"},"content":{"rendered":"<p><a href=\"http:\/\/www.visit-ulcinj.com\/blog\/wp-content\/uploads\/2012\/03\/Alban-Skenderaj.jpg\"><img loading=\"lazy\" class=\"alignleft size-full wp-image-58074\" title=\"Alban Skenderaj\" src=\"http:\/\/www.visit-ulcinj.com\/blog\/wp-content\/uploads\/2012\/03\/Alban-Skenderaj.jpg\" alt=\"\" width=\"604\" height=\"402\" \/><\/a>Alban Sk\u00ebnderaj \u00ebsht\u00eb padyshim nj\u00eb nga k\u00ebng\u00ebtar\u00ebt m\u00eb t\u00eb mir\u00eb shqiptar\u00eb t\u00eb viteve t\u00eb fundit. Shum\u00eb k\u00ebng\u00eb t\u00eb tij jan\u00eb b\u00ebr\u00eb hite, por Albani nuk ndalet s\u00eb sjelli s\u00ebrish klipe dhe krijime t\u00eb reja. Vet\u00ebm pas balad\u00ebs \u201cMir\u00ebsevjen n\u00eb shpirtin tim\u201d, ai do t\u00eb sjell\u00eb nj\u00eb tjet\u00ebr klip t\u00eb k\u00ebng\u00ebs \u201cM\u00eb prit atje\u201d. Kjo do t\u00eb jet\u00eb nj\u00eb k\u00ebng\u00eb ndryshe sa i p\u00ebrket muzik\u00ebs por edhe stilit. Klipi pothuajse ka mbaruar dhe shum\u00eb shpejt do t\u00eb transmetohet n\u00eb televizionet muzikore. \u201cM\u00eb prit atje\u201d \u00ebsht\u00eb nj\u00eb k\u00ebng\u00eb paksa ndryshe. Nj\u00eb miks midis nj\u00eb folku nd\u00ebrkomb\u00ebtar dhe muzik\u00ebs moderne pop\/rock. \u00cbsht\u00eb\u00a0 m\u00eb eksperimentale p\u00ebr mua, po nga ana tjet\u00ebr \u00ebsht\u00eb dhe shum\u00eb e thjesht\u00eb dhe e d\u00ebgjueshme p\u00ebr veshin, madje besoj q\u00eb mund t\u00eb d\u00ebgjohet me rehati nga \u00e7do mosh\u00eb\u201d, \u2013 thot\u00eb Albani p\u00ebr \u201cMapo\u201d. Madje sipas tij, ndonj\u00ebher\u00eb n\u00eb jet\u00eb njeriu duhet t\u2019i thyej\u00eb rregullat dhe mos t\u00eb ngelet p\u00ebrher\u00eb brenda kornizave, por t\u00eb b\u00ebj\u00eb at\u00eb q\u00eb shpirti i thot\u00eb. Ve\u00e7 projekteve t\u00eb tij, Alban Sk\u00ebnderaj flet edhe p\u00ebr eksperienc\u00ebn si pjes\u00eb e juris\u00eb n\u00eb \u201cX-Factor\u201d, p\u00ebr t\u00eb cil\u00ebn thot\u00eb se \u00ebsht\u00eb nj\u00eb eksperienc\u00eb \u201cq\u00eb m\u00eb rrit mua si artist por edhe si njeri. \u00cbsht\u00eb pun\u00eb shum\u00eb e lodhshme, por ia vlen\u201d. Jonida Hitoveizi Alban, kemi m\u00ebsuar se pas \u201cMir\u00ebsevjen n\u00eb shpirtin tim\u201d po p\u00ebrgatisni nj\u00eb klip t\u00eb ri. Mund t\u00eb na thoni di\u00e7ka m\u00eb shum\u00eb p\u00ebr k\u00ebng\u00ebn e re q\u00eb pritet t\u00eb dal\u00eb s\u00eb shpejti? \u00cbsht\u00eb nj\u00eb k\u00ebng\u00eb q\u00eb \u00ebsht\u00eb pjes\u00eb e albumit tim t\u00eb fundit. Titullohet \u201cM\u00eb prit atje\u201d dhe \u00ebsht\u00eb nj\u00eb k\u00ebng\u00eb paksa ndryshe. Nj\u00eb miks midis nj\u00eb folku nd\u00ebrkomb\u00ebtar dhe muzik\u00ebs moderne pop\/rock. \u00cbsht\u00eb m\u00eb eksperimentale p\u00ebr mua, po nga ana tjet\u00ebr \u00ebsht\u00eb dhe shum\u00eb e thjesht\u00eb dhe e d\u00ebgjueshme p\u00ebr veshin, madje besoj q\u00eb mund t\u00eb d\u00ebgjohet me rehati nga \u00e7do mosh\u00eb. Teksti flet p\u00ebr jet\u00ebn dhe ato momente kur mendojm\u00eb q\u00eb ajo na ka v\u00ebn\u00eb posht\u00eb me marr\u00ebzit\u00eb dhe v\u00ebshtir\u00ebsit\u00eb e saj. Duhet ta l\u00ebshojm\u00eb nj\u00ebher\u00eb veten t\u00eb mos ndjekim rregullat brenda kornizave, por t\u00eb b\u00ebjm\u00eb nj\u00ebher\u00eb at\u00eb q\u00eb shpirti na thot\u00eb t\u00eb b\u00ebjm\u00eb. A do t\u00eb jet\u00eb po i nj\u00ebjti Albani? \u00cbsht\u00eb i nj\u00ebjti stil, apo keni provuar di\u00e7ka m\u00eb ndryshe, m\u00eb me rit\u00ebm ndoshta? Kjo \u00ebsht\u00eb nj\u00eb k\u00ebng\u00eb me nj\u00eb rit\u00ebm t\u00eb brendsh\u00ebm e jo klasik, por n\u00eb p\u00ebrgjith\u00ebsi \u00ebsht\u00eb nj\u00eb k\u00ebng\u00eb shum\u00eb e lumtur e pozitive. Shpresoj t\u00eb p\u00eblqehet. Videoklipi do jet\u00eb shum\u00eb interesant, sepse sheh p\u00ebr protagonist\u00eb personazhe t\u00eb tjer\u00eb, nd\u00ebrsa un\u00eb jam totalisht dyt\u00ebsor dhe n\u00eb sh\u00ebrbim t\u00eb historis\u00eb s\u00eb tyre. Alban duket se m\u00eb shum\u00eb preferoni baladat. P\u00ebrse? Ndoshta ato m\u00eb vijn\u00eb m\u00eb natyrsh\u00ebm dhe kjo \u00ebsht\u00eb nj\u00eb gj\u00eb q\u00eb nuk e kam vendosur un\u00eb. Mua m\u00eb p\u00eblqejn\u00eb dhe shum\u00eb e shum\u00eb rryma dhe ritme t\u00eb tjera. Besoj e kam treguar vazhdimisht k\u00ebt\u00eb, por ndoshta baladat jan\u00eb ato q\u00eb godasin m\u00eb shum\u00eb nga un\u00eb dhe jo vet\u00ebm. Ky \u00ebsht\u00eb nj\u00eb fenomen q\u00eb ndodh n\u00eb t\u00eb gjith\u00eb bot\u00ebn. \u201cMir\u00ebsevjen n\u00eb shpirtin tim\u201d \u00ebsht\u00eb nj\u00eb k\u00ebng\u00eb gjith\u00ebp\u00ebrfshir\u00ebse dhe sociale nj\u00ebkoh\u00ebsisht. Diku ju thoni \u2018Ti q\u00eb ke nj\u00eb borxh p\u00ebr t\u00eb lar\u00eb\u201d. Ju vet\u00eb, duke pasur parasysh edhe jet\u00ebn jasht\u00eb shtetit, a jeni gjendur n\u00eb situata t\u00eb tilla? Nuk mund t\u00eb them q\u00eb m\u00eb ka ndodhur n\u00eb ekstreme, por \u00e7do gj\u00eb q\u00eb p\u00ebrmendet n\u00eb k\u00ebng\u00eb m\u00eb ka ndodhur t\u00eb pakt\u00ebn nj\u00eb her\u00eb n\u00eb nj\u00ebfar\u00eb m\u00ebnyre dhe mua. Kuptohet q\u00eb ai tekst nuk m\u00eb p\u00ebrket vet\u00ebm mua, por t\u00eb gjith\u00eb atyre q\u00eb e d\u00ebgjojn\u00eb dhe gjejn\u00eb veten n\u00eb at\u00eb k\u00ebng\u00eb. Karriera juaj duket m\u00eb tep\u00ebr e fokusuar n\u00eb Shqip\u00ebri. \u00c7\u2019mund t\u00eb na thoni p\u00ebr at\u00eb n\u00eb Gjermani? Un\u00eb momentalisht jam i fokusuar n\u00eb Shqip\u00ebri. Me k\u00ebto angazhime konkrete q\u00eb kam k\u00ebtu nuk ia dal t\u00eb p\u00ebrballoj edhe projekte t\u00eb tjera q\u00eb m\u00eb vijn\u00eb nga jasht\u00eb shtetit. Kjo situat\u00eb do t\u00eb zgjas\u00eb t\u00eb pakt\u00ebn nj\u00eb vit, mendoj. Nj\u00ebkoh\u00ebsisht me planet tuaja muzikore jeni edhe pjes\u00eb e juris\u00eb s\u00eb \u201cX-Factor\u201d. Si ka qen\u00eb kjo eksperienc\u00eb p\u00ebr ju deri tani? Ka qen\u00eb nj\u00eb eksperienc\u00eb shum\u00eb pozitive. Di\u00e7ka q\u00eb m\u00eb rrit dhe mua si artist por edhe si njeri. \u00cbsht\u00eb pun\u00eb shum\u00eb e lodhshme, por ia vlen. \u00c7far\u00eb keni v\u00ebn\u00eb re tek t\u00eb rinjt\u00eb shqiptar\u00eb? Kam v\u00ebn\u00eb re q\u00eb jan\u00eb shum\u00eb t\u00eb talentuar, por gjithmon\u00eb edhe pak t\u00eb kompleksuar t\u00eb shpalosin talentin e tyre. N\u00eb k\u00ebt\u00eb shou kemi par\u00eb edhe shum\u00eb personazhe q\u00eb na kan\u00eb b\u00ebr\u00eb p\u00ebr t\u00eb qeshur. Sa e v\u00ebshtir\u00eb \u00ebsht\u00eb t\u2019i thuash dikujt t\u00eb v\u00ebrtet\u00ebn\u2026q\u00eb s\u2019ke pik\u00eb talenti p.sh? Besoj q\u00eb \u00ebsht\u00eb nj\u00eb nga gj\u00ebrat m\u00eb t\u00eb sikletshme t\u00eb k\u00ebtij projekti. Un\u00eb jam munduar gjithmon\u00eb t\u00eb jem i drejt\u00eb dhe i kujdessh\u00ebm, por edhe i drejtp\u00ebrdrejt\u00eb dhe i sinqert\u00eb kur \u00ebsht\u00eb dashur. Ju si Alban \u00e7far\u00eb doni t\u2019u tregoni shqiptar\u00ebve n\u00eb \u201cX-Factor\u201d? Thjesht t\u00eb ndaj pun\u00ebn, eksperienc\u00ebn dhe vizionin tim p\u00ebr muzik\u00ebn. T\u00eb jap nj\u00eb kontribut sado t\u00eb vog\u00ebl p\u00ebr t\u00eb rritur cil\u00ebsin\u00eb e artist\u00ebve t\u00eb ardhsh\u00ebm dhe vet\u00eb tregut muzikor shqiptar. Pas \u201cX-Factor\u201d do t\u00eb jeni n\u00eb Shqip\u00ebri apo do t\u00eb largoheni? Akoma nuk e kam vendosur, por besoj q\u00eb po. Do t\u00eb largohem. Do t\u00eb ket\u00eb klipe t\u00eb tjera nga Albani k\u00ebt\u00eb ver\u00eb? Po, do t\u00eb ket\u00eb edhe tri klipe t\u00eb tjera deri n\u00eb fund t\u00eb vitit besoj. Me Miriamin di\u00e7ka s\u00eb bashku? Jo di\u00e7ka konkrete, por jan\u00eb shum\u00eb projekte t\u00eb p\u00ebrbashk\u00ebta n\u00eb diskutim, k\u00ebshtu q\u00eb di\u00e7ka do t\u00eb dal\u00eb patjet\u00ebr.<\/p>\n<p>MAPO<\/p>\n<!--YouTube Error: bad URL entered-->\n","protected":false},"excerpt":{"rendered":"<p>Alban Sk\u00ebnderaj \u00ebsht\u00eb padyshim nj\u00eb nga k\u00ebng\u00ebtar\u00ebt m\u00eb t\u00eb mir\u00eb shqiptar\u00eb t\u00eb viteve t\u00eb fundit. Shum\u00eb k\u00ebng\u00eb t\u00eb tij jan\u00eb b\u00ebr\u00eb hite, por Albani nuk ndalet s\u00eb sjelli s\u00ebrish klipe dhe krijime t\u00eb reja. Vet\u00ebm pas balad\u00ebs \u201cMir\u00ebsevjen n\u00eb shpirtin tim\u201d, ai do t\u00eb sjell\u00eb nj\u00eb tjet\u00ebr klip t\u00eb k\u00ebng\u00ebs \u201cM\u00eb prit atje\u201d. Kjo do [&hellip;]<\/p>\n","protected":false},"author":1,"featured_media":0,"comment_status":"open","ping_status":"closed","sticky":false,"template":"","format":"standard","meta":{"spay_email":"","jetpack_publicize_message":"","jetpack_is_tweetstorm":false,"jetpack_publicize_feature_enabled":true},"categories":[1],"tags":[4019,6693,20126],"jetpack_publicize_connections":[],"yoast_head":"<!-- This site is optimized with the Yoast SEO plugin v19.1 - https:\/\/yoast.com\/wordpress\/plugins\/seo\/ -->\n<title>Alban Sk\u00ebnderaj: Me klip t\u00eb ri, \u201cM\u00eb prit atje\u201d - Lajme nga Ulqini<\/title>\n<meta name=\"description\" content=\"Alban Sk\u00ebnderaj \u00ebsht\u00eb padyshim nj\u00eb nga k\u00ebng\u00ebtar\u00ebt m\u00eb t\u00eb mir\u00eb shqiptar\u00eb t\u00eb viteve t\u00eb fundit. Shum\u00eb k\u00ebng\u00eb t\u00eb tij jan\u00eb b\u00ebr\u00eb hite, por Albani nuk ndalet s\u00eb\" \/>\n<meta name=\"robots\" content=\"index, follow, max-snippet:-1, max-image-preview:large, max-video-preview:-1\" \/>\n<link rel=\"canonical\" href=\"https:\/\/www.visit-ulcinj.com\/blog\/2012\/03\/10\/alban-skenderaj-me-klip-te-ri-me-prit-atje\/\" \/>\n<meta property=\"og:locale\" content=\"en_US\" \/>\n<meta property=\"og:type\" content=\"article\" \/>\n<meta property=\"og:title\" content=\"Alban Sk\u00ebnderaj: Me klip t\u00eb ri, \u201cM\u00eb prit atje\u201d - Lajme nga Ulqini\" \/>\n<meta property=\"og:description\" content=\"Alban Sk\u00ebnderaj \u00ebsht\u00eb padyshim nj\u00eb nga k\u00ebng\u00ebtar\u00ebt m\u00eb t\u00eb mir\u00eb shqiptar\u00eb t\u00eb viteve t\u00eb fundit. Shum\u00eb k\u00ebng\u00eb t\u00eb tij jan\u00eb b\u00ebr\u00eb hite, por Albani nuk ndalet s\u00eb\" \/>\n<meta property=\"og:url\" content=\"https:\/\/www.visit-ulcinj.com\/blog\/2012\/03\/10\/alban-skenderaj-me-klip-te-ri-me-prit-atje\/\" \/>\n<meta property=\"og:site_name\" content=\"Lajme nga Ulqini\" \/>\n<meta property=\"article:published_time\" content=\"2012-03-10T06:41:25+00:00\" \/>\n<meta property=\"og:image\" content=\"http:\/\/www.visit-ulcinj.com\/blog\/wp-content\/uploads\/2012\/03\/Alban-Skenderaj.jpg\" \/>\n<meta name=\"twitter:label1\" content=\"Written by\" \/>\n\t<meta name=\"twitter:data1\" content=\"ulqini\" \/>\n\t<meta name=\"twitter:label2\" content=\"Est. reading time\" \/>\n\t<meta name=\"twitter:data2\" content=\"5 minutes\" \/>\n<script type=\"application\/ld+json\" class=\"yoast-schema-graph\">{\"@context\":\"https:\/\/schema.org\",\"@graph\":[{\"@type\":\"WebSite\",\"@id\":\"https:\/\/www.visit-ulcinj.com\/blog\/#website\",\"url\":\"https:\/\/www.visit-ulcinj.com\/blog\/\",\"name\":\"Lajme nga Ulqini\",\"description\":\"Lajme,Vijesti,Ulqini,Ulqin,Crna Gora,Mali i Zi\",\"potentialAction\":[{\"@type\":\"SearchAction\",\"target\":{\"@type\":\"EntryPoint\",\"urlTemplate\":\"https:\/\/www.visit-ulcinj.com\/blog\/?s={search_term_string}\"},\"query-input\":\"required name=search_term_string\"}],\"inLanguage\":\"en-US\"},{\"@type\":\"ImageObject\",\"inLanguage\":\"en-US\",\"@id\":\"https:\/\/www.visit-ulcinj.com\/blog\/2012\/03\/10\/alban-skenderaj-me-klip-te-ri-me-prit-atje\/#primaryimage\",\"url\":\"http:\/\/www.visit-ulcinj.com\/blog\/wp-content\/uploads\/2012\/03\/Alban-Skenderaj.jpg\",\"contentUrl\":\"http:\/\/www.visit-ulcinj.com\/blog\/wp-content\/uploads\/2012\/03\/Alban-Skenderaj.jpg\"},{\"@type\":\"WebPage\",\"@id\":\"https:\/\/www.visit-ulcinj.com\/blog\/2012\/03\/10\/alban-skenderaj-me-klip-te-ri-me-prit-atje\/#webpage\",\"url\":\"https:\/\/www.visit-ulcinj.com\/blog\/2012\/03\/10\/alban-skenderaj-me-klip-te-ri-me-prit-atje\/\",\"name\":\"Alban Sk\u00ebnderaj: Me klip t\u00eb ri, \u201cM\u00eb prit atje\u201d - Lajme nga Ulqini\",\"isPartOf\":{\"@id\":\"https:\/\/www.visit-ulcinj.com\/blog\/#website\"},\"primaryImageOfPage\":{\"@id\":\"https:\/\/www.visit-ulcinj.com\/blog\/2012\/03\/10\/alban-skenderaj-me-klip-te-ri-me-prit-atje\/#primaryimage\"},\"datePublished\":\"2012-03-10T06:41:25+00:00\",\"dateModified\":\"2012-03-10T06:41:25+00:00\",\"author\":{\"@id\":\"https:\/\/www.visit-ulcinj.com\/blog\/#\/schema\/person\/dcab619c614d3038751c63bc2aadc06d\"},\"description\":\"Alban Sk\u00ebnderaj \u00ebsht\u00eb padyshim nj\u00eb nga k\u00ebng\u00ebtar\u00ebt m\u00eb t\u00eb mir\u00eb shqiptar\u00eb t\u00eb viteve t\u00eb fundit. Shum\u00eb k\u00ebng\u00eb t\u00eb tij jan\u00eb b\u00ebr\u00eb hite, por Albani nuk ndalet s\u00eb\",\"breadcrumb\":{\"@id\":\"https:\/\/www.visit-ulcinj.com\/blog\/2012\/03\/10\/alban-skenderaj-me-klip-te-ri-me-prit-atje\/#breadcrumb\"},\"inLanguage\":\"en-US\",\"potentialAction\":[{\"@type\":\"ReadAction\",\"target\":[\"https:\/\/www.visit-ulcinj.com\/blog\/2012\/03\/10\/alban-skenderaj-me-klip-te-ri-me-prit-atje\/\"]}]},{\"@type\":\"BreadcrumbList\",\"@id\":\"https:\/\/www.visit-ulcinj.com\/blog\/2012\/03\/10\/alban-skenderaj-me-klip-te-ri-me-prit-atje\/#breadcrumb\",\"itemListElement\":[{\"@type\":\"ListItem\",\"position\":1,\"name\":\"Alban Sk\u00ebnderaj: Me klip t\u00eb ri, \u201cM\u00eb prit atje\u201d\"}]},{\"@type\":\"Person\",\"@id\":\"https:\/\/www.visit-ulcinj.com\/blog\/#\/schema\/person\/dcab619c614d3038751c63bc2aadc06d\",\"name\":\"ulqini\",\"sameAs\":[\"http:\/\/www.visit-ulcinj.com\"],\"url\":\"https:\/\/www.visit-ulcinj.com\/blog\/author\/admin\/\"}]}<\/script>\n<!-- \/ Yoast SEO plugin. -->","yoast_head_json":{"title":"Alban Sk\u00ebnderaj: Me klip t\u00eb ri, \u201cM\u00eb prit atje\u201d - Lajme nga Ulqini","description":"Alban Sk\u00ebnderaj \u00ebsht\u00eb padyshim nj\u00eb nga k\u00ebng\u00ebtar\u00ebt m\u00eb t\u00eb mir\u00eb shqiptar\u00eb t\u00eb viteve t\u00eb fundit. Shum\u00eb k\u00ebng\u00eb t\u00eb tij jan\u00eb b\u00ebr\u00eb hite, por Albani nuk ndalet s\u00eb","robots":{"index":"index","follow":"follow","max-snippet":"max-snippet:-1","max-image-preview":"max-image-preview:large","max-video-preview":"max-video-preview:-1"},"canonical":"https:\/\/www.visit-ulcinj.com\/blog\/2012\/03\/10\/alban-skenderaj-me-klip-te-ri-me-prit-atje\/","og_locale":"en_US","og_type":"article","og_title":"Alban Sk\u00ebnderaj: Me klip t\u00eb ri, \u201cM\u00eb prit atje\u201d - Lajme nga Ulqini","og_description":"Alban Sk\u00ebnderaj \u00ebsht\u00eb padyshim nj\u00eb nga k\u00ebng\u00ebtar\u00ebt m\u00eb t\u00eb mir\u00eb shqiptar\u00eb t\u00eb viteve t\u00eb fundit. Shum\u00eb k\u00ebng\u00eb t\u00eb tij jan\u00eb b\u00ebr\u00eb hite, por Albani nuk ndalet s\u00eb","og_url":"https:\/\/www.visit-ulcinj.com\/blog\/2012\/03\/10\/alban-skenderaj-me-klip-te-ri-me-prit-atje\/","og_site_name":"Lajme nga Ulqini","article_published_time":"2012-03-10T06:41:25+00:00","og_image":[{"url":"http:\/\/www.visit-ulcinj.com\/blog\/wp-content\/uploads\/2012\/03\/Alban-Skenderaj.jpg"}],"twitter_misc":{"Written by":"ulqini","Est. reading time":"5 minutes"},"schema":{"@context":"https:\/\/schema.org","@graph":[{"@type":"WebSite","@id":"https:\/\/www.visit-ulcinj.com\/blog\/#website","url":"https:\/\/www.visit-ulcinj.com\/blog\/","name":"Lajme nga Ulqini","description":"Lajme,Vijesti,Ulqini,Ulqin,Crna Gora,Mali i Zi","potentialAction":[{"@type":"SearchAction","target":{"@type":"EntryPoint","urlTemplate":"https:\/\/www.visit-ulcinj.com\/blog\/?s={search_term_string}"},"query-input":"required name=search_term_string"}],"inLanguage":"en-US"},{"@type":"ImageObject","inLanguage":"en-US","@id":"https:\/\/www.visit-ulcinj.com\/blog\/2012\/03\/10\/alban-skenderaj-me-klip-te-ri-me-prit-atje\/#primaryimage","url":"http:\/\/www.visit-ulcinj.com\/blog\/wp-content\/uploads\/2012\/03\/Alban-Skenderaj.jpg","contentUrl":"http:\/\/www.visit-ulcinj.com\/blog\/wp-content\/uploads\/2012\/03\/Alban-Skenderaj.jpg"},{"@type":"WebPage","@id":"https:\/\/www.visit-ulcinj.com\/blog\/2012\/03\/10\/alban-skenderaj-me-klip-te-ri-me-prit-atje\/#webpage","url":"https:\/\/www.visit-ulcinj.com\/blog\/2012\/03\/10\/alban-skenderaj-me-klip-te-ri-me-prit-atje\/","name":"Alban Sk\u00ebnderaj: Me klip t\u00eb ri, \u201cM\u00eb prit atje\u201d - Lajme nga Ulqini","isPartOf":{"@id":"https:\/\/www.visit-ulcinj.com\/blog\/#website"},"primaryImageOfPage":{"@id":"https:\/\/www.visit-ulcinj.com\/blog\/2012\/03\/10\/alban-skenderaj-me-klip-te-ri-me-prit-atje\/#primaryimage"},"datePublished":"2012-03-10T06:41:25+00:00","dateModified":"2012-03-10T06:41:25+00:00","author":{"@id":"https:\/\/www.visit-ulcinj.com\/blog\/#\/schema\/person\/dcab619c614d3038751c63bc2aadc06d"},"description":"Alban Sk\u00ebnderaj \u00ebsht\u00eb padyshim nj\u00eb nga k\u00ebng\u00ebtar\u00ebt m\u00eb t\u00eb mir\u00eb shqiptar\u00eb t\u00eb viteve t\u00eb fundit. Shum\u00eb k\u00ebng\u00eb t\u00eb tij jan\u00eb b\u00ebr\u00eb hite, por Albani nuk ndalet s\u00eb","breadcrumb":{"@id":"https:\/\/www.visit-ulcinj.com\/blog\/2012\/03\/10\/alban-skenderaj-me-klip-te-ri-me-prit-atje\/#breadcrumb"},"inLanguage":"en-US","potentialAction":[{"@type":"ReadAction","target":["https:\/\/www.visit-ulcinj.com\/blog\/2012\/03\/10\/alban-skenderaj-me-klip-te-ri-me-prit-atje\/"]}]},{"@type":"BreadcrumbList","@id":"https:\/\/www.visit-ulcinj.com\/blog\/2012\/03\/10\/alban-skenderaj-me-klip-te-ri-me-prit-atje\/#breadcrumb","itemListElement":[{"@type":"ListItem","position":1,"name":"Alban Sk\u00ebnderaj: Me klip t\u00eb ri, \u201cM\u00eb prit atje\u201d"}]},{"@type":"Person","@id":"https:\/\/www.visit-ulcinj.com\/blog\/#\/schema\/person\/dcab619c614d3038751c63bc2aadc06d","name":"ulqini","sameAs":["http:\/\/www.visit-ulcinj.com"],"url":"https:\/\/www.visit-ulcinj.com\/blog\/author\/admin\/"}]}},"jetpack_featured_media_url":"","jetpack_sharing_enabled":true,"jetpack_shortlink":"https:\/\/wp.me\/pe6lTn-f6F","_links":{"self":[{"href":"https:\/\/www.visit-ulcinj.com\/blog\/wp-json\/wp\/v2\/posts\/58073"}],"collection":[{"href":"https:\/\/www.visit-ulcinj.com\/blog\/wp-json\/wp\/v2\/posts"}],"about":[{"href":"https:\/\/www.visit-ulcinj.com\/blog\/wp-json\/wp\/v2\/types\/post"}],"author":[{"embeddable":true,"href":"https:\/\/www.visit-ulcinj.com\/blog\/wp-json\/wp\/v2\/users\/1"}],"replies":[{"embeddable":true,"href":"https:\/\/www.visit-ulcinj.com\/blog\/wp-json\/wp\/v2\/comments?post=58073"}],"version-history":[{"count":2,"href":"https:\/\/www.visit-ulcinj.com\/blog\/wp-json\/wp\/v2\/posts\/58073\/revisions"}],"predecessor-version":[{"id":58076,"href":"https:\/\/www.visit-ulcinj.com\/blog\/wp-json\/wp\/v2\/posts\/58073\/revisions\/58076"}],"wp:attachment":[{"href":"https:\/\/www.visit-ulcinj.com\/blog\/wp-json\/wp\/v2\/media?parent=58073"}],"wp:term":[{"taxonomy":"category","embeddable":true,"href":"https:\/\/www.visit-ulcinj.com\/blog\/wp-json\/wp\/v2\/categories?post=58073"},{"taxonomy":"post_tag","embeddable":true,"href":"https:\/\/www.visit-ulcinj.com\/blog\/wp-json\/wp\/v2\/tags?post=58073"}],"curies":[{"name":"wp","href":"https:\/\/api.w.org\/{rel}","templated":true}]}}