{"id":58081,"date":"2012-03-10T08:20:16","date_gmt":"2012-03-10T07:20:16","guid":{"rendered":"http:\/\/www.visit-ulcinj.com\/blog\/?p=58081"},"modified":"2012-03-10T08:20:16","modified_gmt":"2012-03-10T07:20:16","slug":"rita-ora-e-ftuar-ne-naten-finale-te-top-fest","status":"publish","type":"post","link":"https:\/\/www.visit-ulcinj.com\/blog\/2012\/03\/10\/rita-ora-e-ftuar-ne-naten-finale-te-top-fest\/","title":{"rendered":"Rita Ora e ftuar ne Naten Finale te Top Fest"},"content":{"rendered":"<p><a href=\"http:\/\/www.visit-ulcinj.com\/blog\/wp-content\/uploads\/2012\/03\/rita-ora.jpg\"><img loading=\"lazy\" class=\"alignleft size-full wp-image-58082\" title=\"rita-ora\" src=\"http:\/\/www.visit-ulcinj.com\/blog\/wp-content\/uploads\/2012\/03\/rita-ora.jpg\" alt=\"\" width=\"385\" height=\"290\" \/><\/a>Rita Ora interviste shqip per Top Channel. Rita Ora e lindur m\u00eb 1990 mb\u00ebrriti n\u00eb Angli nga Prishtina po at\u00eb vit q\u00eb edhe ka lindur. Top Channel ka m\u00ebsuar se origjina e saj e larg\u00ebt \u00ebsht\u00eb nga Shkodra.<\/p>\n<p><strong>K\u00ebng\u00ebtarja me origjin\u00eb shqiptare me banim n\u00eb Lond\u00ebr, Rita Ora, n\u00eb intervist\u00ebn e saj t\u00eb par\u00eb p\u00ebr nj\u00eb media televizive shqiptare, tregon rrug\u00ebtimin dhe suksesin e saj n\u00eb muzik\u00ebn britanike, e cila mbrriti kulmin k\u00ebto dit\u00eb me vendin e par\u00eb n\u00eb klasifikimin muzikor me k\u00ebng\u00ebn Hot Right Now, n\u00eb bashk\u00ebpunim me DJ Fresh. <\/strong><\/p>\n<p>Sensacioni shqiptar tregon se sa e r\u00ebnd\u00ebsishme \u00ebsht\u00eb p\u00ebr t\u00eb ngjitja e k\u00ebng\u00ebs s\u00eb saj n\u00eb \u201cNumrin 1\u201d n\u00eb klasifikimin muzikor britanik.<\/p>\n<p><strong>Top Channel:<\/strong> Rita Ora ju keni arritur nj\u00eb sukses q\u00eb deri m\u00eb tani asnj\u00eb artist shqiptar n\u00eb zhanrin tuaj nuk e ka patur, duke qen\u00eb \u201cNumri 1\u201d n\u00eb Angli. Sa i r\u00ebnd\u00ebsish\u00ebm \u00ebsht\u00eb ky sukses p\u00ebr ju?<\/p>\n<p><strong>Rita Ora:<\/strong> T\u00eb jesh numri nj\u00eb n\u00eb Lond\u00ebr m\u00eb ka emocionuar e g\u00ebzuar pa mas\u00eb. Dua q\u00eb t\u00eb gjith\u00eb njer\u00ebzit t\u00eb din\u00eb q\u00eb ne mundemi t\u00eb arrijm\u00eb at\u00eb cka duam.<\/p>\n<p>Rita Ora e lindur m\u00eb 1990 mb\u00ebrriti n\u00eb Angli nga Prishtina po at\u00eb vit q\u00eb edhe ka lindur. Top Channel ka m\u00ebsuar se origjina e saj e larg\u00ebt \u00ebsht\u00eb nga Shkodra. Ajo \u00ebsht\u00eb rritur n\u00eb Londr\u00ebn Per\u00ebndimore n\u00eb zon\u00ebn Earls Court.<\/p>\n<p>Rita Ora \u00ebsht\u00eb kontraktuar p\u00ebrpara tre vjet\u00ebsh nga Roc Nation, kompania muzikore e themeluar nga reperi i famsh\u00ebm Jay-Z. Lajmi i fundit nga suksesi i saj \u00ebsht\u00eb nj\u00eb turne i sapo publikuar me grupin mjaft t\u00eb suksessh\u00ebm britanik Coldplay, q\u00eb fillon n\u00eb stadiumin e Emirates t\u00eb Arsenalit n\u00eb Lond\u00ebr p\u00ebr t\u00eb vazhduar n\u00eb vende t\u00eb ndryshme europiane.<\/p>\n<p>Vet\u00ebm n\u00eb 14 dhjetor t\u00eb vitit t\u00eb kaluar Rita Ora nxorri\u00a0 n\u00eb Youtube k\u00ebng\u00ebn Hot Right Now n\u00eb bashk\u00ebpunim me DJ Fresh, ku videoja ka arritur tashm\u00eb mbi 9 milion\u00eb klikime dhe luhet nga t\u00eb gjitha radiot dhe programet muzikore televizive n\u00eb Britani.<\/p>\n<p><strong>Top Channel:<\/strong> Ju e dini q\u00eb Top Channel ka nj\u00eb festival mjaft t\u00eb suksessh\u00ebm sic \u00ebsht\u00eb edhe Top Fest ku ju kan\u00eb ftuar zyrtarisht p\u00ebr t\u00eb marr\u00eb pjes\u00eb n\u00eb nat\u00ebn finale. Do ta pranoni k\u00ebt\u00eb ftes\u00eb?<br \/>\n<strong><br \/>\n<strong>Rito Ora: <\/strong><\/strong>Jam shum\u00eb e lumtur dhe mezi po pres dhe do t\u00eb shkoj kur t\u00eb vij\u00eb koha e duhur. Dua q\u00eb t\u00eb gjith\u00eb t\u00eb ndihen krenar\u00eb q\u00eb s\u00eb fundmi po b\u00ebjn\u00eb dicka p\u00ebr muzik\u00ebn, Prishtin\u00ebn, Shqip\u00ebrin\u00eb dhe Kosov\u00ebn.<\/p>\n<p>Ngjitja e Rita Or\u00ebs n\u00eb majat e muzik\u00ebs britanike dhe ato bot\u00ebror\u00eb n\u00eb nj\u00eb treg mjaft konkurues si dhe kontrata e saj me kompani mjaft prestigjoze dhe performanc\u00eb me grupe mjaft popullore, jan\u00eb premisa t\u00eb nj\u00eb suksesi t\u00eb garantuar dhe\u00a0 afatgjat\u00eb.<\/p>\n<p>Ora e suksesit t\u00eb k\u00ebng\u00ebtares me origjin\u00eb shqiptare me banim n\u00eb Lond\u00ebr, Rita Ora tashm\u00eb ka mb\u00ebrritur dhe kritika muzikore britanike e vler\u00ebson at\u00eb ndjesi, q\u00eb p\u00ebr kufi ka \u201cqiellin\u201d.<\/p>\n<!--YouTube Error: bad URL entered-->\n","protected":false},"excerpt":{"rendered":"<p>Rita Ora interviste shqip per Top Channel. Rita Ora e lindur m\u00eb 1990 mb\u00ebrriti n\u00eb Angli nga Prishtina po at\u00eb vit q\u00eb edhe ka lindur. Top Channel ka m\u00ebsuar se origjina e saj e larg\u00ebt \u00ebsht\u00eb nga Shkodra. K\u00ebng\u00ebtarja me origjin\u00eb shqiptare me banim n\u00eb Lond\u00ebr, Rita Ora, n\u00eb intervist\u00ebn e saj t\u00eb par\u00eb p\u00ebr [&hellip;]<\/p>\n","protected":false},"author":1,"featured_media":0,"comment_status":"open","ping_status":"closed","sticky":false,"template":"","format":"standard","meta":{"spay_email":"","jetpack_publicize_message":"","jetpack_is_tweetstorm":false,"jetpack_publicize_feature_enabled":true},"categories":[1],"tags":[19677,19806,16036,19514,19511,13349,4684,19460],"jetpack_publicize_connections":[],"yoast_head":"<!-- This site is optimized with the Yoast SEO plugin v19.1 - https:\/\/yoast.com\/wordpress\/plugins\/seo\/ -->\n<title>Rita Ora e ftuar ne Naten Finale te Top Fest - Lajme nga Ulqini<\/title>\n<meta name=\"description\" content=\"Rita Ora interviste shqip per Top Channel. Rita Ora e lindur m\u00eb 1990 mb\u00ebrriti n\u00eb Angli nga Prishtina po at\u00eb vit q\u00eb edhe ka lindur. Top Channel ka m\u00ebsuar\" \/>\n<meta name=\"robots\" content=\"index, follow, max-snippet:-1, max-image-preview:large, max-video-preview:-1\" \/>\n<link rel=\"canonical\" href=\"https:\/\/www.visit-ulcinj.com\/blog\/2012\/03\/10\/rita-ora-e-ftuar-ne-naten-finale-te-top-fest\/\" \/>\n<meta property=\"og:locale\" content=\"en_US\" \/>\n<meta property=\"og:type\" content=\"article\" \/>\n<meta property=\"og:title\" content=\"Rita Ora e ftuar ne Naten Finale te Top Fest - Lajme nga Ulqini\" \/>\n<meta property=\"og:description\" content=\"Rita Ora interviste shqip per Top Channel. Rita Ora e lindur m\u00eb 1990 mb\u00ebrriti n\u00eb Angli nga Prishtina po at\u00eb vit q\u00eb edhe ka lindur. Top Channel ka m\u00ebsuar\" \/>\n<meta property=\"og:url\" content=\"https:\/\/www.visit-ulcinj.com\/blog\/2012\/03\/10\/rita-ora-e-ftuar-ne-naten-finale-te-top-fest\/\" \/>\n<meta property=\"og:site_name\" content=\"Lajme nga Ulqini\" \/>\n<meta property=\"article:published_time\" content=\"2012-03-10T07:20:16+00:00\" \/>\n<meta property=\"og:image\" content=\"http:\/\/www.visit-ulcinj.com\/blog\/wp-content\/uploads\/2012\/03\/rita-ora.jpg\" \/>\n<meta name=\"twitter:label1\" content=\"Written by\" \/>\n\t<meta name=\"twitter:data1\" content=\"ulqini\" \/>\n\t<meta name=\"twitter:label2\" content=\"Est. reading time\" \/>\n\t<meta name=\"twitter:data2\" content=\"3 minutes\" \/>\n<script type=\"application\/ld+json\" class=\"yoast-schema-graph\">{\"@context\":\"https:\/\/schema.org\",\"@graph\":[{\"@type\":\"WebSite\",\"@id\":\"https:\/\/www.visit-ulcinj.com\/blog\/#website\",\"url\":\"https:\/\/www.visit-ulcinj.com\/blog\/\",\"name\":\"Lajme nga Ulqini\",\"description\":\"Lajme,Vijesti,Ulqini,Ulqin,Crna Gora,Mali i Zi\",\"potentialAction\":[{\"@type\":\"SearchAction\",\"target\":{\"@type\":\"EntryPoint\",\"urlTemplate\":\"https:\/\/www.visit-ulcinj.com\/blog\/?s={search_term_string}\"},\"query-input\":\"required name=search_term_string\"}],\"inLanguage\":\"en-US\"},{\"@type\":\"ImageObject\",\"inLanguage\":\"en-US\",\"@id\":\"https:\/\/www.visit-ulcinj.com\/blog\/2012\/03\/10\/rita-ora-e-ftuar-ne-naten-finale-te-top-fest\/#primaryimage\",\"url\":\"http:\/\/www.visit-ulcinj.com\/blog\/wp-content\/uploads\/2012\/03\/rita-ora.jpg\",\"contentUrl\":\"http:\/\/www.visit-ulcinj.com\/blog\/wp-content\/uploads\/2012\/03\/rita-ora.jpg\"},{\"@type\":\"WebPage\",\"@id\":\"https:\/\/www.visit-ulcinj.com\/blog\/2012\/03\/10\/rita-ora-e-ftuar-ne-naten-finale-te-top-fest\/#webpage\",\"url\":\"https:\/\/www.visit-ulcinj.com\/blog\/2012\/03\/10\/rita-ora-e-ftuar-ne-naten-finale-te-top-fest\/\",\"name\":\"Rita Ora e ftuar ne Naten Finale te Top Fest - Lajme nga Ulqini\",\"isPartOf\":{\"@id\":\"https:\/\/www.visit-ulcinj.com\/blog\/#website\"},\"primaryImageOfPage\":{\"@id\":\"https:\/\/www.visit-ulcinj.com\/blog\/2012\/03\/10\/rita-ora-e-ftuar-ne-naten-finale-te-top-fest\/#primaryimage\"},\"datePublished\":\"2012-03-10T07:20:16+00:00\",\"dateModified\":\"2012-03-10T07:20:16+00:00\",\"author\":{\"@id\":\"https:\/\/www.visit-ulcinj.com\/blog\/#\/schema\/person\/dcab619c614d3038751c63bc2aadc06d\"},\"description\":\"Rita Ora interviste shqip per Top Channel. Rita Ora e lindur m\u00eb 1990 mb\u00ebrriti n\u00eb Angli nga Prishtina po at\u00eb vit q\u00eb edhe ka lindur. Top Channel ka m\u00ebsuar\",\"breadcrumb\":{\"@id\":\"https:\/\/www.visit-ulcinj.com\/blog\/2012\/03\/10\/rita-ora-e-ftuar-ne-naten-finale-te-top-fest\/#breadcrumb\"},\"inLanguage\":\"en-US\",\"potentialAction\":[{\"@type\":\"ReadAction\",\"target\":[\"https:\/\/www.visit-ulcinj.com\/blog\/2012\/03\/10\/rita-ora-e-ftuar-ne-naten-finale-te-top-fest\/\"]}]},{\"@type\":\"BreadcrumbList\",\"@id\":\"https:\/\/www.visit-ulcinj.com\/blog\/2012\/03\/10\/rita-ora-e-ftuar-ne-naten-finale-te-top-fest\/#breadcrumb\",\"itemListElement\":[{\"@type\":\"ListItem\",\"position\":1,\"name\":\"Rita Ora e ftuar ne Naten Finale te Top Fest\"}]},{\"@type\":\"Person\",\"@id\":\"https:\/\/www.visit-ulcinj.com\/blog\/#\/schema\/person\/dcab619c614d3038751c63bc2aadc06d\",\"name\":\"ulqini\",\"sameAs\":[\"http:\/\/www.visit-ulcinj.com\"],\"url\":\"https:\/\/www.visit-ulcinj.com\/blog\/author\/admin\/\"}]}<\/script>\n<!-- \/ Yoast SEO plugin. -->","yoast_head_json":{"title":"Rita Ora e ftuar ne Naten Finale te Top Fest - Lajme nga Ulqini","description":"Rita Ora interviste shqip per Top Channel. Rita Ora e lindur m\u00eb 1990 mb\u00ebrriti n\u00eb Angli nga Prishtina po at\u00eb vit q\u00eb edhe ka lindur. Top Channel ka m\u00ebsuar","robots":{"index":"index","follow":"follow","max-snippet":"max-snippet:-1","max-image-preview":"max-image-preview:large","max-video-preview":"max-video-preview:-1"},"canonical":"https:\/\/www.visit-ulcinj.com\/blog\/2012\/03\/10\/rita-ora-e-ftuar-ne-naten-finale-te-top-fest\/","og_locale":"en_US","og_type":"article","og_title":"Rita Ora e ftuar ne Naten Finale te Top Fest - Lajme nga Ulqini","og_description":"Rita Ora interviste shqip per Top Channel. Rita Ora e lindur m\u00eb 1990 mb\u00ebrriti n\u00eb Angli nga Prishtina po at\u00eb vit q\u00eb edhe ka lindur. Top Channel ka m\u00ebsuar","og_url":"https:\/\/www.visit-ulcinj.com\/blog\/2012\/03\/10\/rita-ora-e-ftuar-ne-naten-finale-te-top-fest\/","og_site_name":"Lajme nga Ulqini","article_published_time":"2012-03-10T07:20:16+00:00","og_image":[{"url":"http:\/\/www.visit-ulcinj.com\/blog\/wp-content\/uploads\/2012\/03\/rita-ora.jpg"}],"twitter_misc":{"Written by":"ulqini","Est. reading time":"3 minutes"},"schema":{"@context":"https:\/\/schema.org","@graph":[{"@type":"WebSite","@id":"https:\/\/www.visit-ulcinj.com\/blog\/#website","url":"https:\/\/www.visit-ulcinj.com\/blog\/","name":"Lajme nga Ulqini","description":"Lajme,Vijesti,Ulqini,Ulqin,Crna Gora,Mali i Zi","potentialAction":[{"@type":"SearchAction","target":{"@type":"EntryPoint","urlTemplate":"https:\/\/www.visit-ulcinj.com\/blog\/?s={search_term_string}"},"query-input":"required name=search_term_string"}],"inLanguage":"en-US"},{"@type":"ImageObject","inLanguage":"en-US","@id":"https:\/\/www.visit-ulcinj.com\/blog\/2012\/03\/10\/rita-ora-e-ftuar-ne-naten-finale-te-top-fest\/#primaryimage","url":"http:\/\/www.visit-ulcinj.com\/blog\/wp-content\/uploads\/2012\/03\/rita-ora.jpg","contentUrl":"http:\/\/www.visit-ulcinj.com\/blog\/wp-content\/uploads\/2012\/03\/rita-ora.jpg"},{"@type":"WebPage","@id":"https:\/\/www.visit-ulcinj.com\/blog\/2012\/03\/10\/rita-ora-e-ftuar-ne-naten-finale-te-top-fest\/#webpage","url":"https:\/\/www.visit-ulcinj.com\/blog\/2012\/03\/10\/rita-ora-e-ftuar-ne-naten-finale-te-top-fest\/","name":"Rita Ora e ftuar ne Naten Finale te Top Fest - Lajme nga Ulqini","isPartOf":{"@id":"https:\/\/www.visit-ulcinj.com\/blog\/#website"},"primaryImageOfPage":{"@id":"https:\/\/www.visit-ulcinj.com\/blog\/2012\/03\/10\/rita-ora-e-ftuar-ne-naten-finale-te-top-fest\/#primaryimage"},"datePublished":"2012-03-10T07:20:16+00:00","dateModified":"2012-03-10T07:20:16+00:00","author":{"@id":"https:\/\/www.visit-ulcinj.com\/blog\/#\/schema\/person\/dcab619c614d3038751c63bc2aadc06d"},"description":"Rita Ora interviste shqip per Top Channel. Rita Ora e lindur m\u00eb 1990 mb\u00ebrriti n\u00eb Angli nga Prishtina po at\u00eb vit q\u00eb edhe ka lindur. Top Channel ka m\u00ebsuar","breadcrumb":{"@id":"https:\/\/www.visit-ulcinj.com\/blog\/2012\/03\/10\/rita-ora-e-ftuar-ne-naten-finale-te-top-fest\/#breadcrumb"},"inLanguage":"en-US","potentialAction":[{"@type":"ReadAction","target":["https:\/\/www.visit-ulcinj.com\/blog\/2012\/03\/10\/rita-ora-e-ftuar-ne-naten-finale-te-top-fest\/"]}]},{"@type":"BreadcrumbList","@id":"https:\/\/www.visit-ulcinj.com\/blog\/2012\/03\/10\/rita-ora-e-ftuar-ne-naten-finale-te-top-fest\/#breadcrumb","itemListElement":[{"@type":"ListItem","position":1,"name":"Rita Ora e ftuar ne Naten Finale te Top Fest"}]},{"@type":"Person","@id":"https:\/\/www.visit-ulcinj.com\/blog\/#\/schema\/person\/dcab619c614d3038751c63bc2aadc06d","name":"ulqini","sameAs":["http:\/\/www.visit-ulcinj.com"],"url":"https:\/\/www.visit-ulcinj.com\/blog\/author\/admin\/"}]}},"jetpack_featured_media_url":"","jetpack_sharing_enabled":true,"jetpack_shortlink":"https:\/\/wp.me\/pe6lTn-f6N","_links":{"self":[{"href":"https:\/\/www.visit-ulcinj.com\/blog\/wp-json\/wp\/v2\/posts\/58081"}],"collection":[{"href":"https:\/\/www.visit-ulcinj.com\/blog\/wp-json\/wp\/v2\/posts"}],"about":[{"href":"https:\/\/www.visit-ulcinj.com\/blog\/wp-json\/wp\/v2\/types\/post"}],"author":[{"embeddable":true,"href":"https:\/\/www.visit-ulcinj.com\/blog\/wp-json\/wp\/v2\/users\/1"}],"replies":[{"embeddable":true,"href":"https:\/\/www.visit-ulcinj.com\/blog\/wp-json\/wp\/v2\/comments?post=58081"}],"version-history":[{"count":1,"href":"https:\/\/www.visit-ulcinj.com\/blog\/wp-json\/wp\/v2\/posts\/58081\/revisions"}],"predecessor-version":[{"id":58083,"href":"https:\/\/www.visit-ulcinj.com\/blog\/wp-json\/wp\/v2\/posts\/58081\/revisions\/58083"}],"wp:attachment":[{"href":"https:\/\/www.visit-ulcinj.com\/blog\/wp-json\/wp\/v2\/media?parent=58081"}],"wp:term":[{"taxonomy":"category","embeddable":true,"href":"https:\/\/www.visit-ulcinj.com\/blog\/wp-json\/wp\/v2\/categories?post=58081"},{"taxonomy":"post_tag","embeddable":true,"href":"https:\/\/www.visit-ulcinj.com\/blog\/wp-json\/wp\/v2\/tags?post=58081"}],"curies":[{"name":"wp","href":"https:\/\/api.w.org\/{rel}","templated":true}]}}