{"id":58084,"date":"2012-03-10T11:39:21","date_gmt":"2012-03-10T10:39:21","guid":{"rendered":"http:\/\/www.visit-ulcinj.com\/blog\/?p=58084"},"modified":"2012-03-10T20:20:56","modified_gmt":"2012-03-10T19:20:56","slug":"shqiptaret-ruajten-gjuhen-dhe-zakonet-autentike-mbi-te-kaluaren-e-ulqinit-8","status":"publish","type":"post","link":"https:\/\/www.visit-ulcinj.com\/blog\/2012\/03\/10\/shqiptaret-ruajten-gjuhen-dhe-zakonet-autentike-mbi-te-kaluaren-e-ulqinit-8\/","title":{"rendered":"Shqiptar\u00ebt ruajt\u00ebn gjuh\u00ebn dhe zakonet autentike &#8211; Mbi t\u00eb kaluar\u00ebn e Ulqinit (8)"},"content":{"rendered":"<p><strong><a href=\"http:\/\/www.visit-ulcinj.com\/blog\/wp-content\/uploads\/2012\/03\/Citt\u00e0-di-Dulcigno.1.jpg\"><img loading=\"lazy\" class=\"alignleft  wp-image-58085\" title=\"Citt\u00e0 di Dulcigno.1\" src=\"http:\/\/www.visit-ulcinj.com\/blog\/wp-content\/uploads\/2012\/03\/Citt\u00e0-di-Dulcigno.1.jpg\" alt=\"\" width=\"508\" height=\"400\" \/><\/a>Nga Dr. Ruzhdi Ushaku<\/strong><br \/>\nSipas nj\u00eb burimi tjet\u00ebr q\u00eb na ka r\u00ebn\u00eb n\u00eb dor\u00eb, thuhet se n\u00eb vitin 1469 qeveria e Venedikut i fali nipit t\u00eb Sk\u00ebnderbeut nj\u00eb sht\u00ebpi n\u00eb Ulqin. Meq\u00eb p\u00ebrmendet viti i sakt\u00eb, nuk ka arsye t\u00eb mos i besojm\u00eb k\u00ebtij sh\u00ebnimi, edhe pse nuk dihet m\u00eb shum\u00eb p\u00ebr k\u00ebt\u00eb sht\u00ebpi dhe nipin e Sk\u00ebnderbeut. P\u00ebr historin\u00eb e Ulqinit gjat\u00eb k\u00ebsaj periudhe \u00ebsht\u00eb me r\u00ebnd\u00ebsi t\u00eb madhe edhe nj\u00eb dor\u00ebshkrim me titull Dulcigno secondo l\u2019antica descrizione (Ulqini sipas nj\u00eb p\u00ebrshkrimi antik), shkruar nga nj\u00eb autor i panjohur, para se Ulqini t\u00eb binte n\u00ebn sundimin e turqve. Ky dor\u00ebshkrim ruhet n\u00eb bibliotek\u00ebn e Fret\u00ebrve Fran\u00e7eskan\u00eb n\u00eb Raguz\u00eb, n\u00ebn nr. 410 (289) dhe, si duket, nuk \u00ebsht\u00eb origjinali por kopje e m\u00ebvonshme nga ndonj\u00eb arkiv, p\u00ebr \u00e7ka shkruan edhe P. Marin Sirdani n\u00eb maj t\u00eb vitit 1936 n\u00eb revist\u00ebn \u201cHylli i Drit\u00ebs\u201d. Autori i k\u00ebtij dor\u00ebshkrimi p\u00ebr emrin e Ulqinit sh\u00ebnon edhe trajtat Cleninium, Collelilium dhe Colesis, t\u00eb cilat nuk ndeshen n\u00eb dokumente t\u00eb tjera\u00a0 t\u00eb shkruara, kurse gjat\u00eb mesjet\u00ebs, si\u00e7 dihet, emrin e Ulqinit e ndeshim n\u00eb variante t\u00eb ndryshme si Licinium (v. 746), Ulcinium (1022), Dulcinium (1288), Dulcignum (1302), nd\u00ebrsa n\u00eb gravura t\u00eb shekullit XVI-XVII s\u00eb pari si DVLCIGNO e pastaj si DOLCIGNO, si\u00e7 do t\u00eb shihet edhe m\u00eb posht\u00eb n\u00eb kuad\u00ebr t\u00eb paraqitjes vizuale t\u00eb Ulqinit t\u00eb asaj kohe. P\u00ebr gjurm\u00ebn e emrit Colesis pohon<br \/>\nP. Marin Sirdani, O.F.M. i cili, gjat\u00eb vizit\u00ebs q\u00eb ia b\u00ebn k\u00ebtij qyteti n\u00eb vitin 1904, shkruan: \u201cKah mjesi i ledheve t\u00eb k\u00ebshtjellit, n\u00eb mur nalt, ishte shkrue me germa t\u00eb m\u00ebdha tullash s\u2019ardhuna, emni i k\u00ebshtjellit Colesis\u201d\u2019.<\/p>\n<p>\u201cKa t\u00eb ngjar\u00eb q\u00eb emri i sot\u00ebm Kala, q\u00eb p\u00ebrdoret rregullisht n\u00eb shqipe p\u00ebr qytetin e vjet\u00ebr, t\u00eb jet\u00eb nj\u00eb modifikim a adaptim i m\u00ebvonsh\u00ebm i emrit Colesis n\u00eb at\u00eb Kala. Ky mendim yni mund t\u00eb gjej\u00eb mb\u00ebshtetje n\u00eb fragmente tjegullash t\u00eb shkap\u00ebrderdhura n\u00eb mesin e t\u00eb cilave dallohen germat C, I, S.\u201d<\/p>\n<p>Ka t\u00eb ngjar\u00eb q\u00eb emri i sot\u00ebm Kala, q\u00eb p\u00ebrdoret rregullisht n\u00eb shqipe p\u00ebr qytetin e vjet\u00ebr, t\u00eb jet\u00eb nj\u00eb modifikim a adaptim i m\u00ebvonsh\u00ebm i k\u00ebtij emir Colesis n\u00eb at\u00eb Kala. Ky mendim yni mund t\u00eb gjej\u00eb mb\u00ebshtetje n\u00eb fragmente tjegullash t\u00eb shkap\u00ebrderdhura n\u00eb mesin e t\u00eb cilave dallohen germat C, I, S. Qyteti i Ulqinit (Dulcigno Citta), si\u00e7 thuhet n\u00eb k\u00ebt\u00eb dor\u00ebshkrim, ishte i nd\u00ebrtuar mbi nj\u00eb Kep, rrethuar me mure ashtu si\u00e7 e k\u00ebrkon pozita, mbi nj\u00eb shk\u00ebmb t\u00eb gjall\u00eb i cili me honet e tjera krijon siguri p\u00ebr vet\u00eb k\u00ebshtjell\u00ebn e qytetin. N\u00eb pjes\u00ebn m\u00eb t\u00eb ul\u00ebt t\u00eb qytetit gjendet Pyrgu i Sh\u00ebn M\u00ebris\u00eb, vend shum\u00eb i fort\u00eb (Torre della Madona luogo fortissimo) dhe Sh\u00ebn Deda (San Domenico), duke p\u00ebrfunduar mbi det n\u00eb nj\u00eb vend t\u00eb paafruesh\u00ebm. Ulqini ka r\u00ebnd\u00ebsi shum\u00eb t\u00eb madhe e t\u00eb \u00e7mueshme p\u00ebr zot\u00ebrimin e Shqip\u00ebris\u00eb e cila \u00ebsht\u00eb ende e banuar prej atyre popujve t\u00eb vjet\u00ebr e ende t\u00eb pan\u00ebnshtruar mir\u00eb, q\u00eb nuk u binden turqve deri n\u00eb dit\u00ebn e sotit (E\u2019ancora Dulcigno di grandissima stima per rispetto di il Dominio di Albania la quale e habitata pur da quelli antichi popoli ancora non ben sottomessi, ne obedienti a Turchi sino il giorno presente). Qyteti i Ulqinit i ka 30 zjarre me mbi 1600 frym\u00eb, dhe n\u00eb mesin e tyre 300 burra t\u00eb zot p\u00ebr arm\u00eb.<br \/>\n<a href=\"http:\/\/www.visit-ulcinj.com\/blog\/wp-content\/uploads\/2012\/03\/harta-e-vjeter-e-ulqinit.jpg\"><img loading=\"lazy\" class=\"alignleft  wp-image-58086\" title=\"harta-e-vjeter-e-ulqinit\" src=\"http:\/\/www.visit-ulcinj.com\/blog\/wp-content\/uploads\/2012\/03\/harta-e-vjeter-e-ulqinit.jpg\" alt=\"\" width=\"508\" height=\"300\" \/><\/a><\/p>\n<p>Banor\u00ebt e tij jan\u00eb t\u00eb ndar\u00eb n\u00eb bujar\u00eb, qytetar\u00eb e pun\u00ebtor\u00eb (Nobili, Cittadini, lavoratori), dy shtresat e para, duke qen\u00eb s\u00eb bashku ushtrojn\u00eb nj\u00ebsoj ato pak\u00ebz\u00a0 zyre q\u00eb i kan\u00eb, p\u00ebrve\u00e7 pleq\u00ebris\u00eb (giudicatura) e cila \u00ebsht\u00eb e rezervuar p\u00ebr bujar\u00ebt; shtresa e tret\u00eb jeton duke punuar tokat; me mbjelljen e arave dhe me kultivimin e vreshtave e ullishtave. Ve\u00e7 k\u00ebtyre p\u00ebrmenden edhe disa familje, t\u00eb ardhura k\u00ebtu nga Shkodra, Lezha e Durr\u00ebsi e vende t\u00eb tjera, si ato Bruni, Palmaleta e Bruti q\u00eb merren kryesisht me tregti. Duke b\u00ebr\u00eb fjal\u00eb p\u00ebr k\u00ebt\u00eb qytet, autori i dor\u00ebshkrimit thekson se p\u00ebr shkak t\u00eb munges\u00ebs s\u00eb mullinjve n\u00eb k\u00ebt\u00eb regjion, qyteti heq keq p\u00ebr buk\u00eb, kurse p\u00ebr banor\u00ebt e zakonet e tyre shkruan si vijon: Kan\u00eb k\u00ebta shqiptar\u00ebt\u00a0 zakone barbare, flasin gjuh\u00ebn shqipe q\u00eb ndryshon krejt\u00ebsisht nga ajo e Dalmacis\u00eb, por jan\u00eb p\u00ebr t\u2019u \u00e7muar p\u00ebr besnik\u00ebrin\u00eb e madhe ndaj princit t\u00eb vet. N\u00eb mesin e tyre nuk ekzistojn\u00eb persekutime (p\u00ebrndjekje) ekstreme e urrejtje t\u00eb brendshme, por megjithat\u00eb zem\u00ebrohen shum\u00eb shpejt e jan\u00eb t\u00eb z\u00ebsh\u00ebm kur flasin n\u00ebp\u00ebr sheshe (&#8230;).\u00a0 N\u00eb vazhdim autori i dor\u00ebshkrimit thekson se banor\u00ebt e Ulqinit nuk I duan t\u00eb huajt e i shikojn\u00eb me sy t\u00eb keq, duke e lidhur k\u00ebt\u00eb me legjend\u00ebn mbi Jasonin e Medean, p\u00ebrkat\u00ebsisht me themeluesit kolkidas t\u00eb cil\u00ebt, duke i ndjekur k\u00ebta t\u00eb fundit p\u00ebr t\u2019iu hakmarr\u00eb p\u00ebr padrejt\u00ebsi, u ndal\u00ebn k\u00ebtu dhe themeluan k\u00ebt\u00eb qytet. Duke mbetur plot zem\u00ebrim e m\u00ebri, urrenin jo vet\u00ebm Jasonin dhe argonaut\u00ebt, por t\u00eb gjith\u00eb t\u00eb huajt, (&#8230;) por \u00ebsht\u00eb p\u00ebr t\u2019u besuar, vazhdon autori, se kjo vjen nga natyra barbare e rr\u00ebnjosur n\u00eb shpirtin e tyre, si t\u00eb prirur q\u00eb mos t\u00eb duhen shum\u00eb edhe mes vete (&#8230;). Sido q\u00eb t\u00eb jet\u00eb, pa marr\u00eb parasysh se a kishin shqiptar\u00ebt e Ulqinit zakone barbare apo jo, ky mendim i autorit t\u00eb dor\u00ebshkrimit pasqyron se edhe gjat\u00eb dominimit shekullor t\u00eb Venedikut shqiptar\u00ebt e kishin ruajtur gjuh\u00ebn e tyre shqipe dhe zakonet autentike, q\u00eb nuk pajtoheshin as me ato t\u00eb Venedikut as me ato t\u00eb t\u00eb huajve t\u00eb tjer\u00eb. Prej kishave q\u00eb i kishte Ulqini, n\u00eb k\u00ebt\u00eb dor\u00ebshkrim p\u00ebrmenden ajo e Sh\u00ebn Markut, e Sh\u00ebn Ded\u00ebs dhe katedralja. N\u00eb k\u00ebt\u00eb t\u00eb fundit (Chiesa Episcopale) gjendet, si\u00e7 thuhet, figura e Ngjitjes s\u00eb Zoj\u00ebs s\u00eb Bekuar n\u00eb qiell, p\u00ebr t\u00eb cil\u00ebn pohohet se \u00ebsht\u00eb nj\u00ebra nga ato q\u00eb i pikturoi Sh\u00ebn Luka me dor\u00eb t\u00eb vet, shum\u00eb e bukur, e gjall\u00eb e me zbukurime t\u00eb pasura sa q\u00eb mund t\u00eb matet me m\u00eb t\u00eb bukurat, m\u00eb t\u00eb p\u00ebrshpirtshmet dhe m\u00eb t\u00eb pasurat figura q\u00eb mund t\u2019i ket\u00eb cilido qytet i njohur dhe i famsh\u00ebm (E in Dulcigno nella Chiesa Episcopale una devotissima imagine della Beatissima Vergine, che figura l\u2019ascensione sua in Cielo, la quale si dice esser una di quelle, che fece San Luca Evangelista di sua mano, la quale e bellissima et appresso e ornata di si riche gioe et che puo ugnaliarsi alle piu devote, alle piu belle et alle piu richi imagini che siano in qualsivoglia citta Nobile e famosa). Duke iu referuar vitit 1553, k\u00ebt\u00eb figure e cek edhe Thallo\u00e7i (Thalloczy), si imago celebris, quae a s. Luca picta esse dicebatur (\u201cfigur\u00eb e famshme p\u00ebr t\u00eb cil\u00ebn thuhej se e kishte pikturuar Sh\u00ebn Luka\u201d R.U.). Gravurat e shek. XVII me mbishkrimin DVLCIGNO (G. Rosaccio), dhe ajo DOLCIGNO (Coronelli), si duket e kan\u00eb ruajtur mjaft karakterin urbanistik t\u00eb qytetit nga koha kur ky ishte n\u00ebn Venedikun, dhe p\u00ebrkojn\u00eb me disa p\u00ebrshkrime q\u00eb ndeshen n\u00eb k\u00ebt\u00eb dokument.<\/p>\n<p>Koha Javore<br \/>\n<!--YouTube Error: bad URL entered--><\/p>\n","protected":false},"excerpt":{"rendered":"<p>Nga Dr. Ruzhdi Ushaku Sipas nj\u00eb burimi tjet\u00ebr q\u00eb na ka r\u00ebn\u00eb n\u00eb dor\u00eb, thuhet se n\u00eb vitin 1469 qeveria e Venedikut i fali nipit t\u00eb Sk\u00ebnderbeut nj\u00eb sht\u00ebpi n\u00eb Ulqin. Meq\u00eb p\u00ebrmendet viti i sakt\u00eb, nuk ka arsye t\u00eb mos i besojm\u00eb k\u00ebtij sh\u00ebnimi, edhe pse nuk dihet m\u00eb shum\u00eb p\u00ebr k\u00ebt\u00eb sht\u00ebpi dhe [&hellip;]<\/p>\n","protected":false},"author":1,"featured_media":0,"comment_status":"open","ping_status":"closed","sticky":false,"template":"","format":"standard","meta":{"spay_email":"","jetpack_publicize_message":"","jetpack_is_tweetstorm":false,"jetpack_publicize_feature_enabled":true},"categories":[4],"tags":[13242,3642,20127],"jetpack_publicize_connections":[],"yoast_head":"<!-- This site is optimized with the Yoast SEO plugin v19.1 - https:\/\/yoast.com\/wordpress\/plugins\/seo\/ -->\n<title>Shqiptar\u00ebt ruajt\u00ebn gjuh\u00ebn dhe zakonet autentike - Mbi t\u00eb kaluar\u00ebn e Ulqinit (8) - Lajme nga Ulqini<\/title>\n<meta name=\"description\" content=\"Nga Dr. Ruzhdi Ushaku Sipas nj\u00eb burimi tjet\u00ebr q\u00eb na ka r\u00ebn\u00eb n\u00eb dor\u00eb, thuhet se n\u00eb vitin 1469 qeveria e Venedikut i fali nipit t\u00eb Sk\u00ebnderbeut nj\u00eb sht\u00ebpi n\u00eb\" \/>\n<meta name=\"robots\" content=\"index, follow, max-snippet:-1, max-image-preview:large, max-video-preview:-1\" \/>\n<link rel=\"canonical\" href=\"https:\/\/www.visit-ulcinj.com\/blog\/2012\/03\/10\/shqiptaret-ruajten-gjuhen-dhe-zakonet-autentike-mbi-te-kaluaren-e-ulqinit-8\/\" \/>\n<meta property=\"og:locale\" content=\"en_US\" \/>\n<meta property=\"og:type\" content=\"article\" \/>\n<meta property=\"og:title\" content=\"Shqiptar\u00ebt ruajt\u00ebn gjuh\u00ebn dhe zakonet autentike - Mbi t\u00eb kaluar\u00ebn e Ulqinit (8) - Lajme nga Ulqini\" \/>\n<meta property=\"og:description\" content=\"Nga Dr. Ruzhdi Ushaku Sipas nj\u00eb burimi tjet\u00ebr q\u00eb na ka r\u00ebn\u00eb n\u00eb dor\u00eb, thuhet se n\u00eb vitin 1469 qeveria e Venedikut i fali nipit t\u00eb Sk\u00ebnderbeut nj\u00eb sht\u00ebpi n\u00eb\" \/>\n<meta property=\"og:url\" content=\"https:\/\/www.visit-ulcinj.com\/blog\/2012\/03\/10\/shqiptaret-ruajten-gjuhen-dhe-zakonet-autentike-mbi-te-kaluaren-e-ulqinit-8\/\" \/>\n<meta property=\"og:site_name\" content=\"Lajme nga Ulqini\" \/>\n<meta property=\"article:published_time\" content=\"2012-03-10T10:39:21+00:00\" \/>\n<meta property=\"article:modified_time\" content=\"2012-03-10T19:20:56+00:00\" \/>\n<meta property=\"og:image\" content=\"http:\/\/www.visit-ulcinj.com\/blog\/wp-content\/uploads\/2012\/03\/harta-e-vjeter-e-ulqinit.jpg\" \/>\n<meta name=\"twitter:label1\" content=\"Written by\" \/>\n\t<meta name=\"twitter:data1\" content=\"ulqini\" \/>\n\t<meta name=\"twitter:label2\" content=\"Est. reading time\" \/>\n\t<meta name=\"twitter:data2\" content=\"6 minutes\" \/>\n<script type=\"application\/ld+json\" class=\"yoast-schema-graph\">{\"@context\":\"https:\/\/schema.org\",\"@graph\":[{\"@type\":\"WebSite\",\"@id\":\"https:\/\/www.visit-ulcinj.com\/blog\/#website\",\"url\":\"https:\/\/www.visit-ulcinj.com\/blog\/\",\"name\":\"Lajme nga Ulqini\",\"description\":\"Lajme,Vijesti,Ulqini,Ulqin,Crna Gora,Mali i Zi\",\"potentialAction\":[{\"@type\":\"SearchAction\",\"target\":{\"@type\":\"EntryPoint\",\"urlTemplate\":\"https:\/\/www.visit-ulcinj.com\/blog\/?s={search_term_string}\"},\"query-input\":\"required name=search_term_string\"}],\"inLanguage\":\"en-US\"},{\"@type\":\"ImageObject\",\"inLanguage\":\"en-US\",\"@id\":\"https:\/\/www.visit-ulcinj.com\/blog\/2012\/03\/10\/shqiptaret-ruajten-gjuhen-dhe-zakonet-autentike-mbi-te-kaluaren-e-ulqinit-8\/#primaryimage\",\"url\":\"https:\/\/www.visit-ulcinj.com\/blog\/wp-content\/uploads\/2012\/03\/harta-e-vjeter-e-ulqinit.jpg\",\"contentUrl\":\"https:\/\/www.visit-ulcinj.com\/blog\/wp-content\/uploads\/2012\/03\/harta-e-vjeter-e-ulqinit.jpg\",\"width\":\"751\",\"height\":\"600\"},{\"@type\":\"WebPage\",\"@id\":\"https:\/\/www.visit-ulcinj.com\/blog\/2012\/03\/10\/shqiptaret-ruajten-gjuhen-dhe-zakonet-autentike-mbi-te-kaluaren-e-ulqinit-8\/#webpage\",\"url\":\"https:\/\/www.visit-ulcinj.com\/blog\/2012\/03\/10\/shqiptaret-ruajten-gjuhen-dhe-zakonet-autentike-mbi-te-kaluaren-e-ulqinit-8\/\",\"name\":\"Shqiptar\u00ebt ruajt\u00ebn gjuh\u00ebn dhe zakonet autentike - Mbi t\u00eb kaluar\u00ebn e Ulqinit (8) - Lajme nga Ulqini\",\"isPartOf\":{\"@id\":\"https:\/\/www.visit-ulcinj.com\/blog\/#website\"},\"primaryImageOfPage\":{\"@id\":\"https:\/\/www.visit-ulcinj.com\/blog\/2012\/03\/10\/shqiptaret-ruajten-gjuhen-dhe-zakonet-autentike-mbi-te-kaluaren-e-ulqinit-8\/#primaryimage\"},\"datePublished\":\"2012-03-10T10:39:21+00:00\",\"dateModified\":\"2012-03-10T19:20:56+00:00\",\"author\":{\"@id\":\"https:\/\/www.visit-ulcinj.com\/blog\/#\/schema\/person\/dcab619c614d3038751c63bc2aadc06d\"},\"description\":\"Nga Dr. Ruzhdi Ushaku Sipas nj\u00eb burimi tjet\u00ebr q\u00eb na ka r\u00ebn\u00eb n\u00eb dor\u00eb, thuhet se n\u00eb vitin 1469 qeveria e Venedikut i fali nipit t\u00eb Sk\u00ebnderbeut nj\u00eb sht\u00ebpi n\u00eb\",\"breadcrumb\":{\"@id\":\"https:\/\/www.visit-ulcinj.com\/blog\/2012\/03\/10\/shqiptaret-ruajten-gjuhen-dhe-zakonet-autentike-mbi-te-kaluaren-e-ulqinit-8\/#breadcrumb\"},\"inLanguage\":\"en-US\",\"potentialAction\":[{\"@type\":\"ReadAction\",\"target\":[\"https:\/\/www.visit-ulcinj.com\/blog\/2012\/03\/10\/shqiptaret-ruajten-gjuhen-dhe-zakonet-autentike-mbi-te-kaluaren-e-ulqinit-8\/\"]}]},{\"@type\":\"BreadcrumbList\",\"@id\":\"https:\/\/www.visit-ulcinj.com\/blog\/2012\/03\/10\/shqiptaret-ruajten-gjuhen-dhe-zakonet-autentike-mbi-te-kaluaren-e-ulqinit-8\/#breadcrumb\",\"itemListElement\":[{\"@type\":\"ListItem\",\"position\":1,\"name\":\"Shqiptar\u00ebt ruajt\u00ebn gjuh\u00ebn dhe zakonet autentike &#8211; Mbi t\u00eb kaluar\u00ebn e Ulqinit (8)\"}]},{\"@type\":\"Person\",\"@id\":\"https:\/\/www.visit-ulcinj.com\/blog\/#\/schema\/person\/dcab619c614d3038751c63bc2aadc06d\",\"name\":\"ulqini\",\"sameAs\":[\"http:\/\/www.visit-ulcinj.com\"],\"url\":\"https:\/\/www.visit-ulcinj.com\/blog\/author\/admin\/\"}]}<\/script>\n<!-- \/ Yoast SEO plugin. -->","yoast_head_json":{"title":"Shqiptar\u00ebt ruajt\u00ebn gjuh\u00ebn dhe zakonet autentike - Mbi t\u00eb kaluar\u00ebn e Ulqinit (8) - Lajme nga Ulqini","description":"Nga Dr. Ruzhdi Ushaku Sipas nj\u00eb burimi tjet\u00ebr q\u00eb na ka r\u00ebn\u00eb n\u00eb dor\u00eb, thuhet se n\u00eb vitin 1469 qeveria e Venedikut i fali nipit t\u00eb Sk\u00ebnderbeut nj\u00eb sht\u00ebpi n\u00eb","robots":{"index":"index","follow":"follow","max-snippet":"max-snippet:-1","max-image-preview":"max-image-preview:large","max-video-preview":"max-video-preview:-1"},"canonical":"https:\/\/www.visit-ulcinj.com\/blog\/2012\/03\/10\/shqiptaret-ruajten-gjuhen-dhe-zakonet-autentike-mbi-te-kaluaren-e-ulqinit-8\/","og_locale":"en_US","og_type":"article","og_title":"Shqiptar\u00ebt ruajt\u00ebn gjuh\u00ebn dhe zakonet autentike - Mbi t\u00eb kaluar\u00ebn e Ulqinit (8) - Lajme nga Ulqini","og_description":"Nga Dr. Ruzhdi Ushaku Sipas nj\u00eb burimi tjet\u00ebr q\u00eb na ka r\u00ebn\u00eb n\u00eb dor\u00eb, thuhet se n\u00eb vitin 1469 qeveria e Venedikut i fali nipit t\u00eb Sk\u00ebnderbeut nj\u00eb sht\u00ebpi n\u00eb","og_url":"https:\/\/www.visit-ulcinj.com\/blog\/2012\/03\/10\/shqiptaret-ruajten-gjuhen-dhe-zakonet-autentike-mbi-te-kaluaren-e-ulqinit-8\/","og_site_name":"Lajme nga Ulqini","article_published_time":"2012-03-10T10:39:21+00:00","article_modified_time":"2012-03-10T19:20:56+00:00","og_image":[{"url":"http:\/\/www.visit-ulcinj.com\/blog\/wp-content\/uploads\/2012\/03\/harta-e-vjeter-e-ulqinit.jpg"}],"twitter_misc":{"Written by":"ulqini","Est. reading time":"6 minutes"},"schema":{"@context":"https:\/\/schema.org","@graph":[{"@type":"WebSite","@id":"https:\/\/www.visit-ulcinj.com\/blog\/#website","url":"https:\/\/www.visit-ulcinj.com\/blog\/","name":"Lajme nga Ulqini","description":"Lajme,Vijesti,Ulqini,Ulqin,Crna Gora,Mali i Zi","potentialAction":[{"@type":"SearchAction","target":{"@type":"EntryPoint","urlTemplate":"https:\/\/www.visit-ulcinj.com\/blog\/?s={search_term_string}"},"query-input":"required name=search_term_string"}],"inLanguage":"en-US"},{"@type":"ImageObject","inLanguage":"en-US","@id":"https:\/\/www.visit-ulcinj.com\/blog\/2012\/03\/10\/shqiptaret-ruajten-gjuhen-dhe-zakonet-autentike-mbi-te-kaluaren-e-ulqinit-8\/#primaryimage","url":"https:\/\/www.visit-ulcinj.com\/blog\/wp-content\/uploads\/2012\/03\/harta-e-vjeter-e-ulqinit.jpg","contentUrl":"https:\/\/www.visit-ulcinj.com\/blog\/wp-content\/uploads\/2012\/03\/harta-e-vjeter-e-ulqinit.jpg","width":"751","height":"600"},{"@type":"WebPage","@id":"https:\/\/www.visit-ulcinj.com\/blog\/2012\/03\/10\/shqiptaret-ruajten-gjuhen-dhe-zakonet-autentike-mbi-te-kaluaren-e-ulqinit-8\/#webpage","url":"https:\/\/www.visit-ulcinj.com\/blog\/2012\/03\/10\/shqiptaret-ruajten-gjuhen-dhe-zakonet-autentike-mbi-te-kaluaren-e-ulqinit-8\/","name":"Shqiptar\u00ebt ruajt\u00ebn gjuh\u00ebn dhe zakonet autentike - Mbi t\u00eb kaluar\u00ebn e Ulqinit (8) - Lajme nga Ulqini","isPartOf":{"@id":"https:\/\/www.visit-ulcinj.com\/blog\/#website"},"primaryImageOfPage":{"@id":"https:\/\/www.visit-ulcinj.com\/blog\/2012\/03\/10\/shqiptaret-ruajten-gjuhen-dhe-zakonet-autentike-mbi-te-kaluaren-e-ulqinit-8\/#primaryimage"},"datePublished":"2012-03-10T10:39:21+00:00","dateModified":"2012-03-10T19:20:56+00:00","author":{"@id":"https:\/\/www.visit-ulcinj.com\/blog\/#\/schema\/person\/dcab619c614d3038751c63bc2aadc06d"},"description":"Nga Dr. Ruzhdi Ushaku Sipas nj\u00eb burimi tjet\u00ebr q\u00eb na ka r\u00ebn\u00eb n\u00eb dor\u00eb, thuhet se n\u00eb vitin 1469 qeveria e Venedikut i fali nipit t\u00eb Sk\u00ebnderbeut nj\u00eb sht\u00ebpi n\u00eb","breadcrumb":{"@id":"https:\/\/www.visit-ulcinj.com\/blog\/2012\/03\/10\/shqiptaret-ruajten-gjuhen-dhe-zakonet-autentike-mbi-te-kaluaren-e-ulqinit-8\/#breadcrumb"},"inLanguage":"en-US","potentialAction":[{"@type":"ReadAction","target":["https:\/\/www.visit-ulcinj.com\/blog\/2012\/03\/10\/shqiptaret-ruajten-gjuhen-dhe-zakonet-autentike-mbi-te-kaluaren-e-ulqinit-8\/"]}]},{"@type":"BreadcrumbList","@id":"https:\/\/www.visit-ulcinj.com\/blog\/2012\/03\/10\/shqiptaret-ruajten-gjuhen-dhe-zakonet-autentike-mbi-te-kaluaren-e-ulqinit-8\/#breadcrumb","itemListElement":[{"@type":"ListItem","position":1,"name":"Shqiptar\u00ebt ruajt\u00ebn gjuh\u00ebn dhe zakonet autentike &#8211; Mbi t\u00eb kaluar\u00ebn e Ulqinit (8)"}]},{"@type":"Person","@id":"https:\/\/www.visit-ulcinj.com\/blog\/#\/schema\/person\/dcab619c614d3038751c63bc2aadc06d","name":"ulqini","sameAs":["http:\/\/www.visit-ulcinj.com"],"url":"https:\/\/www.visit-ulcinj.com\/blog\/author\/admin\/"}]}},"jetpack_featured_media_url":"","jetpack_sharing_enabled":true,"jetpack_shortlink":"https:\/\/wp.me\/pe6lTn-f6Q","_links":{"self":[{"href":"https:\/\/www.visit-ulcinj.com\/blog\/wp-json\/wp\/v2\/posts\/58084"}],"collection":[{"href":"https:\/\/www.visit-ulcinj.com\/blog\/wp-json\/wp\/v2\/posts"}],"about":[{"href":"https:\/\/www.visit-ulcinj.com\/blog\/wp-json\/wp\/v2\/types\/post"}],"author":[{"embeddable":true,"href":"https:\/\/www.visit-ulcinj.com\/blog\/wp-json\/wp\/v2\/users\/1"}],"replies":[{"embeddable":true,"href":"https:\/\/www.visit-ulcinj.com\/blog\/wp-json\/wp\/v2\/comments?post=58084"}],"version-history":[{"count":3,"href":"https:\/\/www.visit-ulcinj.com\/blog\/wp-json\/wp\/v2\/posts\/58084\/revisions"}],"predecessor-version":[{"id":58101,"href":"https:\/\/www.visit-ulcinj.com\/blog\/wp-json\/wp\/v2\/posts\/58084\/revisions\/58101"}],"wp:attachment":[{"href":"https:\/\/www.visit-ulcinj.com\/blog\/wp-json\/wp\/v2\/media?parent=58084"}],"wp:term":[{"taxonomy":"category","embeddable":true,"href":"https:\/\/www.visit-ulcinj.com\/blog\/wp-json\/wp\/v2\/categories?post=58084"},{"taxonomy":"post_tag","embeddable":true,"href":"https:\/\/www.visit-ulcinj.com\/blog\/wp-json\/wp\/v2\/tags?post=58084"}],"curies":[{"name":"wp","href":"https:\/\/api.w.org\/{rel}","templated":true}]}}