{"id":5809,"date":"2008-11-11T03:31:59","date_gmt":"2008-11-11T08:31:59","guid":{"rendered":"http:\/\/www.visit-ulcinj.com\/blog\/?p=5809"},"modified":"2008-11-11T03:31:59","modified_gmt":"2008-11-11T08:31:59","slug":"si-theri-lapraksja-ingridin-me-thike","status":"publish","type":"post","link":"https:\/\/www.visit-ulcinj.com\/blog\/2008\/11\/11\/si-theri-lapraksja-ingridin-me-thike\/","title":{"rendered":"Si theri lapraksja Ingridin me thik\u00eb"},"content":{"rendered":"<p><a href=\"http:\/\/www.visit-ulcinj.com\/blog\/wp-content\/uploads\/2008\/11\/ingrid-gjoni1.jpg\"><img loading=\"lazy\" class=\"alignleft size-medium wp-image-5810\" title=\"ingrid-gjoni1\" src=\"http:\/\/www.visit-ulcinj.com\/blog\/wp-content\/uploads\/2008\/11\/ingrid-gjoni1-300x189.jpg\" alt=\"\" width=\"300\" height=\"189\" \/><\/a>Zbulohet skenari i sherrit t\u00eb dy muajve m\u00eb par\u00eb q\u00eb \u00e7oi n\u00eb spitalin ushtarak Ingrid Gjonin pas nj\u00eb debati shum\u00eb t\u00eb fort\u00eb q\u00eb degjeneroi n\u00eb rrahje mes vajzash. E gjith\u00eb ngjarja \u00ebsht\u00eb zhvilluar dit\u00ebt e para t\u00eb muajit Tetor pran\u00eb nj\u00eb lokali n\u00eb Tiran\u00ebn e re, ku k\u00ebng\u00ebtarja Gjoni \u00ebsht\u00eb p\u00ebrballur me nj\u00eb vajz\u00eb nga Lapraka. Kjo e fundit ishte n\u00ebn shoq\u00ebrin\u00eb e 2 vajzave t\u00eb tjera t\u00eb cilat dhe argumenti ka qen\u00eb nj\u00eb djal\u00eb. I dashuri aktual i Ingrid Gjonit kishte qen\u00eb m\u00eb par\u00eb i dashuri i vajz\u00ebs nga Lapraka, Viol\u00ebs, p\u00ebr t\u00eb cilin sipas burimeve p\u00ebr \u201cBluetooth\u201d ka degraduar dhe sherri i fort\u00eb. Duket se Ingridi duke par\u00eb Viol\u00ebn n\u00eb t\u00eb nj\u00ebjtin lokal \u00ebsht\u00eb ngacmuar me t\u00eb e kaq ka mjaftuar p\u00ebr t\u00eb \u201chapur thesin\u201d.<br \/>\nPasi jan\u00eb shar\u00eb dhe fyer me fjal\u00eb mjaft t\u00eb r\u00ebnda, Viola ka thyer nj\u00eb shishe t\u00eb cil\u00ebn e kishte aty pran\u00eb, duke e l\u00ebnduar Ingridin n\u00eb disa pjes\u00eb t\u00eb trupit, nd\u00ebrsa hematomat n\u00eb l\u00ebkur\u00eb jan\u00eb shkaktuar nga xhami i shishes s\u00eb thyer. M\u00eb pas, duke mos u mjaftuar nga plag\u00ebt e krijuara n\u00eb trupin e Ingridit, ajo e ka shtyr\u00eb duke e rr\u00ebzuar at\u00eb n\u00eb tok\u00eb. Mesa duket k\u00ebtu ka qen\u00eb dhe nj\u00eb tjet\u00ebr plag\u00eb p\u00ebr Ingridin e cila me t\u00eb r\u00ebn\u00eb n\u00eb dyshemen\u00eb e ambientit ku ndodheshin ka b\u00ebritur nga dhembja. Sipas personave q\u00eb gjendeshin aty pran\u00eb, k\u00ebng\u00ebtarja ka qen\u00eb e pir\u00eb dhe jo n\u00eb gjendje t\u00eb mir\u00eb p\u00ebr t\u00eb llogjikuar.<br \/>\nDuke pasur parasysh gjendjen q\u00eb ishte Ingrid Gjoni \u00ebsht\u00eb shoq\u00ebruar n\u00eb Spitalin Ushtarak me plag\u00eb n\u00eb trup, t\u00eb shkaktuara nga mjeti prer\u00ebs q\u00eb ishte shishja e thyer si dhe nga rr\u00ebzimi me forc\u00eb n\u00eb tok\u00eb. Ngjarja ka ndodhur rreth 10 dit\u00eb m\u00eb par\u00eb se u fol, por gjith\u00e7ka u mbajt n\u00eb sekret. Mjek\u00eb t\u00eb Spitalit Ushtarak konfirmuan p\u00ebr \u201cGazeta Shqiptare\u201d, se Ingridi u kurua nga plag\u00eb t\u00eb shkaktuara n\u00eb trup nga di\u00e7ka prer\u00ebse. <a href=\"http:\/\/www.visit-ulcinj.com\/blog\/wp-content\/uploads\/2008\/11\/ingrid-gjonin-1.jpg\"><img loading=\"lazy\" class=\"alignright size-medium wp-image-5811\" title=\"ingrid-gjonin-1\" src=\"http:\/\/www.visit-ulcinj.com\/blog\/wp-content\/uploads\/2008\/11\/ingrid-gjonin-1-211x300.jpg\" alt=\"\" width=\"211\" height=\"300\" \/><\/a><br \/>\nSipas tyre gjendja e k\u00ebng\u00ebtares ishte e r\u00ebnd\u00eb n\u00eb momentin q\u00eb kishte mb\u00ebrritur n\u00eb spital, por fatmir\u00ebsisht plag\u00ebt ishin sip\u00ebrfaq\u00ebsore n\u00eb pjes\u00ebn e sip\u00ebrme t\u00eb trupit dhe nuk kishin d\u00ebmtuar organe jet\u00ebsore apo t\u00eb kishin sjell\u00eb probleme t\u00eb pariparueshme. Q\u00eb n\u00eb ato momente u tha se ngjarja u provokua nga nj\u00eb grindje banale mes k\u00ebng\u00ebtares dhe disa vajzave t\u00eb tjera banore t\u00eb Laprak\u00ebs. E plagosura VIP e Spitalit Ushtarak, mori vet\u00ebm mjekimin e par\u00eb dhe at\u00eb t\u00eb domosdosh\u00ebm e m\u00eb pas ka vijuar me mjekimet n\u00eb banes\u00eb. Paparaci yn\u00eb pak koh\u00eb m\u00eb par\u00eb fotografoi Ingiridin teksa ndoshej n\u00eb nj\u00eb pub duke k\u00ebrcyer dhe n\u00eb krah\u00ebt e ish t\u00eb fejuarit t\u00eb saj Eneas.<br \/>\nPik\u00ebrisht vet\u00ebm pak dit\u00eb m\u00eb par\u00eb se t\u00eb ishte n\u00eb k\u00ebt\u00eb fest\u00eb, k\u00ebng\u00ebtares i kishte ndodhur incidenti n\u00eb fjal\u00eb dhe n\u00ebse fotot vihen re me kujdes, n\u00eb trup ajo ruan me kujdes plag\u00ebn se mos l\u00ebndohet. Nga vet\u00eb Ingridi nuk ka patur koment Sherri p\u00ebr dashnorin Si \u201ctheri\u201d lapraksja Ingridin me thik\u00eb p\u00ebr k\u00ebt\u00eb ngjarje duke dashur sigurisht t\u00eb mos e ndaj\u00eb me mediat incidentin e ndodhur dhe duke u kujdesur q\u00eb asgj\u00eb m\u00eb tep\u00ebr t\u00eb mos m\u00ebsohet rreth tij. Tetori duket se \u00ebsht\u00eb muaji fatkeq p\u00ebr Ingridin pasi edhe nj\u00eb vit m\u00eb par\u00eb, po n\u00eb muajin Tetor ajo u p\u00ebrfshi n\u00eb nj\u00eb tjet\u00ebr incident. S\u00eb bashku me 14 miq t\u00eb saj, p\u00ebrfshi edhe \u00c7iljeta Xhilag\u00ebn, ishin duke u d\u00ebfryer n\u00eb lokalin \u201cKanon\u201d, pas spektaklit \u2018Miss Globe International\u2019, kur p\u00ebr shkak t\u00eb nj\u00eb mikesh\u00ebs s\u00eb tyre, q\u00eb si\u00e7 duket e kishte tepruar me pijen, ka ndodhur incidenti me policin\u00eb. Pas 2 or\u00ebve t\u00eb kaluara n\u00eb polici, ku dhe kishte dh\u00ebn\u00eb deklarat\u00ebn me shkrim, Gjoni \u00ebsht\u00eb liruar bashk\u00eb me disa miq t\u00eb saj.<\/p>\n<p><strong>Bluetooth<\/strong><\/p>\n<!--YouTube Error: bad URL entered-->\n","protected":false},"excerpt":{"rendered":"<p>Zbulohet skenari i sherrit t\u00eb dy muajve m\u00eb par\u00eb q\u00eb \u00e7oi n\u00eb spitalin ushtarak Ingrid Gjonin pas nj\u00eb debati shum\u00eb t\u00eb fort\u00eb q\u00eb degjeneroi n\u00eb rrahje mes vajzash. E gjith\u00eb ngjarja \u00ebsht\u00eb zhvilluar dit\u00ebt e para t\u00eb muajit Tetor pran\u00eb nj\u00eb lokali n\u00eb Tiran\u00ebn e re, ku k\u00ebng\u00ebtarja Gjoni \u00ebsht\u00eb p\u00ebrballur me nj\u00eb vajz\u00eb nga [&hellip;]<\/p>\n","protected":false},"author":1,"featured_media":0,"comment_status":"open","ping_status":"closed","sticky":false,"template":"","format":"standard","meta":{"spay_email":"","jetpack_publicize_message":"","jetpack_is_tweetstorm":false,"jetpack_publicize_feature_enabled":true},"categories":[1],"tags":[4966],"jetpack_publicize_connections":[],"yoast_head":"<!-- This site is optimized with the Yoast SEO plugin v19.1 - https:\/\/yoast.com\/wordpress\/plugins\/seo\/ -->\n<title>Si theri lapraksja Ingridin me thik\u00eb - Lajme nga Ulqini<\/title>\n<meta name=\"description\" content=\"Zbulohet skenari i sherrit t\u00eb dy muajve m\u00eb par\u00eb q\u00eb \u00e7oi n\u00eb spitalin ushtarak Ingrid Gjonin pas nj\u00eb debati shum\u00eb t\u00eb fort\u00eb q\u00eb degjeneroi n\u00eb rrahje mes\" \/>\n<meta name=\"robots\" content=\"index, follow, max-snippet:-1, max-image-preview:large, max-video-preview:-1\" \/>\n<link rel=\"canonical\" href=\"https:\/\/www.visit-ulcinj.com\/blog\/2008\/11\/11\/si-theri-lapraksja-ingridin-me-thike\/\" \/>\n<meta property=\"og:locale\" content=\"en_US\" \/>\n<meta property=\"og:type\" content=\"article\" \/>\n<meta property=\"og:title\" content=\"Si theri lapraksja Ingridin me thik\u00eb - Lajme nga Ulqini\" \/>\n<meta property=\"og:description\" content=\"Zbulohet skenari i sherrit t\u00eb dy muajve m\u00eb par\u00eb q\u00eb \u00e7oi n\u00eb spitalin ushtarak Ingrid Gjonin pas nj\u00eb debati shum\u00eb t\u00eb fort\u00eb q\u00eb degjeneroi n\u00eb rrahje mes\" \/>\n<meta property=\"og:url\" content=\"https:\/\/www.visit-ulcinj.com\/blog\/2008\/11\/11\/si-theri-lapraksja-ingridin-me-thike\/\" \/>\n<meta property=\"og:site_name\" content=\"Lajme nga Ulqini\" \/>\n<meta property=\"article:published_time\" content=\"2008-11-11T08:31:59+00:00\" \/>\n<meta property=\"og:image\" content=\"http:\/\/www.visit-ulcinj.com\/blog\/wp-content\/uploads\/2008\/11\/ingrid-gjoni1-300x189.jpg\" \/>\n<meta name=\"twitter:label1\" content=\"Written by\" \/>\n\t<meta name=\"twitter:data1\" content=\"ulqini\" \/>\n\t<meta name=\"twitter:label2\" content=\"Est. reading time\" \/>\n\t<meta name=\"twitter:data2\" content=\"3 minutes\" \/>\n<script type=\"application\/ld+json\" class=\"yoast-schema-graph\">{\"@context\":\"https:\/\/schema.org\",\"@graph\":[{\"@type\":\"WebSite\",\"@id\":\"https:\/\/www.visit-ulcinj.com\/blog\/#website\",\"url\":\"https:\/\/www.visit-ulcinj.com\/blog\/\",\"name\":\"Lajme nga Ulqini\",\"description\":\"Lajme,Vijesti,Ulqini,Ulqin,Crna Gora,Mali i Zi\",\"potentialAction\":[{\"@type\":\"SearchAction\",\"target\":{\"@type\":\"EntryPoint\",\"urlTemplate\":\"https:\/\/www.visit-ulcinj.com\/blog\/?s={search_term_string}\"},\"query-input\":\"required name=search_term_string\"}],\"inLanguage\":\"en-US\"},{\"@type\":\"ImageObject\",\"inLanguage\":\"en-US\",\"@id\":\"https:\/\/www.visit-ulcinj.com\/blog\/2008\/11\/11\/si-theri-lapraksja-ingridin-me-thike\/#primaryimage\",\"url\":\"http:\/\/www.visit-ulcinj.com\/blog\/wp-content\/uploads\/2008\/11\/ingrid-gjoni1-300x189.jpg\",\"contentUrl\":\"http:\/\/www.visit-ulcinj.com\/blog\/wp-content\/uploads\/2008\/11\/ingrid-gjoni1-300x189.jpg\"},{\"@type\":\"WebPage\",\"@id\":\"https:\/\/www.visit-ulcinj.com\/blog\/2008\/11\/11\/si-theri-lapraksja-ingridin-me-thike\/#webpage\",\"url\":\"https:\/\/www.visit-ulcinj.com\/blog\/2008\/11\/11\/si-theri-lapraksja-ingridin-me-thike\/\",\"name\":\"Si theri lapraksja Ingridin me thik\u00eb - Lajme nga Ulqini\",\"isPartOf\":{\"@id\":\"https:\/\/www.visit-ulcinj.com\/blog\/#website\"},\"primaryImageOfPage\":{\"@id\":\"https:\/\/www.visit-ulcinj.com\/blog\/2008\/11\/11\/si-theri-lapraksja-ingridin-me-thike\/#primaryimage\"},\"datePublished\":\"2008-11-11T08:31:59+00:00\",\"dateModified\":\"2008-11-11T08:31:59+00:00\",\"author\":{\"@id\":\"https:\/\/www.visit-ulcinj.com\/blog\/#\/schema\/person\/dcab619c614d3038751c63bc2aadc06d\"},\"description\":\"Zbulohet skenari i sherrit t\u00eb dy muajve m\u00eb par\u00eb q\u00eb \u00e7oi n\u00eb spitalin ushtarak Ingrid Gjonin pas nj\u00eb debati shum\u00eb t\u00eb fort\u00eb q\u00eb degjeneroi n\u00eb rrahje mes\",\"breadcrumb\":{\"@id\":\"https:\/\/www.visit-ulcinj.com\/blog\/2008\/11\/11\/si-theri-lapraksja-ingridin-me-thike\/#breadcrumb\"},\"inLanguage\":\"en-US\",\"potentialAction\":[{\"@type\":\"ReadAction\",\"target\":[\"https:\/\/www.visit-ulcinj.com\/blog\/2008\/11\/11\/si-theri-lapraksja-ingridin-me-thike\/\"]}]},{\"@type\":\"BreadcrumbList\",\"@id\":\"https:\/\/www.visit-ulcinj.com\/blog\/2008\/11\/11\/si-theri-lapraksja-ingridin-me-thike\/#breadcrumb\",\"itemListElement\":[{\"@type\":\"ListItem\",\"position\":1,\"name\":\"Si theri lapraksja Ingridin me thik\u00eb\"}]},{\"@type\":\"Person\",\"@id\":\"https:\/\/www.visit-ulcinj.com\/blog\/#\/schema\/person\/dcab619c614d3038751c63bc2aadc06d\",\"name\":\"ulqini\",\"sameAs\":[\"http:\/\/www.visit-ulcinj.com\"],\"url\":\"https:\/\/www.visit-ulcinj.com\/blog\/author\/admin\/\"}]}<\/script>\n<!-- \/ Yoast SEO plugin. -->","yoast_head_json":{"title":"Si theri lapraksja Ingridin me thik\u00eb - Lajme nga Ulqini","description":"Zbulohet skenari i sherrit t\u00eb dy muajve m\u00eb par\u00eb q\u00eb \u00e7oi n\u00eb spitalin ushtarak Ingrid Gjonin pas nj\u00eb debati shum\u00eb t\u00eb fort\u00eb q\u00eb degjeneroi n\u00eb rrahje mes","robots":{"index":"index","follow":"follow","max-snippet":"max-snippet:-1","max-image-preview":"max-image-preview:large","max-video-preview":"max-video-preview:-1"},"canonical":"https:\/\/www.visit-ulcinj.com\/blog\/2008\/11\/11\/si-theri-lapraksja-ingridin-me-thike\/","og_locale":"en_US","og_type":"article","og_title":"Si theri lapraksja Ingridin me thik\u00eb - Lajme nga Ulqini","og_description":"Zbulohet skenari i sherrit t\u00eb dy muajve m\u00eb par\u00eb q\u00eb \u00e7oi n\u00eb spitalin ushtarak Ingrid Gjonin pas nj\u00eb debati shum\u00eb t\u00eb fort\u00eb q\u00eb degjeneroi n\u00eb rrahje mes","og_url":"https:\/\/www.visit-ulcinj.com\/blog\/2008\/11\/11\/si-theri-lapraksja-ingridin-me-thike\/","og_site_name":"Lajme nga Ulqini","article_published_time":"2008-11-11T08:31:59+00:00","og_image":[{"url":"http:\/\/www.visit-ulcinj.com\/blog\/wp-content\/uploads\/2008\/11\/ingrid-gjoni1-300x189.jpg"}],"twitter_misc":{"Written by":"ulqini","Est. reading time":"3 minutes"},"schema":{"@context":"https:\/\/schema.org","@graph":[{"@type":"WebSite","@id":"https:\/\/www.visit-ulcinj.com\/blog\/#website","url":"https:\/\/www.visit-ulcinj.com\/blog\/","name":"Lajme nga Ulqini","description":"Lajme,Vijesti,Ulqini,Ulqin,Crna Gora,Mali i Zi","potentialAction":[{"@type":"SearchAction","target":{"@type":"EntryPoint","urlTemplate":"https:\/\/www.visit-ulcinj.com\/blog\/?s={search_term_string}"},"query-input":"required name=search_term_string"}],"inLanguage":"en-US"},{"@type":"ImageObject","inLanguage":"en-US","@id":"https:\/\/www.visit-ulcinj.com\/blog\/2008\/11\/11\/si-theri-lapraksja-ingridin-me-thike\/#primaryimage","url":"http:\/\/www.visit-ulcinj.com\/blog\/wp-content\/uploads\/2008\/11\/ingrid-gjoni1-300x189.jpg","contentUrl":"http:\/\/www.visit-ulcinj.com\/blog\/wp-content\/uploads\/2008\/11\/ingrid-gjoni1-300x189.jpg"},{"@type":"WebPage","@id":"https:\/\/www.visit-ulcinj.com\/blog\/2008\/11\/11\/si-theri-lapraksja-ingridin-me-thike\/#webpage","url":"https:\/\/www.visit-ulcinj.com\/blog\/2008\/11\/11\/si-theri-lapraksja-ingridin-me-thike\/","name":"Si theri lapraksja Ingridin me thik\u00eb - Lajme nga Ulqini","isPartOf":{"@id":"https:\/\/www.visit-ulcinj.com\/blog\/#website"},"primaryImageOfPage":{"@id":"https:\/\/www.visit-ulcinj.com\/blog\/2008\/11\/11\/si-theri-lapraksja-ingridin-me-thike\/#primaryimage"},"datePublished":"2008-11-11T08:31:59+00:00","dateModified":"2008-11-11T08:31:59+00:00","author":{"@id":"https:\/\/www.visit-ulcinj.com\/blog\/#\/schema\/person\/dcab619c614d3038751c63bc2aadc06d"},"description":"Zbulohet skenari i sherrit t\u00eb dy muajve m\u00eb par\u00eb q\u00eb \u00e7oi n\u00eb spitalin ushtarak Ingrid Gjonin pas nj\u00eb debati shum\u00eb t\u00eb fort\u00eb q\u00eb degjeneroi n\u00eb rrahje mes","breadcrumb":{"@id":"https:\/\/www.visit-ulcinj.com\/blog\/2008\/11\/11\/si-theri-lapraksja-ingridin-me-thike\/#breadcrumb"},"inLanguage":"en-US","potentialAction":[{"@type":"ReadAction","target":["https:\/\/www.visit-ulcinj.com\/blog\/2008\/11\/11\/si-theri-lapraksja-ingridin-me-thike\/"]}]},{"@type":"BreadcrumbList","@id":"https:\/\/www.visit-ulcinj.com\/blog\/2008\/11\/11\/si-theri-lapraksja-ingridin-me-thike\/#breadcrumb","itemListElement":[{"@type":"ListItem","position":1,"name":"Si theri lapraksja Ingridin me thik\u00eb"}]},{"@type":"Person","@id":"https:\/\/www.visit-ulcinj.com\/blog\/#\/schema\/person\/dcab619c614d3038751c63bc2aadc06d","name":"ulqini","sameAs":["http:\/\/www.visit-ulcinj.com"],"url":"https:\/\/www.visit-ulcinj.com\/blog\/author\/admin\/"}]}},"jetpack_featured_media_url":"","jetpack_sharing_enabled":true,"jetpack_shortlink":"https:\/\/wp.me\/pe6lTn-1vH","_links":{"self":[{"href":"https:\/\/www.visit-ulcinj.com\/blog\/wp-json\/wp\/v2\/posts\/5809"}],"collection":[{"href":"https:\/\/www.visit-ulcinj.com\/blog\/wp-json\/wp\/v2\/posts"}],"about":[{"href":"https:\/\/www.visit-ulcinj.com\/blog\/wp-json\/wp\/v2\/types\/post"}],"author":[{"embeddable":true,"href":"https:\/\/www.visit-ulcinj.com\/blog\/wp-json\/wp\/v2\/users\/1"}],"replies":[{"embeddable":true,"href":"https:\/\/www.visit-ulcinj.com\/blog\/wp-json\/wp\/v2\/comments?post=5809"}],"version-history":[{"count":0,"href":"https:\/\/www.visit-ulcinj.com\/blog\/wp-json\/wp\/v2\/posts\/5809\/revisions"}],"wp:attachment":[{"href":"https:\/\/www.visit-ulcinj.com\/blog\/wp-json\/wp\/v2\/media?parent=5809"}],"wp:term":[{"taxonomy":"category","embeddable":true,"href":"https:\/\/www.visit-ulcinj.com\/blog\/wp-json\/wp\/v2\/categories?post=5809"},{"taxonomy":"post_tag","embeddable":true,"href":"https:\/\/www.visit-ulcinj.com\/blog\/wp-json\/wp\/v2\/tags?post=5809"}],"curies":[{"name":"wp","href":"https:\/\/api.w.org\/{rel}","templated":true}]}}