{"id":58091,"date":"2012-03-10T18:55:56","date_gmt":"2012-03-10T17:55:56","guid":{"rendered":"http:\/\/www.visit-ulcinj.com\/blog\/?p=58091"},"modified":"2012-03-11T13:04:16","modified_gmt":"2012-03-11T12:04:16","slug":"hotel-mediteran-ulcinj-otvorio-turisticku-sezonu-2012","status":"publish","type":"post","link":"https:\/\/www.visit-ulcinj.com\/blog\/2012\/03\/10\/hotel-mediteran-ulcinj-otvorio-turisticku-sezonu-2012\/","title":{"rendered":"Hotel Mediteran Ulcinj otvorio turisti\u010dku sezonu  2012"},"content":{"rendered":"<p><strong><a href=\"http:\/\/www.visit-ulcinj.com\/blog\/wp-content\/uploads\/2012\/03\/Hotel-Mediteran-Ulcinj-otvorio-turisticku-sezonu-2012.jpg\"><img loading=\"lazy\" class=\"alignleft  wp-image-58092\" title=\"Hotel Mediteran Ulcinj otvorio turisticku sezonu  2012\" src=\"http:\/\/www.visit-ulcinj.com\/blog\/wp-content\/uploads\/2012\/03\/Hotel-Mediteran-Ulcinj-otvorio-turisticku-sezonu-2012.jpg\" alt=\"\" width=\"508\" height=\"380\" srcset=\"https:\/\/www.visit-ulcinj.com\/blog\/wp-content\/uploads\/2012\/03\/Hotel-Mediteran-Ulcinj-otvorio-turisticku-sezonu-2012.jpg 1001w, https:\/\/www.visit-ulcinj.com\/blog\/wp-content\/uploads\/2012\/03\/Hotel-Mediteran-Ulcinj-otvorio-turisticku-sezonu-2012-300x224.jpg 300w\" sizes=\"(max-width: 508px) 100vw, 508px\" \/><\/a>Ulcinjski Hotel \u201eMediteran\u201c otvorio je svoje kapije gostima koji su povodom 8. marta, Dana \u017eena, stigli u Ulcinj. Na taj na\u010din je i zvani\u010dno najavljeno otvaranje ovogodi\u0161nje turisti\u010dke sezone u ovom hotelu, a time i u najju\u017enijem ljetovali\u0161tu na Crnogorskom primorju.<\/strong><\/p>\n<p>Osoblje hotela Mediteran je ugostilo 130 gostiju, uglavnom \u017eena, iz Ulcinja, Tirane i Skadra, za koje je organizovan prigodan do\u010dek i cjelove\u010dernja zabava.<\/p>\n<p>&#8211; U na\u0161em hotelu tradicionalno sezona po\u010dinje u martu, a ove godina taj termin je malo pomjeren naprijed, jer narednih dana \u00a0o\u010dekujemo ve\u0107e grupe turista iz Hrvatske. Nakon toga po\u010dinju grupni dolasci iz Albanije, Poljske, Rumunije\u2026 O\u010dekujemo i veliki broj individualnih gostiju iz okolih zemalja koji se tradicionalno kasnije odlu\u010duju za odlazak na godi\u0161nji odmor \u2013 kazao je Seljatin \u0110eljo\u0161evi\u0107, direktor hotela \u201eMediteran\u201c.<br \/>\n<a href=\"http:\/\/www.visit-ulcinj.com\/blog\/wp-content\/uploads\/2012\/03\/Valentina-Kozinovic.jpg\"><img loading=\"lazy\" class=\"alignleft  wp-image-58093\" title=\"Valentina Kozinovic\" src=\"http:\/\/www.visit-ulcinj.com\/blog\/wp-content\/uploads\/2012\/03\/Valentina-Kozinovic.jpg\" alt=\"\" width=\"508\" height=\"300\" \/><\/a><\/p>\n<p>Marketing menad\u017eer Valentina Kozinovi\u0107 izraziv\u0161i zadovoljstvo prvom posjetom kao i najavama za naredni period prije po\u010detka glavne sezone, ka\u017ee da su planirali da u hotelu \u201eMediteran\u201c u predsezonskom periodu organizuju razna de\u0161avanja kojima bi privukli goste posebno u danima vikenda.<\/p>\n<p>&#8211; Cilj nam je da putem raznih atraktivnih doga\u0111anja promovi\u0161emo ne samo na\u0161 hotel, ve\u0107 i destinaciju koja ima puno toga da ponudi i u vremenu kad nije kupali\u0161na sezona, od istorijskog, kulturnog, rekreativnog, ali i avanturisti\u010dkog turizma Nastavljamo aktivnosti koje vode produ\u017eetku sezone. Realno je da sezona na ovom podru\u010dju traje sedam do osam meseci, stoga svakog vikenda\u00a0 planiramo tematske doga\u0111aje po \u010demu postajemo prepoznatljivi \u2013 ka\u017ee Kozinovi\u0107.<br \/>\n<a href=\"http:\/\/www.visit-ulcinj.com\/blog\/wp-content\/uploads\/2012\/03\/Bazen-Hotel-Mediteran-Ulcinj.jpg\"><img loading=\"lazy\" class=\"alignleft  wp-image-58094\" title=\"Bazen Hotel Mediteran Ulcinj\" src=\"http:\/\/www.visit-ulcinj.com\/blog\/wp-content\/uploads\/2012\/03\/Bazen-Hotel-Mediteran-Ulcinj.jpg\" alt=\"\" width=\"508\" height=\"300\" \/><\/a><\/p>\n<p>Hotel \u201eMediteran\u201c \u0107e ove godine gostima ponuditi smje\u0161taj u renoviranim sobama, dok su se i pojedini delovi centrane zgrade hotela renovirati do ljeta.<\/p>\n<p><strong><em>N.Perkovi\u0107<\/em><\/strong><\/p>\n<p><strong>Ovaj tekst je preuzet sa adrese: <a href=\"http:\/\/www.pobjeda.me\/2012\/03\/09\/ulcinj-hotel-%E2%80%9Emediteran%E2%80%9C-otvorio-sezonu\/\">http:\/\/www.pobjeda.me\/2012\/03\/09\/ulcinj-hotel-%E2%80%9Emediteran%E2%80%9C-otvorio-sezonu\/<\/a><\/strong><\/p>\n<!--YouTube Error: bad URL entered-->\n","protected":false},"excerpt":{"rendered":"<p>Ulcinjski Hotel \u201eMediteran\u201c otvorio je svoje kapije gostima koji su povodom 8. marta, Dana \u017eena, stigli u Ulcinj. Na taj na\u010din je i zvani\u010dno najavljeno otvaranje ovogodi\u0161nje turisti\u010dke sezone u ovom hotelu, a time i u najju\u017enijem ljetovali\u0161tu na Crnogorskom primorju. Osoblje hotela Mediteran je ugostilo 130 gostiju, uglavnom \u017eena, iz Ulcinja, Tirane i Skadra, [&hellip;]<\/p>\n","protected":false},"author":1,"featured_media":0,"comment_status":"open","ping_status":"closed","sticky":false,"template":"","format":"standard","meta":{"spay_email":"","jetpack_publicize_message":"","jetpack_is_tweetstorm":false,"jetpack_publicize_feature_enabled":true},"categories":[6950],"tags":[18468,13382,6718,20113,20114,15968,20131,20129,18466,20130,20128,19],"jetpack_publicize_connections":[],"yoast_head":"<!-- This site is optimized with the Yoast SEO plugin v19.1 - https:\/\/yoast.com\/wordpress\/plugins\/seo\/ -->\n<title>Hotel Mediteran Ulcinj otvorio turisti\u010dku sezonu 2012 - Lajme nga Ulqini<\/title>\n<meta name=\"description\" content=\"Ulcinjski Hotel \u201eMediteran\u201c otvorio je svoje kapije gostima koji su povodom 8. marta, Dana \u017eena, stigli u Ulcinj. Na taj na\u010din je i zvani\u010dno najavljeno\" \/>\n<meta name=\"robots\" content=\"index, follow, max-snippet:-1, max-image-preview:large, max-video-preview:-1\" \/>\n<link rel=\"canonical\" href=\"https:\/\/www.visit-ulcinj.com\/blog\/2012\/03\/10\/hotel-mediteran-ulcinj-otvorio-turisticku-sezonu-2012\/\" \/>\n<meta property=\"og:locale\" content=\"en_US\" \/>\n<meta property=\"og:type\" content=\"article\" \/>\n<meta property=\"og:title\" content=\"Hotel Mediteran Ulcinj otvorio turisti\u010dku sezonu 2012 - Lajme nga Ulqini\" \/>\n<meta property=\"og:description\" content=\"Ulcinjski Hotel \u201eMediteran\u201c otvorio je svoje kapije gostima koji su povodom 8. marta, Dana \u017eena, stigli u Ulcinj. Na taj na\u010din je i zvani\u010dno najavljeno\" \/>\n<meta property=\"og:url\" content=\"https:\/\/www.visit-ulcinj.com\/blog\/2012\/03\/10\/hotel-mediteran-ulcinj-otvorio-turisticku-sezonu-2012\/\" \/>\n<meta property=\"og:site_name\" content=\"Lajme nga Ulqini\" \/>\n<meta property=\"article:published_time\" content=\"2012-03-10T17:55:56+00:00\" \/>\n<meta property=\"article:modified_time\" content=\"2012-03-11T12:04:16+00:00\" \/>\n<meta property=\"og:image\" content=\"http:\/\/www.visit-ulcinj.com\/blog\/wp-content\/uploads\/2012\/03\/Hotel-Mediteran-Ulcinj-otvorio-turisticku-sezonu-2012.jpg\" \/>\n<meta name=\"twitter:label1\" content=\"Written by\" \/>\n\t<meta name=\"twitter:data1\" content=\"ulqini\" \/>\n\t<meta name=\"twitter:label2\" content=\"Est. reading time\" \/>\n\t<meta name=\"twitter:data2\" content=\"2 minutes\" \/>\n<script type=\"application\/ld+json\" class=\"yoast-schema-graph\">{\"@context\":\"https:\/\/schema.org\",\"@graph\":[{\"@type\":\"WebSite\",\"@id\":\"https:\/\/www.visit-ulcinj.com\/blog\/#website\",\"url\":\"https:\/\/www.visit-ulcinj.com\/blog\/\",\"name\":\"Lajme nga Ulqini\",\"description\":\"Lajme,Vijesti,Ulqini,Ulqin,Crna Gora,Mali i Zi\",\"potentialAction\":[{\"@type\":\"SearchAction\",\"target\":{\"@type\":\"EntryPoint\",\"urlTemplate\":\"https:\/\/www.visit-ulcinj.com\/blog\/?s={search_term_string}\"},\"query-input\":\"required name=search_term_string\"}],\"inLanguage\":\"en-US\"},{\"@type\":\"ImageObject\",\"inLanguage\":\"en-US\",\"@id\":\"https:\/\/www.visit-ulcinj.com\/blog\/2012\/03\/10\/hotel-mediteran-ulcinj-otvorio-turisticku-sezonu-2012\/#primaryimage\",\"url\":\"https:\/\/www.visit-ulcinj.com\/blog\/wp-content\/uploads\/2012\/03\/Hotel-Mediteran-Ulcinj-otvorio-turisticku-sezonu-2012.jpg\",\"contentUrl\":\"https:\/\/www.visit-ulcinj.com\/blog\/wp-content\/uploads\/2012\/03\/Hotel-Mediteran-Ulcinj-otvorio-turisticku-sezonu-2012.jpg\",\"width\":\"1001\",\"height\":\"750\"},{\"@type\":\"WebPage\",\"@id\":\"https:\/\/www.visit-ulcinj.com\/blog\/2012\/03\/10\/hotel-mediteran-ulcinj-otvorio-turisticku-sezonu-2012\/#webpage\",\"url\":\"https:\/\/www.visit-ulcinj.com\/blog\/2012\/03\/10\/hotel-mediteran-ulcinj-otvorio-turisticku-sezonu-2012\/\",\"name\":\"Hotel Mediteran Ulcinj otvorio turisti\u010dku sezonu 2012 - Lajme nga Ulqini\",\"isPartOf\":{\"@id\":\"https:\/\/www.visit-ulcinj.com\/blog\/#website\"},\"primaryImageOfPage\":{\"@id\":\"https:\/\/www.visit-ulcinj.com\/blog\/2012\/03\/10\/hotel-mediteran-ulcinj-otvorio-turisticku-sezonu-2012\/#primaryimage\"},\"datePublished\":\"2012-03-10T17:55:56+00:00\",\"dateModified\":\"2012-03-11T12:04:16+00:00\",\"author\":{\"@id\":\"https:\/\/www.visit-ulcinj.com\/blog\/#\/schema\/person\/dcab619c614d3038751c63bc2aadc06d\"},\"description\":\"Ulcinjski Hotel \u201eMediteran\u201c otvorio je svoje kapije gostima koji su povodom 8. marta, Dana \u017eena, stigli u Ulcinj. Na taj na\u010din je i zvani\u010dno najavljeno\",\"breadcrumb\":{\"@id\":\"https:\/\/www.visit-ulcinj.com\/blog\/2012\/03\/10\/hotel-mediteran-ulcinj-otvorio-turisticku-sezonu-2012\/#breadcrumb\"},\"inLanguage\":\"en-US\",\"potentialAction\":[{\"@type\":\"ReadAction\",\"target\":[\"https:\/\/www.visit-ulcinj.com\/blog\/2012\/03\/10\/hotel-mediteran-ulcinj-otvorio-turisticku-sezonu-2012\/\"]}]},{\"@type\":\"BreadcrumbList\",\"@id\":\"https:\/\/www.visit-ulcinj.com\/blog\/2012\/03\/10\/hotel-mediteran-ulcinj-otvorio-turisticku-sezonu-2012\/#breadcrumb\",\"itemListElement\":[{\"@type\":\"ListItem\",\"position\":1,\"name\":\"Hotel Mediteran Ulcinj otvorio turisti\u010dku sezonu 2012\"}]},{\"@type\":\"Person\",\"@id\":\"https:\/\/www.visit-ulcinj.com\/blog\/#\/schema\/person\/dcab619c614d3038751c63bc2aadc06d\",\"name\":\"ulqini\",\"sameAs\":[\"http:\/\/www.visit-ulcinj.com\"],\"url\":\"https:\/\/www.visit-ulcinj.com\/blog\/author\/admin\/\"}]}<\/script>\n<!-- \/ Yoast SEO plugin. -->","yoast_head_json":{"title":"Hotel Mediteran Ulcinj otvorio turisti\u010dku sezonu 2012 - Lajme nga Ulqini","description":"Ulcinjski Hotel \u201eMediteran\u201c otvorio je svoje kapije gostima koji su povodom 8. marta, Dana \u017eena, stigli u Ulcinj. Na taj na\u010din je i zvani\u010dno najavljeno","robots":{"index":"index","follow":"follow","max-snippet":"max-snippet:-1","max-image-preview":"max-image-preview:large","max-video-preview":"max-video-preview:-1"},"canonical":"https:\/\/www.visit-ulcinj.com\/blog\/2012\/03\/10\/hotel-mediteran-ulcinj-otvorio-turisticku-sezonu-2012\/","og_locale":"en_US","og_type":"article","og_title":"Hotel Mediteran Ulcinj otvorio turisti\u010dku sezonu 2012 - Lajme nga Ulqini","og_description":"Ulcinjski Hotel \u201eMediteran\u201c otvorio je svoje kapije gostima koji su povodom 8. marta, Dana \u017eena, stigli u Ulcinj. Na taj na\u010din je i zvani\u010dno najavljeno","og_url":"https:\/\/www.visit-ulcinj.com\/blog\/2012\/03\/10\/hotel-mediteran-ulcinj-otvorio-turisticku-sezonu-2012\/","og_site_name":"Lajme nga Ulqini","article_published_time":"2012-03-10T17:55:56+00:00","article_modified_time":"2012-03-11T12:04:16+00:00","og_image":[{"url":"http:\/\/www.visit-ulcinj.com\/blog\/wp-content\/uploads\/2012\/03\/Hotel-Mediteran-Ulcinj-otvorio-turisticku-sezonu-2012.jpg"}],"twitter_misc":{"Written by":"ulqini","Est. reading time":"2 minutes"},"schema":{"@context":"https:\/\/schema.org","@graph":[{"@type":"WebSite","@id":"https:\/\/www.visit-ulcinj.com\/blog\/#website","url":"https:\/\/www.visit-ulcinj.com\/blog\/","name":"Lajme nga Ulqini","description":"Lajme,Vijesti,Ulqini,Ulqin,Crna Gora,Mali i Zi","potentialAction":[{"@type":"SearchAction","target":{"@type":"EntryPoint","urlTemplate":"https:\/\/www.visit-ulcinj.com\/blog\/?s={search_term_string}"},"query-input":"required name=search_term_string"}],"inLanguage":"en-US"},{"@type":"ImageObject","inLanguage":"en-US","@id":"https:\/\/www.visit-ulcinj.com\/blog\/2012\/03\/10\/hotel-mediteran-ulcinj-otvorio-turisticku-sezonu-2012\/#primaryimage","url":"https:\/\/www.visit-ulcinj.com\/blog\/wp-content\/uploads\/2012\/03\/Hotel-Mediteran-Ulcinj-otvorio-turisticku-sezonu-2012.jpg","contentUrl":"https:\/\/www.visit-ulcinj.com\/blog\/wp-content\/uploads\/2012\/03\/Hotel-Mediteran-Ulcinj-otvorio-turisticku-sezonu-2012.jpg","width":"1001","height":"750"},{"@type":"WebPage","@id":"https:\/\/www.visit-ulcinj.com\/blog\/2012\/03\/10\/hotel-mediteran-ulcinj-otvorio-turisticku-sezonu-2012\/#webpage","url":"https:\/\/www.visit-ulcinj.com\/blog\/2012\/03\/10\/hotel-mediteran-ulcinj-otvorio-turisticku-sezonu-2012\/","name":"Hotel Mediteran Ulcinj otvorio turisti\u010dku sezonu 2012 - Lajme nga Ulqini","isPartOf":{"@id":"https:\/\/www.visit-ulcinj.com\/blog\/#website"},"primaryImageOfPage":{"@id":"https:\/\/www.visit-ulcinj.com\/blog\/2012\/03\/10\/hotel-mediteran-ulcinj-otvorio-turisticku-sezonu-2012\/#primaryimage"},"datePublished":"2012-03-10T17:55:56+00:00","dateModified":"2012-03-11T12:04:16+00:00","author":{"@id":"https:\/\/www.visit-ulcinj.com\/blog\/#\/schema\/person\/dcab619c614d3038751c63bc2aadc06d"},"description":"Ulcinjski Hotel \u201eMediteran\u201c otvorio je svoje kapije gostima koji su povodom 8. marta, Dana \u017eena, stigli u Ulcinj. Na taj na\u010din je i zvani\u010dno najavljeno","breadcrumb":{"@id":"https:\/\/www.visit-ulcinj.com\/blog\/2012\/03\/10\/hotel-mediteran-ulcinj-otvorio-turisticku-sezonu-2012\/#breadcrumb"},"inLanguage":"en-US","potentialAction":[{"@type":"ReadAction","target":["https:\/\/www.visit-ulcinj.com\/blog\/2012\/03\/10\/hotel-mediteran-ulcinj-otvorio-turisticku-sezonu-2012\/"]}]},{"@type":"BreadcrumbList","@id":"https:\/\/www.visit-ulcinj.com\/blog\/2012\/03\/10\/hotel-mediteran-ulcinj-otvorio-turisticku-sezonu-2012\/#breadcrumb","itemListElement":[{"@type":"ListItem","position":1,"name":"Hotel Mediteran Ulcinj otvorio turisti\u010dku sezonu 2012"}]},{"@type":"Person","@id":"https:\/\/www.visit-ulcinj.com\/blog\/#\/schema\/person\/dcab619c614d3038751c63bc2aadc06d","name":"ulqini","sameAs":["http:\/\/www.visit-ulcinj.com"],"url":"https:\/\/www.visit-ulcinj.com\/blog\/author\/admin\/"}]}},"jetpack_featured_media_url":"","jetpack_sharing_enabled":true,"jetpack_shortlink":"https:\/\/wp.me\/pe6lTn-f6X","_links":{"self":[{"href":"https:\/\/www.visit-ulcinj.com\/blog\/wp-json\/wp\/v2\/posts\/58091"}],"collection":[{"href":"https:\/\/www.visit-ulcinj.com\/blog\/wp-json\/wp\/v2\/posts"}],"about":[{"href":"https:\/\/www.visit-ulcinj.com\/blog\/wp-json\/wp\/v2\/types\/post"}],"author":[{"embeddable":true,"href":"https:\/\/www.visit-ulcinj.com\/blog\/wp-json\/wp\/v2\/users\/1"}],"replies":[{"embeddable":true,"href":"https:\/\/www.visit-ulcinj.com\/blog\/wp-json\/wp\/v2\/comments?post=58091"}],"version-history":[{"count":2,"href":"https:\/\/www.visit-ulcinj.com\/blog\/wp-json\/wp\/v2\/posts\/58091\/revisions"}],"predecessor-version":[{"id":58107,"href":"https:\/\/www.visit-ulcinj.com\/blog\/wp-json\/wp\/v2\/posts\/58091\/revisions\/58107"}],"wp:attachment":[{"href":"https:\/\/www.visit-ulcinj.com\/blog\/wp-json\/wp\/v2\/media?parent=58091"}],"wp:term":[{"taxonomy":"category","embeddable":true,"href":"https:\/\/www.visit-ulcinj.com\/blog\/wp-json\/wp\/v2\/categories?post=58091"},{"taxonomy":"post_tag","embeddable":true,"href":"https:\/\/www.visit-ulcinj.com\/blog\/wp-json\/wp\/v2\/tags?post=58091"}],"curies":[{"name":"wp","href":"https:\/\/api.w.org\/{rel}","templated":true}]}}