{"id":58104,"date":"2012-03-11T13:03:22","date_gmt":"2012-03-11T12:03:22","guid":{"rendered":"http:\/\/www.visit-ulcinj.com\/blog\/?p=58104"},"modified":"2012-03-11T13:03:22","modified_gmt":"2012-03-11T12:03:22","slug":"abazovic-napad-na-novinarku-lakic-dokaz-kraha-institucija","status":"publish","type":"post","link":"https:\/\/www.visit-ulcinj.com\/blog\/2012\/03\/11\/abazovic-napad-na-novinarku-lakic-dokaz-kraha-institucija\/","title":{"rendered":"Abazovi\u0107: Napad na novinarku Laki\u0107 dokaz kraha institucija"},"content":{"rendered":"<p><a href=\"http:\/\/www.visit-ulcinj.com\/blog\/wp-content\/uploads\/2012\/03\/Dritan-Abazovic1.jpg\"><img loading=\"lazy\" class=\"alignleft  wp-image-58105\" title=\"Dritan Abazovic\" src=\"http:\/\/www.visit-ulcinj.com\/blog\/wp-content\/uploads\/2012\/03\/Dritan-Abazovic1.jpg\" alt=\"\" width=\"508\" height=\"380\" srcset=\"https:\/\/www.visit-ulcinj.com\/blog\/wp-content\/uploads\/2012\/03\/Dritan-Abazovic1.jpg 960w, https:\/\/www.visit-ulcinj.com\/blog\/wp-content\/uploads\/2012\/03\/Dritan-Abazovic1-300x225.jpg 300w\" sizes=\"(max-width: 508px) 100vw, 508px\" \/><\/a>Napad na novinarku dnevnog lista Vijesti, Oliveru Laki\u0107, dokaz je kraha crnogorskih institucija koje, o\u010digledno, nemaju volje da za\u0161tite slobodu javno izgovorene ili napisane rije\u010di, ocijenio je \u010dlan Savjeta za samoregulaciju medija (SSM), Dritan Abazovi\u0107.<\/p>\n<p>\u201cOvaj sramni \u010din samo je nastavak kontinuiranih akcija koje se, po svemu sude\u0107i, sinhronizovano de\u0161avaju s vremena na vrijeme i kojima, o\u010digledno, nema ko da stane na kraj\u201c, kazao je on. Abazovi\u0107 je u izjavi dostavljenoj agenciji MINA naveo da, kao predstavnik lokalnog medija Televizije Teuta i \u010dlan SSM-a, najo\u0161tije osu\u0111uje taj varvarski \u010din, i pozvao ostale \u010dlanove Savjeta da u\u010dine isto.<\/p>\n<p>Prema njegovim rije\u010dima, kompletna medijska zajednica treba da insistira, i da bude jedinstvena i radikalna u zahtjevu da se rasvjetle svi napadi na novinare u Crnoj Gori. Abazovi\u0107 je pozvao nadle\u017ene da preuzmu punu odgovornost za sve \u0161to se desilo novinarima u predhodnom periodu, od nerasvjetljenih ubistava, preko serije fizi\u010dkih napada na pojedince ili na imovinu medija.<\/p>\n<p>\u201eAko su sposobni da odmah odreaguju u vezi sa aferom &#8216;listing&#8217;, koja se odnosila direktno na premijera, a nijesu sposobni da na\u0111u ubice, napada\u010de i nalagodavce koji nesmetano nastavljaju lin\u010d slobodnih novinara ve\u0107 desetak godina, onda bi bilo moralno da svi kolektivno podnesu ostavku\u201c, smatra on.Ovakvi doga\u0111aji, kako je naveo, ljuljaju imid\u017e Crne Gore pred me\u0111unarodnom zajednicom i lo\u0161a su poruku evropskim partnerima. Abazovi\u0107 je naglasio da je odgovornost na instiucijama sistema, i da one \u201emoraju da razrije\u0161e dilemu koju, o\u010digledno, imaju sami sa sobom\u201c.<\/p>\n<p>\u201eIli \u0107e omogu\u0107iti nesmetan rad i \u017eivot novinarima, ili treba prestati sa evrospkom retorikom. Ove dvije kategorije su isklju\u010dive, a ja se nadam da \u0107e Crna Gora izabrati prvu\u201c, precizirao je on. Gu\u0161enje slobode govora, smatra Abazovi\u0107, predstavlja gu\u0161enje kompletne slobode gra\u0111ana. \u201eNadam se da \u0107emo kao dru\u0161tvo sazresti u demokratskom smislu, i da \u0107emo kona\u010dno shvatiti da su slobodni mediji savjest i sredstvo na\u0161eg ukupnog dru\u0161tvenog progresa\u201c, zaklju\u010dio je on.<\/p>\n<p><a href=\"http:\/\/www.vijesti.me\/vijesti\/abazovic-napad-lakic-dokaz-kraha-crnogorskih-institucija-clanak-64220\" target=\"_blank\"><strong>Vijesti<\/strong><br \/>\n<\/a><\/p>\n","protected":false},"excerpt":{"rendered":"<p>Napad na novinarku dnevnog lista Vijesti, Oliveru Laki\u0107, dokaz je kraha crnogorskih institucija koje, o\u010digledno, nemaju volje da za\u0161tite slobodu javno izgovorene ili napisane rije\u010di, ocijenio je \u010dlan Savjeta za samoregulaciju medija (SSM), Dritan Abazovi\u0107. \u201cOvaj sramni \u010din samo je nastavak kontinuiranih akcija koje se, po svemu sude\u0107i, sinhronizovano de\u0161avaju s vremena na vrijeme i [&hellip;]<\/p>\n","protected":false},"author":1,"featured_media":0,"comment_status":"open","ping_status":"closed","sticky":false,"template":"","format":"standard","meta":{"spay_email":"","jetpack_publicize_message":"","jetpack_is_tweetstorm":false,"jetpack_publicize_feature_enabled":true},"categories":[8337],"tags":[13184,19],"jetpack_publicize_connections":[],"yoast_head":"<!-- This site is optimized with the Yoast SEO plugin v19.1 - https:\/\/yoast.com\/wordpress\/plugins\/seo\/ -->\n<title>Abazovi\u0107: Napad na novinarku Laki\u0107 dokaz kraha institucija - Lajme nga Ulqini<\/title>\n<meta name=\"description\" content=\"Napad na novinarku dnevnog lista Vijesti, Oliveru Laki\u0107, dokaz je kraha crnogorskih institucija koje, o\u010digledno, nemaju volje da za\u0161tite slobodu javno\" \/>\n<meta name=\"robots\" content=\"index, follow, max-snippet:-1, max-image-preview:large, max-video-preview:-1\" \/>\n<link rel=\"canonical\" href=\"https:\/\/www.visit-ulcinj.com\/blog\/2012\/03\/11\/abazovic-napad-na-novinarku-lakic-dokaz-kraha-institucija\/\" \/>\n<meta property=\"og:locale\" content=\"en_US\" \/>\n<meta property=\"og:type\" content=\"article\" \/>\n<meta property=\"og:title\" content=\"Abazovi\u0107: Napad na novinarku Laki\u0107 dokaz kraha institucija - Lajme nga Ulqini\" \/>\n<meta property=\"og:description\" content=\"Napad na novinarku dnevnog lista Vijesti, Oliveru Laki\u0107, dokaz je kraha crnogorskih institucija koje, o\u010digledno, nemaju volje da za\u0161tite slobodu javno\" \/>\n<meta property=\"og:url\" content=\"https:\/\/www.visit-ulcinj.com\/blog\/2012\/03\/11\/abazovic-napad-na-novinarku-lakic-dokaz-kraha-institucija\/\" \/>\n<meta property=\"og:site_name\" content=\"Lajme nga Ulqini\" \/>\n<meta property=\"article:published_time\" content=\"2012-03-11T12:03:22+00:00\" \/>\n<meta property=\"og:image\" content=\"http:\/\/www.visit-ulcinj.com\/blog\/wp-content\/uploads\/2012\/03\/Dritan-Abazovic1.jpg\" \/>\n<meta name=\"twitter:label1\" content=\"Written by\" \/>\n\t<meta name=\"twitter:data1\" content=\"ulqini\" \/>\n\t<meta name=\"twitter:label2\" content=\"Est. reading time\" \/>\n\t<meta name=\"twitter:data2\" content=\"2 minutes\" \/>\n<script type=\"application\/ld+json\" class=\"yoast-schema-graph\">{\"@context\":\"https:\/\/schema.org\",\"@graph\":[{\"@type\":\"WebSite\",\"@id\":\"https:\/\/www.visit-ulcinj.com\/blog\/#website\",\"url\":\"https:\/\/www.visit-ulcinj.com\/blog\/\",\"name\":\"Lajme nga Ulqini\",\"description\":\"Lajme,Vijesti,Ulqini,Ulqin,Crna Gora,Mali i Zi\",\"potentialAction\":[{\"@type\":\"SearchAction\",\"target\":{\"@type\":\"EntryPoint\",\"urlTemplate\":\"https:\/\/www.visit-ulcinj.com\/blog\/?s={search_term_string}\"},\"query-input\":\"required name=search_term_string\"}],\"inLanguage\":\"en-US\"},{\"@type\":\"ImageObject\",\"inLanguage\":\"en-US\",\"@id\":\"https:\/\/www.visit-ulcinj.com\/blog\/2012\/03\/11\/abazovic-napad-na-novinarku-lakic-dokaz-kraha-institucija\/#primaryimage\",\"url\":\"https:\/\/www.visit-ulcinj.com\/blog\/wp-content\/uploads\/2012\/03\/Dritan-Abazovic1.jpg\",\"contentUrl\":\"https:\/\/www.visit-ulcinj.com\/blog\/wp-content\/uploads\/2012\/03\/Dritan-Abazovic1.jpg\",\"width\":\"960\",\"height\":\"720\"},{\"@type\":\"WebPage\",\"@id\":\"https:\/\/www.visit-ulcinj.com\/blog\/2012\/03\/11\/abazovic-napad-na-novinarku-lakic-dokaz-kraha-institucija\/#webpage\",\"url\":\"https:\/\/www.visit-ulcinj.com\/blog\/2012\/03\/11\/abazovic-napad-na-novinarku-lakic-dokaz-kraha-institucija\/\",\"name\":\"Abazovi\u0107: Napad na novinarku Laki\u0107 dokaz kraha institucija - Lajme nga Ulqini\",\"isPartOf\":{\"@id\":\"https:\/\/www.visit-ulcinj.com\/blog\/#website\"},\"primaryImageOfPage\":{\"@id\":\"https:\/\/www.visit-ulcinj.com\/blog\/2012\/03\/11\/abazovic-napad-na-novinarku-lakic-dokaz-kraha-institucija\/#primaryimage\"},\"datePublished\":\"2012-03-11T12:03:22+00:00\",\"dateModified\":\"2012-03-11T12:03:22+00:00\",\"author\":{\"@id\":\"https:\/\/www.visit-ulcinj.com\/blog\/#\/schema\/person\/dcab619c614d3038751c63bc2aadc06d\"},\"description\":\"Napad na novinarku dnevnog lista Vijesti, Oliveru Laki\u0107, dokaz je kraha crnogorskih institucija koje, o\u010digledno, nemaju volje da za\u0161tite slobodu javno\",\"breadcrumb\":{\"@id\":\"https:\/\/www.visit-ulcinj.com\/blog\/2012\/03\/11\/abazovic-napad-na-novinarku-lakic-dokaz-kraha-institucija\/#breadcrumb\"},\"inLanguage\":\"en-US\",\"potentialAction\":[{\"@type\":\"ReadAction\",\"target\":[\"https:\/\/www.visit-ulcinj.com\/blog\/2012\/03\/11\/abazovic-napad-na-novinarku-lakic-dokaz-kraha-institucija\/\"]}]},{\"@type\":\"BreadcrumbList\",\"@id\":\"https:\/\/www.visit-ulcinj.com\/blog\/2012\/03\/11\/abazovic-napad-na-novinarku-lakic-dokaz-kraha-institucija\/#breadcrumb\",\"itemListElement\":[{\"@type\":\"ListItem\",\"position\":1,\"name\":\"Abazovi\u0107: Napad na novinarku Laki\u0107 dokaz kraha institucija\"}]},{\"@type\":\"Person\",\"@id\":\"https:\/\/www.visit-ulcinj.com\/blog\/#\/schema\/person\/dcab619c614d3038751c63bc2aadc06d\",\"name\":\"ulqini\",\"sameAs\":[\"http:\/\/www.visit-ulcinj.com\"],\"url\":\"https:\/\/www.visit-ulcinj.com\/blog\/author\/admin\/\"}]}<\/script>\n<!-- \/ Yoast SEO plugin. -->","yoast_head_json":{"title":"Abazovi\u0107: Napad na novinarku Laki\u0107 dokaz kraha institucija - Lajme nga Ulqini","description":"Napad na novinarku dnevnog lista Vijesti, Oliveru Laki\u0107, dokaz je kraha crnogorskih institucija koje, o\u010digledno, nemaju volje da za\u0161tite slobodu javno","robots":{"index":"index","follow":"follow","max-snippet":"max-snippet:-1","max-image-preview":"max-image-preview:large","max-video-preview":"max-video-preview:-1"},"canonical":"https:\/\/www.visit-ulcinj.com\/blog\/2012\/03\/11\/abazovic-napad-na-novinarku-lakic-dokaz-kraha-institucija\/","og_locale":"en_US","og_type":"article","og_title":"Abazovi\u0107: Napad na novinarku Laki\u0107 dokaz kraha institucija - Lajme nga Ulqini","og_description":"Napad na novinarku dnevnog lista Vijesti, Oliveru Laki\u0107, dokaz je kraha crnogorskih institucija koje, o\u010digledno, nemaju volje da za\u0161tite slobodu javno","og_url":"https:\/\/www.visit-ulcinj.com\/blog\/2012\/03\/11\/abazovic-napad-na-novinarku-lakic-dokaz-kraha-institucija\/","og_site_name":"Lajme nga Ulqini","article_published_time":"2012-03-11T12:03:22+00:00","og_image":[{"url":"http:\/\/www.visit-ulcinj.com\/blog\/wp-content\/uploads\/2012\/03\/Dritan-Abazovic1.jpg"}],"twitter_misc":{"Written by":"ulqini","Est. reading time":"2 minutes"},"schema":{"@context":"https:\/\/schema.org","@graph":[{"@type":"WebSite","@id":"https:\/\/www.visit-ulcinj.com\/blog\/#website","url":"https:\/\/www.visit-ulcinj.com\/blog\/","name":"Lajme nga Ulqini","description":"Lajme,Vijesti,Ulqini,Ulqin,Crna Gora,Mali i Zi","potentialAction":[{"@type":"SearchAction","target":{"@type":"EntryPoint","urlTemplate":"https:\/\/www.visit-ulcinj.com\/blog\/?s={search_term_string}"},"query-input":"required name=search_term_string"}],"inLanguage":"en-US"},{"@type":"ImageObject","inLanguage":"en-US","@id":"https:\/\/www.visit-ulcinj.com\/blog\/2012\/03\/11\/abazovic-napad-na-novinarku-lakic-dokaz-kraha-institucija\/#primaryimage","url":"https:\/\/www.visit-ulcinj.com\/blog\/wp-content\/uploads\/2012\/03\/Dritan-Abazovic1.jpg","contentUrl":"https:\/\/www.visit-ulcinj.com\/blog\/wp-content\/uploads\/2012\/03\/Dritan-Abazovic1.jpg","width":"960","height":"720"},{"@type":"WebPage","@id":"https:\/\/www.visit-ulcinj.com\/blog\/2012\/03\/11\/abazovic-napad-na-novinarku-lakic-dokaz-kraha-institucija\/#webpage","url":"https:\/\/www.visit-ulcinj.com\/blog\/2012\/03\/11\/abazovic-napad-na-novinarku-lakic-dokaz-kraha-institucija\/","name":"Abazovi\u0107: Napad na novinarku Laki\u0107 dokaz kraha institucija - Lajme nga Ulqini","isPartOf":{"@id":"https:\/\/www.visit-ulcinj.com\/blog\/#website"},"primaryImageOfPage":{"@id":"https:\/\/www.visit-ulcinj.com\/blog\/2012\/03\/11\/abazovic-napad-na-novinarku-lakic-dokaz-kraha-institucija\/#primaryimage"},"datePublished":"2012-03-11T12:03:22+00:00","dateModified":"2012-03-11T12:03:22+00:00","author":{"@id":"https:\/\/www.visit-ulcinj.com\/blog\/#\/schema\/person\/dcab619c614d3038751c63bc2aadc06d"},"description":"Napad na novinarku dnevnog lista Vijesti, Oliveru Laki\u0107, dokaz je kraha crnogorskih institucija koje, o\u010digledno, nemaju volje da za\u0161tite slobodu javno","breadcrumb":{"@id":"https:\/\/www.visit-ulcinj.com\/blog\/2012\/03\/11\/abazovic-napad-na-novinarku-lakic-dokaz-kraha-institucija\/#breadcrumb"},"inLanguage":"en-US","potentialAction":[{"@type":"ReadAction","target":["https:\/\/www.visit-ulcinj.com\/blog\/2012\/03\/11\/abazovic-napad-na-novinarku-lakic-dokaz-kraha-institucija\/"]}]},{"@type":"BreadcrumbList","@id":"https:\/\/www.visit-ulcinj.com\/blog\/2012\/03\/11\/abazovic-napad-na-novinarku-lakic-dokaz-kraha-institucija\/#breadcrumb","itemListElement":[{"@type":"ListItem","position":1,"name":"Abazovi\u0107: Napad na novinarku Laki\u0107 dokaz kraha institucija"}]},{"@type":"Person","@id":"https:\/\/www.visit-ulcinj.com\/blog\/#\/schema\/person\/dcab619c614d3038751c63bc2aadc06d","name":"ulqini","sameAs":["http:\/\/www.visit-ulcinj.com"],"url":"https:\/\/www.visit-ulcinj.com\/blog\/author\/admin\/"}]}},"jetpack_featured_media_url":"","jetpack_sharing_enabled":true,"jetpack_shortlink":"https:\/\/wp.me\/pe6lTn-f7a","_links":{"self":[{"href":"https:\/\/www.visit-ulcinj.com\/blog\/wp-json\/wp\/v2\/posts\/58104"}],"collection":[{"href":"https:\/\/www.visit-ulcinj.com\/blog\/wp-json\/wp\/v2\/posts"}],"about":[{"href":"https:\/\/www.visit-ulcinj.com\/blog\/wp-json\/wp\/v2\/types\/post"}],"author":[{"embeddable":true,"href":"https:\/\/www.visit-ulcinj.com\/blog\/wp-json\/wp\/v2\/users\/1"}],"replies":[{"embeddable":true,"href":"https:\/\/www.visit-ulcinj.com\/blog\/wp-json\/wp\/v2\/comments?post=58104"}],"version-history":[{"count":1,"href":"https:\/\/www.visit-ulcinj.com\/blog\/wp-json\/wp\/v2\/posts\/58104\/revisions"}],"predecessor-version":[{"id":58106,"href":"https:\/\/www.visit-ulcinj.com\/blog\/wp-json\/wp\/v2\/posts\/58104\/revisions\/58106"}],"wp:attachment":[{"href":"https:\/\/www.visit-ulcinj.com\/blog\/wp-json\/wp\/v2\/media?parent=58104"}],"wp:term":[{"taxonomy":"category","embeddable":true,"href":"https:\/\/www.visit-ulcinj.com\/blog\/wp-json\/wp\/v2\/categories?post=58104"},{"taxonomy":"post_tag","embeddable":true,"href":"https:\/\/www.visit-ulcinj.com\/blog\/wp-json\/wp\/v2\/tags?post=58104"}],"curies":[{"name":"wp","href":"https:\/\/api.w.org\/{rel}","templated":true}]}}