{"id":58110,"date":"2012-03-11T13:17:42","date_gmt":"2012-03-11T12:17:42","guid":{"rendered":"http:\/\/www.visit-ulcinj.com\/blog\/?p=58110"},"modified":"2012-03-11T13:17:42","modified_gmt":"2012-03-11T12:17:42","slug":"zenka-dua-treba-da-predlozi-ministra-za-manjinska-prava","status":"publish","type":"post","link":"https:\/\/www.visit-ulcinj.com\/blog\/2012\/03\/11\/zenka-dua-treba-da-predlozi-ministra-za-manjinska-prava\/","title":{"rendered":"Zenka: DUA treba da predlo\u017ei ministra za manjinska prava"},"content":{"rendered":"<p><a href=\"http:\/\/www.visit-ulcinj.com\/blog\/wp-content\/uploads\/2012\/03\/Lider-DUA-Mehmet-Zenka.jpg\"><img loading=\"lazy\" class=\"alignleft  wp-image-58111\" title=\"Lider DUA Mehmet Zenka\" src=\"http:\/\/www.visit-ulcinj.com\/blog\/wp-content\/uploads\/2012\/03\/Lider-DUA-Mehmet-Zenka.jpg\" alt=\"\" width=\"508\" height=\"380\" \/><\/a>Vicepremijer i ministar pravde Du\u0161ko Markovi\u0107 preuze\u0107e uskoro i resor za\u0161tite ljudskih prava. To je predlog premijera Igora Luk\u0161i\u0107a, prema kojem \u0107e Ministarstvo za ljudska i manjinska prava biti podijeljeno na dva resora, od kojih \u0107e jednim rukovoditi Markovi\u0107 a drugim kandidat Demokratske unije Albanaca. O navedenom predlogu Skup\u0161tina bi trebalo uskoro da se izjasni.<br \/>\nIz Vlade je \u201eDanu\u201d poja\u0161njeno da je cilj najavljenih promjena da se razdvajanjem ova dva resora postignu bolji rezultati u za\u0161titi kako ljudskih tako i prava manjinskih naroda.<br \/>\nLider DUA Mehmet Zenka potvrdio je da je upoznat sa Luk\u0161i\u0107evom inicijativom za organizacionim promjenama u oblasti ljudskih prava.<br \/>\n\u2013 Upoznati smo na sastanku sa premijerom da \u0107e Ministarstvo za ljudska i manjinska prava biti podijeljeno. Resor ljudskih prava \u0107e pre\u0107i kod ministra Markovi\u0107a. Ranije je tako bilo, ali je vremenom taj resor priklju\u010den Ministarstvu za manjinska prava. \u0160to se ti\u010de DUA, ne vidimo bilo kakav problem u tome da potpredsjednik Vlade Markovi\u0107 vodi i resor za\u0161tite ljudskih prava \u2013 kazao je za \u201eDan\u201d Zenka.<br \/>\nPo sporazumu vladaju\u0107ih partija, DUA je dobila mjesto ministra za ljudska i manjinska prava, i tu funkciju je do odlaska na poziciju ambasadora u Tirani obavljao Ferhat Dino\u0161a. Zenka nagla\u0161ava da \u0107e DUA u ovoj preraspodjeli zadr\u017eati \u010delnu poziciju u resoru manjinskih prava.<br \/>\n\u2013 DUA treba da predlo\u017ei svog kandidata za to ministarstvo. Vrlo brzo \u0107emo saop\u0161titi ime kandidata. I dalje \u010dekamo rezultate istrage koja se vodi protiv Gzima Hajdinage \u2013 zaklju\u010dio je Zenka.<br \/>\n<a href=\"http:\/\/www.dan.co.me\/?nivo=3&amp;rubrika=Politika&amp;clanak=323116&amp;datum=2012-03-10\" target=\"_blank\"><strong>V.R.<\/strong><\/a><\/p>\n<p><a href=\"http:\/\/www.dan.co.me\/?nivo=3&amp;rubrika=Politika&amp;clanak=323116&amp;datum=2012-03-10\" target=\"_blank\"><strong>Izvor: DAN<\/strong><\/a><\/p>\n","protected":false},"excerpt":{"rendered":"<p>Vicepremijer i ministar pravde Du\u0161ko Markovi\u0107 preuze\u0107e uskoro i resor za\u0161tite ljudskih prava. To je predlog premijera Igora Luk\u0161i\u0107a, prema kojem \u0107e Ministarstvo za ljudska i manjinska prava biti podijeljeno na dva resora, od kojih \u0107e jednim rukovoditi Markovi\u0107 a drugim kandidat Demokratske unije Albanaca. O navedenom predlogu Skup\u0161tina bi trebalo uskoro da se izjasni. [&hellip;]<\/p>\n","protected":false},"author":1,"featured_media":0,"comment_status":"open","ping_status":"closed","sticky":false,"template":"","format":"standard","meta":{"spay_email":"","jetpack_publicize_message":"","jetpack_is_tweetstorm":false,"jetpack_publicize_feature_enabled":true},"categories":[8337],"tags":[12453,20132,19],"jetpack_publicize_connections":[],"yoast_head":"<!-- This site is optimized with the Yoast SEO plugin v19.1 - https:\/\/yoast.com\/wordpress\/plugins\/seo\/ -->\n<title>Zenka: DUA treba da predlo\u017ei ministra za manjinska prava - Lajme nga Ulqini<\/title>\n<meta name=\"description\" content=\"Vicepremijer i ministar pravde Du\u0161ko Markovi\u0107 preuze\u0107e uskoro i resor za\u0161tite ljudskih prava. To je predlog premijera Igora Luk\u0161i\u0107a, prema kojem \u0107e\" \/>\n<meta name=\"robots\" content=\"index, follow, max-snippet:-1, max-image-preview:large, max-video-preview:-1\" \/>\n<link rel=\"canonical\" href=\"https:\/\/www.visit-ulcinj.com\/blog\/2012\/03\/11\/zenka-dua-treba-da-predlozi-ministra-za-manjinska-prava\/\" \/>\n<meta property=\"og:locale\" content=\"en_US\" \/>\n<meta property=\"og:type\" content=\"article\" \/>\n<meta property=\"og:title\" content=\"Zenka: DUA treba da predlo\u017ei ministra za manjinska prava - Lajme nga Ulqini\" \/>\n<meta property=\"og:description\" content=\"Vicepremijer i ministar pravde Du\u0161ko Markovi\u0107 preuze\u0107e uskoro i resor za\u0161tite ljudskih prava. To je predlog premijera Igora Luk\u0161i\u0107a, prema kojem \u0107e\" \/>\n<meta property=\"og:url\" content=\"https:\/\/www.visit-ulcinj.com\/blog\/2012\/03\/11\/zenka-dua-treba-da-predlozi-ministra-za-manjinska-prava\/\" \/>\n<meta property=\"og:site_name\" content=\"Lajme nga Ulqini\" \/>\n<meta property=\"article:published_time\" content=\"2012-03-11T12:17:42+00:00\" \/>\n<meta property=\"og:image\" content=\"http:\/\/www.visit-ulcinj.com\/blog\/wp-content\/uploads\/2012\/03\/Lider-DUA-Mehmet-Zenka.jpg\" \/>\n<meta name=\"twitter:label1\" content=\"Written by\" \/>\n\t<meta name=\"twitter:data1\" content=\"ulqini\" \/>\n\t<meta name=\"twitter:label2\" content=\"Est. reading time\" \/>\n\t<meta name=\"twitter:data2\" content=\"1 minute\" \/>\n<script type=\"application\/ld+json\" class=\"yoast-schema-graph\">{\"@context\":\"https:\/\/schema.org\",\"@graph\":[{\"@type\":\"WebSite\",\"@id\":\"https:\/\/www.visit-ulcinj.com\/blog\/#website\",\"url\":\"https:\/\/www.visit-ulcinj.com\/blog\/\",\"name\":\"Lajme nga Ulqini\",\"description\":\"Lajme,Vijesti,Ulqini,Ulqin,Crna Gora,Mali i Zi\",\"potentialAction\":[{\"@type\":\"SearchAction\",\"target\":{\"@type\":\"EntryPoint\",\"urlTemplate\":\"https:\/\/www.visit-ulcinj.com\/blog\/?s={search_term_string}\"},\"query-input\":\"required name=search_term_string\"}],\"inLanguage\":\"en-US\"},{\"@type\":\"ImageObject\",\"inLanguage\":\"en-US\",\"@id\":\"https:\/\/www.visit-ulcinj.com\/blog\/2012\/03\/11\/zenka-dua-treba-da-predlozi-ministra-za-manjinska-prava\/#primaryimage\",\"url\":\"https:\/\/www.visit-ulcinj.com\/blog\/wp-content\/uploads\/2012\/03\/Lider-DUA-Mehmet-Zenka.jpg\",\"contentUrl\":\"https:\/\/www.visit-ulcinj.com\/blog\/wp-content\/uploads\/2012\/03\/Lider-DUA-Mehmet-Zenka.jpg\",\"width\":\"720\",\"height\":\"483\"},{\"@type\":\"WebPage\",\"@id\":\"https:\/\/www.visit-ulcinj.com\/blog\/2012\/03\/11\/zenka-dua-treba-da-predlozi-ministra-za-manjinska-prava\/#webpage\",\"url\":\"https:\/\/www.visit-ulcinj.com\/blog\/2012\/03\/11\/zenka-dua-treba-da-predlozi-ministra-za-manjinska-prava\/\",\"name\":\"Zenka: DUA treba da predlo\u017ei ministra za manjinska prava - Lajme nga Ulqini\",\"isPartOf\":{\"@id\":\"https:\/\/www.visit-ulcinj.com\/blog\/#website\"},\"primaryImageOfPage\":{\"@id\":\"https:\/\/www.visit-ulcinj.com\/blog\/2012\/03\/11\/zenka-dua-treba-da-predlozi-ministra-za-manjinska-prava\/#primaryimage\"},\"datePublished\":\"2012-03-11T12:17:42+00:00\",\"dateModified\":\"2012-03-11T12:17:42+00:00\",\"author\":{\"@id\":\"https:\/\/www.visit-ulcinj.com\/blog\/#\/schema\/person\/dcab619c614d3038751c63bc2aadc06d\"},\"description\":\"Vicepremijer i ministar pravde Du\u0161ko Markovi\u0107 preuze\u0107e uskoro i resor za\u0161tite ljudskih prava. To je predlog premijera Igora Luk\u0161i\u0107a, prema kojem \u0107e\",\"breadcrumb\":{\"@id\":\"https:\/\/www.visit-ulcinj.com\/blog\/2012\/03\/11\/zenka-dua-treba-da-predlozi-ministra-za-manjinska-prava\/#breadcrumb\"},\"inLanguage\":\"en-US\",\"potentialAction\":[{\"@type\":\"ReadAction\",\"target\":[\"https:\/\/www.visit-ulcinj.com\/blog\/2012\/03\/11\/zenka-dua-treba-da-predlozi-ministra-za-manjinska-prava\/\"]}]},{\"@type\":\"BreadcrumbList\",\"@id\":\"https:\/\/www.visit-ulcinj.com\/blog\/2012\/03\/11\/zenka-dua-treba-da-predlozi-ministra-za-manjinska-prava\/#breadcrumb\",\"itemListElement\":[{\"@type\":\"ListItem\",\"position\":1,\"name\":\"Zenka: DUA treba da predlo\u017ei ministra za manjinska prava\"}]},{\"@type\":\"Person\",\"@id\":\"https:\/\/www.visit-ulcinj.com\/blog\/#\/schema\/person\/dcab619c614d3038751c63bc2aadc06d\",\"name\":\"ulqini\",\"sameAs\":[\"http:\/\/www.visit-ulcinj.com\"],\"url\":\"https:\/\/www.visit-ulcinj.com\/blog\/author\/admin\/\"}]}<\/script>\n<!-- \/ Yoast SEO plugin. -->","yoast_head_json":{"title":"Zenka: DUA treba da predlo\u017ei ministra za manjinska prava - Lajme nga Ulqini","description":"Vicepremijer i ministar pravde Du\u0161ko Markovi\u0107 preuze\u0107e uskoro i resor za\u0161tite ljudskih prava. To je predlog premijera Igora Luk\u0161i\u0107a, prema kojem \u0107e","robots":{"index":"index","follow":"follow","max-snippet":"max-snippet:-1","max-image-preview":"max-image-preview:large","max-video-preview":"max-video-preview:-1"},"canonical":"https:\/\/www.visit-ulcinj.com\/blog\/2012\/03\/11\/zenka-dua-treba-da-predlozi-ministra-za-manjinska-prava\/","og_locale":"en_US","og_type":"article","og_title":"Zenka: DUA treba da predlo\u017ei ministra za manjinska prava - Lajme nga Ulqini","og_description":"Vicepremijer i ministar pravde Du\u0161ko Markovi\u0107 preuze\u0107e uskoro i resor za\u0161tite ljudskih prava. To je predlog premijera Igora Luk\u0161i\u0107a, prema kojem \u0107e","og_url":"https:\/\/www.visit-ulcinj.com\/blog\/2012\/03\/11\/zenka-dua-treba-da-predlozi-ministra-za-manjinska-prava\/","og_site_name":"Lajme nga Ulqini","article_published_time":"2012-03-11T12:17:42+00:00","og_image":[{"url":"http:\/\/www.visit-ulcinj.com\/blog\/wp-content\/uploads\/2012\/03\/Lider-DUA-Mehmet-Zenka.jpg"}],"twitter_misc":{"Written by":"ulqini","Est. reading time":"1 minute"},"schema":{"@context":"https:\/\/schema.org","@graph":[{"@type":"WebSite","@id":"https:\/\/www.visit-ulcinj.com\/blog\/#website","url":"https:\/\/www.visit-ulcinj.com\/blog\/","name":"Lajme nga Ulqini","description":"Lajme,Vijesti,Ulqini,Ulqin,Crna Gora,Mali i Zi","potentialAction":[{"@type":"SearchAction","target":{"@type":"EntryPoint","urlTemplate":"https:\/\/www.visit-ulcinj.com\/blog\/?s={search_term_string}"},"query-input":"required name=search_term_string"}],"inLanguage":"en-US"},{"@type":"ImageObject","inLanguage":"en-US","@id":"https:\/\/www.visit-ulcinj.com\/blog\/2012\/03\/11\/zenka-dua-treba-da-predlozi-ministra-za-manjinska-prava\/#primaryimage","url":"https:\/\/www.visit-ulcinj.com\/blog\/wp-content\/uploads\/2012\/03\/Lider-DUA-Mehmet-Zenka.jpg","contentUrl":"https:\/\/www.visit-ulcinj.com\/blog\/wp-content\/uploads\/2012\/03\/Lider-DUA-Mehmet-Zenka.jpg","width":"720","height":"483"},{"@type":"WebPage","@id":"https:\/\/www.visit-ulcinj.com\/blog\/2012\/03\/11\/zenka-dua-treba-da-predlozi-ministra-za-manjinska-prava\/#webpage","url":"https:\/\/www.visit-ulcinj.com\/blog\/2012\/03\/11\/zenka-dua-treba-da-predlozi-ministra-za-manjinska-prava\/","name":"Zenka: DUA treba da predlo\u017ei ministra za manjinska prava - Lajme nga Ulqini","isPartOf":{"@id":"https:\/\/www.visit-ulcinj.com\/blog\/#website"},"primaryImageOfPage":{"@id":"https:\/\/www.visit-ulcinj.com\/blog\/2012\/03\/11\/zenka-dua-treba-da-predlozi-ministra-za-manjinska-prava\/#primaryimage"},"datePublished":"2012-03-11T12:17:42+00:00","dateModified":"2012-03-11T12:17:42+00:00","author":{"@id":"https:\/\/www.visit-ulcinj.com\/blog\/#\/schema\/person\/dcab619c614d3038751c63bc2aadc06d"},"description":"Vicepremijer i ministar pravde Du\u0161ko Markovi\u0107 preuze\u0107e uskoro i resor za\u0161tite ljudskih prava. To je predlog premijera Igora Luk\u0161i\u0107a, prema kojem \u0107e","breadcrumb":{"@id":"https:\/\/www.visit-ulcinj.com\/blog\/2012\/03\/11\/zenka-dua-treba-da-predlozi-ministra-za-manjinska-prava\/#breadcrumb"},"inLanguage":"en-US","potentialAction":[{"@type":"ReadAction","target":["https:\/\/www.visit-ulcinj.com\/blog\/2012\/03\/11\/zenka-dua-treba-da-predlozi-ministra-za-manjinska-prava\/"]}]},{"@type":"BreadcrumbList","@id":"https:\/\/www.visit-ulcinj.com\/blog\/2012\/03\/11\/zenka-dua-treba-da-predlozi-ministra-za-manjinska-prava\/#breadcrumb","itemListElement":[{"@type":"ListItem","position":1,"name":"Zenka: DUA treba da predlo\u017ei ministra za manjinska prava"}]},{"@type":"Person","@id":"https:\/\/www.visit-ulcinj.com\/blog\/#\/schema\/person\/dcab619c614d3038751c63bc2aadc06d","name":"ulqini","sameAs":["http:\/\/www.visit-ulcinj.com"],"url":"https:\/\/www.visit-ulcinj.com\/blog\/author\/admin\/"}]}},"jetpack_featured_media_url":"","jetpack_sharing_enabled":true,"jetpack_shortlink":"https:\/\/wp.me\/pe6lTn-f7g","_links":{"self":[{"href":"https:\/\/www.visit-ulcinj.com\/blog\/wp-json\/wp\/v2\/posts\/58110"}],"collection":[{"href":"https:\/\/www.visit-ulcinj.com\/blog\/wp-json\/wp\/v2\/posts"}],"about":[{"href":"https:\/\/www.visit-ulcinj.com\/blog\/wp-json\/wp\/v2\/types\/post"}],"author":[{"embeddable":true,"href":"https:\/\/www.visit-ulcinj.com\/blog\/wp-json\/wp\/v2\/users\/1"}],"replies":[{"embeddable":true,"href":"https:\/\/www.visit-ulcinj.com\/blog\/wp-json\/wp\/v2\/comments?post=58110"}],"version-history":[{"count":1,"href":"https:\/\/www.visit-ulcinj.com\/blog\/wp-json\/wp\/v2\/posts\/58110\/revisions"}],"predecessor-version":[{"id":58112,"href":"https:\/\/www.visit-ulcinj.com\/blog\/wp-json\/wp\/v2\/posts\/58110\/revisions\/58112"}],"wp:attachment":[{"href":"https:\/\/www.visit-ulcinj.com\/blog\/wp-json\/wp\/v2\/media?parent=58110"}],"wp:term":[{"taxonomy":"category","embeddable":true,"href":"https:\/\/www.visit-ulcinj.com\/blog\/wp-json\/wp\/v2\/categories?post=58110"},{"taxonomy":"post_tag","embeddable":true,"href":"https:\/\/www.visit-ulcinj.com\/blog\/wp-json\/wp\/v2\/tags?post=58110"}],"curies":[{"name":"wp","href":"https:\/\/api.w.org\/{rel}","templated":true}]}}