{"id":58117,"date":"2012-03-11T19:22:55","date_gmt":"2012-03-11T18:22:55","guid":{"rendered":"http:\/\/www.visit-ulcinj.com\/blog\/?p=58117"},"modified":"2012-03-13T08:22:16","modified_gmt":"2012-03-13T07:22:16","slug":"esad-kraja-u-stolis-me-medalje-te-arte-ne-beograd","status":"publish","type":"post","link":"https:\/\/www.visit-ulcinj.com\/blog\/2012\/03\/11\/esad-kraja-u-stolis-me-medalje-te-arte-ne-beograd\/","title":{"rendered":"Esad Kraja u stolis me medalje t\u00eb art\u00eb n\u00eb Beograd"},"content":{"rendered":"<p><strong><a href=\"http:\/\/www.visit-ulcinj.com\/blog\/wp-content\/uploads\/2012\/03\/Esad-Kraja-u-stolis-me-medalje-t\u00eb-art\u00eb-n\u00eb-Beograd_Taekwondo-Ulqini_Ulcinj.jpg\"><img loading=\"lazy\" class=\"alignleft  wp-image-58118\" title=\"Esad Kraja u stolis me medalje t\u00eb art\u00eb n\u00eb Beograd_Taekwondo Ulqini_Ulcinj\" src=\"http:\/\/www.visit-ulcinj.com\/blog\/wp-content\/uploads\/2012\/03\/Esad-Kraja-u-stolis-me-medalje-t\u00eb-art\u00eb-n\u00eb-Beograd_Taekwondo-Ulqini_Ulcinj.jpg\" alt=\"\" width=\"508\" height=\"380\" srcset=\"https:\/\/www.visit-ulcinj.com\/blog\/wp-content\/uploads\/2012\/03\/Esad-Kraja-u-stolis-me-medalje-t\u00eb-art\u00eb-n\u00eb-Beograd_Taekwondo-Ulqini_Ulcinj.jpg 720w, https:\/\/www.visit-ulcinj.com\/blog\/wp-content\/uploads\/2012\/03\/Esad-Kraja-u-stolis-me-medalje-t\u00eb-art\u00eb-n\u00eb-Beograd_Taekwondo-Ulqini_Ulcinj-300x225.jpg 300w\" sizes=\"(max-width: 508px) 100vw, 508px\" \/><\/a>Taekwondo Ulqini n\u00eb Beograd open omega 2012<\/strong><\/p>\n<p>Gjat\u00eb\u00a0 k\u00ebtij vikendi me dat\u00eb 10.03.2012 ne Beograd u mbajt\u00eb turneu nd\u00ebrkomb\u00ebtar\u00eb n\u00eb sportin olimpik t\u00eb Taekwondo-s\u00eb Beograd Open omega 2012<\/p>\n<p>Esad Kraja kthehet me medalje t\u00eb art\u00eb.<\/p>\n<p>N\u00eb k\u00ebt\u00eb turne mor\u00ebn pjes\u00eb 9 shtete me 500 garues.<\/p>\n<p>Klubi i Taekowndo-s\u00eb Ulqini u paraqit me 5 garues, dhe arriti k\u00ebt\u00ebt rezultat\u00eb: kat\u00ebr medalje, nj\u00eb medalje e art\u00eb, dhe tri me dalje t\u00eb bronzit.<\/p>\n<p>Me medalje t\u00eb art\u00eb u shp\u00ebrblye Esad Kraja.<\/p>\n<p>Medalje t\u00eb bronzit fituan:\u00a0 Medina Kanaqi, Edina Kraja dhe Ardiana Karamanaga.<br \/>\n<a href=\"http:\/\/www.visit-ulcinj.com\/blog\/wp-content\/uploads\/2012\/03\/Esad-Kraja-u-stolis-me-medalje-t\u00eb-art\u00eb-n\u00eb-Beograd_Taekwondo-Ulqini_Ulcinj.3.jpg\"><img loading=\"lazy\" class=\"alignleft  wp-image-58119\" title=\"Esad Kraja u stolis me medalje t\u00eb art\u00eb n\u00eb Beograd_Taekwondo Ulqini_Ulcinj.3\" src=\"http:\/\/www.visit-ulcinj.com\/blog\/wp-content\/uploads\/2012\/03\/Esad-Kraja-u-stolis-me-medalje-t\u00eb-art\u00eb-n\u00eb-Beograd_Taekwondo-Ulqini_Ulcinj.3.jpg\" alt=\"\" width=\"508\" height=\"300\" \/><\/a><\/p>\n<p>Garuesit e Taekwondo-s\u00eb Ulqni s\u00ebrish\u00eb t\u00eb suksesh\u00ebm n\u00eb arenen nd\u00ebrkomb\u00ebtare t\u00eb cil\u00ebt arrit\u00ebn t\u00eb fitojn\u00eb 7 luft\u00ebra. Garuesi Esad Kraja ishte garuesi m\u00eb i suksesh\u00ebm i cili fiton tre ndeshje, Edina kraja arrin\u00eb t\u00eb fitoj\u00eb dy ndeshje, nd\u00ebrsa Medina Kanaqi si dhe Ardiana Karamanaga fituan nga nj\u00eb ndeshje, kurse garuesi Bojan Vladisavljeviq humbet q\u00eb n\u00eb gar\u00ebn e par\u00eb.\u00a0 Garuesit e klubit t\u00eb Taekwondo-s\u00eb Ulqini d\u00ebshmuan p\u00ebrs\u00ebri sukses\u00eb ku dihet edhe kushtet e v\u00ebshtira financiare e cila ndikoj q\u00eb ky klub t\u00eb paraqit \u00a0edhe me nj\u00eb num\u00ebr m\u00eb t\u00eb madh\u00eb garuesish.\u00a0 Klubi i Tk Ulqinit i uron suksese t\u00eb vazhdushme garuesve\u00a0 si dhe falenderon\u00eb prind\u00ebrit, t\u00eb gjith\u00eb sponsor\u00ebn dhe t\u00eb gjith\u00eb ata q\u00eb e p\u00ebrkrahin k\u00ebt\u00eb klub.<\/p>\n<p>\n\t\t<style type=\"text\/css\">\n\t\t\t#gallery-1 {\n\t\t\t\tmargin: auto;\n\t\t\t}\n\t\t\t#gallery-1 .gallery-item {\n\t\t\t\tfloat: left;\n\t\t\t\tmargin-top: 10px;\n\t\t\t\ttext-align: center;\n\t\t\t\twidth: 33%;\n\t\t\t}\n\t\t\t#gallery-1 img {\n\t\t\t\tborder: 2px solid #cfcfcf;\n\t\t\t}\n\t\t\t#gallery-1 .gallery-caption {\n\t\t\t\tmargin-left: 0;\n\t\t\t}\n\t\t\t\/* see gallery_shortcode() in wp-includes\/media.php *\/\n\t\t<\/style>\n\t\t<div id='gallery-1' class='gallery galleryid-58117 gallery-columns-3 gallery-size-thumbnail'><dl class='gallery-item'>\n\t\t\t<dt class='gallery-icon landscape'>\n\t\t\t\t<a href='https:\/\/www.visit-ulcinj.com\/blog\/wp-content\/uploads\/2012\/03\/Esad-Kraja-u-stolis-me-medalje-t\u00eb-art\u00eb-n\u00eb-Beograd_Taekwondo-Ulqini_Ulcinj.jpg'><img width=\"150\" height=\"150\" src=\"https:\/\/www.visit-ulcinj.com\/blog\/wp-content\/uploads\/2012\/03\/Esad-Kraja-u-stolis-me-medalje-t\u00eb-art\u00eb-n\u00eb-Beograd_Taekwondo-Ulqini_Ulcinj-150x150.jpg\" class=\"attachment-thumbnail size-thumbnail\" alt=\"\" loading=\"lazy\" \/><\/a>\n\t\t\t<\/dt><\/dl><dl class='gallery-item'>\n\t\t\t<dt class='gallery-icon landscape'>\n\t\t\t\t<a href='https:\/\/www.visit-ulcinj.com\/blog\/wp-content\/uploads\/2012\/03\/Esad-Kraja-u-stolis-me-medalje-t\u00eb-art\u00eb-n\u00eb-Beograd_Taekwondo-Ulqini_Ulcinj.3.jpg'><img width=\"150\" height=\"150\" src=\"https:\/\/www.visit-ulcinj.com\/blog\/wp-content\/uploads\/2012\/03\/Esad-Kraja-u-stolis-me-medalje-t\u00eb-art\u00eb-n\u00eb-Beograd_Taekwondo-Ulqini_Ulcinj.3-150x150.jpg\" class=\"attachment-thumbnail size-thumbnail\" alt=\"\" loading=\"lazy\" \/><\/a>\n\t\t\t<\/dt><\/dl><dl class='gallery-item'>\n\t\t\t<dt class='gallery-icon landscape'>\n\t\t\t\t<a href='https:\/\/www.visit-ulcinj.com\/blog\/wp-content\/uploads\/2012\/03\/Esad-Kraja-u-stolis-me-medalje-t\u00eb-art\u00eb-n\u00eb-Beograd_Taekwondo-Ulqini_Ulcinj.4.jpg'><img width=\"150\" height=\"150\" src=\"https:\/\/www.visit-ulcinj.com\/blog\/wp-content\/uploads\/2012\/03\/Esad-Kraja-u-stolis-me-medalje-t\u00eb-art\u00eb-n\u00eb-Beograd_Taekwondo-Ulqini_Ulcinj.4-150x150.jpg\" class=\"attachment-thumbnail size-thumbnail\" alt=\"\" loading=\"lazy\" \/><\/a>\n\t\t\t<\/dt><\/dl><br style=\"clear: both\" \/><dl class='gallery-item'>\n\t\t\t<dt class='gallery-icon landscape'>\n\t\t\t\t<a href='https:\/\/www.visit-ulcinj.com\/blog\/wp-content\/uploads\/2012\/03\/Esad-Kraja-u-stolis-me-medalje-t\u00eb-art\u00eb-n\u00eb-Beograd_Taekwondo-Ulqini_Ulcinj.5.jpg'><img width=\"150\" height=\"150\" src=\"https:\/\/www.visit-ulcinj.com\/blog\/wp-content\/uploads\/2012\/03\/Esad-Kraja-u-stolis-me-medalje-t\u00eb-art\u00eb-n\u00eb-Beograd_Taekwondo-Ulqini_Ulcinj.5-150x150.jpg\" class=\"attachment-thumbnail size-thumbnail\" alt=\"\" loading=\"lazy\" \/><\/a>\n\t\t\t<\/dt><\/dl><dl class='gallery-item'>\n\t\t\t<dt class='gallery-icon landscape'>\n\t\t\t\t<a href='https:\/\/www.visit-ulcinj.com\/blog\/wp-content\/uploads\/2012\/03\/Esad-Kraja-u-stolis-me-medalje-t\u00eb-art\u00eb-n\u00eb-Beograd_Taekwondo-Ulqini_Ulcinj.1.jpg'><img width=\"150\" height=\"150\" src=\"https:\/\/www.visit-ulcinj.com\/blog\/wp-content\/uploads\/2012\/03\/Esad-Kraja-u-stolis-me-medalje-t\u00eb-art\u00eb-n\u00eb-Beograd_Taekwondo-Ulqini_Ulcinj.1-150x150.jpg\" class=\"attachment-thumbnail size-thumbnail\" alt=\"\" loading=\"lazy\" \/><\/a>\n\t\t\t<\/dt><\/dl><dl class='gallery-item'>\n\t\t\t<dt class='gallery-icon landscape'>\n\t\t\t\t<a href='https:\/\/www.visit-ulcinj.com\/blog\/wp-content\/uploads\/2012\/03\/Esad-Kraja-u-stolis-me-medalje-t\u00eb-art\u00eb-n\u00eb-Beograd_Taekwondo-Ulqini_Ulcinj.2.jpg'><img width=\"150\" height=\"150\" src=\"https:\/\/www.visit-ulcinj.com\/blog\/wp-content\/uploads\/2012\/03\/Esad-Kraja-u-stolis-me-medalje-t\u00eb-art\u00eb-n\u00eb-Beograd_Taekwondo-Ulqini_Ulcinj.2-150x150.jpg\" class=\"attachment-thumbnail size-thumbnail\" alt=\"\" loading=\"lazy\" \/><\/a>\n\t\t\t<\/dt><\/dl><br style=\"clear: both\" \/>\n\t\t<\/div>\n<br \/>\n<!--YouTube Error: bad URL entered--><\/p>\n","protected":false},"excerpt":{"rendered":"<p>Taekwondo Ulqini n\u00eb Beograd open omega 2012 Gjat\u00eb\u00a0 k\u00ebtij vikendi me dat\u00eb 10.03.2012 ne Beograd u mbajt\u00eb turneu nd\u00ebrkomb\u00ebtar\u00eb n\u00eb sportin olimpik t\u00eb Taekwondo-s\u00eb Beograd Open omega 2012 Esad Kraja kthehet me medalje t\u00eb art\u00eb. N\u00eb k\u00ebt\u00eb turne mor\u00ebn pjes\u00eb 9 shtete me 500 garues. Klubi i Taekowndo-s\u00eb Ulqini u paraqit me 5 garues, dhe [&hellip;]<\/p>\n","protected":false},"author":1,"featured_media":0,"comment_status":"open","ping_status":"closed","sticky":false,"template":"","format":"standard","meta":{"spay_email":"","jetpack_publicize_message":"","jetpack_is_tweetstorm":false,"jetpack_publicize_feature_enabled":true},"categories":[1,3],"tags":[2862,10288,5926,1828,22009,19258,13141,19,200,18],"jetpack_publicize_connections":[],"yoast_head":"<!-- This site is optimized with the Yoast SEO plugin v19.1 - https:\/\/yoast.com\/wordpress\/plugins\/seo\/ -->\n<title>Esad Kraja u stolis me medalje t\u00eb art\u00eb n\u00eb Beograd - Lajme nga Ulqini<\/title>\n<meta name=\"description\" content=\"Taekwondo Ulqini n\u00eb Beograd open omega 2012 Gjat\u00eb\u00a0 k\u00ebtij vikendi me dat\u00eb 10.03.2012 ne Beograd u mbajt\u00eb turneu nd\u00ebrkomb\u00ebtar\u00eb n\u00eb sportin olimpik t\u00eb\" \/>\n<meta name=\"robots\" content=\"index, follow, max-snippet:-1, max-image-preview:large, max-video-preview:-1\" \/>\n<link rel=\"canonical\" href=\"https:\/\/www.visit-ulcinj.com\/blog\/2012\/03\/11\/esad-kraja-u-stolis-me-medalje-te-arte-ne-beograd\/\" \/>\n<meta property=\"og:locale\" content=\"en_US\" \/>\n<meta property=\"og:type\" content=\"article\" \/>\n<meta property=\"og:title\" content=\"Esad Kraja u stolis me medalje t\u00eb art\u00eb n\u00eb Beograd - Lajme nga Ulqini\" \/>\n<meta property=\"og:description\" content=\"Taekwondo Ulqini n\u00eb Beograd open omega 2012 Gjat\u00eb\u00a0 k\u00ebtij vikendi me dat\u00eb 10.03.2012 ne Beograd u mbajt\u00eb turneu nd\u00ebrkomb\u00ebtar\u00eb n\u00eb sportin olimpik t\u00eb\" \/>\n<meta property=\"og:url\" content=\"https:\/\/www.visit-ulcinj.com\/blog\/2012\/03\/11\/esad-kraja-u-stolis-me-medalje-te-arte-ne-beograd\/\" \/>\n<meta property=\"og:site_name\" content=\"Lajme nga Ulqini\" \/>\n<meta property=\"article:published_time\" content=\"2012-03-11T18:22:55+00:00\" \/>\n<meta property=\"article:modified_time\" content=\"2012-03-13T07:22:16+00:00\" \/>\n<meta property=\"og:image\" content=\"https:\/\/www.visit-ulcinj.com\/blog\/wp-content\/uploads\/2012\/03\/Esad-Kraja-u-stolis-me-medalje-t\u00eb-art\u00eb-n\u00eb-Beograd_Taekwondo-Ulqini_Ulcinj-150x150.jpg\" \/>\n<meta name=\"twitter:label1\" content=\"Written by\" \/>\n\t<meta name=\"twitter:data1\" content=\"ulqini\" \/>\n\t<meta name=\"twitter:label2\" content=\"Est. reading time\" \/>\n\t<meta name=\"twitter:data2\" content=\"1 minute\" \/>\n<script type=\"application\/ld+json\" class=\"yoast-schema-graph\">{\"@context\":\"https:\/\/schema.org\",\"@graph\":[{\"@type\":\"WebSite\",\"@id\":\"https:\/\/www.visit-ulcinj.com\/blog\/#website\",\"url\":\"https:\/\/www.visit-ulcinj.com\/blog\/\",\"name\":\"Lajme nga Ulqini\",\"description\":\"Lajme,Vijesti,Ulqini,Ulqin,Crna Gora,Mali i Zi\",\"potentialAction\":[{\"@type\":\"SearchAction\",\"target\":{\"@type\":\"EntryPoint\",\"urlTemplate\":\"https:\/\/www.visit-ulcinj.com\/blog\/?s={search_term_string}\"},\"query-input\":\"required name=search_term_string\"}],\"inLanguage\":\"en-US\"},{\"@type\":\"WebPage\",\"@id\":\"https:\/\/www.visit-ulcinj.com\/blog\/2012\/03\/11\/esad-kraja-u-stolis-me-medalje-te-arte-ne-beograd\/#webpage\",\"url\":\"https:\/\/www.visit-ulcinj.com\/blog\/2012\/03\/11\/esad-kraja-u-stolis-me-medalje-te-arte-ne-beograd\/\",\"name\":\"Esad Kraja u stolis me medalje t\u00eb art\u00eb n\u00eb Beograd - Lajme nga Ulqini\",\"isPartOf\":{\"@id\":\"https:\/\/www.visit-ulcinj.com\/blog\/#website\"},\"datePublished\":\"2012-03-11T18:22:55+00:00\",\"dateModified\":\"2012-03-13T07:22:16+00:00\",\"author\":{\"@id\":\"https:\/\/www.visit-ulcinj.com\/blog\/#\/schema\/person\/dcab619c614d3038751c63bc2aadc06d\"},\"description\":\"Taekwondo Ulqini n\u00eb Beograd open omega 2012 Gjat\u00eb\u00a0 k\u00ebtij vikendi me dat\u00eb 10.03.2012 ne Beograd u mbajt\u00eb turneu nd\u00ebrkomb\u00ebtar\u00eb n\u00eb sportin olimpik t\u00eb\",\"breadcrumb\":{\"@id\":\"https:\/\/www.visit-ulcinj.com\/blog\/2012\/03\/11\/esad-kraja-u-stolis-me-medalje-te-arte-ne-beograd\/#breadcrumb\"},\"inLanguage\":\"en-US\",\"potentialAction\":[{\"@type\":\"ReadAction\",\"target\":[\"https:\/\/www.visit-ulcinj.com\/blog\/2012\/03\/11\/esad-kraja-u-stolis-me-medalje-te-arte-ne-beograd\/\"]}]},{\"@type\":\"BreadcrumbList\",\"@id\":\"https:\/\/www.visit-ulcinj.com\/blog\/2012\/03\/11\/esad-kraja-u-stolis-me-medalje-te-arte-ne-beograd\/#breadcrumb\",\"itemListElement\":[{\"@type\":\"ListItem\",\"position\":1,\"name\":\"Esad Kraja u stolis me medalje t\u00eb art\u00eb n\u00eb Beograd\"}]},{\"@type\":\"Person\",\"@id\":\"https:\/\/www.visit-ulcinj.com\/blog\/#\/schema\/person\/dcab619c614d3038751c63bc2aadc06d\",\"name\":\"ulqini\",\"sameAs\":[\"http:\/\/www.visit-ulcinj.com\"],\"url\":\"https:\/\/www.visit-ulcinj.com\/blog\/author\/admin\/\"}]}<\/script>\n<!-- \/ Yoast SEO plugin. -->","yoast_head_json":{"title":"Esad Kraja u stolis me medalje t\u00eb art\u00eb n\u00eb Beograd - Lajme nga Ulqini","description":"Taekwondo Ulqini n\u00eb Beograd open omega 2012 Gjat\u00eb\u00a0 k\u00ebtij vikendi me dat\u00eb 10.03.2012 ne Beograd u mbajt\u00eb turneu nd\u00ebrkomb\u00ebtar\u00eb n\u00eb sportin olimpik t\u00eb","robots":{"index":"index","follow":"follow","max-snippet":"max-snippet:-1","max-image-preview":"max-image-preview:large","max-video-preview":"max-video-preview:-1"},"canonical":"https:\/\/www.visit-ulcinj.com\/blog\/2012\/03\/11\/esad-kraja-u-stolis-me-medalje-te-arte-ne-beograd\/","og_locale":"en_US","og_type":"article","og_title":"Esad Kraja u stolis me medalje t\u00eb art\u00eb n\u00eb Beograd - Lajme nga Ulqini","og_description":"Taekwondo Ulqini n\u00eb Beograd open omega 2012 Gjat\u00eb\u00a0 k\u00ebtij vikendi me dat\u00eb 10.03.2012 ne Beograd u mbajt\u00eb turneu nd\u00ebrkomb\u00ebtar\u00eb n\u00eb sportin olimpik t\u00eb","og_url":"https:\/\/www.visit-ulcinj.com\/blog\/2012\/03\/11\/esad-kraja-u-stolis-me-medalje-te-arte-ne-beograd\/","og_site_name":"Lajme nga Ulqini","article_published_time":"2012-03-11T18:22:55+00:00","article_modified_time":"2012-03-13T07:22:16+00:00","og_image":[{"url":"https:\/\/www.visit-ulcinj.com\/blog\/wp-content\/uploads\/2012\/03\/Esad-Kraja-u-stolis-me-medalje-t\u00eb-art\u00eb-n\u00eb-Beograd_Taekwondo-Ulqini_Ulcinj-150x150.jpg"}],"twitter_misc":{"Written by":"ulqini","Est. reading time":"1 minute"},"schema":{"@context":"https:\/\/schema.org","@graph":[{"@type":"WebSite","@id":"https:\/\/www.visit-ulcinj.com\/blog\/#website","url":"https:\/\/www.visit-ulcinj.com\/blog\/","name":"Lajme nga Ulqini","description":"Lajme,Vijesti,Ulqini,Ulqin,Crna Gora,Mali i Zi","potentialAction":[{"@type":"SearchAction","target":{"@type":"EntryPoint","urlTemplate":"https:\/\/www.visit-ulcinj.com\/blog\/?s={search_term_string}"},"query-input":"required name=search_term_string"}],"inLanguage":"en-US"},{"@type":"WebPage","@id":"https:\/\/www.visit-ulcinj.com\/blog\/2012\/03\/11\/esad-kraja-u-stolis-me-medalje-te-arte-ne-beograd\/#webpage","url":"https:\/\/www.visit-ulcinj.com\/blog\/2012\/03\/11\/esad-kraja-u-stolis-me-medalje-te-arte-ne-beograd\/","name":"Esad Kraja u stolis me medalje t\u00eb art\u00eb n\u00eb Beograd - Lajme nga Ulqini","isPartOf":{"@id":"https:\/\/www.visit-ulcinj.com\/blog\/#website"},"datePublished":"2012-03-11T18:22:55+00:00","dateModified":"2012-03-13T07:22:16+00:00","author":{"@id":"https:\/\/www.visit-ulcinj.com\/blog\/#\/schema\/person\/dcab619c614d3038751c63bc2aadc06d"},"description":"Taekwondo Ulqini n\u00eb Beograd open omega 2012 Gjat\u00eb\u00a0 k\u00ebtij vikendi me dat\u00eb 10.03.2012 ne Beograd u mbajt\u00eb turneu nd\u00ebrkomb\u00ebtar\u00eb n\u00eb sportin olimpik t\u00eb","breadcrumb":{"@id":"https:\/\/www.visit-ulcinj.com\/blog\/2012\/03\/11\/esad-kraja-u-stolis-me-medalje-te-arte-ne-beograd\/#breadcrumb"},"inLanguage":"en-US","potentialAction":[{"@type":"ReadAction","target":["https:\/\/www.visit-ulcinj.com\/blog\/2012\/03\/11\/esad-kraja-u-stolis-me-medalje-te-arte-ne-beograd\/"]}]},{"@type":"BreadcrumbList","@id":"https:\/\/www.visit-ulcinj.com\/blog\/2012\/03\/11\/esad-kraja-u-stolis-me-medalje-te-arte-ne-beograd\/#breadcrumb","itemListElement":[{"@type":"ListItem","position":1,"name":"Esad Kraja u stolis me medalje t\u00eb art\u00eb n\u00eb Beograd"}]},{"@type":"Person","@id":"https:\/\/www.visit-ulcinj.com\/blog\/#\/schema\/person\/dcab619c614d3038751c63bc2aadc06d","name":"ulqini","sameAs":["http:\/\/www.visit-ulcinj.com"],"url":"https:\/\/www.visit-ulcinj.com\/blog\/author\/admin\/"}]}},"jetpack_featured_media_url":"","jetpack_sharing_enabled":true,"jetpack_shortlink":"https:\/\/wp.me\/pe6lTn-f7n","_links":{"self":[{"href":"https:\/\/www.visit-ulcinj.com\/blog\/wp-json\/wp\/v2\/posts\/58117"}],"collection":[{"href":"https:\/\/www.visit-ulcinj.com\/blog\/wp-json\/wp\/v2\/posts"}],"about":[{"href":"https:\/\/www.visit-ulcinj.com\/blog\/wp-json\/wp\/v2\/types\/post"}],"author":[{"embeddable":true,"href":"https:\/\/www.visit-ulcinj.com\/blog\/wp-json\/wp\/v2\/users\/1"}],"replies":[{"embeddable":true,"href":"https:\/\/www.visit-ulcinj.com\/blog\/wp-json\/wp\/v2\/comments?post=58117"}],"version-history":[{"count":2,"href":"https:\/\/www.visit-ulcinj.com\/blog\/wp-json\/wp\/v2\/posts\/58117\/revisions"}],"predecessor-version":[{"id":58164,"href":"https:\/\/www.visit-ulcinj.com\/blog\/wp-json\/wp\/v2\/posts\/58117\/revisions\/58164"}],"wp:attachment":[{"href":"https:\/\/www.visit-ulcinj.com\/blog\/wp-json\/wp\/v2\/media?parent=58117"}],"wp:term":[{"taxonomy":"category","embeddable":true,"href":"https:\/\/www.visit-ulcinj.com\/blog\/wp-json\/wp\/v2\/categories?post=58117"},{"taxonomy":"post_tag","embeddable":true,"href":"https:\/\/www.visit-ulcinj.com\/blog\/wp-json\/wp\/v2\/tags?post=58117"}],"curies":[{"name":"wp","href":"https:\/\/api.w.org\/{rel}","templated":true}]}}