{"id":5813,"date":"2008-11-11T04:16:53","date_gmt":"2008-11-11T09:16:53","guid":{"rendered":"http:\/\/www.visit-ulcinj.com\/blog\/?p=5813"},"modified":"2008-11-11T04:16:53","modified_gmt":"2008-11-11T09:16:53","slug":"feston-ditelindjen-ne-diten-e-halloween","status":"publish","type":"post","link":"https:\/\/www.visit-ulcinj.com\/blog\/2008\/11\/11\/feston-ditelindjen-ne-diten-e-halloween\/","title":{"rendered":"Feston dit\u00eblindjen n\u00eb dit\u00ebn e Halloween"},"content":{"rendered":"<p><a href=\"http:\/\/www.visit-ulcinj.com\/blog\/wp-content\/uploads\/2008\/11\/inis-gjoni.jpg\"><img loading=\"lazy\" class=\"alignleft size-medium wp-image-5814\" title=\"inis-gjoni\" src=\"http:\/\/www.visit-ulcinj.com\/blog\/wp-content\/uploads\/2008\/11\/inis-gjoni-300x189.jpg\" alt=\"\" width=\"300\" height=\"189\" \/><\/a>Ka vendosur prej shum\u00eb koh\u00ebsh q\u00eb t\u00eb mbaj\u00eb goj\u00ebn ky\u00e7ur p\u00ebr median dhe k\u00ebt\u00eb e respekton n\u00eb m\u00ebnyr\u00ebn m\u00eb korrekte. Show-girli i mir\u00ebnjohur Inis Gjoni ka muaj q\u00eb nuk shfaqet n\u00ebp\u00ebr faqet e gazetave nd\u00ebrsa n\u00eb ekran t\u00eb gjith\u00eb shikuesit e pan\u00eb vet\u00ebm p\u00ebr disa minuta t\u00eb ftuar n\u00eb emisionin e Ardit Gjebreas \u201cE diela shqiptare\u201d. E teksa mundohet t\u2019i shmanget \u00e7do paparaci t\u00eb mundsh\u00ebm n\u00ebp\u00ebr ambientet q\u00eb ndodhet, apo \u00e7do pyetje t\u00eb ndonj\u00eb gazetari q\u00eb e k\u00ebrkon p\u00ebr intervist\u00eb, ja tek ka r\u00ebn\u00eb n\u00eb kurthin e paparacit ton\u00eb. Inis Gjoni \u00ebsht\u00eb fotografuar n\u00eb club \u201cSharm\u201d nga paparaci yn\u00eb nd\u00ebrsa festonte dy festa.<br \/>\nN\u00eb dit\u00ebn e fest\u00ebs s\u00eb \u201cHalloween\u201d t\u00eb cil\u00ebn po e kalonte m\u00eb s\u00eb miri me miqt\u00eb e saj n\u00eb clubin pran\u00eb hotel Sheraton, Inis Gjoni ka festuar nj\u00ebkoh\u00ebsisht edhe dit\u00eblindjen. Ka qen\u00eb e shoq\u00ebruar nga familjar\u00ebt, ku sapo ka par\u00eb fotografin ton\u00eb \u00ebsht\u00eb munduar t\u2019i shmanget menj\u00ebher\u00eb objektivit t\u00eb aparatit dhe ka k\u00ebrkuar q\u00eb t\u00eb mos b\u00ebhej m\u00eb asnj\u00eb foto rreth saj, duke dashur q\u00eb jet\u00ebn private ta l\u00ebr\u00eb t\u00eb paprekur. Nj\u00eb fustan i zi, tejet i shkurt\u00ebr dhe sensual dhe look-u q\u00eb asnj\u00ebher\u00eb nuk ndryshon, diferenc\u00eb b\u00ebn vet\u00ebm m\u00ebnyra e grimit. Inisi \u00ebsht\u00eb shfaqur si gjithmon\u00eb n\u00eb form\u00eb, tashm\u00eb edhe me kilogram\u00ebt e tep\u00ebrt t\u00eb humbur prej disa koh\u00ebsh. \u00cbsht\u00eb v\u00ebn\u00eb re se n\u00eb fest\u00ebn familjare t\u00eb dit\u00eblindjes s\u00eb Inisit mungonte motra e saj Ingiridi e cila kishte shkuar diku gjetk\u00eb p\u00ebr t\u00eb festuar, duke zgjedhur k\u00ebshtu miqt\u00eb e saj nj\u00eb nj\u00eb tjet\u00ebr lokal t\u00eb kryeqytetit.<br \/>\n<strong><br \/>\nBluetooth<\/strong><\/p>\n<!--YouTube Error: bad URL entered-->\n","protected":false},"excerpt":{"rendered":"<p>Ka vendosur prej shum\u00eb koh\u00ebsh q\u00eb t\u00eb mbaj\u00eb goj\u00ebn ky\u00e7ur p\u00ebr median dhe k\u00ebt\u00eb e respekton n\u00eb m\u00ebnyr\u00ebn m\u00eb korrekte. Show-girli i mir\u00ebnjohur Inis Gjoni ka muaj q\u00eb nuk shfaqet n\u00ebp\u00ebr faqet e gazetave nd\u00ebrsa n\u00eb ekran t\u00eb gjith\u00eb shikuesit e pan\u00eb vet\u00ebm p\u00ebr disa minuta t\u00eb ftuar n\u00eb emisionin e Ardit Gjebreas \u201cE diela [&hellip;]<\/p>\n","protected":false},"author":1,"featured_media":0,"comment_status":"open","ping_status":"closed","sticky":false,"template":"","format":"standard","meta":{"spay_email":"","jetpack_publicize_message":"","jetpack_is_tweetstorm":false,"jetpack_publicize_feature_enabled":true},"categories":[1],"tags":[5000],"jetpack_publicize_connections":[],"yoast_head":"<!-- This site is optimized with the Yoast SEO plugin v19.1 - https:\/\/yoast.com\/wordpress\/plugins\/seo\/ -->\n<title>Feston dit\u00eblindjen n\u00eb dit\u00ebn e Halloween - Lajme nga Ulqini<\/title>\n<meta name=\"description\" content=\"Ka vendosur prej shum\u00eb koh\u00ebsh q\u00eb t\u00eb mbaj\u00eb goj\u00ebn ky\u00e7ur p\u00ebr median dhe k\u00ebt\u00eb e respekton n\u00eb m\u00ebnyr\u00ebn m\u00eb korrekte. Show-girli i mir\u00ebnjohur Inis Gjoni ka muaj\" \/>\n<meta name=\"robots\" content=\"index, follow, max-snippet:-1, max-image-preview:large, max-video-preview:-1\" \/>\n<link rel=\"canonical\" href=\"https:\/\/www.visit-ulcinj.com\/blog\/2008\/11\/11\/feston-ditelindjen-ne-diten-e-halloween\/\" \/>\n<meta property=\"og:locale\" content=\"en_US\" \/>\n<meta property=\"og:type\" content=\"article\" \/>\n<meta property=\"og:title\" content=\"Feston dit\u00eblindjen n\u00eb dit\u00ebn e Halloween - Lajme nga Ulqini\" \/>\n<meta property=\"og:description\" content=\"Ka vendosur prej shum\u00eb koh\u00ebsh q\u00eb t\u00eb mbaj\u00eb goj\u00ebn ky\u00e7ur p\u00ebr median dhe k\u00ebt\u00eb e respekton n\u00eb m\u00ebnyr\u00ebn m\u00eb korrekte. Show-girli i mir\u00ebnjohur Inis Gjoni ka muaj\" \/>\n<meta property=\"og:url\" content=\"https:\/\/www.visit-ulcinj.com\/blog\/2008\/11\/11\/feston-ditelindjen-ne-diten-e-halloween\/\" \/>\n<meta property=\"og:site_name\" content=\"Lajme nga Ulqini\" \/>\n<meta property=\"article:published_time\" content=\"2008-11-11T09:16:53+00:00\" \/>\n<meta property=\"og:image\" content=\"http:\/\/www.visit-ulcinj.com\/blog\/wp-content\/uploads\/2008\/11\/inis-gjoni-300x189.jpg\" \/>\n<meta name=\"twitter:label1\" content=\"Written by\" \/>\n\t<meta name=\"twitter:data1\" content=\"ulqini\" \/>\n\t<meta name=\"twitter:label2\" content=\"Est. reading time\" \/>\n\t<meta name=\"twitter:data2\" content=\"2 minutes\" \/>\n<script type=\"application\/ld+json\" class=\"yoast-schema-graph\">{\"@context\":\"https:\/\/schema.org\",\"@graph\":[{\"@type\":\"WebSite\",\"@id\":\"https:\/\/www.visit-ulcinj.com\/blog\/#website\",\"url\":\"https:\/\/www.visit-ulcinj.com\/blog\/\",\"name\":\"Lajme nga Ulqini\",\"description\":\"Lajme,Vijesti,Ulqini,Ulqin,Crna Gora,Mali i Zi\",\"potentialAction\":[{\"@type\":\"SearchAction\",\"target\":{\"@type\":\"EntryPoint\",\"urlTemplate\":\"https:\/\/www.visit-ulcinj.com\/blog\/?s={search_term_string}\"},\"query-input\":\"required name=search_term_string\"}],\"inLanguage\":\"en-US\"},{\"@type\":\"ImageObject\",\"inLanguage\":\"en-US\",\"@id\":\"https:\/\/www.visit-ulcinj.com\/blog\/2008\/11\/11\/feston-ditelindjen-ne-diten-e-halloween\/#primaryimage\",\"url\":\"http:\/\/www.visit-ulcinj.com\/blog\/wp-content\/uploads\/2008\/11\/inis-gjoni-300x189.jpg\",\"contentUrl\":\"http:\/\/www.visit-ulcinj.com\/blog\/wp-content\/uploads\/2008\/11\/inis-gjoni-300x189.jpg\"},{\"@type\":\"WebPage\",\"@id\":\"https:\/\/www.visit-ulcinj.com\/blog\/2008\/11\/11\/feston-ditelindjen-ne-diten-e-halloween\/#webpage\",\"url\":\"https:\/\/www.visit-ulcinj.com\/blog\/2008\/11\/11\/feston-ditelindjen-ne-diten-e-halloween\/\",\"name\":\"Feston dit\u00eblindjen n\u00eb dit\u00ebn e Halloween - Lajme nga Ulqini\",\"isPartOf\":{\"@id\":\"https:\/\/www.visit-ulcinj.com\/blog\/#website\"},\"primaryImageOfPage\":{\"@id\":\"https:\/\/www.visit-ulcinj.com\/blog\/2008\/11\/11\/feston-ditelindjen-ne-diten-e-halloween\/#primaryimage\"},\"datePublished\":\"2008-11-11T09:16:53+00:00\",\"dateModified\":\"2008-11-11T09:16:53+00:00\",\"author\":{\"@id\":\"https:\/\/www.visit-ulcinj.com\/blog\/#\/schema\/person\/dcab619c614d3038751c63bc2aadc06d\"},\"description\":\"Ka vendosur prej shum\u00eb koh\u00ebsh q\u00eb t\u00eb mbaj\u00eb goj\u00ebn ky\u00e7ur p\u00ebr median dhe k\u00ebt\u00eb e respekton n\u00eb m\u00ebnyr\u00ebn m\u00eb korrekte. Show-girli i mir\u00ebnjohur Inis Gjoni ka muaj\",\"breadcrumb\":{\"@id\":\"https:\/\/www.visit-ulcinj.com\/blog\/2008\/11\/11\/feston-ditelindjen-ne-diten-e-halloween\/#breadcrumb\"},\"inLanguage\":\"en-US\",\"potentialAction\":[{\"@type\":\"ReadAction\",\"target\":[\"https:\/\/www.visit-ulcinj.com\/blog\/2008\/11\/11\/feston-ditelindjen-ne-diten-e-halloween\/\"]}]},{\"@type\":\"BreadcrumbList\",\"@id\":\"https:\/\/www.visit-ulcinj.com\/blog\/2008\/11\/11\/feston-ditelindjen-ne-diten-e-halloween\/#breadcrumb\",\"itemListElement\":[{\"@type\":\"ListItem\",\"position\":1,\"name\":\"Feston dit\u00eblindjen n\u00eb dit\u00ebn e Halloween\"}]},{\"@type\":\"Person\",\"@id\":\"https:\/\/www.visit-ulcinj.com\/blog\/#\/schema\/person\/dcab619c614d3038751c63bc2aadc06d\",\"name\":\"ulqini\",\"sameAs\":[\"http:\/\/www.visit-ulcinj.com\"],\"url\":\"https:\/\/www.visit-ulcinj.com\/blog\/author\/admin\/\"}]}<\/script>\n<!-- \/ Yoast SEO plugin. -->","yoast_head_json":{"title":"Feston dit\u00eblindjen n\u00eb dit\u00ebn e Halloween - Lajme nga Ulqini","description":"Ka vendosur prej shum\u00eb koh\u00ebsh q\u00eb t\u00eb mbaj\u00eb goj\u00ebn ky\u00e7ur p\u00ebr median dhe k\u00ebt\u00eb e respekton n\u00eb m\u00ebnyr\u00ebn m\u00eb korrekte. Show-girli i mir\u00ebnjohur Inis Gjoni ka muaj","robots":{"index":"index","follow":"follow","max-snippet":"max-snippet:-1","max-image-preview":"max-image-preview:large","max-video-preview":"max-video-preview:-1"},"canonical":"https:\/\/www.visit-ulcinj.com\/blog\/2008\/11\/11\/feston-ditelindjen-ne-diten-e-halloween\/","og_locale":"en_US","og_type":"article","og_title":"Feston dit\u00eblindjen n\u00eb dit\u00ebn e Halloween - Lajme nga Ulqini","og_description":"Ka vendosur prej shum\u00eb koh\u00ebsh q\u00eb t\u00eb mbaj\u00eb goj\u00ebn ky\u00e7ur p\u00ebr median dhe k\u00ebt\u00eb e respekton n\u00eb m\u00ebnyr\u00ebn m\u00eb korrekte. Show-girli i mir\u00ebnjohur Inis Gjoni ka muaj","og_url":"https:\/\/www.visit-ulcinj.com\/blog\/2008\/11\/11\/feston-ditelindjen-ne-diten-e-halloween\/","og_site_name":"Lajme nga Ulqini","article_published_time":"2008-11-11T09:16:53+00:00","og_image":[{"url":"http:\/\/www.visit-ulcinj.com\/blog\/wp-content\/uploads\/2008\/11\/inis-gjoni-300x189.jpg"}],"twitter_misc":{"Written by":"ulqini","Est. reading time":"2 minutes"},"schema":{"@context":"https:\/\/schema.org","@graph":[{"@type":"WebSite","@id":"https:\/\/www.visit-ulcinj.com\/blog\/#website","url":"https:\/\/www.visit-ulcinj.com\/blog\/","name":"Lajme nga Ulqini","description":"Lajme,Vijesti,Ulqini,Ulqin,Crna Gora,Mali i Zi","potentialAction":[{"@type":"SearchAction","target":{"@type":"EntryPoint","urlTemplate":"https:\/\/www.visit-ulcinj.com\/blog\/?s={search_term_string}"},"query-input":"required name=search_term_string"}],"inLanguage":"en-US"},{"@type":"ImageObject","inLanguage":"en-US","@id":"https:\/\/www.visit-ulcinj.com\/blog\/2008\/11\/11\/feston-ditelindjen-ne-diten-e-halloween\/#primaryimage","url":"http:\/\/www.visit-ulcinj.com\/blog\/wp-content\/uploads\/2008\/11\/inis-gjoni-300x189.jpg","contentUrl":"http:\/\/www.visit-ulcinj.com\/blog\/wp-content\/uploads\/2008\/11\/inis-gjoni-300x189.jpg"},{"@type":"WebPage","@id":"https:\/\/www.visit-ulcinj.com\/blog\/2008\/11\/11\/feston-ditelindjen-ne-diten-e-halloween\/#webpage","url":"https:\/\/www.visit-ulcinj.com\/blog\/2008\/11\/11\/feston-ditelindjen-ne-diten-e-halloween\/","name":"Feston dit\u00eblindjen n\u00eb dit\u00ebn e Halloween - Lajme nga Ulqini","isPartOf":{"@id":"https:\/\/www.visit-ulcinj.com\/blog\/#website"},"primaryImageOfPage":{"@id":"https:\/\/www.visit-ulcinj.com\/blog\/2008\/11\/11\/feston-ditelindjen-ne-diten-e-halloween\/#primaryimage"},"datePublished":"2008-11-11T09:16:53+00:00","dateModified":"2008-11-11T09:16:53+00:00","author":{"@id":"https:\/\/www.visit-ulcinj.com\/blog\/#\/schema\/person\/dcab619c614d3038751c63bc2aadc06d"},"description":"Ka vendosur prej shum\u00eb koh\u00ebsh q\u00eb t\u00eb mbaj\u00eb goj\u00ebn ky\u00e7ur p\u00ebr median dhe k\u00ebt\u00eb e respekton n\u00eb m\u00ebnyr\u00ebn m\u00eb korrekte. Show-girli i mir\u00ebnjohur Inis Gjoni ka muaj","breadcrumb":{"@id":"https:\/\/www.visit-ulcinj.com\/blog\/2008\/11\/11\/feston-ditelindjen-ne-diten-e-halloween\/#breadcrumb"},"inLanguage":"en-US","potentialAction":[{"@type":"ReadAction","target":["https:\/\/www.visit-ulcinj.com\/blog\/2008\/11\/11\/feston-ditelindjen-ne-diten-e-halloween\/"]}]},{"@type":"BreadcrumbList","@id":"https:\/\/www.visit-ulcinj.com\/blog\/2008\/11\/11\/feston-ditelindjen-ne-diten-e-halloween\/#breadcrumb","itemListElement":[{"@type":"ListItem","position":1,"name":"Feston dit\u00eblindjen n\u00eb dit\u00ebn e Halloween"}]},{"@type":"Person","@id":"https:\/\/www.visit-ulcinj.com\/blog\/#\/schema\/person\/dcab619c614d3038751c63bc2aadc06d","name":"ulqini","sameAs":["http:\/\/www.visit-ulcinj.com"],"url":"https:\/\/www.visit-ulcinj.com\/blog\/author\/admin\/"}]}},"jetpack_featured_media_url":"","jetpack_sharing_enabled":true,"jetpack_shortlink":"https:\/\/wp.me\/pe6lTn-1vL","_links":{"self":[{"href":"https:\/\/www.visit-ulcinj.com\/blog\/wp-json\/wp\/v2\/posts\/5813"}],"collection":[{"href":"https:\/\/www.visit-ulcinj.com\/blog\/wp-json\/wp\/v2\/posts"}],"about":[{"href":"https:\/\/www.visit-ulcinj.com\/blog\/wp-json\/wp\/v2\/types\/post"}],"author":[{"embeddable":true,"href":"https:\/\/www.visit-ulcinj.com\/blog\/wp-json\/wp\/v2\/users\/1"}],"replies":[{"embeddable":true,"href":"https:\/\/www.visit-ulcinj.com\/blog\/wp-json\/wp\/v2\/comments?post=5813"}],"version-history":[{"count":0,"href":"https:\/\/www.visit-ulcinj.com\/blog\/wp-json\/wp\/v2\/posts\/5813\/revisions"}],"wp:attachment":[{"href":"https:\/\/www.visit-ulcinj.com\/blog\/wp-json\/wp\/v2\/media?parent=5813"}],"wp:term":[{"taxonomy":"category","embeddable":true,"href":"https:\/\/www.visit-ulcinj.com\/blog\/wp-json\/wp\/v2\/categories?post=5813"},{"taxonomy":"post_tag","embeddable":true,"href":"https:\/\/www.visit-ulcinj.com\/blog\/wp-json\/wp\/v2\/tags?post=5813"}],"curies":[{"name":"wp","href":"https:\/\/api.w.org\/{rel}","templated":true}]}}