{"id":58138,"date":"2012-03-12T19:07:31","date_gmt":"2012-03-12T18:07:31","guid":{"rendered":"http:\/\/www.visit-ulcinj.com\/blog\/?p=58138"},"modified":"2012-03-12T19:16:50","modified_gmt":"2012-03-12T18:16:50","slug":"odbor-ocijenio-ustavnom-izmjenu-plana-za-prostor-solane","status":"publish","type":"post","link":"https:\/\/www.visit-ulcinj.com\/blog\/2012\/03\/12\/odbor-ocijenio-ustavnom-izmjenu-plana-za-prostor-solane\/","title":{"rendered":"Odbor ocijenio ustavnom izmjenu plana za prostor Solane"},"content":{"rendered":"<p><strong><a href=\"http:\/\/www.visit-ulcinj.com\/blog\/wp-content\/uploads\/2012\/03\/Odbor-o-ustavnom-izmjenu-plana-za-prostor-Solane-Ulcinj.2.jpg\"><img loading=\"lazy\" class=\"alignleft  wp-image-58139\" title=\"Odbor o ustavnom izmjenu plana za prostor Solane Ulcinj.2\" src=\"http:\/\/www.visit-ulcinj.com\/blog\/wp-content\/uploads\/2012\/03\/Odbor-o-ustavnom-izmjenu-plana-za-prostor-Solane-Ulcinj.2.jpg\" alt=\"\" width=\"508\" height=\"332\" \/><\/a>PODGORICA \u2013 Odbor za ustavna pitanja i zakonodastvo ocijenio je ustavnim predlo\u017eenu odluku o izmjeni i dopuni prostornog plana Crne Gore do 2020. godine, kojom se tra\u017ei izmjena Plana u dijelu koji se odnosi na lokalitet ulcinjske Solane.<br \/>\n<\/strong>Protiv odluke, koju je pripremio MANS, a potpisali Branko Radulovi\u0107, Genci Nimanbegu, Kemal Puri\u0161i\u0107, Mehmet Bardhi, Neven Go\u0161ovi\u0107 i Radojica \u017divkovi\u0107, glasali su jedino \u010dlanovi Odbora iz Demokratske partije socijalista.<\/p>\n<p>&#8211; Za lokalitet ulcinjske Solane definisana je namjena koja na \u010dudan na\u010din to podru\u010dje mo\u017ee pretvoriti u turisti\u010dke komplekse, bez javne rasprave. To je \u010dudna odrednica koja se mora promijeniti \u2013 kazao je Genci Nimanbegu (Forca).<br \/>\n<a href=\"http:\/\/www.visit-ulcinj.com\/blog\/wp-content\/uploads\/2012\/03\/Odbor-o-ustavnom-izmjenu-plana-za-prostor-Solane-Ulcinj.1.jpg\"><img loading=\"lazy\" class=\"alignleft  wp-image-58140\" title=\"Odbor o ustavnom izmjenu plana za prostor Solane Ulcinj.1\" src=\"http:\/\/www.visit-ulcinj.com\/blog\/wp-content\/uploads\/2012\/03\/Odbor-o-ustavnom-izmjenu-plana-za-prostor-Solane-Ulcinj.1.jpg\" alt=\"\" width=\"508\" height=\"300\" \/><\/a><\/p>\n<p>On smatra da je to u sukobu sa prostornim planom ulcinjske op\u0161tine, ali i sa grafi\u010dkim podacima Prostornog plana Crne Gore. Dejan Milovac iz MANS-a kazao je da je neophodno usvojiti odluku, jer je u Prostornom planu ostavljena mogu\u0107nost dvostrukog tuma\u010denja kona\u010dne namjene tog podru\u010dja \u2013 u jednom dijelu se prepoznaje kao resurs za eksploataciju soli, a u drugom ono mo\u017ee biti valorizovano kroz izgradnju stambeno-turisti\u010dkih kompleksa. Sekretar Ministarstva turizma i odr\u017eivog razvoja Zoran Tomi\u0107 smatra da odluku ne treba prihvatiti, jer je procedura mijenjanja Prostornog plana jasna i treba da bude po\u0161tovana.<\/p>\n<p>&#8211; Ja sam za po\u0161tovanje propisa i postupka koji je predvi\u0111en za izmjene i dopune Prostornog plana \u2013 kazao je Miodrag Vukovi\u0107 (DPS).<\/p>\n<p>Predsjednik Odbora D\u017eavid \u0160abovi\u0107 podr\u017eao je odluku kojom se mijenja Prostorni plan, jer je, kako je kazao, Solana za njega vi\u0161e od procedure.<\/p>\n<p>&#8211; Glasa\u0107u za, svjestan da na ovaj na\u010din ne glasam po Ustavu \u2013 rekao je \u0160abovi\u0107.<\/p>\n<p>Odbor nije podr\u017eao prijedlog deklaracija za ispunjavanje uslova za po\u010detak pregovora Crne Gore i Evropske unije, koju je podnijela Socijalisti\u010dka narodna partija. Iako je predlaga\u010d iskazao spremnost da prihvati amandmane koji pobolj\u0161avaju tekst, Demokratska partija socijalista bila je uzdr\u017eana, jer smatra da prijedlog treba vratiti na doradu.<\/p>\n<p>&#8211; Deklaracija je politi\u010dkog karaktera. Spremni smo da, kroz \u0161ire konsultacije, prihvatimo amandmane i do\u0111emo do zajedni\u010dkog teksta \u2013 rekao je, u ime predlaga\u010da, Aleksandar Damjanovi\u0107 (SNP).<br \/>\n<a href=\"http:\/\/www.visit-ulcinj.com\/blog\/wp-content\/uploads\/2012\/03\/Odbor-o-ustavnom-izmjenu-plana-za-prostor-Solane-Ulcinj.jpg\"><img loading=\"lazy\" class=\"alignleft  wp-image-58141\" title=\"Odbor o ustavnom izmjenu plana za prostor Solane Ulcinj\" src=\"http:\/\/www.visit-ulcinj.com\/blog\/wp-content\/uploads\/2012\/03\/Odbor-o-ustavnom-izmjenu-plana-za-prostor-Solane-Ulcinj.jpg\" alt=\"\" width=\"508\" height=\"300\" \/><\/a><\/p>\n<p>Miodrag Vukovi\u0107 (DPS) zamjerio je SNP-u \u0161to nije ranije obavila konsultacije sa svim poslani\u010dkim klubovima, a nakon toga procesuirala tekst koji je rezultat kompromisa.<\/p>\n<p>&#8211; Stav o evropskim integracijama Crne Gore jedinstven je u parlamentu, ali to se ne vidi u deklaraciji. Prijedlog je pripremila jedna stranka, a ostalim klubovima nije najavila da \u0107e to uraditi. To je naru\u0161avanje dobre prakse, kako bi se neko predstavio kao prvoborac, perjanik u posljednjoj fazi integracija \u2013 rekao je Vukovi\u0107.<\/p>\n<p>On je kazao da prijedlog SNP-a treba vratiti na doradu. Damjanovi\u0107 je objansio da su konsultacije obavljene sa nevladinim organizacijama i medijima.<\/p>\n<p>&#8211; Sa svima ste se konsultovali, osim sa nama u parlamentu \u2013 prigovorio je Vukovi\u0107.<br \/>\n<strong>Ovaj tekst je preuzet sa adrese <a href=\"http:\/\/www.pobjeda.me\/2012\/03\/12\/odbor-ocijenio-ustavnom-izmjenu-plana-za-prostor-solane\/\" target=\"_blank\"><span style=\"text-decoration: underline;\">http:\/\/www.pobjeda.me\/2012\/03\/12\/odbor-ocijenio-ustavnom-izmjenu-plana-za-prostor-solane\/<\/span><\/a><\/strong><\/p>\n<!--YouTube Error: bad URL entered-->\n","protected":false},"excerpt":{"rendered":"<p>PODGORICA \u2013 Odbor za ustavna pitanja i zakonodastvo ocijenio je ustavnim predlo\u017eenu odluku o izmjeni i dopuni prostornog plana Crne Gore do 2020. godine, kojom se tra\u017ei izmjena Plana u dijelu koji se odnosi na lokalitet ulcinjske Solane. Protiv odluke, koju je pripremio MANS, a potpisali Branko Radulovi\u0107, Genci Nimanbegu, Kemal Puri\u0161i\u0107, Mehmet Bardhi, Neven [&hellip;]<\/p>\n","protected":false},"author":1,"featured_media":0,"comment_status":"open","ping_status":"closed","sticky":false,"template":"","format":"standard","meta":{"spay_email":"","jetpack_publicize_message":"","jetpack_is_tweetstorm":false,"jetpack_publicize_feature_enabled":true},"categories":[8337],"tags":[20139],"jetpack_publicize_connections":[],"yoast_head":"<!-- This site is optimized with the Yoast SEO plugin v19.1 - https:\/\/yoast.com\/wordpress\/plugins\/seo\/ -->\n<title>Odbor ocijenio ustavnom izmjenu plana za prostor Solane - Lajme nga Ulqini<\/title>\n<meta name=\"description\" content=\"PODGORICA \u2013 Odbor za ustavna pitanja i zakonodastvo ocijenio je ustavnim predlo\u017eenu odluku o izmjeni i dopuni prostornog plana Crne Gore do 2020. godine,\" \/>\n<meta name=\"robots\" content=\"index, follow, max-snippet:-1, max-image-preview:large, max-video-preview:-1\" \/>\n<link rel=\"canonical\" href=\"https:\/\/www.visit-ulcinj.com\/blog\/2012\/03\/12\/odbor-ocijenio-ustavnom-izmjenu-plana-za-prostor-solane\/\" \/>\n<meta property=\"og:locale\" content=\"en_US\" \/>\n<meta property=\"og:type\" content=\"article\" \/>\n<meta property=\"og:title\" content=\"Odbor ocijenio ustavnom izmjenu plana za prostor Solane - Lajme nga Ulqini\" \/>\n<meta property=\"og:description\" content=\"PODGORICA \u2013 Odbor za ustavna pitanja i zakonodastvo ocijenio je ustavnim predlo\u017eenu odluku o izmjeni i dopuni prostornog plana Crne Gore do 2020. godine,\" \/>\n<meta property=\"og:url\" content=\"https:\/\/www.visit-ulcinj.com\/blog\/2012\/03\/12\/odbor-ocijenio-ustavnom-izmjenu-plana-za-prostor-solane\/\" \/>\n<meta property=\"og:site_name\" content=\"Lajme nga Ulqini\" \/>\n<meta property=\"article:published_time\" content=\"2012-03-12T18:07:31+00:00\" \/>\n<meta property=\"article:modified_time\" content=\"2012-03-12T18:16:50+00:00\" \/>\n<meta property=\"og:image\" content=\"http:\/\/www.visit-ulcinj.com\/blog\/wp-content\/uploads\/2012\/03\/Odbor-o-ustavnom-izmjenu-plana-za-prostor-Solane-Ulcinj.2.jpg\" \/>\n<meta name=\"twitter:label1\" content=\"Written by\" \/>\n\t<meta name=\"twitter:data1\" content=\"ulqini\" \/>\n\t<meta name=\"twitter:label2\" content=\"Est. reading time\" \/>\n\t<meta name=\"twitter:data2\" content=\"2 minutes\" \/>\n<script type=\"application\/ld+json\" class=\"yoast-schema-graph\">{\"@context\":\"https:\/\/schema.org\",\"@graph\":[{\"@type\":\"WebSite\",\"@id\":\"https:\/\/www.visit-ulcinj.com\/blog\/#website\",\"url\":\"https:\/\/www.visit-ulcinj.com\/blog\/\",\"name\":\"Lajme nga Ulqini\",\"description\":\"Lajme,Vijesti,Ulqini,Ulqin,Crna Gora,Mali i Zi\",\"potentialAction\":[{\"@type\":\"SearchAction\",\"target\":{\"@type\":\"EntryPoint\",\"urlTemplate\":\"https:\/\/www.visit-ulcinj.com\/blog\/?s={search_term_string}\"},\"query-input\":\"required name=search_term_string\"}],\"inLanguage\":\"en-US\"},{\"@type\":\"ImageObject\",\"inLanguage\":\"en-US\",\"@id\":\"https:\/\/www.visit-ulcinj.com\/blog\/2012\/03\/12\/odbor-ocijenio-ustavnom-izmjenu-plana-za-prostor-solane\/#primaryimage\",\"url\":\"https:\/\/www.visit-ulcinj.com\/blog\/wp-content\/uploads\/2012\/03\/Odbor-o-ustavnom-izmjenu-plana-za-prostor-Solane-Ulcinj.2.jpg\",\"contentUrl\":\"https:\/\/www.visit-ulcinj.com\/blog\/wp-content\/uploads\/2012\/03\/Odbor-o-ustavnom-izmjenu-plana-za-prostor-Solane-Ulcinj.2.jpg\",\"width\":\"500\",\"height\":\"332\"},{\"@type\":\"WebPage\",\"@id\":\"https:\/\/www.visit-ulcinj.com\/blog\/2012\/03\/12\/odbor-ocijenio-ustavnom-izmjenu-plana-za-prostor-solane\/#webpage\",\"url\":\"https:\/\/www.visit-ulcinj.com\/blog\/2012\/03\/12\/odbor-ocijenio-ustavnom-izmjenu-plana-za-prostor-solane\/\",\"name\":\"Odbor ocijenio ustavnom izmjenu plana za prostor Solane - Lajme nga Ulqini\",\"isPartOf\":{\"@id\":\"https:\/\/www.visit-ulcinj.com\/blog\/#website\"},\"primaryImageOfPage\":{\"@id\":\"https:\/\/www.visit-ulcinj.com\/blog\/2012\/03\/12\/odbor-ocijenio-ustavnom-izmjenu-plana-za-prostor-solane\/#primaryimage\"},\"datePublished\":\"2012-03-12T18:07:31+00:00\",\"dateModified\":\"2012-03-12T18:16:50+00:00\",\"author\":{\"@id\":\"https:\/\/www.visit-ulcinj.com\/blog\/#\/schema\/person\/dcab619c614d3038751c63bc2aadc06d\"},\"description\":\"PODGORICA \u2013 Odbor za ustavna pitanja i zakonodastvo ocijenio je ustavnim predlo\u017eenu odluku o izmjeni i dopuni prostornog plana Crne Gore do 2020. godine,\",\"breadcrumb\":{\"@id\":\"https:\/\/www.visit-ulcinj.com\/blog\/2012\/03\/12\/odbor-ocijenio-ustavnom-izmjenu-plana-za-prostor-solane\/#breadcrumb\"},\"inLanguage\":\"en-US\",\"potentialAction\":[{\"@type\":\"ReadAction\",\"target\":[\"https:\/\/www.visit-ulcinj.com\/blog\/2012\/03\/12\/odbor-ocijenio-ustavnom-izmjenu-plana-za-prostor-solane\/\"]}]},{\"@type\":\"BreadcrumbList\",\"@id\":\"https:\/\/www.visit-ulcinj.com\/blog\/2012\/03\/12\/odbor-ocijenio-ustavnom-izmjenu-plana-za-prostor-solane\/#breadcrumb\",\"itemListElement\":[{\"@type\":\"ListItem\",\"position\":1,\"name\":\"Odbor ocijenio ustavnom izmjenu plana za prostor Solane\"}]},{\"@type\":\"Person\",\"@id\":\"https:\/\/www.visit-ulcinj.com\/blog\/#\/schema\/person\/dcab619c614d3038751c63bc2aadc06d\",\"name\":\"ulqini\",\"sameAs\":[\"http:\/\/www.visit-ulcinj.com\"],\"url\":\"https:\/\/www.visit-ulcinj.com\/blog\/author\/admin\/\"}]}<\/script>\n<!-- \/ Yoast SEO plugin. -->","yoast_head_json":{"title":"Odbor ocijenio ustavnom izmjenu plana za prostor Solane - Lajme nga Ulqini","description":"PODGORICA \u2013 Odbor za ustavna pitanja i zakonodastvo ocijenio je ustavnim predlo\u017eenu odluku o izmjeni i dopuni prostornog plana Crne Gore do 2020. godine,","robots":{"index":"index","follow":"follow","max-snippet":"max-snippet:-1","max-image-preview":"max-image-preview:large","max-video-preview":"max-video-preview:-1"},"canonical":"https:\/\/www.visit-ulcinj.com\/blog\/2012\/03\/12\/odbor-ocijenio-ustavnom-izmjenu-plana-za-prostor-solane\/","og_locale":"en_US","og_type":"article","og_title":"Odbor ocijenio ustavnom izmjenu plana za prostor Solane - Lajme nga Ulqini","og_description":"PODGORICA \u2013 Odbor za ustavna pitanja i zakonodastvo ocijenio je ustavnim predlo\u017eenu odluku o izmjeni i dopuni prostornog plana Crne Gore do 2020. godine,","og_url":"https:\/\/www.visit-ulcinj.com\/blog\/2012\/03\/12\/odbor-ocijenio-ustavnom-izmjenu-plana-za-prostor-solane\/","og_site_name":"Lajme nga Ulqini","article_published_time":"2012-03-12T18:07:31+00:00","article_modified_time":"2012-03-12T18:16:50+00:00","og_image":[{"url":"http:\/\/www.visit-ulcinj.com\/blog\/wp-content\/uploads\/2012\/03\/Odbor-o-ustavnom-izmjenu-plana-za-prostor-Solane-Ulcinj.2.jpg"}],"twitter_misc":{"Written by":"ulqini","Est. reading time":"2 minutes"},"schema":{"@context":"https:\/\/schema.org","@graph":[{"@type":"WebSite","@id":"https:\/\/www.visit-ulcinj.com\/blog\/#website","url":"https:\/\/www.visit-ulcinj.com\/blog\/","name":"Lajme nga Ulqini","description":"Lajme,Vijesti,Ulqini,Ulqin,Crna Gora,Mali i Zi","potentialAction":[{"@type":"SearchAction","target":{"@type":"EntryPoint","urlTemplate":"https:\/\/www.visit-ulcinj.com\/blog\/?s={search_term_string}"},"query-input":"required name=search_term_string"}],"inLanguage":"en-US"},{"@type":"ImageObject","inLanguage":"en-US","@id":"https:\/\/www.visit-ulcinj.com\/blog\/2012\/03\/12\/odbor-ocijenio-ustavnom-izmjenu-plana-za-prostor-solane\/#primaryimage","url":"https:\/\/www.visit-ulcinj.com\/blog\/wp-content\/uploads\/2012\/03\/Odbor-o-ustavnom-izmjenu-plana-za-prostor-Solane-Ulcinj.2.jpg","contentUrl":"https:\/\/www.visit-ulcinj.com\/blog\/wp-content\/uploads\/2012\/03\/Odbor-o-ustavnom-izmjenu-plana-za-prostor-Solane-Ulcinj.2.jpg","width":"500","height":"332"},{"@type":"WebPage","@id":"https:\/\/www.visit-ulcinj.com\/blog\/2012\/03\/12\/odbor-ocijenio-ustavnom-izmjenu-plana-za-prostor-solane\/#webpage","url":"https:\/\/www.visit-ulcinj.com\/blog\/2012\/03\/12\/odbor-ocijenio-ustavnom-izmjenu-plana-za-prostor-solane\/","name":"Odbor ocijenio ustavnom izmjenu plana za prostor Solane - Lajme nga Ulqini","isPartOf":{"@id":"https:\/\/www.visit-ulcinj.com\/blog\/#website"},"primaryImageOfPage":{"@id":"https:\/\/www.visit-ulcinj.com\/blog\/2012\/03\/12\/odbor-ocijenio-ustavnom-izmjenu-plana-za-prostor-solane\/#primaryimage"},"datePublished":"2012-03-12T18:07:31+00:00","dateModified":"2012-03-12T18:16:50+00:00","author":{"@id":"https:\/\/www.visit-ulcinj.com\/blog\/#\/schema\/person\/dcab619c614d3038751c63bc2aadc06d"},"description":"PODGORICA \u2013 Odbor za ustavna pitanja i zakonodastvo ocijenio je ustavnim predlo\u017eenu odluku o izmjeni i dopuni prostornog plana Crne Gore do 2020. godine,","breadcrumb":{"@id":"https:\/\/www.visit-ulcinj.com\/blog\/2012\/03\/12\/odbor-ocijenio-ustavnom-izmjenu-plana-za-prostor-solane\/#breadcrumb"},"inLanguage":"en-US","potentialAction":[{"@type":"ReadAction","target":["https:\/\/www.visit-ulcinj.com\/blog\/2012\/03\/12\/odbor-ocijenio-ustavnom-izmjenu-plana-za-prostor-solane\/"]}]},{"@type":"BreadcrumbList","@id":"https:\/\/www.visit-ulcinj.com\/blog\/2012\/03\/12\/odbor-ocijenio-ustavnom-izmjenu-plana-za-prostor-solane\/#breadcrumb","itemListElement":[{"@type":"ListItem","position":1,"name":"Odbor ocijenio ustavnom izmjenu plana za prostor Solane"}]},{"@type":"Person","@id":"https:\/\/www.visit-ulcinj.com\/blog\/#\/schema\/person\/dcab619c614d3038751c63bc2aadc06d","name":"ulqini","sameAs":["http:\/\/www.visit-ulcinj.com"],"url":"https:\/\/www.visit-ulcinj.com\/blog\/author\/admin\/"}]}},"jetpack_featured_media_url":"","jetpack_sharing_enabled":true,"jetpack_shortlink":"https:\/\/wp.me\/pe6lTn-f7I","_links":{"self":[{"href":"https:\/\/www.visit-ulcinj.com\/blog\/wp-json\/wp\/v2\/posts\/58138"}],"collection":[{"href":"https:\/\/www.visit-ulcinj.com\/blog\/wp-json\/wp\/v2\/posts"}],"about":[{"href":"https:\/\/www.visit-ulcinj.com\/blog\/wp-json\/wp\/v2\/types\/post"}],"author":[{"embeddable":true,"href":"https:\/\/www.visit-ulcinj.com\/blog\/wp-json\/wp\/v2\/users\/1"}],"replies":[{"embeddable":true,"href":"https:\/\/www.visit-ulcinj.com\/blog\/wp-json\/wp\/v2\/comments?post=58138"}],"version-history":[{"count":3,"href":"https:\/\/www.visit-ulcinj.com\/blog\/wp-json\/wp\/v2\/posts\/58138\/revisions"}],"predecessor-version":[{"id":58144,"href":"https:\/\/www.visit-ulcinj.com\/blog\/wp-json\/wp\/v2\/posts\/58138\/revisions\/58144"}],"wp:attachment":[{"href":"https:\/\/www.visit-ulcinj.com\/blog\/wp-json\/wp\/v2\/media?parent=58138"}],"wp:term":[{"taxonomy":"category","embeddable":true,"href":"https:\/\/www.visit-ulcinj.com\/blog\/wp-json\/wp\/v2\/categories?post=58138"},{"taxonomy":"post_tag","embeddable":true,"href":"https:\/\/www.visit-ulcinj.com\/blog\/wp-json\/wp\/v2\/tags?post=58138"}],"curies":[{"name":"wp","href":"https:\/\/api.w.org\/{rel}","templated":true}]}}