{"id":5817,"date":"2008-11-11T06:15:54","date_gmt":"2008-11-11T11:15:54","guid":{"rendered":"http:\/\/www.visit-ulcinj.com\/blog\/?p=5817"},"modified":"2008-11-11T06:37:47","modified_gmt":"2008-11-11T11:37:47","slug":"blagodeti-zenske-plaze-u-ulcinju","status":"publish","type":"post","link":"https:\/\/www.visit-ulcinj.com\/blog\/2008\/11\/11\/blagodeti-zenske-plaze-u-ulcinju\/","title":{"rendered":"Blagodeti zenske pla\u017ee u Ulcinju"},"content":{"rendered":"<p><a href=\"http:\/\/www.visit-ulcinj.com\/blog\/wp-content\/uploads\/2008\/11\/ulcinj.jpg\"><img loading=\"lazy\" class=\"alignleft size-medium wp-image-5818\" title=\"ulcinj\" src=\"http:\/\/www.visit-ulcinj.com\/blog\/wp-content\/uploads\/2008\/11\/ulcinj-300x294.jpg\" alt=\"\" width=\"300\" height=\"294\" srcset=\"https:\/\/www.visit-ulcinj.com\/blog\/wp-content\/uploads\/2008\/11\/ulcinj-300x294.jpg 300w, https:\/\/www.visit-ulcinj.com\/blog\/wp-content\/uploads\/2008\/11\/ulcinj.jpg 350w\" sizes=\"(max-width: 300px) 100vw, 300px\" \/><\/a><strong>?uda prirode <\/strong><br \/>\nU najju\u017enijijem crnogorskom primorskom gradu, Ulcinju, u uvali izme?u hotela Albatros i Galeb nalazi se \u201e\u017eenska pla\u017ea\u201c koju ljekari zbog ljekovitog dejstva sumporno &#8211; mineralnog izvora preporu?uju za lije?enje steriliteta.<br \/>\nPrimarijus doktor\u00a0 Stevan Matija\u017eevi?, u bogatoj ginekolo\u0161koj praksi bavio se lije?enjem sterliteta i uz medicinske tretmane redovno preporu?ivao nerotkinjama boravak na nudisti?koj &#8220;\u017eenskoj pla\u017ei&#8221; u Ulcinju.<br \/>\nKao \u0161to naziv pla\u017ee\u00a0upu?uje, na nju dolaze isklju?ivo \u017eene. Ulcinjska rivijera ima predispozicije za elitni i zdravstveni turizam, a segment ponude, &#8220;\u017eenska pla\u017ea&#8221; , definitivno je osoben.<br \/>\nU morskom pli?aku \u201e\u017eenske pla\u017ee\u201c izvire sumporna\u00a0&#8211; mineralna voda. Termalna voda prvi put ispitana je prije 81 godinu i tada je ukazano na njena djelotvorna dejstva.<br \/>\nUlcinjanin, primarijus dr Gani Karamanaga potvr?uje da \u201e\u017eenskla pla\u017ea\u201c ima ljekovita dejstva i to ne samo za ginekolo\u017eka oboljenja, primarni i sekundarni sterlitet, ve? i za bolesti probavnog trakta i disajnih organa.<br \/>\n-Sumporna pla\u017ea nalazi se u uvali, u sredi\u0161tu borove \u017eume \u0161to predstavlja idealan ambijent\u00a0 za lije?enje navedenih bolesti prirodnim faktorima. Sumporna voda izvire u pli?aku. Kad zapljuskuju talasi ?iste morske vode uz sumpornu vodu stvaraju se idealni mikro i makro molekuli pogodni za prirodnu aerosol terapiju, obja\u017enjava dr Karamanaga i dodaje da na\u017ei ginekolozi smatraju da ima boljitka nakon sun?anja i kupanja u\u00a0 sumpornoj vodi uz sprovo?enje medicinskih tretmana. <a href=\"http:\/\/www.visit-ulcinj.com\/blog\/wp-content\/uploads\/2008\/11\/dr-karamanaga.jpg\"><img loading=\"lazy\" class=\"alignright size-medium wp-image-5819\" title=\"dr-karamanaga\" src=\"http:\/\/www.visit-ulcinj.com\/blog\/wp-content\/uploads\/2008\/11\/dr-karamanaga.jpg\" alt=\"\" width=\"150\" height=\"200\" \/><\/a><br \/>\n&#8211; Ljekari preporu?uju kori\u017e?enje &#8220;\u017eenske pla\u017ee&#8221;, isti?e dr Karamanaga.<br \/>\nPo\u017eeljno je da nerotkinje rano, u osvit zore, dolaze na &#8220;\u017eensku pla\u017eu&#8221;, sun?aju se i kupaju potpuno nage. Od maja do oktobra na pla\u017eu isklju?ivo mogu do?i \u00a0\u017eene, dok u zimskoj dobi zbog lijepog ambijenta na pla\u017eu dolaze i mu\u017ekarci i djeca.<br \/>\nIznad pla\u017ee je istaknuta tabla na kojoj je informacija\u00a0 o &#8220;\u017eenskoj pla\u017ei&#8221;, napisana na tri jezika. Danas je pla\u017ea u zakupu i tokom ljeta ure?ena je potrebnim\u00a0 prate?im sadr\u017eajima.<br \/>\nIna?e, pla\u017ea u malom zalivu je prirodno zaklonjena borovom \u017eumom\u00a0 tako da se sa \u0161etali\u0161ne staze ne vidi. Ranije je neko zapalio dio \u017eume koji je pla\u017eu \u017etitio od pogleda, ali vegetacija se obnovila. Pla\u017ea je ve?im dijelom \u0161ljunkovita. Nakon pet-\u0161est metara pli?aka po?inje dubina. Sa lijeve strane je betoniran stjenoviti dio, dok su sa desne strane ostavljene stijene u prirodnom ambijentu. Sasvim desno je pe?ina. Neki piju sumpornu vodu i postoji ideja da se ista fla\u0161ira.<br \/>\n<a href=\"http:\/\/www.visit-ulcinj.com\/blog\/wp-content\/uploads\/2008\/11\/strand-frauen-ulcinj-montenegro.jpg\"><img loading=\"lazy\" class=\"alignleft size-medium wp-image-5820\" title=\"strand-frauen-ulcinj-montenegro\" src=\"http:\/\/www.visit-ulcinj.com\/blog\/wp-content\/uploads\/2008\/11\/strand-frauen-ulcinj-montenegro-300x133.jpg\" alt=\"\" width=\"300\" height=\"133\" srcset=\"https:\/\/www.visit-ulcinj.com\/blog\/wp-content\/uploads\/2008\/11\/strand-frauen-ulcinj-montenegro-300x133.jpg 300w, https:\/\/www.visit-ulcinj.com\/blog\/wp-content\/uploads\/2008\/11\/strand-frauen-ulcinj-montenegro.jpg 495w\" sizes=\"(max-width: 300px) 100vw, 300px\" \/><\/a>Ulcinjani znaju intimu &#8220;\u017eenske pla\u017ee&#8221; i kultura \u017eivljenja \u017eitelja grada je po\u0161tuje. Posje?enost &#8220;\u017eenske pla\u017ee&#8221; je u konstantnom porastu poslednih dvadeset godina. Temperatura vode je od 23-25 stepeni i mogu?e se kupati \u0161est mjeseci. Ulcinj ima 194 dana u godini tokom kojih je vi\u017ee od 6 sati dnevno sunca \u0161to ?ini idealne uslove za helioterapiju, ka\u017ee dr Karamanaga. Prema njegovim rije?ima Ulcinj ima idealne \u017eanse za elitni i zdravstveni turizam.<br \/>\n\u017eena koja\u00a0 godinama posje?uje &#8220;\u017eensku pla\u017eu&#8221; karakteri\u017ee je svjetskim fenomenom. Tu nakit mijenja boju. Srebro odmah\u00a0 potamni ako do?e u dodir sa vodom na &#8220;\u017eenskoj pla\u017ei&#8221;.<br \/>\n&#8211; Godinama sam na &#8220;\u017eenskoj pla\u017ei&#8221;. Najljep\u0161i osje?aj je do?i izjutra kad se mije\u0161a miris guste borovine i vode koja odi\u0161e mineralima. Osje?ate kako se \u0161ire plu?a,ka\u017ee sagovornica\u00a0Cafe Montenegra\u00a0koju ne?emo imenovati zbog njene privatnosti.<br \/>\nPe?ina u sklopu pla\u017ee cijelovitom prostoru daje tajnovitost. Stijene su prepune \u0161koljki. U samom pli?aku voda ima boju dubine, tamno zelenu. Gustina vode se osje?a. Na &#8220;\u017eenskoj pla\u017ei&#8221;\u00a0 je prvorazredna prirodna slika. <a href=\"http:\/\/www.visit-ulcinj.com\/blog\/wp-content\/uploads\/2008\/11\/zenska-plaza-ulcinj.jpg\"><img loading=\"lazy\" class=\"alignright size-medium wp-image-5821\" title=\"zenska-plaza-ulcinj\" src=\"http:\/\/www.visit-ulcinj.com\/blog\/wp-content\/uploads\/2008\/11\/zenska-plaza-ulcinj-300x133.jpg\" alt=\"\" width=\"300\" height=\"133\" srcset=\"https:\/\/www.visit-ulcinj.com\/blog\/wp-content\/uploads\/2008\/11\/zenska-plaza-ulcinj-300x133.jpg 300w, https:\/\/www.visit-ulcinj.com\/blog\/wp-content\/uploads\/2008\/11\/zenska-plaza-ulcinj.jpg 495w\" sizes=\"(max-width: 300px) 100vw, 300px\" \/><\/a><br \/>\n-Miris sumpora iz po?etka pomalo podsje?a na miris pokvarenih jaja, ali se brzo prilagodite kao \u0161to se naviknete da se sun?ate i kupate potuno nagi,\u00a0rekla je\u00a0na\u0161a sagovornica i potvrdila\u00a0da joj je vrhunski stru?njak za sterilitet dr Matija\u017eevi? dao preporuku za &#8220;\u017eensku pla\u017eu&#8221;. Ona je danas majka.<br \/>\nPla\u017ea je zna?ajna \u00a0u socijolo\u017ekom i \u00a0kulturolo\u017ekom smislu jer simboli\u017ee prvu stazu ka emancipaciji i osloba?anju \u017eenskog tijela.<br \/>\nN a &#8220;\u017eenskoj pla\u017ei&#8221; sam upoznala baku 90-tih godina koja je pri?ala da i poznoj dobi vodi ljubav, a \u00a0decenijama dolazi na &#8220;\u017eensku pla\u017eu&#8221;. Dugo vremena ?ovjek na kapiji \u017eenske pla\u017ee je bio najpovla\u017e?eniji mu\u017ekarac, ali svakako mu nije bilo lako, \u0161aljivo ?e na\u0161a sagovornica.<br \/>\n<a href=\"http:\/\/www.visit-ulcinj.com\/blog\/wp-content\/uploads\/2008\/11\/zenska-plaza-ulcinj1.jpg\"><img loading=\"lazy\" class=\"alignleft size-medium wp-image-5822\" title=\"zenska-plaza-ulcinj1\" src=\"http:\/\/www.visit-ulcinj.com\/blog\/wp-content\/uploads\/2008\/11\/zenska-plaza-ulcinj1-300x211.jpg\" alt=\"\" width=\"167\" height=\"117\" srcset=\"https:\/\/www.visit-ulcinj.com\/blog\/wp-content\/uploads\/2008\/11\/zenska-plaza-ulcinj1-300x211.jpg 300w, https:\/\/www.visit-ulcinj.com\/blog\/wp-content\/uploads\/2008\/11\/zenska-plaza-ulcinj1.jpg 811w\" sizes=\"(max-width: 167px) 100vw, 167px\" \/><\/a>Tajnovitost &#8220;\u017eenske pla\u017ee&#8221; ostaje iza kapije. Prema prirodnom sljedu to je \u017eenska pri?aonica gdje se ispovjedaju razli?ite sudbine. So?no ogovaraju svekrve, zaove&#8230; Slobodnije se govori o strepnjama zbog\u00a0 mu\u017ekih prevara, javno raspravlja o mu\u017ekoj potenciji. To je jedno od rijetkih mjesta na kugli zemaljskoj gdje \u017eene ne prave pozu zarad mu\u0161kog oka. Mjesto gdje se \u017eena osje?a slobodno i oslobo?eno.<br \/>\n-Uska staza od kapije ka pla\u017ei sama po sebi navodi vas na i\u0161?ekivanje. <a href=\"http:\/\/www.visit-ulcinj.com\/blog\/wp-content\/uploads\/2008\/11\/zenska-plaza.jpg\"><img loading=\"lazy\" class=\"alignright size-thumbnail wp-image-5823\" title=\"zenska-plaza\" src=\"http:\/\/www.visit-ulcinj.com\/blog\/wp-content\/uploads\/2008\/11\/zenska-plaza-150x150.jpg\" alt=\"\" width=\"150\" height=\"150\" \/><\/a><\/p>\n<p>U urbanom gradu imate izvanredan ambijent divljine sa neprevazi?enim osje?ajem slobode. Sa?uvan prostor koji garantuje maksimalno zbli\u017eavanje \u017eene i prirode.<br \/>\nOsje?aj vrijedan bogatstva. \u00a0Mislim da je jako bitno da pla\u017ea zadr\u017ei taj izgled i da se \u201e ne otkrije\u201c .Treba je ostaviti za slobodu tijela i du\u0161u \u017eene iz bilo kog motive, ka\u017ee sagovornica Caffe Montenegra.<br \/>\nNa pla\u017eu dolaze \u017eene zbog ginekolo\u017ekih problema, ali i iz drugih razloga. Neke jednostavno vole taj \u00a0\u017eenski kutak.<br \/>\n<strong>Ulcinj \u2013 prirodno lje?ili\u017ete <\/strong><br \/>\n<a href=\"http:\/\/www.visit-ulcinj.com\/blog\/wp-content\/uploads\/2008\/11\/zenska-plaza-ulcinj_1.jpg\"><img loading=\"lazy\" class=\"alignleft size-thumbnail wp-image-5824\" title=\"zenska-plaza-ulcinj_1\" src=\"http:\/\/www.visit-ulcinj.com\/blog\/wp-content\/uploads\/2008\/11\/zenska-plaza-ulcinj_1-150x150.jpg\" alt=\"\" width=\"189\" height=\"150\" \/><\/a>Prije 20 godina je razra?ena studija\u00a0 o izgradnji Zdravstveno \u2013 rekreativnog centra izme?u hotela Galeb i Albatros koji bi bio profilisan za lije?enje ginekolo\u0161kih, plumolo\u017ekih, endokrinolo\u0161kih\u00a0 i dermatolo\u017ekih oboljenja.<br \/>\nTemeljnu studiju je uradila ekipa ljekara i tada je dat predlog da se izgradi zatvoreni tip Centra za lije?enje navedenih bolesti.<br \/>\nTako?e, predlo\u017eena je izgradnja poluotvorenog objekta na Velikoj pla\u017ei za lije?enjem pijeskom koji je jedinstven u Evropi. Lije?enje pijeskom ,psamo-terapija, nije dovoljno iskori\u017e?ena s obzirom na blagotvorno dejstvo mineralno bogatog ulcinjskog pijeska sa Velike pla\u017ee. <a href=\"http:\/\/www.visit-ulcinj.com\/blog\/wp-content\/uploads\/2008\/11\/zenska-plaza-ulcinj_2.jpg\"><img loading=\"lazy\" class=\"alignright size-thumbnail wp-image-5825\" title=\"zenska-plaza-ulcinj_2\" src=\"http:\/\/www.visit-ulcinj.com\/blog\/wp-content\/uploads\/2008\/11\/zenska-plaza-ulcinj_2-150x150.jpg\" alt=\"\" width=\"150\" height=\"150\" \/><\/a><br \/>\nIna?e, ulcinjski kraj ima vi\u0161e ljekovitih faktora. Pored ostalih peloid, ljekovito mineralno blato u zale?u Velike pla\u017ee u blizini basena solane \u201eBajo Sekuli?\u201c. Peloid nastaje dugogodi\u017enjim talo\u017eenjem prirodnih elemenata. Jako je djelotvoran kod reumatskih i dermatolo\u0161kih oboljenja, a daje izvanredne rezultate u kozmeti?kim tretmanima.<br \/>\nUlcinjski peloid koristio se u Institutu Simo Milo\u017eevi? u Igalu.<br \/>\nUpitan za\u0161to nije izgra?en Zdravstveno \u2013 rekreativni centar u Ulcinju s obzirom da postoje predispozicije koje su utvr?ene prije dvije decenije pa i ranije, dr Karamanaga navodi protekle politi?ke doga?aje.<br \/>\n<a href=\"http:\/\/www.visit-ulcinj.com\/blog\/wp-content\/uploads\/2008\/11\/zenska-plaza1.jpg\"><img loading=\"lazy\" class=\"alignleft size-thumbnail wp-image-5827\" title=\"zenska-plaza1\" src=\"http:\/\/www.visit-ulcinj.com\/blog\/wp-content\/uploads\/2008\/11\/zenska-plaza1-150x150.jpg\" alt=\"\" width=\"182\" height=\"150\" \/><\/a>Burni politi?ki doga?aji u Crnoj Gori od po?etka devedesetih skrajnuli su primarnu potrebu. Nadamo se da ?e ipak do?i do realizacije ovog zna?ajnog projekta, rekao je dr Karamanaga.<br \/>\nOn podsje?a da je dr Jovan Kuja?i? 1931. godine napisao monografiju \u2013 Mogu?nost lije?enja prirodnim faktorima u Ulcinju. Prije njega temu je razradio srpski nau?nik Mihajlo Pupin, 1911. godine koji je pisao o zdravstvenim mogu?nostima Ulcinja.<br \/>\nKralj Aleksandar Kara?or?evi? Ulcinj je proglasio prirodnim lije?ili\u0161tem, 1921. godine.<br \/>\nSumporna voda u moru osim na \u201e\u017eenskoj pla\u017ei\u201c izvire jo\u017e na dva lokaliteta oko Ulcinja, naselje Liman ispod Starog grada i u zapadnom dijelu uvale Valdanos.<br \/>\nOd vremena turske vlasti pominju se ljekovita dejstva prirodnih potencijala u Ulcinju.<br \/>\nPrvi strani gosti u Ulcinj su do\u017eli izme?u dva svijetska rata i to su bili Francuzi.<br \/>\nLegende<a href=\"http:\/\/www.visit-ulcinj.com\/blog\/wp-content\/uploads\/2008\/09\/solana-ulcinj.jpg\"><img loading=\"lazy\" class=\"alignright size-thumbnail wp-image-3464\" title=\"solana-ulcinj\" src=\"http:\/\/www.visit-ulcinj.com\/blog\/wp-content\/uploads\/2008\/09\/solana-ulcinj-150x150.jpg\" alt=\"\" width=\"245\" height=\"150\" \/><\/a><br \/>\n<strong>Za \u017eensku pla\u017eu vezuju se i legende.<\/strong><br \/>\nBogata begovica bila je nerotkinja. Begovska ku?a tra\u017eila je potomstvo.<br \/>\nNeko od tada\u017enjeg svijet posavjetova begovicu da ide na rt gdje voda ima miris. Begovica bi uporna i desi se za?e?e.<br \/>\nIz jedne nasta i druga legenda.<br \/>\n\u017eene nerotkonje na pla\u017eu idu rano ujutro uz ritual. \u017eena na pla\u017eu dolazi okupana u pranji starije \u017eene koja zna obred.<br \/>\nNerotkinja neko vrijeme boravi na pla\u017ei, zatim naga ulazi u vodu i obilazi tri puta stijenu koja se nalazi na ulazu u samu pe?inu. Nakon toga ostavlja dio odje?e i odlazi.<br \/>\n<strong>Pi\u0161e: Biljana Boljanovi?<br \/>\nIzvor \/ Caffemontenegro<\/strong><\/p>\n\n\t\t<style type=\"text\/css\">\n\t\t\t#gallery-1 {\n\t\t\t\tmargin: auto;\n\t\t\t}\n\t\t\t#gallery-1 .gallery-item {\n\t\t\t\tfloat: left;\n\t\t\t\tmargin-top: 10px;\n\t\t\t\ttext-align: center;\n\t\t\t\twidth: 33%;\n\t\t\t}\n\t\t\t#gallery-1 img {\n\t\t\t\tborder: 2px solid #cfcfcf;\n\t\t\t}\n\t\t\t#gallery-1 .gallery-caption {\n\t\t\t\tmargin-left: 0;\n\t\t\t}\n\t\t\t\/* see gallery_shortcode() in wp-includes\/media.php *\/\n\t\t<\/style>\n\t\t<div id='gallery-1' class='gallery galleryid-5817 gallery-columns-3 gallery-size-thumbnail'><dl class='gallery-item'>\n\t\t\t<dt class='gallery-icon landscape'>\n\t\t\t\t<a href='https:\/\/www.visit-ulcinj.com\/blog\/2008\/11\/11\/blagodeti-zenske-plaze-u-ulcinju\/ulcinj-2-2\/'><img width=\"150\" height=\"150\" src=\"https:\/\/www.visit-ulcinj.com\/blog\/wp-content\/uploads\/2008\/11\/ulcinj-150x150.jpg\" class=\"attachment-thumbnail size-thumbnail\" alt=\"\" loading=\"lazy\" \/><\/a>\n\t\t\t<\/dt><\/dl><dl class='gallery-item'>\n\t\t\t<dt class='gallery-icon portrait'>\n\t\t\t\t<a href='https:\/\/www.visit-ulcinj.com\/blog\/2008\/11\/11\/blagodeti-zenske-plaze-u-ulcinju\/dr-karamanaga\/'><img width=\"150\" height=\"150\" src=\"https:\/\/www.visit-ulcinj.com\/blog\/wp-content\/uploads\/2008\/11\/dr-karamanaga-150x150.jpg\" class=\"attachment-thumbnail size-thumbnail\" alt=\"\" loading=\"lazy\" \/><\/a>\n\t\t\t<\/dt><\/dl><dl class='gallery-item'>\n\t\t\t<dt class='gallery-icon landscape'>\n\t\t\t\t<a href='https:\/\/www.visit-ulcinj.com\/blog\/2008\/11\/11\/blagodeti-zenske-plaze-u-ulcinju\/strand-frauen-ulcinj-montenegro\/'><img width=\"150\" height=\"150\" src=\"https:\/\/www.visit-ulcinj.com\/blog\/wp-content\/uploads\/2008\/11\/strand-frauen-ulcinj-montenegro-150x150.jpg\" class=\"attachment-thumbnail size-thumbnail\" alt=\"\" loading=\"lazy\" \/><\/a>\n\t\t\t<\/dt><\/dl><br style=\"clear: both\" \/><dl class='gallery-item'>\n\t\t\t<dt class='gallery-icon landscape'>\n\t\t\t\t<a href='https:\/\/www.visit-ulcinj.com\/blog\/2008\/11\/11\/blagodeti-zenske-plaze-u-ulcinju\/zenska-plaza-ulcinj\/'><img width=\"150\" height=\"150\" src=\"https:\/\/www.visit-ulcinj.com\/blog\/wp-content\/uploads\/2008\/11\/zenska-plaza-ulcinj-150x150.jpg\" class=\"attachment-thumbnail size-thumbnail\" alt=\"\" loading=\"lazy\" \/><\/a>\n\t\t\t<\/dt><\/dl><dl class='gallery-item'>\n\t\t\t<dt class='gallery-icon landscape'>\n\t\t\t\t<a href='https:\/\/www.visit-ulcinj.com\/blog\/2008\/11\/11\/blagodeti-zenske-plaze-u-ulcinju\/zenska-plaza-ulcinj1\/'><img width=\"150\" height=\"150\" src=\"https:\/\/www.visit-ulcinj.com\/blog\/wp-content\/uploads\/2008\/11\/zenska-plaza-ulcinj1-150x150.jpg\" class=\"attachment-thumbnail size-thumbnail\" alt=\"\" loading=\"lazy\" \/><\/a>\n\t\t\t<\/dt><\/dl><dl class='gallery-item'>\n\t\t\t<dt class='gallery-icon landscape'>\n\t\t\t\t<a href='https:\/\/www.visit-ulcinj.com\/blog\/2008\/11\/11\/blagodeti-zenske-plaze-u-ulcinju\/zenska-plaza\/'><img width=\"150\" height=\"150\" src=\"https:\/\/www.visit-ulcinj.com\/blog\/wp-content\/uploads\/2008\/11\/zenska-plaza-150x150.jpg\" class=\"attachment-thumbnail size-thumbnail\" alt=\"\" loading=\"lazy\" \/><\/a>\n\t\t\t<\/dt><\/dl><br style=\"clear: both\" \/><dl class='gallery-item'>\n\t\t\t<dt class='gallery-icon landscape'>\n\t\t\t\t<a href='https:\/\/www.visit-ulcinj.com\/blog\/2008\/11\/11\/blagodeti-zenske-plaze-u-ulcinju\/zenska-plaza-ulcinj_1\/'><img width=\"150\" height=\"150\" src=\"https:\/\/www.visit-ulcinj.com\/blog\/wp-content\/uploads\/2008\/11\/zenska-plaza-ulcinj_1-150x150.jpg\" class=\"attachment-thumbnail size-thumbnail\" alt=\"\" loading=\"lazy\" \/><\/a>\n\t\t\t<\/dt><\/dl><dl class='gallery-item'>\n\t\t\t<dt class='gallery-icon landscape'>\n\t\t\t\t<a href='https:\/\/www.visit-ulcinj.com\/blog\/2008\/11\/11\/blagodeti-zenske-plaze-u-ulcinju\/zenska-plaza-ulcinj_2\/'><img width=\"150\" height=\"150\" src=\"https:\/\/www.visit-ulcinj.com\/blog\/wp-content\/uploads\/2008\/11\/zenska-plaza-ulcinj_2-150x150.jpg\" class=\"attachment-thumbnail size-thumbnail\" alt=\"\" loading=\"lazy\" \/><\/a>\n\t\t\t<\/dt><\/dl><dl class='gallery-item'>\n\t\t\t<dt class='gallery-icon landscape'>\n\t\t\t\t<a href='https:\/\/www.visit-ulcinj.com\/blog\/2008\/11\/11\/blagodeti-zenske-plaze-u-ulcinju\/zenska-plaza1\/'><img width=\"150\" height=\"150\" src=\"https:\/\/www.visit-ulcinj.com\/blog\/wp-content\/uploads\/2008\/11\/zenska-plaza1-150x150.jpg\" class=\"attachment-thumbnail size-thumbnail\" alt=\"\" loading=\"lazy\" \/><\/a>\n\t\t\t<\/dt><\/dl><br style=\"clear: both\" \/>\n\t\t<\/div>\n\n","protected":false},"excerpt":{"rendered":"<p>?uda prirode U najju\u017enijijem crnogorskom primorskom gradu, Ulcinju, u uvali izme?u hotela Albatros i Galeb nalazi se \u201e\u017eenska pla\u017ea\u201c koju ljekari zbog ljekovitog dejstva sumporno &#8211; mineralnog izvora preporu?uju za lije?enje steriliteta. Primarijus doktor\u00a0 Stevan Matija\u017eevi?, u bogatoj ginekolo\u0161koj praksi bavio se lije?enjem sterliteta i uz medicinske tretmane redovno preporu?ivao nerotkinjama boravak na nudisti?koj &#8220;\u017eenskoj [&hellip;]<\/p>\n","protected":false},"author":1,"featured_media":0,"comment_status":"open","ping_status":"closed","sticky":false,"template":"","format":"standard","meta":{"spay_email":"","jetpack_publicize_message":"","jetpack_is_tweetstorm":false,"jetpack_publicize_feature_enabled":true},"categories":[15],"tags":[20,19,5001],"jetpack_publicize_connections":[],"yoast_head":"<!-- This site is optimized with the Yoast SEO plugin v19.1 - https:\/\/yoast.com\/wordpress\/plugins\/seo\/ -->\n<title>Blagodeti zenske pla\u017ee u Ulcinju - Lajme nga Ulqini<\/title>\n<meta name=\"description\" content=\"?uda prirode U najju\u017enijijem crnogorskom primorskom gradu, Ulcinju, u uvali izme?u hotela Albatros i Galeb nalazi se \u201e\u017eenska pla\u017ea\u201c koju ljekari zbog\" \/>\n<meta name=\"robots\" content=\"index, follow, max-snippet:-1, max-image-preview:large, max-video-preview:-1\" \/>\n<link rel=\"canonical\" href=\"https:\/\/www.visit-ulcinj.com\/blog\/2008\/11\/11\/blagodeti-zenske-plaze-u-ulcinju\/\" \/>\n<meta property=\"og:locale\" content=\"en_US\" \/>\n<meta property=\"og:type\" content=\"article\" \/>\n<meta property=\"og:title\" content=\"Blagodeti zenske pla\u017ee u Ulcinju - Lajme nga Ulqini\" \/>\n<meta property=\"og:description\" content=\"?uda prirode U najju\u017enijijem crnogorskom primorskom gradu, Ulcinju, u uvali izme?u hotela Albatros i Galeb nalazi se \u201e\u017eenska pla\u017ea\u201c koju ljekari zbog\" \/>\n<meta property=\"og:url\" content=\"https:\/\/www.visit-ulcinj.com\/blog\/2008\/11\/11\/blagodeti-zenske-plaze-u-ulcinju\/\" \/>\n<meta property=\"og:site_name\" content=\"Lajme nga Ulqini\" \/>\n<meta property=\"article:published_time\" content=\"2008-11-11T11:15:54+00:00\" \/>\n<meta property=\"article:modified_time\" content=\"2008-11-11T11:37:47+00:00\" \/>\n<meta property=\"og:image\" content=\"https:\/\/www.visit-ulcinj.com\/blog\/wp-content\/uploads\/2008\/11\/ulcinj-150x150.jpg\" \/>\n<meta name=\"twitter:label1\" content=\"Written by\" \/>\n\t<meta name=\"twitter:data1\" content=\"ulqini\" \/>\n\t<meta name=\"twitter:label2\" content=\"Est. reading time\" \/>\n\t<meta name=\"twitter:data2\" content=\"7 minutes\" \/>\n<script type=\"application\/ld+json\" class=\"yoast-schema-graph\">{\"@context\":\"https:\/\/schema.org\",\"@graph\":[{\"@type\":\"WebSite\",\"@id\":\"https:\/\/www.visit-ulcinj.com\/blog\/#website\",\"url\":\"https:\/\/www.visit-ulcinj.com\/blog\/\",\"name\":\"Lajme nga Ulqini\",\"description\":\"Lajme,Vijesti,Ulqini,Ulqin,Crna Gora,Mali i Zi\",\"potentialAction\":[{\"@type\":\"SearchAction\",\"target\":{\"@type\":\"EntryPoint\",\"urlTemplate\":\"https:\/\/www.visit-ulcinj.com\/blog\/?s={search_term_string}\"},\"query-input\":\"required name=search_term_string\"}],\"inLanguage\":\"en-US\"},{\"@type\":\"ImageObject\",\"inLanguage\":\"en-US\",\"@id\":\"https:\/\/www.visit-ulcinj.com\/blog\/2008\/11\/11\/blagodeti-zenske-plaze-u-ulcinju\/#primaryimage\",\"url\":\"http:\/\/www.visit-ulcinj.com\/blog\/wp-content\/uploads\/2008\/11\/ulcinj-300x294.jpg\",\"contentUrl\":\"http:\/\/www.visit-ulcinj.com\/blog\/wp-content\/uploads\/2008\/11\/ulcinj-300x294.jpg\"},{\"@type\":\"WebPage\",\"@id\":\"https:\/\/www.visit-ulcinj.com\/blog\/2008\/11\/11\/blagodeti-zenske-plaze-u-ulcinju\/#webpage\",\"url\":\"https:\/\/www.visit-ulcinj.com\/blog\/2008\/11\/11\/blagodeti-zenske-plaze-u-ulcinju\/\",\"name\":\"Blagodeti zenske pla\u017ee u Ulcinju - Lajme nga Ulqini\",\"isPartOf\":{\"@id\":\"https:\/\/www.visit-ulcinj.com\/blog\/#website\"},\"primaryImageOfPage\":{\"@id\":\"https:\/\/www.visit-ulcinj.com\/blog\/2008\/11\/11\/blagodeti-zenske-plaze-u-ulcinju\/#primaryimage\"},\"datePublished\":\"2008-11-11T11:15:54+00:00\",\"dateModified\":\"2008-11-11T11:37:47+00:00\",\"author\":{\"@id\":\"https:\/\/www.visit-ulcinj.com\/blog\/#\/schema\/person\/dcab619c614d3038751c63bc2aadc06d\"},\"description\":\"?uda prirode U najju\u017enijijem crnogorskom primorskom gradu, Ulcinju, u uvali izme?u hotela Albatros i Galeb nalazi se \u201e\u017eenska pla\u017ea\u201c koju ljekari zbog\",\"breadcrumb\":{\"@id\":\"https:\/\/www.visit-ulcinj.com\/blog\/2008\/11\/11\/blagodeti-zenske-plaze-u-ulcinju\/#breadcrumb\"},\"inLanguage\":\"en-US\",\"potentialAction\":[{\"@type\":\"ReadAction\",\"target\":[\"https:\/\/www.visit-ulcinj.com\/blog\/2008\/11\/11\/blagodeti-zenske-plaze-u-ulcinju\/\"]}]},{\"@type\":\"BreadcrumbList\",\"@id\":\"https:\/\/www.visit-ulcinj.com\/blog\/2008\/11\/11\/blagodeti-zenske-plaze-u-ulcinju\/#breadcrumb\",\"itemListElement\":[{\"@type\":\"ListItem\",\"position\":1,\"name\":\"Blagodeti zenske pla\u017ee u Ulcinju\"}]},{\"@type\":\"Person\",\"@id\":\"https:\/\/www.visit-ulcinj.com\/blog\/#\/schema\/person\/dcab619c614d3038751c63bc2aadc06d\",\"name\":\"ulqini\",\"sameAs\":[\"http:\/\/www.visit-ulcinj.com\"],\"url\":\"https:\/\/www.visit-ulcinj.com\/blog\/author\/admin\/\"}]}<\/script>\n<!-- \/ Yoast SEO plugin. -->","yoast_head_json":{"title":"Blagodeti zenske pla\u017ee u Ulcinju - Lajme nga Ulqini","description":"?uda prirode U najju\u017enijijem crnogorskom primorskom gradu, Ulcinju, u uvali izme?u hotela Albatros i Galeb nalazi se \u201e\u017eenska pla\u017ea\u201c koju ljekari zbog","robots":{"index":"index","follow":"follow","max-snippet":"max-snippet:-1","max-image-preview":"max-image-preview:large","max-video-preview":"max-video-preview:-1"},"canonical":"https:\/\/www.visit-ulcinj.com\/blog\/2008\/11\/11\/blagodeti-zenske-plaze-u-ulcinju\/","og_locale":"en_US","og_type":"article","og_title":"Blagodeti zenske pla\u017ee u Ulcinju - Lajme nga Ulqini","og_description":"?uda prirode U najju\u017enijijem crnogorskom primorskom gradu, Ulcinju, u uvali izme?u hotela Albatros i Galeb nalazi se \u201e\u017eenska pla\u017ea\u201c koju ljekari zbog","og_url":"https:\/\/www.visit-ulcinj.com\/blog\/2008\/11\/11\/blagodeti-zenske-plaze-u-ulcinju\/","og_site_name":"Lajme nga Ulqini","article_published_time":"2008-11-11T11:15:54+00:00","article_modified_time":"2008-11-11T11:37:47+00:00","og_image":[{"url":"https:\/\/www.visit-ulcinj.com\/blog\/wp-content\/uploads\/2008\/11\/ulcinj-150x150.jpg"}],"twitter_misc":{"Written by":"ulqini","Est. reading time":"7 minutes"},"schema":{"@context":"https:\/\/schema.org","@graph":[{"@type":"WebSite","@id":"https:\/\/www.visit-ulcinj.com\/blog\/#website","url":"https:\/\/www.visit-ulcinj.com\/blog\/","name":"Lajme nga Ulqini","description":"Lajme,Vijesti,Ulqini,Ulqin,Crna Gora,Mali i Zi","potentialAction":[{"@type":"SearchAction","target":{"@type":"EntryPoint","urlTemplate":"https:\/\/www.visit-ulcinj.com\/blog\/?s={search_term_string}"},"query-input":"required name=search_term_string"}],"inLanguage":"en-US"},{"@type":"ImageObject","inLanguage":"en-US","@id":"https:\/\/www.visit-ulcinj.com\/blog\/2008\/11\/11\/blagodeti-zenske-plaze-u-ulcinju\/#primaryimage","url":"http:\/\/www.visit-ulcinj.com\/blog\/wp-content\/uploads\/2008\/11\/ulcinj-300x294.jpg","contentUrl":"http:\/\/www.visit-ulcinj.com\/blog\/wp-content\/uploads\/2008\/11\/ulcinj-300x294.jpg"},{"@type":"WebPage","@id":"https:\/\/www.visit-ulcinj.com\/blog\/2008\/11\/11\/blagodeti-zenske-plaze-u-ulcinju\/#webpage","url":"https:\/\/www.visit-ulcinj.com\/blog\/2008\/11\/11\/blagodeti-zenske-plaze-u-ulcinju\/","name":"Blagodeti zenske pla\u017ee u Ulcinju - Lajme nga Ulqini","isPartOf":{"@id":"https:\/\/www.visit-ulcinj.com\/blog\/#website"},"primaryImageOfPage":{"@id":"https:\/\/www.visit-ulcinj.com\/blog\/2008\/11\/11\/blagodeti-zenske-plaze-u-ulcinju\/#primaryimage"},"datePublished":"2008-11-11T11:15:54+00:00","dateModified":"2008-11-11T11:37:47+00:00","author":{"@id":"https:\/\/www.visit-ulcinj.com\/blog\/#\/schema\/person\/dcab619c614d3038751c63bc2aadc06d"},"description":"?uda prirode U najju\u017enijijem crnogorskom primorskom gradu, Ulcinju, u uvali izme?u hotela Albatros i Galeb nalazi se \u201e\u017eenska pla\u017ea\u201c koju ljekari zbog","breadcrumb":{"@id":"https:\/\/www.visit-ulcinj.com\/blog\/2008\/11\/11\/blagodeti-zenske-plaze-u-ulcinju\/#breadcrumb"},"inLanguage":"en-US","potentialAction":[{"@type":"ReadAction","target":["https:\/\/www.visit-ulcinj.com\/blog\/2008\/11\/11\/blagodeti-zenske-plaze-u-ulcinju\/"]}]},{"@type":"BreadcrumbList","@id":"https:\/\/www.visit-ulcinj.com\/blog\/2008\/11\/11\/blagodeti-zenske-plaze-u-ulcinju\/#breadcrumb","itemListElement":[{"@type":"ListItem","position":1,"name":"Blagodeti zenske pla\u017ee u Ulcinju"}]},{"@type":"Person","@id":"https:\/\/www.visit-ulcinj.com\/blog\/#\/schema\/person\/dcab619c614d3038751c63bc2aadc06d","name":"ulqini","sameAs":["http:\/\/www.visit-ulcinj.com"],"url":"https:\/\/www.visit-ulcinj.com\/blog\/author\/admin\/"}]}},"jetpack_featured_media_url":"","jetpack_sharing_enabled":true,"jetpack_shortlink":"https:\/\/wp.me\/pe6lTn-1vP","_links":{"self":[{"href":"https:\/\/www.visit-ulcinj.com\/blog\/wp-json\/wp\/v2\/posts\/5817"}],"collection":[{"href":"https:\/\/www.visit-ulcinj.com\/blog\/wp-json\/wp\/v2\/posts"}],"about":[{"href":"https:\/\/www.visit-ulcinj.com\/blog\/wp-json\/wp\/v2\/types\/post"}],"author":[{"embeddable":true,"href":"https:\/\/www.visit-ulcinj.com\/blog\/wp-json\/wp\/v2\/users\/1"}],"replies":[{"embeddable":true,"href":"https:\/\/www.visit-ulcinj.com\/blog\/wp-json\/wp\/v2\/comments?post=5817"}],"version-history":[{"count":0,"href":"https:\/\/www.visit-ulcinj.com\/blog\/wp-json\/wp\/v2\/posts\/5817\/revisions"}],"wp:attachment":[{"href":"https:\/\/www.visit-ulcinj.com\/blog\/wp-json\/wp\/v2\/media?parent=5817"}],"wp:term":[{"taxonomy":"category","embeddable":true,"href":"https:\/\/www.visit-ulcinj.com\/blog\/wp-json\/wp\/v2\/categories?post=5817"},{"taxonomy":"post_tag","embeddable":true,"href":"https:\/\/www.visit-ulcinj.com\/blog\/wp-json\/wp\/v2\/tags?post=5817"}],"curies":[{"name":"wp","href":"https:\/\/api.w.org\/{rel}","templated":true}]}}