{"id":58172,"date":"2012-03-13T18:25:10","date_gmt":"2012-03-13T17:25:10","guid":{"rendered":"http:\/\/www.visit-ulcinj.com\/blog\/?p=58172"},"modified":"2012-03-14T11:46:38","modified_gmt":"2012-03-14T10:46:38","slug":"turneu-nderkombetar-i-karatese-ulqini-open-2012-me-7-prille","status":"publish","type":"post","link":"https:\/\/www.visit-ulcinj.com\/blog\/2012\/03\/13\/turneu-nderkombetar-i-karatese-ulqini-open-2012-me-7-prille\/","title":{"rendered":"Turneu XII nd\u00ebrkomb\u00ebtar i karates\u00eb &#8220;Ulqini Open 2012&#8221; m\u00eb 7 prill\u00eb"},"content":{"rendered":"<p><strong><a href=\"http:\/\/www.visit-ulcinj.com\/blog\/wp-content\/uploads\/2012\/03\/Turneu-nd\u00ebrkomb\u00ebtar-i-karates\u00eb-_Ulqini-Open-2012.jpg\"><img loading=\"lazy\" class=\"alignleft size-full wp-image-58173\" title=\"Turneu nd\u00ebrkomb\u00ebtar i karates\u00eb _Ulqini Open 2012\" src=\"http:\/\/www.visit-ulcinj.com\/blog\/wp-content\/uploads\/2012\/03\/Turneu-nd\u00ebrkomb\u00ebtar-i-karates\u00eb-_Ulqini-Open-2012.jpg\" alt=\"\" width=\"490\" height=\"697\" srcset=\"https:\/\/www.visit-ulcinj.com\/blog\/wp-content\/uploads\/2012\/03\/Turneu-nd\u00ebrkomb\u00ebtar-i-karates\u00eb-_Ulqini-Open-2012.jpg 490w, https:\/\/www.visit-ulcinj.com\/blog\/wp-content\/uploads\/2012\/03\/Turneu-nd\u00ebrkomb\u00ebtar-i-karates\u00eb-_Ulqini-Open-2012-210x300.jpg 210w\" sizes=\"(max-width: 490px) 100vw, 490px\" \/><\/a>T\u00eb nderuar miq t\u00eb sportit!<\/strong><\/p>\n<p>Ju ftojm\u00eb q\u00eb t\u00eb merrni pjes\u00eb n\u00eb Turneun XII nd\u00ebrkomb\u00ebtar t\u00eb karates\u00eb <strong>ULQINI OPEN 2012\u201d<\/strong>,i cili tashm\u00eb \u00ebsht\u00eb b\u00ebr\u00eb turne tradicional me pjes\u00ebmarrje masovike.<\/p>\n<p>N\u00eb Turneun XI mor\u00ebn pjes\u00eb 39 klube me 720 garues nga Mali i Zi, Kosova,Shqip\u00ebria,Kroacia, Bosna, Serbia, Maqedonia Gjermania.<\/p>\n<p>Qyteti yn\u00eb i bukur \u00ebsht\u00eb i njohur jo vet\u00ebm si destinacion i preferuar turistik, por edhe si qytet me nj\u00eb tradit\u00eb t\u00eb gjat\u00eb sportive. Si\u00e7 njihet p\u00ebr detin, diellin, ullinjt\u00eb dhe plazhet e mrekullueshme zallore, Ulqini njihet edhe n\u00eb sportin e karates\u00eb fal\u00eb sukseseve t\u00eb m\u00ebdha t\u00eb arritura n\u00eb arenat vendore, komb\u00ebtare dhe nd\u00ebrkomb\u00ebtare.<\/p>\n<p>Prania Juaj do t\u00eb na nderoj\u00eb!<\/p>\n<p>Ju urojm\u00eb q\u00ebndrim t\u00eb k\u00ebndsh\u00ebm n\u00eb qytetin ton\u00eb dhe shum\u00eb medalje!<\/p>\n<p>&nbsp;<\/p>\n<p><strong>P\u00ebrsh\u00ebndetje sportive!<\/strong><\/p>\n<p><strong>Klubi i Karates\u00eb Ulqini\u201d organizator i turnout<\/strong><\/p>\n<h2><a title=\"ULQINI OPEN 2012\" href=\"http:\/\/www.visit-ulcinj.com\/blog\/wp-content\/uploads\/2012\/03\/Ftes\u00eb-ULQINI-OPEN-2012.pdf\" target=\"_blank\"><strong>Shkarkoni n\u00eb PDF &#8211; Ftesa n\u00eb Turneun XII nd\u00ebrkomb\u00ebtar t\u00eb karates\u00eb ULQINI OPEN 2012\u201d<\/strong><\/a><\/h2>\n<!--YouTube Error: bad URL entered-->\n<p>&nbsp;<\/p>\n<p>&nbsp;<\/p>\n","protected":false},"excerpt":{"rendered":"<p>T\u00eb nderuar miq t\u00eb sportit! Ju ftojm\u00eb q\u00eb t\u00eb merrni pjes\u00eb n\u00eb Turneun XII nd\u00ebrkomb\u00ebtar t\u00eb karates\u00eb ULQINI OPEN 2012\u201d,i cili tashm\u00eb \u00ebsht\u00eb b\u00ebr\u00eb turne tradicional me pjes\u00ebmarrje masovike. N\u00eb Turneun XI mor\u00ebn pjes\u00eb 39 klube me 720 garues nga Mali i Zi, Kosova,Shqip\u00ebria,Kroacia, Bosna, Serbia, Maqedonia Gjermania. Qyteti yn\u00eb i bukur \u00ebsht\u00eb i njohur [&hellip;]<\/p>\n","protected":false},"author":1,"featured_media":0,"comment_status":"open","ping_status":"closed","sticky":false,"template":"","format":"standard","meta":{"spay_email":"","jetpack_publicize_message":"","jetpack_is_tweetstorm":false,"jetpack_publicize_feature_enabled":true},"categories":[1,6950],"tags":[6643,7358,20144,95,20143,7666,14887,20141,200,18,20142],"jetpack_publicize_connections":[],"yoast_head":"<!-- This site is optimized with the Yoast SEO plugin v19.1 - https:\/\/yoast.com\/wordpress\/plugins\/seo\/ -->\n<title>Turneu XII nd\u00ebrkomb\u00ebtar i karates\u00eb &quot;Ulqini Open 2012&quot; m\u00eb 7 prill\u00eb - Lajme nga Ulqini<\/title>\n<meta name=\"description\" content=\"T\u00eb nderuar miq t\u00eb sportit! Ju ftojm\u00eb q\u00eb t\u00eb merrni pjes\u00eb n\u00eb Turneun XII nd\u00ebrkomb\u00ebtar t\u00eb karates\u00eb ULQINI OPEN 2012\u201d,i cili tashm\u00eb \u00ebsht\u00eb b\u00ebr\u00eb turne\" \/>\n<meta name=\"robots\" content=\"index, follow, max-snippet:-1, max-image-preview:large, max-video-preview:-1\" \/>\n<link rel=\"canonical\" href=\"https:\/\/www.visit-ulcinj.com\/blog\/2012\/03\/13\/turneu-nderkombetar-i-karatese-ulqini-open-2012-me-7-prille\/\" \/>\n<meta property=\"og:locale\" content=\"en_US\" \/>\n<meta property=\"og:type\" content=\"article\" \/>\n<meta property=\"og:title\" content=\"Turneu XII nd\u00ebrkomb\u00ebtar i karates\u00eb &quot;Ulqini Open 2012&quot; m\u00eb 7 prill\u00eb - Lajme nga Ulqini\" \/>\n<meta property=\"og:description\" content=\"T\u00eb nderuar miq t\u00eb sportit! Ju ftojm\u00eb q\u00eb t\u00eb merrni pjes\u00eb n\u00eb Turneun XII nd\u00ebrkomb\u00ebtar t\u00eb karates\u00eb ULQINI OPEN 2012\u201d,i cili tashm\u00eb \u00ebsht\u00eb b\u00ebr\u00eb turne\" \/>\n<meta property=\"og:url\" content=\"https:\/\/www.visit-ulcinj.com\/blog\/2012\/03\/13\/turneu-nderkombetar-i-karatese-ulqini-open-2012-me-7-prille\/\" \/>\n<meta property=\"og:site_name\" content=\"Lajme nga Ulqini\" \/>\n<meta property=\"article:published_time\" content=\"2012-03-13T17:25:10+00:00\" \/>\n<meta property=\"article:modified_time\" content=\"2012-03-14T10:46:38+00:00\" \/>\n<meta name=\"twitter:label1\" content=\"Written by\" \/>\n\t<meta name=\"twitter:data1\" content=\"ulqini\" \/>\n\t<meta name=\"twitter:label2\" content=\"Est. reading time\" \/>\n\t<meta name=\"twitter:data2\" content=\"1 minute\" \/>\n<script type=\"application\/ld+json\" class=\"yoast-schema-graph\">{\"@context\":\"https:\/\/schema.org\",\"@graph\":[{\"@type\":\"WebSite\",\"@id\":\"https:\/\/www.visit-ulcinj.com\/blog\/#website\",\"url\":\"https:\/\/www.visit-ulcinj.com\/blog\/\",\"name\":\"Lajme nga Ulqini\",\"description\":\"Lajme,Vijesti,Ulqini,Ulqin,Crna Gora,Mali i Zi\",\"potentialAction\":[{\"@type\":\"SearchAction\",\"target\":{\"@type\":\"EntryPoint\",\"urlTemplate\":\"https:\/\/www.visit-ulcinj.com\/blog\/?s={search_term_string}\"},\"query-input\":\"required name=search_term_string\"}],\"inLanguage\":\"en-US\"},{\"@type\":\"WebPage\",\"@id\":\"https:\/\/www.visit-ulcinj.com\/blog\/2012\/03\/13\/turneu-nderkombetar-i-karatese-ulqini-open-2012-me-7-prille\/#webpage\",\"url\":\"https:\/\/www.visit-ulcinj.com\/blog\/2012\/03\/13\/turneu-nderkombetar-i-karatese-ulqini-open-2012-me-7-prille\/\",\"name\":\"Turneu XII nd\u00ebrkomb\u00ebtar i karates\u00eb \\\"Ulqini Open 2012\\\" m\u00eb 7 prill\u00eb - Lajme nga Ulqini\",\"isPartOf\":{\"@id\":\"https:\/\/www.visit-ulcinj.com\/blog\/#website\"},\"datePublished\":\"2012-03-13T17:25:10+00:00\",\"dateModified\":\"2012-03-14T10:46:38+00:00\",\"author\":{\"@id\":\"https:\/\/www.visit-ulcinj.com\/blog\/#\/schema\/person\/dcab619c614d3038751c63bc2aadc06d\"},\"description\":\"T\u00eb nderuar miq t\u00eb sportit! Ju ftojm\u00eb q\u00eb t\u00eb merrni pjes\u00eb n\u00eb Turneun XII nd\u00ebrkomb\u00ebtar t\u00eb karates\u00eb ULQINI OPEN 2012\u201d,i cili tashm\u00eb \u00ebsht\u00eb b\u00ebr\u00eb turne\",\"breadcrumb\":{\"@id\":\"https:\/\/www.visit-ulcinj.com\/blog\/2012\/03\/13\/turneu-nderkombetar-i-karatese-ulqini-open-2012-me-7-prille\/#breadcrumb\"},\"inLanguage\":\"en-US\",\"potentialAction\":[{\"@type\":\"ReadAction\",\"target\":[\"https:\/\/www.visit-ulcinj.com\/blog\/2012\/03\/13\/turneu-nderkombetar-i-karatese-ulqini-open-2012-me-7-prille\/\"]}]},{\"@type\":\"BreadcrumbList\",\"@id\":\"https:\/\/www.visit-ulcinj.com\/blog\/2012\/03\/13\/turneu-nderkombetar-i-karatese-ulqini-open-2012-me-7-prille\/#breadcrumb\",\"itemListElement\":[{\"@type\":\"ListItem\",\"position\":1,\"name\":\"Turneu XII nd\u00ebrkomb\u00ebtar i karates\u00eb &#8220;Ulqini Open 2012&#8221; m\u00eb 7 prill\u00eb\"}]},{\"@type\":\"Person\",\"@id\":\"https:\/\/www.visit-ulcinj.com\/blog\/#\/schema\/person\/dcab619c614d3038751c63bc2aadc06d\",\"name\":\"ulqini\",\"sameAs\":[\"http:\/\/www.visit-ulcinj.com\"],\"url\":\"https:\/\/www.visit-ulcinj.com\/blog\/author\/admin\/\"}]}<\/script>\n<!-- \/ Yoast SEO plugin. -->","yoast_head_json":{"title":"Turneu XII nd\u00ebrkomb\u00ebtar i karates\u00eb \"Ulqini Open 2012\" m\u00eb 7 prill\u00eb - Lajme nga Ulqini","description":"T\u00eb nderuar miq t\u00eb sportit! Ju ftojm\u00eb q\u00eb t\u00eb merrni pjes\u00eb n\u00eb Turneun XII nd\u00ebrkomb\u00ebtar t\u00eb karates\u00eb ULQINI OPEN 2012\u201d,i cili tashm\u00eb \u00ebsht\u00eb b\u00ebr\u00eb turne","robots":{"index":"index","follow":"follow","max-snippet":"max-snippet:-1","max-image-preview":"max-image-preview:large","max-video-preview":"max-video-preview:-1"},"canonical":"https:\/\/www.visit-ulcinj.com\/blog\/2012\/03\/13\/turneu-nderkombetar-i-karatese-ulqini-open-2012-me-7-prille\/","og_locale":"en_US","og_type":"article","og_title":"Turneu XII nd\u00ebrkomb\u00ebtar i karates\u00eb \"Ulqini Open 2012\" m\u00eb 7 prill\u00eb - Lajme nga Ulqini","og_description":"T\u00eb nderuar miq t\u00eb sportit! Ju ftojm\u00eb q\u00eb t\u00eb merrni pjes\u00eb n\u00eb Turneun XII nd\u00ebrkomb\u00ebtar t\u00eb karates\u00eb ULQINI OPEN 2012\u201d,i cili tashm\u00eb \u00ebsht\u00eb b\u00ebr\u00eb turne","og_url":"https:\/\/www.visit-ulcinj.com\/blog\/2012\/03\/13\/turneu-nderkombetar-i-karatese-ulqini-open-2012-me-7-prille\/","og_site_name":"Lajme nga Ulqini","article_published_time":"2012-03-13T17:25:10+00:00","article_modified_time":"2012-03-14T10:46:38+00:00","twitter_misc":{"Written by":"ulqini","Est. reading time":"1 minute"},"schema":{"@context":"https:\/\/schema.org","@graph":[{"@type":"WebSite","@id":"https:\/\/www.visit-ulcinj.com\/blog\/#website","url":"https:\/\/www.visit-ulcinj.com\/blog\/","name":"Lajme nga Ulqini","description":"Lajme,Vijesti,Ulqini,Ulqin,Crna Gora,Mali i Zi","potentialAction":[{"@type":"SearchAction","target":{"@type":"EntryPoint","urlTemplate":"https:\/\/www.visit-ulcinj.com\/blog\/?s={search_term_string}"},"query-input":"required name=search_term_string"}],"inLanguage":"en-US"},{"@type":"WebPage","@id":"https:\/\/www.visit-ulcinj.com\/blog\/2012\/03\/13\/turneu-nderkombetar-i-karatese-ulqini-open-2012-me-7-prille\/#webpage","url":"https:\/\/www.visit-ulcinj.com\/blog\/2012\/03\/13\/turneu-nderkombetar-i-karatese-ulqini-open-2012-me-7-prille\/","name":"Turneu XII nd\u00ebrkomb\u00ebtar i karates\u00eb \"Ulqini Open 2012\" m\u00eb 7 prill\u00eb - Lajme nga Ulqini","isPartOf":{"@id":"https:\/\/www.visit-ulcinj.com\/blog\/#website"},"datePublished":"2012-03-13T17:25:10+00:00","dateModified":"2012-03-14T10:46:38+00:00","author":{"@id":"https:\/\/www.visit-ulcinj.com\/blog\/#\/schema\/person\/dcab619c614d3038751c63bc2aadc06d"},"description":"T\u00eb nderuar miq t\u00eb sportit! Ju ftojm\u00eb q\u00eb t\u00eb merrni pjes\u00eb n\u00eb Turneun XII nd\u00ebrkomb\u00ebtar t\u00eb karates\u00eb ULQINI OPEN 2012\u201d,i cili tashm\u00eb \u00ebsht\u00eb b\u00ebr\u00eb turne","breadcrumb":{"@id":"https:\/\/www.visit-ulcinj.com\/blog\/2012\/03\/13\/turneu-nderkombetar-i-karatese-ulqini-open-2012-me-7-prille\/#breadcrumb"},"inLanguage":"en-US","potentialAction":[{"@type":"ReadAction","target":["https:\/\/www.visit-ulcinj.com\/blog\/2012\/03\/13\/turneu-nderkombetar-i-karatese-ulqini-open-2012-me-7-prille\/"]}]},{"@type":"BreadcrumbList","@id":"https:\/\/www.visit-ulcinj.com\/blog\/2012\/03\/13\/turneu-nderkombetar-i-karatese-ulqini-open-2012-me-7-prille\/#breadcrumb","itemListElement":[{"@type":"ListItem","position":1,"name":"Turneu XII nd\u00ebrkomb\u00ebtar i karates\u00eb &#8220;Ulqini Open 2012&#8221; m\u00eb 7 prill\u00eb"}]},{"@type":"Person","@id":"https:\/\/www.visit-ulcinj.com\/blog\/#\/schema\/person\/dcab619c614d3038751c63bc2aadc06d","name":"ulqini","sameAs":["http:\/\/www.visit-ulcinj.com"],"url":"https:\/\/www.visit-ulcinj.com\/blog\/author\/admin\/"}]}},"jetpack_featured_media_url":"","jetpack_sharing_enabled":true,"jetpack_shortlink":"https:\/\/wp.me\/pe6lTn-f8g","_links":{"self":[{"href":"https:\/\/www.visit-ulcinj.com\/blog\/wp-json\/wp\/v2\/posts\/58172"}],"collection":[{"href":"https:\/\/www.visit-ulcinj.com\/blog\/wp-json\/wp\/v2\/posts"}],"about":[{"href":"https:\/\/www.visit-ulcinj.com\/blog\/wp-json\/wp\/v2\/types\/post"}],"author":[{"embeddable":true,"href":"https:\/\/www.visit-ulcinj.com\/blog\/wp-json\/wp\/v2\/users\/1"}],"replies":[{"embeddable":true,"href":"https:\/\/www.visit-ulcinj.com\/blog\/wp-json\/wp\/v2\/comments?post=58172"}],"version-history":[{"count":8,"href":"https:\/\/www.visit-ulcinj.com\/blog\/wp-json\/wp\/v2\/posts\/58172\/revisions"}],"predecessor-version":[{"id":58181,"href":"https:\/\/www.visit-ulcinj.com\/blog\/wp-json\/wp\/v2\/posts\/58172\/revisions\/58181"}],"wp:attachment":[{"href":"https:\/\/www.visit-ulcinj.com\/blog\/wp-json\/wp\/v2\/media?parent=58172"}],"wp:term":[{"taxonomy":"category","embeddable":true,"href":"https:\/\/www.visit-ulcinj.com\/blog\/wp-json\/wp\/v2\/categories?post=58172"},{"taxonomy":"post_tag","embeddable":true,"href":"https:\/\/www.visit-ulcinj.com\/blog\/wp-json\/wp\/v2\/tags?post=58172"}],"curies":[{"name":"wp","href":"https:\/\/api.w.org\/{rel}","templated":true}]}}