{"id":58183,"date":"2012-03-13T19:24:20","date_gmt":"2012-03-13T18:24:20","guid":{"rendered":"http:\/\/www.visit-ulcinj.com\/blog\/?p=58183"},"modified":"2012-03-13T19:24:20","modified_gmt":"2012-03-13T18:24:20","slug":"zemljotres-u-okolinu-ulcinja","status":"publish","type":"post","link":"https:\/\/www.visit-ulcinj.com\/blog\/2012\/03\/13\/zemljotres-u-okolinu-ulcinja\/","title":{"rendered":"Zemljotres u okolinu Ulcinja"},"content":{"rendered":"<p><a href=\"http:\/\/www.visit-ulcinj.com\/blog\/wp-content\/uploads\/2012\/03\/Zemljotres-u-okolinu-Ulcinja.gif\"><img loading=\"lazy\" class=\"alignleft  wp-image-58184\" title=\"Zemljotres u okolinu Ulcinja\" src=\"http:\/\/www.visit-ulcinj.com\/blog\/wp-content\/uploads\/2012\/03\/Zemljotres-u-okolinu-Ulcinja.gif\" alt=\"\" width=\"508\" height=\"380\" \/><\/a>Seizmolo\u0161ki zavod Crne Gore je dana 13. marta 2012. godine, u 17 \u010dasova i 11 minuta registrovao slab zemljotres sa epicentrom 14 km jugoisto\u010dno od Ulcinja. Ja\u010dina ovog zemljotresa u hipocentru (\u017eari\u0161tu) iznosila je 2.9 jedinica <a href=\"http:\/\/www.seismo.co.me\/questions\/3.htm\">Rihterove skale<\/a>, \u0161to odgovara epicentralnom intenzitetu od III stepena <a href=\"http:\/\/www.seismo.co.me\/questions\/3.htm\">Merkalijeve skale (MCS)<\/a>. \u017dari\u0161te ovog zemljotresa locirano je na dubini od 27 km.<\/p>\n<p>Na osnovu numeri\u010dkog modela promjene intenziteta sa rastojanjem u ovom regionu, magnitude zemljotresa i dubine hipocentra, ovaj zemljotres nije mogao izazvati materijalne \u0161tete u epicentralnom podru\u010dju.<\/p>\n<p>Polo\u017eaj epicentra ovog zemljotresa sa izoseistama (zonama istog intenziteta) za slu\u010daj \u010dvrste stijene u podlozi, prikazan je na karti.<\/p>\n<p>&nbsp;<\/p>\n<p>Datum zemljotresa: <strong>13. mart 2012. godine<\/strong><strong><br \/>\n<\/strong>Vrijeme: <strong>17 \u010dasova i 11 minuta <\/strong><strong><br \/>\n<\/strong>Rihterova magnituda ML = <strong>2.9<\/strong><strong><br \/>\n<\/strong>Epicentralni intenzitet: <strong>III stepena MCS skale<\/strong><strong><br \/>\n<\/strong>Dubina hipocentra: <strong>27 km<\/strong><strong><br \/>\n<\/strong>Geografske (WGS) koordinate epicentra: <strong>41.914N, 19.401E<\/strong><strong><br \/>\n<\/strong>Polo\u017eaj epicentra: <strong>14 km jugoisto\u010dno od Ulcinja<\/strong><\/p>\n<p><strong>\u00a0<\/strong><\/p>\n<p><strong>Seizmolo\u0161ki zavod Crne Gore<\/strong><\/p>\n","protected":false},"excerpt":{"rendered":"<p>Seizmolo\u0161ki zavod Crne Gore je dana 13. marta 2012. godine, u 17 \u010dasova i 11 minuta registrovao slab zemljotres sa epicentrom 14 km jugoisto\u010dno od Ulcinja. Ja\u010dina ovog zemljotresa u hipocentru (\u017eari\u0161tu) iznosila je 2.9 jedinica Rihterove skale, \u0161to odgovara epicentralnom intenzitetu od III stepena Merkalijeve skale (MCS). \u017dari\u0161te ovog zemljotresa locirano je na dubini [&hellip;]<\/p>\n","protected":false},"author":1,"featured_media":0,"comment_status":"open","ping_status":"closed","sticky":false,"template":"","format":"standard","meta":{"spay_email":"","jetpack_publicize_message":"","jetpack_is_tweetstorm":false,"jetpack_publicize_feature_enabled":true},"categories":[8337],"tags":[20,19,12252],"jetpack_publicize_connections":[],"yoast_head":"<!-- This site is optimized with the Yoast SEO plugin v19.1 - https:\/\/yoast.com\/wordpress\/plugins\/seo\/ -->\n<title>Zemljotres u okolinu Ulcinja - Lajme nga Ulqini<\/title>\n<meta name=\"description\" content=\"Seizmolo\u0161ki zavod Crne Gore je dana 13. marta 2012. godine, u 17 \u010dasova i 11 minuta registrovao slab zemljotres sa epicentrom 14 km jugoisto\u010dno od\" \/>\n<meta name=\"robots\" content=\"index, follow, max-snippet:-1, max-image-preview:large, max-video-preview:-1\" \/>\n<link rel=\"canonical\" href=\"https:\/\/www.visit-ulcinj.com\/blog\/2012\/03\/13\/zemljotres-u-okolinu-ulcinja\/\" \/>\n<meta property=\"og:locale\" content=\"en_US\" \/>\n<meta property=\"og:type\" content=\"article\" \/>\n<meta property=\"og:title\" content=\"Zemljotres u okolinu Ulcinja - Lajme nga Ulqini\" \/>\n<meta property=\"og:description\" content=\"Seizmolo\u0161ki zavod Crne Gore je dana 13. marta 2012. godine, u 17 \u010dasova i 11 minuta registrovao slab zemljotres sa epicentrom 14 km jugoisto\u010dno od\" \/>\n<meta property=\"og:url\" content=\"https:\/\/www.visit-ulcinj.com\/blog\/2012\/03\/13\/zemljotres-u-okolinu-ulcinja\/\" \/>\n<meta property=\"og:site_name\" content=\"Lajme nga Ulqini\" \/>\n<meta property=\"article:published_time\" content=\"2012-03-13T18:24:20+00:00\" \/>\n<meta property=\"og:image\" content=\"http:\/\/www.visit-ulcinj.com\/blog\/wp-content\/uploads\/2012\/03\/Zemljotres-u-okolinu-Ulcinja.gif\" \/>\n<meta name=\"twitter:label1\" content=\"Written by\" \/>\n\t<meta name=\"twitter:data1\" content=\"ulqini\" \/>\n\t<meta name=\"twitter:label2\" content=\"Est. reading time\" \/>\n\t<meta name=\"twitter:data2\" content=\"1 minute\" \/>\n<script type=\"application\/ld+json\" class=\"yoast-schema-graph\">{\"@context\":\"https:\/\/schema.org\",\"@graph\":[{\"@type\":\"WebSite\",\"@id\":\"https:\/\/www.visit-ulcinj.com\/blog\/#website\",\"url\":\"https:\/\/www.visit-ulcinj.com\/blog\/\",\"name\":\"Lajme nga Ulqini\",\"description\":\"Lajme,Vijesti,Ulqini,Ulqin,Crna Gora,Mali i Zi\",\"potentialAction\":[{\"@type\":\"SearchAction\",\"target\":{\"@type\":\"EntryPoint\",\"urlTemplate\":\"https:\/\/www.visit-ulcinj.com\/blog\/?s={search_term_string}\"},\"query-input\":\"required name=search_term_string\"}],\"inLanguage\":\"en-US\"},{\"@type\":\"ImageObject\",\"inLanguage\":\"en-US\",\"@id\":\"https:\/\/www.visit-ulcinj.com\/blog\/2012\/03\/13\/zemljotres-u-okolinu-ulcinja\/#primaryimage\",\"url\":\"https:\/\/www.visit-ulcinj.com\/blog\/wp-content\/uploads\/2012\/03\/Zemljotres-u-okolinu-Ulcinja.gif\",\"contentUrl\":\"https:\/\/www.visit-ulcinj.com\/blog\/wp-content\/uploads\/2012\/03\/Zemljotres-u-okolinu-Ulcinja.gif\",\"width\":\"832\",\"height\":\"478\"},{\"@type\":\"WebPage\",\"@id\":\"https:\/\/www.visit-ulcinj.com\/blog\/2012\/03\/13\/zemljotres-u-okolinu-ulcinja\/#webpage\",\"url\":\"https:\/\/www.visit-ulcinj.com\/blog\/2012\/03\/13\/zemljotres-u-okolinu-ulcinja\/\",\"name\":\"Zemljotres u okolinu Ulcinja - Lajme nga Ulqini\",\"isPartOf\":{\"@id\":\"https:\/\/www.visit-ulcinj.com\/blog\/#website\"},\"primaryImageOfPage\":{\"@id\":\"https:\/\/www.visit-ulcinj.com\/blog\/2012\/03\/13\/zemljotres-u-okolinu-ulcinja\/#primaryimage\"},\"datePublished\":\"2012-03-13T18:24:20+00:00\",\"dateModified\":\"2012-03-13T18:24:20+00:00\",\"author\":{\"@id\":\"https:\/\/www.visit-ulcinj.com\/blog\/#\/schema\/person\/dcab619c614d3038751c63bc2aadc06d\"},\"description\":\"Seizmolo\u0161ki zavod Crne Gore je dana 13. marta 2012. godine, u 17 \u010dasova i 11 minuta registrovao slab zemljotres sa epicentrom 14 km jugoisto\u010dno od\",\"breadcrumb\":{\"@id\":\"https:\/\/www.visit-ulcinj.com\/blog\/2012\/03\/13\/zemljotres-u-okolinu-ulcinja\/#breadcrumb\"},\"inLanguage\":\"en-US\",\"potentialAction\":[{\"@type\":\"ReadAction\",\"target\":[\"https:\/\/www.visit-ulcinj.com\/blog\/2012\/03\/13\/zemljotres-u-okolinu-ulcinja\/\"]}]},{\"@type\":\"BreadcrumbList\",\"@id\":\"https:\/\/www.visit-ulcinj.com\/blog\/2012\/03\/13\/zemljotres-u-okolinu-ulcinja\/#breadcrumb\",\"itemListElement\":[{\"@type\":\"ListItem\",\"position\":1,\"name\":\"Zemljotres u okolinu Ulcinja\"}]},{\"@type\":\"Person\",\"@id\":\"https:\/\/www.visit-ulcinj.com\/blog\/#\/schema\/person\/dcab619c614d3038751c63bc2aadc06d\",\"name\":\"ulqini\",\"sameAs\":[\"http:\/\/www.visit-ulcinj.com\"],\"url\":\"https:\/\/www.visit-ulcinj.com\/blog\/author\/admin\/\"}]}<\/script>\n<!-- \/ Yoast SEO plugin. -->","yoast_head_json":{"title":"Zemljotres u okolinu Ulcinja - Lajme nga Ulqini","description":"Seizmolo\u0161ki zavod Crne Gore je dana 13. marta 2012. godine, u 17 \u010dasova i 11 minuta registrovao slab zemljotres sa epicentrom 14 km jugoisto\u010dno od","robots":{"index":"index","follow":"follow","max-snippet":"max-snippet:-1","max-image-preview":"max-image-preview:large","max-video-preview":"max-video-preview:-1"},"canonical":"https:\/\/www.visit-ulcinj.com\/blog\/2012\/03\/13\/zemljotres-u-okolinu-ulcinja\/","og_locale":"en_US","og_type":"article","og_title":"Zemljotres u okolinu Ulcinja - Lajme nga Ulqini","og_description":"Seizmolo\u0161ki zavod Crne Gore je dana 13. marta 2012. godine, u 17 \u010dasova i 11 minuta registrovao slab zemljotres sa epicentrom 14 km jugoisto\u010dno od","og_url":"https:\/\/www.visit-ulcinj.com\/blog\/2012\/03\/13\/zemljotres-u-okolinu-ulcinja\/","og_site_name":"Lajme nga Ulqini","article_published_time":"2012-03-13T18:24:20+00:00","og_image":[{"url":"http:\/\/www.visit-ulcinj.com\/blog\/wp-content\/uploads\/2012\/03\/Zemljotres-u-okolinu-Ulcinja.gif"}],"twitter_misc":{"Written by":"ulqini","Est. reading time":"1 minute"},"schema":{"@context":"https:\/\/schema.org","@graph":[{"@type":"WebSite","@id":"https:\/\/www.visit-ulcinj.com\/blog\/#website","url":"https:\/\/www.visit-ulcinj.com\/blog\/","name":"Lajme nga Ulqini","description":"Lajme,Vijesti,Ulqini,Ulqin,Crna Gora,Mali i Zi","potentialAction":[{"@type":"SearchAction","target":{"@type":"EntryPoint","urlTemplate":"https:\/\/www.visit-ulcinj.com\/blog\/?s={search_term_string}"},"query-input":"required name=search_term_string"}],"inLanguage":"en-US"},{"@type":"ImageObject","inLanguage":"en-US","@id":"https:\/\/www.visit-ulcinj.com\/blog\/2012\/03\/13\/zemljotres-u-okolinu-ulcinja\/#primaryimage","url":"https:\/\/www.visit-ulcinj.com\/blog\/wp-content\/uploads\/2012\/03\/Zemljotres-u-okolinu-Ulcinja.gif","contentUrl":"https:\/\/www.visit-ulcinj.com\/blog\/wp-content\/uploads\/2012\/03\/Zemljotres-u-okolinu-Ulcinja.gif","width":"832","height":"478"},{"@type":"WebPage","@id":"https:\/\/www.visit-ulcinj.com\/blog\/2012\/03\/13\/zemljotres-u-okolinu-ulcinja\/#webpage","url":"https:\/\/www.visit-ulcinj.com\/blog\/2012\/03\/13\/zemljotres-u-okolinu-ulcinja\/","name":"Zemljotres u okolinu Ulcinja - Lajme nga Ulqini","isPartOf":{"@id":"https:\/\/www.visit-ulcinj.com\/blog\/#website"},"primaryImageOfPage":{"@id":"https:\/\/www.visit-ulcinj.com\/blog\/2012\/03\/13\/zemljotres-u-okolinu-ulcinja\/#primaryimage"},"datePublished":"2012-03-13T18:24:20+00:00","dateModified":"2012-03-13T18:24:20+00:00","author":{"@id":"https:\/\/www.visit-ulcinj.com\/blog\/#\/schema\/person\/dcab619c614d3038751c63bc2aadc06d"},"description":"Seizmolo\u0161ki zavod Crne Gore je dana 13. marta 2012. godine, u 17 \u010dasova i 11 minuta registrovao slab zemljotres sa epicentrom 14 km jugoisto\u010dno od","breadcrumb":{"@id":"https:\/\/www.visit-ulcinj.com\/blog\/2012\/03\/13\/zemljotres-u-okolinu-ulcinja\/#breadcrumb"},"inLanguage":"en-US","potentialAction":[{"@type":"ReadAction","target":["https:\/\/www.visit-ulcinj.com\/blog\/2012\/03\/13\/zemljotres-u-okolinu-ulcinja\/"]}]},{"@type":"BreadcrumbList","@id":"https:\/\/www.visit-ulcinj.com\/blog\/2012\/03\/13\/zemljotres-u-okolinu-ulcinja\/#breadcrumb","itemListElement":[{"@type":"ListItem","position":1,"name":"Zemljotres u okolinu Ulcinja"}]},{"@type":"Person","@id":"https:\/\/www.visit-ulcinj.com\/blog\/#\/schema\/person\/dcab619c614d3038751c63bc2aadc06d","name":"ulqini","sameAs":["http:\/\/www.visit-ulcinj.com"],"url":"https:\/\/www.visit-ulcinj.com\/blog\/author\/admin\/"}]}},"jetpack_featured_media_url":"","jetpack_sharing_enabled":true,"jetpack_shortlink":"https:\/\/wp.me\/pe6lTn-f8r","_links":{"self":[{"href":"https:\/\/www.visit-ulcinj.com\/blog\/wp-json\/wp\/v2\/posts\/58183"}],"collection":[{"href":"https:\/\/www.visit-ulcinj.com\/blog\/wp-json\/wp\/v2\/posts"}],"about":[{"href":"https:\/\/www.visit-ulcinj.com\/blog\/wp-json\/wp\/v2\/types\/post"}],"author":[{"embeddable":true,"href":"https:\/\/www.visit-ulcinj.com\/blog\/wp-json\/wp\/v2\/users\/1"}],"replies":[{"embeddable":true,"href":"https:\/\/www.visit-ulcinj.com\/blog\/wp-json\/wp\/v2\/comments?post=58183"}],"version-history":[{"count":1,"href":"https:\/\/www.visit-ulcinj.com\/blog\/wp-json\/wp\/v2\/posts\/58183\/revisions"}],"predecessor-version":[{"id":58185,"href":"https:\/\/www.visit-ulcinj.com\/blog\/wp-json\/wp\/v2\/posts\/58183\/revisions\/58185"}],"wp:attachment":[{"href":"https:\/\/www.visit-ulcinj.com\/blog\/wp-json\/wp\/v2\/media?parent=58183"}],"wp:term":[{"taxonomy":"category","embeddable":true,"href":"https:\/\/www.visit-ulcinj.com\/blog\/wp-json\/wp\/v2\/categories?post=58183"},{"taxonomy":"post_tag","embeddable":true,"href":"https:\/\/www.visit-ulcinj.com\/blog\/wp-json\/wp\/v2\/tags?post=58183"}],"curies":[{"name":"wp","href":"https:\/\/api.w.org\/{rel}","templated":true}]}}