{"id":58187,"date":"2012-03-13T19:41:05","date_gmt":"2012-03-13T18:41:05","guid":{"rendered":"http:\/\/www.visit-ulcinj.com\/blog\/?p=58187"},"modified":"2012-03-13T19:43:13","modified_gmt":"2012-03-13T18:43:13","slug":"termet-prej-2-9-shkallesh-dridhe-ulqinin","status":"publish","type":"post","link":"https:\/\/www.visit-ulcinj.com\/blog\/2012\/03\/13\/termet-prej-2-9-shkallesh-dridhe-ulqinin\/","title":{"rendered":"T\u00ebrmet prej 2.9 shkall\u00ebsh dridh\u00eb Ulqinin"},"content":{"rendered":"<p><a href=\"http:\/\/www.visit-ulcinj.com\/blog\/wp-content\/uploads\/2012\/03\/T\u00ebrmet-prej-2.9-shkall\u00ebsh-dridh\u00eb-Ulqinin.gif\"><img loading=\"lazy\" class=\"alignleft  wp-image-58188\" title=\"T\u00ebrmet prej 2.9 shkall\u00ebsh dridh\u00eb Ulqinin\" src=\"http:\/\/www.visit-ulcinj.com\/blog\/wp-content\/uploads\/2012\/03\/T\u00ebrmet-prej-2.9-shkall\u00ebsh-dridh\u00eb-Ulqinin.gif\" alt=\"\" width=\"509\" height=\"380\" \/><\/a>Nj\u00eb t\u00ebrmet me fuqi mesatare goditi sot m\u00eb 13.03.2012,\u00a0 n\u00eb ora 17:11, s\u00ebrish Ulqinin me rrethin\u00eb, por tash p\u00ebr tash ende nuk ka informata p\u00ebr ndonj\u00eb d\u00ebm eventual, njoftoi Enti sizmik i Malit t\u00eb Zi.Si njofton ky ent, epiqendra e t\u00ebrmetit t\u00eb sot\u00ebm ishte 14 kilometra n\u00eb jug-lindje t\u00eb qytetit\u00a0 t\u00eb Ulqinit, n\u00eb thell\u00ebsi prej 27 kilometrash n\u00ebn sip\u00ebrfaqe t\u00eb tok\u00ebs, kurse fuqia e tij ishte 2.9 ball\u00eb t\u00eb shkall\u00ebs Rihter. N\u00eb rrethin\u00ebn e Ulqinit edhe dje \u00ebsht\u00eb ndjer\u00eb t\u00ebrmeti me fuqi mesatare prej disa \u00a0ball\u00eb t\u00eb Rihterit, por nuk jan\u00eb raportuar d\u00ebme materiale.<\/p>\n<p><strong>Lajme nga Ulqini<\/strong><\/p>\n","protected":false},"excerpt":{"rendered":"<p>Nj\u00eb t\u00ebrmet me fuqi mesatare goditi sot m\u00eb 13.03.2012,\u00a0 n\u00eb ora 17:11, s\u00ebrish Ulqinin me rrethin\u00eb, por tash p\u00ebr tash ende nuk ka informata p\u00ebr ndonj\u00eb d\u00ebm eventual, njoftoi Enti sizmik i Malit t\u00eb Zi.Si njofton ky ent, epiqendra e t\u00ebrmetit t\u00eb sot\u00ebm ishte 14 kilometra n\u00eb jug-lindje t\u00eb qytetit\u00a0 t\u00eb Ulqinit, n\u00eb thell\u00ebsi prej [&hellip;]<\/p>\n","protected":false},"author":1,"featured_media":0,"comment_status":"open","ping_status":"closed","sticky":false,"template":"","format":"standard","meta":{"spay_email":"","jetpack_publicize_message":"","jetpack_is_tweetstorm":false,"jetpack_publicize_feature_enabled":true},"categories":[1],"tags":[12325,200,18],"jetpack_publicize_connections":[],"yoast_head":"<!-- This site is optimized with the Yoast SEO plugin v19.1 - https:\/\/yoast.com\/wordpress\/plugins\/seo\/ -->\n<title>T\u00ebrmet prej 2.9 shkall\u00ebsh dridh\u00eb Ulqinin - Lajme nga Ulqini<\/title>\n<meta name=\"description\" content=\"Nj\u00eb t\u00ebrmet me fuqi mesatare goditi sot m\u00eb 13.03.2012,\u00a0 n\u00eb ora 17:11, s\u00ebrish Ulqinin me rrethin\u00eb, por tash p\u00ebr tash ende nuk ka informata p\u00ebr ndonj\u00eb d\u00ebm\" \/>\n<meta name=\"robots\" content=\"index, follow, max-snippet:-1, max-image-preview:large, max-video-preview:-1\" \/>\n<link rel=\"canonical\" href=\"https:\/\/www.visit-ulcinj.com\/blog\/2012\/03\/13\/termet-prej-2-9-shkallesh-dridhe-ulqinin\/\" \/>\n<meta property=\"og:locale\" content=\"en_US\" \/>\n<meta property=\"og:type\" content=\"article\" \/>\n<meta property=\"og:title\" content=\"T\u00ebrmet prej 2.9 shkall\u00ebsh dridh\u00eb Ulqinin - Lajme nga Ulqini\" \/>\n<meta property=\"og:description\" content=\"Nj\u00eb t\u00ebrmet me fuqi mesatare goditi sot m\u00eb 13.03.2012,\u00a0 n\u00eb ora 17:11, s\u00ebrish Ulqinin me rrethin\u00eb, por tash p\u00ebr tash ende nuk ka informata p\u00ebr ndonj\u00eb d\u00ebm\" \/>\n<meta property=\"og:url\" content=\"https:\/\/www.visit-ulcinj.com\/blog\/2012\/03\/13\/termet-prej-2-9-shkallesh-dridhe-ulqinin\/\" \/>\n<meta property=\"og:site_name\" content=\"Lajme nga Ulqini\" \/>\n<meta property=\"article:published_time\" content=\"2012-03-13T18:41:05+00:00\" \/>\n<meta property=\"article:modified_time\" content=\"2012-03-13T18:43:13+00:00\" \/>\n<meta name=\"twitter:label1\" content=\"Written by\" \/>\n\t<meta name=\"twitter:data1\" content=\"ulqini\" \/>\n\t<meta name=\"twitter:label2\" content=\"Est. reading time\" \/>\n\t<meta name=\"twitter:data2\" content=\"1 minute\" \/>\n<script type=\"application\/ld+json\" class=\"yoast-schema-graph\">{\"@context\":\"https:\/\/schema.org\",\"@graph\":[{\"@type\":\"WebSite\",\"@id\":\"https:\/\/www.visit-ulcinj.com\/blog\/#website\",\"url\":\"https:\/\/www.visit-ulcinj.com\/blog\/\",\"name\":\"Lajme nga Ulqini\",\"description\":\"Lajme,Vijesti,Ulqini,Ulqin,Crna Gora,Mali i Zi\",\"potentialAction\":[{\"@type\":\"SearchAction\",\"target\":{\"@type\":\"EntryPoint\",\"urlTemplate\":\"https:\/\/www.visit-ulcinj.com\/blog\/?s={search_term_string}\"},\"query-input\":\"required name=search_term_string\"}],\"inLanguage\":\"en-US\"},{\"@type\":\"WebPage\",\"@id\":\"https:\/\/www.visit-ulcinj.com\/blog\/2012\/03\/13\/termet-prej-2-9-shkallesh-dridhe-ulqinin\/#webpage\",\"url\":\"https:\/\/www.visit-ulcinj.com\/blog\/2012\/03\/13\/termet-prej-2-9-shkallesh-dridhe-ulqinin\/\",\"name\":\"T\u00ebrmet prej 2.9 shkall\u00ebsh dridh\u00eb Ulqinin - Lajme nga Ulqini\",\"isPartOf\":{\"@id\":\"https:\/\/www.visit-ulcinj.com\/blog\/#website\"},\"datePublished\":\"2012-03-13T18:41:05+00:00\",\"dateModified\":\"2012-03-13T18:43:13+00:00\",\"author\":{\"@id\":\"https:\/\/www.visit-ulcinj.com\/blog\/#\/schema\/person\/dcab619c614d3038751c63bc2aadc06d\"},\"description\":\"Nj\u00eb t\u00ebrmet me fuqi mesatare goditi sot m\u00eb 13.03.2012,\u00a0 n\u00eb ora 17:11, s\u00ebrish Ulqinin me rrethin\u00eb, por tash p\u00ebr tash ende nuk ka informata p\u00ebr ndonj\u00eb d\u00ebm\",\"breadcrumb\":{\"@id\":\"https:\/\/www.visit-ulcinj.com\/blog\/2012\/03\/13\/termet-prej-2-9-shkallesh-dridhe-ulqinin\/#breadcrumb\"},\"inLanguage\":\"en-US\",\"potentialAction\":[{\"@type\":\"ReadAction\",\"target\":[\"https:\/\/www.visit-ulcinj.com\/blog\/2012\/03\/13\/termet-prej-2-9-shkallesh-dridhe-ulqinin\/\"]}]},{\"@type\":\"BreadcrumbList\",\"@id\":\"https:\/\/www.visit-ulcinj.com\/blog\/2012\/03\/13\/termet-prej-2-9-shkallesh-dridhe-ulqinin\/#breadcrumb\",\"itemListElement\":[{\"@type\":\"ListItem\",\"position\":1,\"name\":\"T\u00ebrmet prej 2.9 shkall\u00ebsh dridh\u00eb Ulqinin\"}]},{\"@type\":\"Person\",\"@id\":\"https:\/\/www.visit-ulcinj.com\/blog\/#\/schema\/person\/dcab619c614d3038751c63bc2aadc06d\",\"name\":\"ulqini\",\"sameAs\":[\"http:\/\/www.visit-ulcinj.com\"],\"url\":\"https:\/\/www.visit-ulcinj.com\/blog\/author\/admin\/\"}]}<\/script>\n<!-- \/ Yoast SEO plugin. -->","yoast_head_json":{"title":"T\u00ebrmet prej 2.9 shkall\u00ebsh dridh\u00eb Ulqinin - Lajme nga Ulqini","description":"Nj\u00eb t\u00ebrmet me fuqi mesatare goditi sot m\u00eb 13.03.2012,\u00a0 n\u00eb ora 17:11, s\u00ebrish Ulqinin me rrethin\u00eb, por tash p\u00ebr tash ende nuk ka informata p\u00ebr ndonj\u00eb d\u00ebm","robots":{"index":"index","follow":"follow","max-snippet":"max-snippet:-1","max-image-preview":"max-image-preview:large","max-video-preview":"max-video-preview:-1"},"canonical":"https:\/\/www.visit-ulcinj.com\/blog\/2012\/03\/13\/termet-prej-2-9-shkallesh-dridhe-ulqinin\/","og_locale":"en_US","og_type":"article","og_title":"T\u00ebrmet prej 2.9 shkall\u00ebsh dridh\u00eb Ulqinin - Lajme nga Ulqini","og_description":"Nj\u00eb t\u00ebrmet me fuqi mesatare goditi sot m\u00eb 13.03.2012,\u00a0 n\u00eb ora 17:11, s\u00ebrish Ulqinin me rrethin\u00eb, por tash p\u00ebr tash ende nuk ka informata p\u00ebr ndonj\u00eb d\u00ebm","og_url":"https:\/\/www.visit-ulcinj.com\/blog\/2012\/03\/13\/termet-prej-2-9-shkallesh-dridhe-ulqinin\/","og_site_name":"Lajme nga Ulqini","article_published_time":"2012-03-13T18:41:05+00:00","article_modified_time":"2012-03-13T18:43:13+00:00","twitter_misc":{"Written by":"ulqini","Est. reading time":"1 minute"},"schema":{"@context":"https:\/\/schema.org","@graph":[{"@type":"WebSite","@id":"https:\/\/www.visit-ulcinj.com\/blog\/#website","url":"https:\/\/www.visit-ulcinj.com\/blog\/","name":"Lajme nga Ulqini","description":"Lajme,Vijesti,Ulqini,Ulqin,Crna Gora,Mali i Zi","potentialAction":[{"@type":"SearchAction","target":{"@type":"EntryPoint","urlTemplate":"https:\/\/www.visit-ulcinj.com\/blog\/?s={search_term_string}"},"query-input":"required name=search_term_string"}],"inLanguage":"en-US"},{"@type":"WebPage","@id":"https:\/\/www.visit-ulcinj.com\/blog\/2012\/03\/13\/termet-prej-2-9-shkallesh-dridhe-ulqinin\/#webpage","url":"https:\/\/www.visit-ulcinj.com\/blog\/2012\/03\/13\/termet-prej-2-9-shkallesh-dridhe-ulqinin\/","name":"T\u00ebrmet prej 2.9 shkall\u00ebsh dridh\u00eb Ulqinin - Lajme nga Ulqini","isPartOf":{"@id":"https:\/\/www.visit-ulcinj.com\/blog\/#website"},"datePublished":"2012-03-13T18:41:05+00:00","dateModified":"2012-03-13T18:43:13+00:00","author":{"@id":"https:\/\/www.visit-ulcinj.com\/blog\/#\/schema\/person\/dcab619c614d3038751c63bc2aadc06d"},"description":"Nj\u00eb t\u00ebrmet me fuqi mesatare goditi sot m\u00eb 13.03.2012,\u00a0 n\u00eb ora 17:11, s\u00ebrish Ulqinin me rrethin\u00eb, por tash p\u00ebr tash ende nuk ka informata p\u00ebr ndonj\u00eb d\u00ebm","breadcrumb":{"@id":"https:\/\/www.visit-ulcinj.com\/blog\/2012\/03\/13\/termet-prej-2-9-shkallesh-dridhe-ulqinin\/#breadcrumb"},"inLanguage":"en-US","potentialAction":[{"@type":"ReadAction","target":["https:\/\/www.visit-ulcinj.com\/blog\/2012\/03\/13\/termet-prej-2-9-shkallesh-dridhe-ulqinin\/"]}]},{"@type":"BreadcrumbList","@id":"https:\/\/www.visit-ulcinj.com\/blog\/2012\/03\/13\/termet-prej-2-9-shkallesh-dridhe-ulqinin\/#breadcrumb","itemListElement":[{"@type":"ListItem","position":1,"name":"T\u00ebrmet prej 2.9 shkall\u00ebsh dridh\u00eb Ulqinin"}]},{"@type":"Person","@id":"https:\/\/www.visit-ulcinj.com\/blog\/#\/schema\/person\/dcab619c614d3038751c63bc2aadc06d","name":"ulqini","sameAs":["http:\/\/www.visit-ulcinj.com"],"url":"https:\/\/www.visit-ulcinj.com\/blog\/author\/admin\/"}]}},"jetpack_featured_media_url":"","jetpack_sharing_enabled":true,"jetpack_shortlink":"https:\/\/wp.me\/pe6lTn-f8v","_links":{"self":[{"href":"https:\/\/www.visit-ulcinj.com\/blog\/wp-json\/wp\/v2\/posts\/58187"}],"collection":[{"href":"https:\/\/www.visit-ulcinj.com\/blog\/wp-json\/wp\/v2\/posts"}],"about":[{"href":"https:\/\/www.visit-ulcinj.com\/blog\/wp-json\/wp\/v2\/types\/post"}],"author":[{"embeddable":true,"href":"https:\/\/www.visit-ulcinj.com\/blog\/wp-json\/wp\/v2\/users\/1"}],"replies":[{"embeddable":true,"href":"https:\/\/www.visit-ulcinj.com\/blog\/wp-json\/wp\/v2\/comments?post=58187"}],"version-history":[{"count":2,"href":"https:\/\/www.visit-ulcinj.com\/blog\/wp-json\/wp\/v2\/posts\/58187\/revisions"}],"predecessor-version":[{"id":58191,"href":"https:\/\/www.visit-ulcinj.com\/blog\/wp-json\/wp\/v2\/posts\/58187\/revisions\/58191"}],"wp:attachment":[{"href":"https:\/\/www.visit-ulcinj.com\/blog\/wp-json\/wp\/v2\/media?parent=58187"}],"wp:term":[{"taxonomy":"category","embeddable":true,"href":"https:\/\/www.visit-ulcinj.com\/blog\/wp-json\/wp\/v2\/categories?post=58187"},{"taxonomy":"post_tag","embeddable":true,"href":"https:\/\/www.visit-ulcinj.com\/blog\/wp-json\/wp\/v2\/tags?post=58187"}],"curies":[{"name":"wp","href":"https:\/\/api.w.org\/{rel}","templated":true}]}}