{"id":58193,"date":"2012-03-14T12:27:52","date_gmt":"2012-03-14T11:27:52","guid":{"rendered":"http:\/\/www.visit-ulcinj.com\/blog\/?p=58193"},"modified":"2012-03-15T07:42:44","modified_gmt":"2012-03-15T06:42:44","slug":"ulcinjani-paljoka-i-mavric-zakupili-otrant","status":"publish","type":"post","link":"https:\/\/www.visit-ulcinj.com\/blog\/2012\/03\/14\/ulcinjani-paljoka-i-mavric-zakupili-otrant\/","title":{"rendered":"Ulcinjani Paljoka i Mavric zakupili Otrant"},"content":{"rendered":"<p><a href=\"http:\/\/www.visit-ulcinj.com\/blog\/wp-content\/uploads\/2012\/03\/Edmond-Paloka_Ulcinj.jpg\"><img loading=\"lazy\" class=\"alignleft  wp-image-58194\" title=\"Edmond Paloka_Ulcinj\" src=\"http:\/\/www.visit-ulcinj.com\/blog\/wp-content\/uploads\/2012\/03\/Edmond-Paloka_Ulcinj.jpg\" alt=\"\" width=\"508\" height=\"381\" \/><\/a> \u0160vajcarska banka NLB Interfinans izdala je prije nekoliko dana pod zakup hotel \u201eOtrant\u201d na Velikoj pla\u017ei ulcinjskoj firmi \u201eArgos\u201d, potvr\u0111eno je ju\u010de \u201eDanu\u201d iz vi\u0161e izvora. Kako saznajemo, ugovor o zakupu potpisan je na tri godine, a zakupac nema obavezu da preuzme 61 radnika. Da je \u201eOtrant\u201d i zvani\u010dno preuzela firma \u201eAgros\u201d potvrdio nam je i jedan od njenih osniva\u010da Edmond Paljoka, koji je \u201eDanu\u201d kazao da \u0107e ta firma do marta 2014. godine upravljati najljep\u0161im ulcinjskim hotelom.<br \/>\n\u2013 Sve \u0161to mogu trenutno da saop\u0161tim jeste to da je informacija o preuzimanju ta\u010dna. Hotel je preuzela kompanija \u201eArgos\u201d, koju sam osnovao sa Rezartom Mavri\u0107em. O detaljima ugovora, budu\u0107em radu i planovima sa zaposlenim u hotelu naknadno \u0107emo obavijestiti javnost \u2013 kazao je Paljoka .<br \/>\nPodsjetimo, krajem novembra \u201eOtrant\u201d je pre\u0161ao u vlasni\u0161tvo NLB Interfinans banke zbog kreditnog duga biv\u0161eg vlasnika, ruske kompanije Barkli Montenegro, od 10,6 miliona. Banka je prethodno objavljivala dva oglasa za prodaju hotela. Rusi su u septembru 2011. poku\u0161ali da reprogramiraju dug, ali nijesu uspjeli, nakon \u010dega je direktor hotela Sergej Marov tra\u017eio pomo\u0107 Vlade. Predlo\u017eio je da pod odre\u0111enim uslovima preda firmu, hotel i radnike dr\u017eavi, koja bi garantovala izmirenje duga. Vladi su se obratili hotelski i op\u0161tinski sindikat, a u pismu koje su uputili Savezu sindikata i ulcinjskom gradona\u010delniku tra\u017eili su da se stopira prodaja hotela, navode\u0107i da im je to jedini izvor prihoda i da eventualni socijalni program ne\u0107e omogu\u0107iti prihvatljiv nivo prihoda.<br \/>\nPrema rije\u010dima predsjednika Sindikata \u201eOtranta\u201c Muzafera Suljovi\u0107a, vlasnik hotela je u ponedjeljak u poslijepodnevnim \u010dasovima organizovao fizi\u010dko preuzimanje objekta, kada su zamijenjene brave na svim vratima na prvom spratu.<br \/>\n\u2013 Okupili smo se kod hotela da vidimo o \u010demu se radi, kad su se pojavila dvojica Ulcinjana i saop\u0161tili nam da su zakupili hotel, ali nam ni\u0161ta nijesu pokazali napismeno. Mi smo spremni da radimo, ali ne\u0107emo odustati od zahtjeva da nam biv\u0161i poslodavac, ruska firma Barkli Montenegro, isplati dug od sedam bruto plata \u2013 rekao je Suljovi\u0107.<br \/>\nOn je istakao da radnike ne zanimaju ni zakup ni prodaja, ve\u0107 \u017eele da rade i ostvare svoja prava.<br \/>\n\u2013 Zakupci su nas obavijestili da im radnici trebaju, ali nijesu iznosili detalje. Za nekoliko dana imamo sastanak u Ministarstvu turizma, gdje \u0107e biti prisutni i zakupci. O\u010dekujem da se dogovorimo o svemu, a prije svega o na\u0161im potra\u017eivanjima, koja neko mora preuzeti \u2013 kazao je Suljovi\u0107.<br \/>\nSindikat hotela \u201eOtrant\u201c sprije\u010dio je nedavno predstavnike advokatske kancelarije \u201ePrelevi\u0107\u201d da u ime \u0161vajcarske banke NLB Interfinans uzmu klju\u010deve hotela i preuzmu ga fizi\u010dki nakon nedavne uknji\u017ebe. Tada su poru\u010dili da \u0107e, zajedno sa familijama, hotel braniti po svaku cijenu.<br \/>\nBarkli je kupio \u201eOtrant\u201c 2004. za 2,5 miliona eura, uz obavezu da investira jo\u0161 4,5 miliona. Na kontroverznom tenderu, koji je kasnije bio predmet sudskog spora, Barkli je pobijedio \u201e\u0160ajo grupu\u201c \u017darka Rak\u010devi\u0107a sa bodom prednosti, a klju\u010dnu ulogu u pobjedi Rusa odigrali su biv\u0161i ministar Predrag Nenezi\u0107 i biv\u0161i ste\u010dajni upravnik \u201eUlcinjske rivijere\u201c Miomir Jak\u0161i\u0107.<br \/>\n<a href=\"http:\/\/www.visit-ulcinj.com\/blog\/wp-content\/uploads\/2012\/03\/hotel-otrant-ulcinj.jpg\"><img loading=\"lazy\" class=\"alignleft  wp-image-58233\" title=\"hotel-otrant-ulcinj\" src=\"http:\/\/www.visit-ulcinj.com\/blog\/wp-content\/uploads\/2012\/03\/hotel-otrant-ulcinj.jpg\" alt=\"\" width=\"508\" height=\"300\" \/><\/a><\/p>\n<p><strong>Ugovor poslovna tajna\u00a0<\/strong><br \/>\nU advokatskoj kancelariji \u201ePrelevi\u0107\u201d, koja zastupa NLB Interfinans banku, ju\u010de nijesmo mogli dobiti informacije o zakupu hotela \u201eOtrant\u201d. Vlasnik kancelarije advokat Dragan Prelevi\u0107 rekao nam je da banka koju zastupa ne \u017eeli da otkriva detalje ugovora jer se, kako nam je obja\u0161njeno, radi o poslovnoj tajni.<\/p>\n<p><strong>Blokirane pare\u00a0<\/strong><br \/>\nPredsjednik ulcinjskog sindikalnog povjereni\u0161tva \u0160efki\u2013Keko Ljamovi\u0107 ranije je kazao da je na sastanku kod premijera Igora Luk\u0161i\u0107a informisan da se tra\u017ei partner koji \u0107e preuzeti upravljanje hotelom i sve zaposlene.<br \/>\n\u2013 Sve to imam napismeno i o\u010dekujem da \u0107e tako i biti. Barkliju su nakon prodaje hotela ostala dva miliona eura, ali je taj novac blokiran sudskom odlukom i stvar je dobre volje banke i biv\u0161ih vlasnika ho\u0107e li se zaposlenima isplatiti dug \u2013 rekao je Ljamovi\u0107.<\/p>\n<p><strong>M. Kne\u017eevi\u0107<\/strong><\/p>\n<p><strong><a href=\"http:\/\/www.dan.co.me\/?nivo=3&amp;rubrika=Ekonomija&amp;clanak=323624&amp;datum=2012-03-14\" target=\"_blank\">Izvor\u00a0: DAN<\/a><br \/>\n<!--YouTube Error: bad URL entered--><br \/>\n<\/strong><\/p>\n","protected":false},"excerpt":{"rendered":"<p>\u0160vajcarska banka NLB Interfinans izdala je prije nekoliko dana pod zakup hotel \u201eOtrant\u201d na Velikoj pla\u017ei ulcinjskoj firmi \u201eArgos\u201d, potvr\u0111eno je ju\u010de \u201eDanu\u201d iz vi\u0161e izvora. Kako saznajemo, ugovor o zakupu potpisan je na tri godine, a zakupac nema obavezu da preuzme 61 radnika. Da je \u201eOtrant\u201d i zvani\u010dno preuzela firma \u201eAgros\u201d potvrdio nam je [&hellip;]<\/p>\n","protected":false},"author":1,"featured_media":0,"comment_status":"open","ping_status":"closed","sticky":false,"template":"","format":"standard","meta":{"spay_email":"","jetpack_publicize_message":"","jetpack_is_tweetstorm":false,"jetpack_publicize_feature_enabled":true},"categories":[8337],"tags":[4649],"jetpack_publicize_connections":[],"yoast_head":"<!-- This site is optimized with the Yoast SEO plugin v19.1 - https:\/\/yoast.com\/wordpress\/plugins\/seo\/ -->\n<title>Ulcinjani Paljoka i Mavric zakupili Otrant - Lajme nga Ulqini<\/title>\n<meta name=\"description\" content=\"\u0160vajcarska banka NLB Interfinans izdala je prije nekoliko dana pod zakup hotel \u201eOtrant\u201d na Velikoj pla\u017ei ulcinjskoj firmi \u201eArgos\u201d, potvr\u0111eno je ju\u010de\" \/>\n<meta name=\"robots\" content=\"index, follow, max-snippet:-1, max-image-preview:large, max-video-preview:-1\" \/>\n<link rel=\"canonical\" href=\"https:\/\/www.visit-ulcinj.com\/blog\/2012\/03\/14\/ulcinjani-paljoka-i-mavric-zakupili-otrant\/\" \/>\n<meta property=\"og:locale\" content=\"en_US\" \/>\n<meta property=\"og:type\" content=\"article\" \/>\n<meta property=\"og:title\" content=\"Ulcinjani Paljoka i Mavric zakupili Otrant - Lajme nga Ulqini\" \/>\n<meta property=\"og:description\" content=\"\u0160vajcarska banka NLB Interfinans izdala je prije nekoliko dana pod zakup hotel \u201eOtrant\u201d na Velikoj pla\u017ei ulcinjskoj firmi \u201eArgos\u201d, potvr\u0111eno je ju\u010de\" \/>\n<meta property=\"og:url\" content=\"https:\/\/www.visit-ulcinj.com\/blog\/2012\/03\/14\/ulcinjani-paljoka-i-mavric-zakupili-otrant\/\" \/>\n<meta property=\"og:site_name\" content=\"Lajme nga Ulqini\" \/>\n<meta property=\"article:published_time\" content=\"2012-03-14T11:27:52+00:00\" \/>\n<meta property=\"article:modified_time\" content=\"2012-03-15T06:42:44+00:00\" \/>\n<meta property=\"og:image\" content=\"http:\/\/www.visit-ulcinj.com\/blog\/wp-content\/uploads\/2012\/03\/Edmond-Paloka_Ulcinj.jpg\" \/>\n<meta name=\"twitter:label1\" content=\"Written by\" \/>\n\t<meta name=\"twitter:data1\" content=\"ulqini\" \/>\n\t<meta name=\"twitter:label2\" content=\"Est. reading time\" \/>\n\t<meta name=\"twitter:data2\" content=\"3 minutes\" \/>\n<script type=\"application\/ld+json\" class=\"yoast-schema-graph\">{\"@context\":\"https:\/\/schema.org\",\"@graph\":[{\"@type\":\"WebSite\",\"@id\":\"https:\/\/www.visit-ulcinj.com\/blog\/#website\",\"url\":\"https:\/\/www.visit-ulcinj.com\/blog\/\",\"name\":\"Lajme nga Ulqini\",\"description\":\"Lajme,Vijesti,Ulqini,Ulqin,Crna Gora,Mali i Zi\",\"potentialAction\":[{\"@type\":\"SearchAction\",\"target\":{\"@type\":\"EntryPoint\",\"urlTemplate\":\"https:\/\/www.visit-ulcinj.com\/blog\/?s={search_term_string}\"},\"query-input\":\"required name=search_term_string\"}],\"inLanguage\":\"en-US\"},{\"@type\":\"ImageObject\",\"inLanguage\":\"en-US\",\"@id\":\"https:\/\/www.visit-ulcinj.com\/blog\/2012\/03\/14\/ulcinjani-paljoka-i-mavric-zakupili-otrant\/#primaryimage\",\"url\":\"http:\/\/www.visit-ulcinj.com\/blog\/wp-content\/uploads\/2012\/03\/Edmond-Paloka_Ulcinj.jpg\",\"contentUrl\":\"http:\/\/www.visit-ulcinj.com\/blog\/wp-content\/uploads\/2012\/03\/Edmond-Paloka_Ulcinj.jpg\"},{\"@type\":\"WebPage\",\"@id\":\"https:\/\/www.visit-ulcinj.com\/blog\/2012\/03\/14\/ulcinjani-paljoka-i-mavric-zakupili-otrant\/#webpage\",\"url\":\"https:\/\/www.visit-ulcinj.com\/blog\/2012\/03\/14\/ulcinjani-paljoka-i-mavric-zakupili-otrant\/\",\"name\":\"Ulcinjani Paljoka i Mavric zakupili Otrant - Lajme nga Ulqini\",\"isPartOf\":{\"@id\":\"https:\/\/www.visit-ulcinj.com\/blog\/#website\"},\"primaryImageOfPage\":{\"@id\":\"https:\/\/www.visit-ulcinj.com\/blog\/2012\/03\/14\/ulcinjani-paljoka-i-mavric-zakupili-otrant\/#primaryimage\"},\"datePublished\":\"2012-03-14T11:27:52+00:00\",\"dateModified\":\"2012-03-15T06:42:44+00:00\",\"author\":{\"@id\":\"https:\/\/www.visit-ulcinj.com\/blog\/#\/schema\/person\/dcab619c614d3038751c63bc2aadc06d\"},\"description\":\"\u0160vajcarska banka NLB Interfinans izdala je prije nekoliko dana pod zakup hotel \u201eOtrant\u201d na Velikoj pla\u017ei ulcinjskoj firmi \u201eArgos\u201d, potvr\u0111eno je ju\u010de\",\"breadcrumb\":{\"@id\":\"https:\/\/www.visit-ulcinj.com\/blog\/2012\/03\/14\/ulcinjani-paljoka-i-mavric-zakupili-otrant\/#breadcrumb\"},\"inLanguage\":\"en-US\",\"potentialAction\":[{\"@type\":\"ReadAction\",\"target\":[\"https:\/\/www.visit-ulcinj.com\/blog\/2012\/03\/14\/ulcinjani-paljoka-i-mavric-zakupili-otrant\/\"]}]},{\"@type\":\"BreadcrumbList\",\"@id\":\"https:\/\/www.visit-ulcinj.com\/blog\/2012\/03\/14\/ulcinjani-paljoka-i-mavric-zakupili-otrant\/#breadcrumb\",\"itemListElement\":[{\"@type\":\"ListItem\",\"position\":1,\"name\":\"Ulcinjani Paljoka i Mavric zakupili Otrant\"}]},{\"@type\":\"Person\",\"@id\":\"https:\/\/www.visit-ulcinj.com\/blog\/#\/schema\/person\/dcab619c614d3038751c63bc2aadc06d\",\"name\":\"ulqini\",\"sameAs\":[\"http:\/\/www.visit-ulcinj.com\"],\"url\":\"https:\/\/www.visit-ulcinj.com\/blog\/author\/admin\/\"}]}<\/script>\n<!-- \/ Yoast SEO plugin. -->","yoast_head_json":{"title":"Ulcinjani Paljoka i Mavric zakupili Otrant - Lajme nga Ulqini","description":"\u0160vajcarska banka NLB Interfinans izdala je prije nekoliko dana pod zakup hotel \u201eOtrant\u201d na Velikoj pla\u017ei ulcinjskoj firmi \u201eArgos\u201d, potvr\u0111eno je ju\u010de","robots":{"index":"index","follow":"follow","max-snippet":"max-snippet:-1","max-image-preview":"max-image-preview:large","max-video-preview":"max-video-preview:-1"},"canonical":"https:\/\/www.visit-ulcinj.com\/blog\/2012\/03\/14\/ulcinjani-paljoka-i-mavric-zakupili-otrant\/","og_locale":"en_US","og_type":"article","og_title":"Ulcinjani Paljoka i Mavric zakupili Otrant - Lajme nga Ulqini","og_description":"\u0160vajcarska banka NLB Interfinans izdala je prije nekoliko dana pod zakup hotel \u201eOtrant\u201d na Velikoj pla\u017ei ulcinjskoj firmi \u201eArgos\u201d, potvr\u0111eno je ju\u010de","og_url":"https:\/\/www.visit-ulcinj.com\/blog\/2012\/03\/14\/ulcinjani-paljoka-i-mavric-zakupili-otrant\/","og_site_name":"Lajme nga Ulqini","article_published_time":"2012-03-14T11:27:52+00:00","article_modified_time":"2012-03-15T06:42:44+00:00","og_image":[{"url":"http:\/\/www.visit-ulcinj.com\/blog\/wp-content\/uploads\/2012\/03\/Edmond-Paloka_Ulcinj.jpg"}],"twitter_misc":{"Written by":"ulqini","Est. reading time":"3 minutes"},"schema":{"@context":"https:\/\/schema.org","@graph":[{"@type":"WebSite","@id":"https:\/\/www.visit-ulcinj.com\/blog\/#website","url":"https:\/\/www.visit-ulcinj.com\/blog\/","name":"Lajme nga Ulqini","description":"Lajme,Vijesti,Ulqini,Ulqin,Crna Gora,Mali i Zi","potentialAction":[{"@type":"SearchAction","target":{"@type":"EntryPoint","urlTemplate":"https:\/\/www.visit-ulcinj.com\/blog\/?s={search_term_string}"},"query-input":"required name=search_term_string"}],"inLanguage":"en-US"},{"@type":"ImageObject","inLanguage":"en-US","@id":"https:\/\/www.visit-ulcinj.com\/blog\/2012\/03\/14\/ulcinjani-paljoka-i-mavric-zakupili-otrant\/#primaryimage","url":"http:\/\/www.visit-ulcinj.com\/blog\/wp-content\/uploads\/2012\/03\/Edmond-Paloka_Ulcinj.jpg","contentUrl":"http:\/\/www.visit-ulcinj.com\/blog\/wp-content\/uploads\/2012\/03\/Edmond-Paloka_Ulcinj.jpg"},{"@type":"WebPage","@id":"https:\/\/www.visit-ulcinj.com\/blog\/2012\/03\/14\/ulcinjani-paljoka-i-mavric-zakupili-otrant\/#webpage","url":"https:\/\/www.visit-ulcinj.com\/blog\/2012\/03\/14\/ulcinjani-paljoka-i-mavric-zakupili-otrant\/","name":"Ulcinjani Paljoka i Mavric zakupili Otrant - Lajme nga Ulqini","isPartOf":{"@id":"https:\/\/www.visit-ulcinj.com\/blog\/#website"},"primaryImageOfPage":{"@id":"https:\/\/www.visit-ulcinj.com\/blog\/2012\/03\/14\/ulcinjani-paljoka-i-mavric-zakupili-otrant\/#primaryimage"},"datePublished":"2012-03-14T11:27:52+00:00","dateModified":"2012-03-15T06:42:44+00:00","author":{"@id":"https:\/\/www.visit-ulcinj.com\/blog\/#\/schema\/person\/dcab619c614d3038751c63bc2aadc06d"},"description":"\u0160vajcarska banka NLB Interfinans izdala je prije nekoliko dana pod zakup hotel \u201eOtrant\u201d na Velikoj pla\u017ei ulcinjskoj firmi \u201eArgos\u201d, potvr\u0111eno je ju\u010de","breadcrumb":{"@id":"https:\/\/www.visit-ulcinj.com\/blog\/2012\/03\/14\/ulcinjani-paljoka-i-mavric-zakupili-otrant\/#breadcrumb"},"inLanguage":"en-US","potentialAction":[{"@type":"ReadAction","target":["https:\/\/www.visit-ulcinj.com\/blog\/2012\/03\/14\/ulcinjani-paljoka-i-mavric-zakupili-otrant\/"]}]},{"@type":"BreadcrumbList","@id":"https:\/\/www.visit-ulcinj.com\/blog\/2012\/03\/14\/ulcinjani-paljoka-i-mavric-zakupili-otrant\/#breadcrumb","itemListElement":[{"@type":"ListItem","position":1,"name":"Ulcinjani Paljoka i Mavric zakupili Otrant"}]},{"@type":"Person","@id":"https:\/\/www.visit-ulcinj.com\/blog\/#\/schema\/person\/dcab619c614d3038751c63bc2aadc06d","name":"ulqini","sameAs":["http:\/\/www.visit-ulcinj.com"],"url":"https:\/\/www.visit-ulcinj.com\/blog\/author\/admin\/"}]}},"jetpack_featured_media_url":"","jetpack_sharing_enabled":true,"jetpack_shortlink":"https:\/\/wp.me\/pe6lTn-f8B","_links":{"self":[{"href":"https:\/\/www.visit-ulcinj.com\/blog\/wp-json\/wp\/v2\/posts\/58193"}],"collection":[{"href":"https:\/\/www.visit-ulcinj.com\/blog\/wp-json\/wp\/v2\/posts"}],"about":[{"href":"https:\/\/www.visit-ulcinj.com\/blog\/wp-json\/wp\/v2\/types\/post"}],"author":[{"embeddable":true,"href":"https:\/\/www.visit-ulcinj.com\/blog\/wp-json\/wp\/v2\/users\/1"}],"replies":[{"embeddable":true,"href":"https:\/\/www.visit-ulcinj.com\/blog\/wp-json\/wp\/v2\/comments?post=58193"}],"version-history":[{"count":7,"href":"https:\/\/www.visit-ulcinj.com\/blog\/wp-json\/wp\/v2\/posts\/58193\/revisions"}],"predecessor-version":[{"id":58236,"href":"https:\/\/www.visit-ulcinj.com\/blog\/wp-json\/wp\/v2\/posts\/58193\/revisions\/58236"}],"wp:attachment":[{"href":"https:\/\/www.visit-ulcinj.com\/blog\/wp-json\/wp\/v2\/media?parent=58193"}],"wp:term":[{"taxonomy":"category","embeddable":true,"href":"https:\/\/www.visit-ulcinj.com\/blog\/wp-json\/wp\/v2\/categories?post=58193"},{"taxonomy":"post_tag","embeddable":true,"href":"https:\/\/www.visit-ulcinj.com\/blog\/wp-json\/wp\/v2\/tags?post=58193"}],"curies":[{"name":"wp","href":"https:\/\/api.w.org\/{rel}","templated":true}]}}