{"id":58196,"date":"2012-03-14T18:33:32","date_gmt":"2012-03-14T17:33:32","guid":{"rendered":"http:\/\/www.visit-ulcinj.com\/blog\/?p=58196"},"modified":"2012-03-14T20:35:48","modified_gmt":"2012-03-14T19:35:48","slug":"perurimi-i-librit-bojku-ne-ane-te-malit-nga-shaqir-ismaili","status":"publish","type":"post","link":"https:\/\/www.visit-ulcinj.com\/blog\/2012\/03\/14\/perurimi-i-librit-bojku-ne-ane-te-malit-nga-shaqir-ismaili\/","title":{"rendered":"P\u00ebrurimi i librit &#8220;Bojku n\u00eb An\u00eb t\u00eb Malit&#8221; nga Shaqir Ismaili"},"content":{"rendered":"<p><a href=\"http:\/\/www.visit-ulcinj.com\/blog\/wp-content\/uploads\/2012\/03\/Perurimi-i-librit-Bojku-n\u00eb-An\u00eb-t\u00eb-Malit-\u2013-Monografi-e-autorit-Shaqir-Ismaili.jpg\"><img loading=\"lazy\" class=\"alignleft  wp-image-58197\" title=\"Perurimi i librit Bojku n\u00eb An\u00eb t\u00eb Malit \u2013 Monografi e autorit Shaqir Ismaili\" src=\"http:\/\/www.visit-ulcinj.com\/blog\/wp-content\/uploads\/2012\/03\/Perurimi-i-librit-Bojku-n\u00eb-An\u00eb-t\u00eb-Malit-\u2013-Monografi-e-autorit-Shaqir-Ismaili.jpg\" alt=\"\" width=\"508\" height=\"300\" \/><\/a>Ju ftojme te merrni pjese ne perurimin e librit Bojku n\u00eb An\u00eb t\u00eb Malit \u2013 Monografi e autorit Shaqir Ismaili.<\/p>\n<p>Perurimi do te mbahet dit\u00ebn e shtun\u00eb me 17 mars 2012, ne Sallen e lokalit LAMIGA n\u00eb Kryth\u00eb, me fillim ne ora 19\u00a0:00<\/p>\n<p>Prania juaj nderon autorin dhe organizatoret.<\/p>\n<p>Mir\u00eb se vini\u2026.\u00a0!<\/p>\n<p>Dual nga shtypi monografia &#8220;BOJKU N\u00cb AN\u00cb T\u00cb MALIT&#8221;, t\u00eb autorit Shaqir Ismaili, i cili , krahas profesionit t\u00eb imamit, n\u00eb vitet 70- t\u00eb t\u00eb shekullit t\u00eb kaluar, \u00ebsht\u00eb interesuar mbi historin\u00eb e katundit t\u00eb vendlindjes, BOJK, duke u p\u00ebrqendruar n\u00eb gur\u00ebt e varreve,,mbishkrimet- epitafet me shkronja arabe &#8212; osmane t\u00eb vjetra, emrat e personave n\u00eb shekujt 19 dhe 20 ,pa t\u00eb cil\u00ebt, si\u00e7 shprehet Ismaili , nuk do t\u00eb ishte e mundur q\u00eb t\u00eb p\u00ebrshkruhet e kaluara e fshatit BOJK.<br \/>\nMonografina &#8220;BOJKU N\u00cb ANE T\u00cb MALIT&#8221; ndahet n\u00eb n\u00ebnt\u00eb cikle , t\u00eb cil\u00ebt sintetizohen n\u00eb nj\u00eb nj\u00ebsi edhe spikaten p\u00ebr informacionet e konsiderushem q\u00eb jepen nga kaptina e par\u00eb- Ana e Malit &#8212; krahin\u00eb e ve\u00e7ant\u00eb etnografike.<br \/>\nNj\u00eb vend t\u00eb posa\u00e7\u00ebm autori u ka kushtuar rrethanave shoq\u00ebrore-historike , pastaj kaptina mbulon periudh\u00ebn &#8220;Koha e Shkjaut t\u00eb pare&#8221;,dhe pasojn\u00eb e Luft\u00ebs ballkanike 1912- 1913, Koha e luft\u00ebs s\u00eb par\u00eb bot\u00ebrore, Periudha e sundimit t\u00eb dinastis\u00eb s\u00eb karagjorgjeviq\u00ebve, traditat dhe adetet, Lufta e dyt\u00eb bot\u00ebrore, p\u00ebr t\u00eb p\u00ebrfunduar me periudh\u00ebn pas luft\u00ebs s\u00eb dyt\u00eb bot\u00ebrore.<br \/>\nShaqir Ismaili shihet se ka p\u00ebrdorur nj\u00eb vist\u00ebr t\u00eb gjer\u00eb t\u00eb literatur\u00ebs shkencore q\u00eb nd\u00ebrlidhen me tem\u00ebn bosht, BOJKUN.<br \/>\nMonografia &#8220;BOJKU N\u00cb AN\u00cb T\u00cb MALIT&#8221; mban firm\u00ebn e<br \/>\nArt Club-it t\u00eb Ulqinit edhe redaktor i botimit \u00ebsht\u00eb Dr. Nail Draga.<\/p>\n<p><strong>Lajme nga Ulqini<\/strong><\/p>\n<p><!--YouTube Error: bad URL entered--><br \/>\n<span style=\"color: #ffffff;\">Q\u00eb te ket\u00eb reklama e librit suksese jemi t\u00eb detyruar t\u00eb perdorim gjith\u00eb fshatrat e Ulqinit,pra kritikat e juaja zduhet t\u00eb ken koment mbi fshatrat q\u00eb po i permendim. Amulli, Bojku, Brajsha, Bratica, Darza, Dragaj, Fraskanjeli, Kalimani, Kat\u00ebrkolla, Kodra, Kollombza, Kosiqi, Kravari, Krytha, Kru\u00e7i, Leskoci, Megjure\u00e7i, Mali i Bardh,Mali I Briskut, Milla, Mozhura, Pistulli, Qurkaj, Rrastisha, Re\u00e7i, Sal\u00e7i, Shasi, Sh\u00ebngjergji, Shtodra, Shtoj i Posht\u00ebm, Shtoj i Sip\u00ebrm, Sukubina, Sutjelli,Ulqin,Ulqini.<\/span><\/p>\n","protected":false},"excerpt":{"rendered":"<p>Ju ftojme te merrni pjese ne perurimin e librit Bojku n\u00eb An\u00eb t\u00eb Malit \u2013 Monografi e autorit Shaqir Ismaili. Perurimi do te mbahet dit\u00ebn e shtun\u00eb me 17 mars 2012, ne Sallen e lokalit LAMIGA n\u00eb Kryth\u00eb, me fillim ne ora 19\u00a0:00 Prania juaj nderon autorin dhe organizatoret. Mir\u00eb se vini\u2026.\u00a0! Dual nga shtypi [&hellip;]<\/p>\n","protected":false},"author":1,"featured_media":0,"comment_status":"open","ping_status":"closed","sticky":false,"template":"","format":"standard","meta":{"spay_email":"","jetpack_publicize_message":"","jetpack_is_tweetstorm":false,"jetpack_publicize_feature_enabled":true},"categories":[4],"tags":[3505,3510,3502,714,14356,14652,3504,3506,3499,14653,14654,14655,3500,14701,3228,14657,14702,14660,14658,3227,14661,14662,14663,14665,14664,14666,14704,3231,14667,14703,14374,14669,3498,14670,200,18],"jetpack_publicize_connections":[],"yoast_head":"<!-- This site is optimized with the Yoast SEO plugin v19.1 - https:\/\/yoast.com\/wordpress\/plugins\/seo\/ -->\n<title>P\u00ebrurimi i librit &quot;Bojku n\u00eb An\u00eb t\u00eb Malit&quot; nga Shaqir Ismaili - Lajme nga Ulqini<\/title>\n<meta name=\"description\" content=\"Ju ftojme te merrni pjese ne perurimin e librit Bojku n\u00eb An\u00eb t\u00eb Malit \u2013 Monografi e autorit Shaqir Ismaili. Perurimi do te mbahet dit\u00ebn e shtun\u00eb me 17\" \/>\n<meta name=\"robots\" content=\"index, follow, max-snippet:-1, max-image-preview:large, max-video-preview:-1\" \/>\n<link rel=\"canonical\" href=\"https:\/\/www.visit-ulcinj.com\/blog\/2012\/03\/14\/perurimi-i-librit-bojku-ne-ane-te-malit-nga-shaqir-ismaili\/\" \/>\n<meta property=\"og:locale\" content=\"en_US\" \/>\n<meta property=\"og:type\" content=\"article\" \/>\n<meta property=\"og:title\" content=\"P\u00ebrurimi i librit &quot;Bojku n\u00eb An\u00eb t\u00eb Malit&quot; nga Shaqir Ismaili - Lajme nga Ulqini\" \/>\n<meta property=\"og:description\" content=\"Ju ftojme te merrni pjese ne perurimin e librit Bojku n\u00eb An\u00eb t\u00eb Malit \u2013 Monografi e autorit Shaqir Ismaili. Perurimi do te mbahet dit\u00ebn e shtun\u00eb me 17\" \/>\n<meta property=\"og:url\" content=\"https:\/\/www.visit-ulcinj.com\/blog\/2012\/03\/14\/perurimi-i-librit-bojku-ne-ane-te-malit-nga-shaqir-ismaili\/\" \/>\n<meta property=\"og:site_name\" content=\"Lajme nga Ulqini\" \/>\n<meta property=\"article:published_time\" content=\"2012-03-14T17:33:32+00:00\" \/>\n<meta property=\"article:modified_time\" content=\"2012-03-14T19:35:48+00:00\" \/>\n<meta name=\"twitter:label1\" content=\"Written by\" \/>\n\t<meta name=\"twitter:data1\" content=\"ulqini\" \/>\n\t<meta name=\"twitter:label2\" content=\"Est. reading time\" \/>\n\t<meta name=\"twitter:data2\" content=\"2 minutes\" \/>\n<script type=\"application\/ld+json\" class=\"yoast-schema-graph\">{\"@context\":\"https:\/\/schema.org\",\"@graph\":[{\"@type\":\"WebSite\",\"@id\":\"https:\/\/www.visit-ulcinj.com\/blog\/#website\",\"url\":\"https:\/\/www.visit-ulcinj.com\/blog\/\",\"name\":\"Lajme nga Ulqini\",\"description\":\"Lajme,Vijesti,Ulqini,Ulqin,Crna Gora,Mali i Zi\",\"potentialAction\":[{\"@type\":\"SearchAction\",\"target\":{\"@type\":\"EntryPoint\",\"urlTemplate\":\"https:\/\/www.visit-ulcinj.com\/blog\/?s={search_term_string}\"},\"query-input\":\"required name=search_term_string\"}],\"inLanguage\":\"en-US\"},{\"@type\":\"WebPage\",\"@id\":\"https:\/\/www.visit-ulcinj.com\/blog\/2012\/03\/14\/perurimi-i-librit-bojku-ne-ane-te-malit-nga-shaqir-ismaili\/#webpage\",\"url\":\"https:\/\/www.visit-ulcinj.com\/blog\/2012\/03\/14\/perurimi-i-librit-bojku-ne-ane-te-malit-nga-shaqir-ismaili\/\",\"name\":\"P\u00ebrurimi i librit \\\"Bojku n\u00eb An\u00eb t\u00eb Malit\\\" nga Shaqir Ismaili - Lajme nga Ulqini\",\"isPartOf\":{\"@id\":\"https:\/\/www.visit-ulcinj.com\/blog\/#website\"},\"datePublished\":\"2012-03-14T17:33:32+00:00\",\"dateModified\":\"2012-03-14T19:35:48+00:00\",\"author\":{\"@id\":\"https:\/\/www.visit-ulcinj.com\/blog\/#\/schema\/person\/dcab619c614d3038751c63bc2aadc06d\"},\"description\":\"Ju ftojme te merrni pjese ne perurimin e librit Bojku n\u00eb An\u00eb t\u00eb Malit \u2013 Monografi e autorit Shaqir Ismaili. Perurimi do te mbahet dit\u00ebn e shtun\u00eb me 17\",\"breadcrumb\":{\"@id\":\"https:\/\/www.visit-ulcinj.com\/blog\/2012\/03\/14\/perurimi-i-librit-bojku-ne-ane-te-malit-nga-shaqir-ismaili\/#breadcrumb\"},\"inLanguage\":\"en-US\",\"potentialAction\":[{\"@type\":\"ReadAction\",\"target\":[\"https:\/\/www.visit-ulcinj.com\/blog\/2012\/03\/14\/perurimi-i-librit-bojku-ne-ane-te-malit-nga-shaqir-ismaili\/\"]}]},{\"@type\":\"BreadcrumbList\",\"@id\":\"https:\/\/www.visit-ulcinj.com\/blog\/2012\/03\/14\/perurimi-i-librit-bojku-ne-ane-te-malit-nga-shaqir-ismaili\/#breadcrumb\",\"itemListElement\":[{\"@type\":\"ListItem\",\"position\":1,\"name\":\"P\u00ebrurimi i librit &#8220;Bojku n\u00eb An\u00eb t\u00eb Malit&#8221; nga Shaqir Ismaili\"}]},{\"@type\":\"Person\",\"@id\":\"https:\/\/www.visit-ulcinj.com\/blog\/#\/schema\/person\/dcab619c614d3038751c63bc2aadc06d\",\"name\":\"ulqini\",\"sameAs\":[\"http:\/\/www.visit-ulcinj.com\"],\"url\":\"https:\/\/www.visit-ulcinj.com\/blog\/author\/admin\/\"}]}<\/script>\n<!-- \/ Yoast SEO plugin. -->","yoast_head_json":{"title":"P\u00ebrurimi i librit \"Bojku n\u00eb An\u00eb t\u00eb Malit\" nga Shaqir Ismaili - Lajme nga Ulqini","description":"Ju ftojme te merrni pjese ne perurimin e librit Bojku n\u00eb An\u00eb t\u00eb Malit \u2013 Monografi e autorit Shaqir Ismaili. Perurimi do te mbahet dit\u00ebn e shtun\u00eb me 17","robots":{"index":"index","follow":"follow","max-snippet":"max-snippet:-1","max-image-preview":"max-image-preview:large","max-video-preview":"max-video-preview:-1"},"canonical":"https:\/\/www.visit-ulcinj.com\/blog\/2012\/03\/14\/perurimi-i-librit-bojku-ne-ane-te-malit-nga-shaqir-ismaili\/","og_locale":"en_US","og_type":"article","og_title":"P\u00ebrurimi i librit \"Bojku n\u00eb An\u00eb t\u00eb Malit\" nga Shaqir Ismaili - Lajme nga Ulqini","og_description":"Ju ftojme te merrni pjese ne perurimin e librit Bojku n\u00eb An\u00eb t\u00eb Malit \u2013 Monografi e autorit Shaqir Ismaili. Perurimi do te mbahet dit\u00ebn e shtun\u00eb me 17","og_url":"https:\/\/www.visit-ulcinj.com\/blog\/2012\/03\/14\/perurimi-i-librit-bojku-ne-ane-te-malit-nga-shaqir-ismaili\/","og_site_name":"Lajme nga Ulqini","article_published_time":"2012-03-14T17:33:32+00:00","article_modified_time":"2012-03-14T19:35:48+00:00","twitter_misc":{"Written by":"ulqini","Est. reading time":"2 minutes"},"schema":{"@context":"https:\/\/schema.org","@graph":[{"@type":"WebSite","@id":"https:\/\/www.visit-ulcinj.com\/blog\/#website","url":"https:\/\/www.visit-ulcinj.com\/blog\/","name":"Lajme nga Ulqini","description":"Lajme,Vijesti,Ulqini,Ulqin,Crna Gora,Mali i Zi","potentialAction":[{"@type":"SearchAction","target":{"@type":"EntryPoint","urlTemplate":"https:\/\/www.visit-ulcinj.com\/blog\/?s={search_term_string}"},"query-input":"required name=search_term_string"}],"inLanguage":"en-US"},{"@type":"WebPage","@id":"https:\/\/www.visit-ulcinj.com\/blog\/2012\/03\/14\/perurimi-i-librit-bojku-ne-ane-te-malit-nga-shaqir-ismaili\/#webpage","url":"https:\/\/www.visit-ulcinj.com\/blog\/2012\/03\/14\/perurimi-i-librit-bojku-ne-ane-te-malit-nga-shaqir-ismaili\/","name":"P\u00ebrurimi i librit \"Bojku n\u00eb An\u00eb t\u00eb Malit\" nga Shaqir Ismaili - Lajme nga Ulqini","isPartOf":{"@id":"https:\/\/www.visit-ulcinj.com\/blog\/#website"},"datePublished":"2012-03-14T17:33:32+00:00","dateModified":"2012-03-14T19:35:48+00:00","author":{"@id":"https:\/\/www.visit-ulcinj.com\/blog\/#\/schema\/person\/dcab619c614d3038751c63bc2aadc06d"},"description":"Ju ftojme te merrni pjese ne perurimin e librit Bojku n\u00eb An\u00eb t\u00eb Malit \u2013 Monografi e autorit Shaqir Ismaili. Perurimi do te mbahet dit\u00ebn e shtun\u00eb me 17","breadcrumb":{"@id":"https:\/\/www.visit-ulcinj.com\/blog\/2012\/03\/14\/perurimi-i-librit-bojku-ne-ane-te-malit-nga-shaqir-ismaili\/#breadcrumb"},"inLanguage":"en-US","potentialAction":[{"@type":"ReadAction","target":["https:\/\/www.visit-ulcinj.com\/blog\/2012\/03\/14\/perurimi-i-librit-bojku-ne-ane-te-malit-nga-shaqir-ismaili\/"]}]},{"@type":"BreadcrumbList","@id":"https:\/\/www.visit-ulcinj.com\/blog\/2012\/03\/14\/perurimi-i-librit-bojku-ne-ane-te-malit-nga-shaqir-ismaili\/#breadcrumb","itemListElement":[{"@type":"ListItem","position":1,"name":"P\u00ebrurimi i librit &#8220;Bojku n\u00eb An\u00eb t\u00eb Malit&#8221; nga Shaqir Ismaili"}]},{"@type":"Person","@id":"https:\/\/www.visit-ulcinj.com\/blog\/#\/schema\/person\/dcab619c614d3038751c63bc2aadc06d","name":"ulqini","sameAs":["http:\/\/www.visit-ulcinj.com"],"url":"https:\/\/www.visit-ulcinj.com\/blog\/author\/admin\/"}]}},"jetpack_featured_media_url":"","jetpack_sharing_enabled":true,"jetpack_shortlink":"https:\/\/wp.me\/pe6lTn-f8E","_links":{"self":[{"href":"https:\/\/www.visit-ulcinj.com\/blog\/wp-json\/wp\/v2\/posts\/58196"}],"collection":[{"href":"https:\/\/www.visit-ulcinj.com\/blog\/wp-json\/wp\/v2\/posts"}],"about":[{"href":"https:\/\/www.visit-ulcinj.com\/blog\/wp-json\/wp\/v2\/types\/post"}],"author":[{"embeddable":true,"href":"https:\/\/www.visit-ulcinj.com\/blog\/wp-json\/wp\/v2\/users\/1"}],"replies":[{"embeddable":true,"href":"https:\/\/www.visit-ulcinj.com\/blog\/wp-json\/wp\/v2\/comments?post=58196"}],"version-history":[{"count":4,"href":"https:\/\/www.visit-ulcinj.com\/blog\/wp-json\/wp\/v2\/posts\/58196\/revisions"}],"predecessor-version":[{"id":58214,"href":"https:\/\/www.visit-ulcinj.com\/blog\/wp-json\/wp\/v2\/posts\/58196\/revisions\/58214"}],"wp:attachment":[{"href":"https:\/\/www.visit-ulcinj.com\/blog\/wp-json\/wp\/v2\/media?parent=58196"}],"wp:term":[{"taxonomy":"category","embeddable":true,"href":"https:\/\/www.visit-ulcinj.com\/blog\/wp-json\/wp\/v2\/categories?post=58196"},{"taxonomy":"post_tag","embeddable":true,"href":"https:\/\/www.visit-ulcinj.com\/blog\/wp-json\/wp\/v2\/tags?post=58196"}],"curies":[{"name":"wp","href":"https:\/\/api.w.org\/{rel}","templated":true}]}}