{"id":582,"date":"2008-02-20T14:19:16","date_gmt":"2008-02-20T19:19:16","guid":{"rendered":"http:\/\/www.visit-ulcinj.com\/blog\/2008\/02\/20\/osterreicher-wird-neues-eu-delegationsburo-in-montenegro-managen\/"},"modified":"2008-02-20T14:21:35","modified_gmt":"2008-02-20T19:21:35","slug":"osterreicher-wird-neues-eu-delegationsburo-in-montenegro-managen","status":"publish","type":"post","link":"https:\/\/www.visit-ulcinj.com\/blog\/2008\/02\/20\/osterreicher-wird-neues-eu-delegationsburo-in-montenegro-managen\/","title":{"rendered":"\u00d6sterreicher wird neues EU-Delegationsb\u00fcro in Montenegro managen"},"content":{"rendered":"<p><a href=\"http:\/\/www.wirtschaftsblatt.at\/home\/international\/osteuropa\/314269\/index.do#\" title=\"Ulcinj-ulqini-ulqin,montenegro\" target=\"_blank\"><img loading=\"lazy\" src=\"http:\/\/www.wirtschaftsblatt.at\/images\/uploads_180\/b\/9\/d\/314269\/MaurerLeopold1_SB20080220161639.jpg\" align=\"left\" height=\"120\" width=\"180\" \/><strong>Rund 40 Experten sollen in der EU-Niederlassung in Podgorica arbeiten. Leiter wird der Nieder\u00f6sterreicher Leopold Maurer. Spannende Zeiten stehen bevor: Denn Montenegro zieht es in Richtung EU.<\/strong><\/a><br \/>\nBr\u00fcssel. Die EU-Kommission er\u00f6ffnet im M\u00e4rz ein Delegationsb\u00fcro in Montenegro. Leiter wird der \u00d6sterreicher Leopold Maurer. Bis zum Sommer soll der Personalstand 20 Mitarbeiter erreichen, bis Mitte 2009 wird auf rund 40 Besch\u00e4ftigte aufgestockt. &#8220;Wir \u00fcbernehmen Personal der Agentur f\u00fcr den Wiederaufbau, die mit Jahresende geschlossen wird&#8221;, sagt Maurer. Die Agentur hat die EU-Hilfe f\u00fcr den Neubau der durch Krieg zerst\u00f6rten Infrastruktur am Balkan gemanagt und ist noch mit mehreren B\u00fcros in der Region vertreten.<br \/>\nMaurer und sein Team werden in bewegten Zeiten eine Br\u00fcckenfunktion zwischen Br\u00fcssel und Podgorica aus\u00fcben: Montenegro befindet sich am ersten St\u00fcck des Weges in Richtung EU-Mitgliedschaft. Ein Assoziierungs- und Stabilisierungsabkommen mit der EU wurde im Oktober 2007 unterzeichnet. Die Ratifizierung ist im Gange.<br \/>\nAls n\u00e4chstes d\u00fcrfte der Adria-Anrainer, der sich im Juni 2006 von Serbien losgesagt hat, einen Beitrittsantrag an die EU stellen. Dieser k\u00f6nnte noch unter slowenischer Pr\u00e4sidentschaft \u2013 sie dauert bis Ende Juni \u2013 in Br\u00fcssel eintreffen. Erh\u00e4lt Montenegro EU-Kandidatenstatus, startet die m\u00fchevolle Durchforstung des Rechtsbestands.<br \/>\nDurch die Ann\u00e4herung an die EU werden die ausl\u00e4ndischen Investitionen in Montenegro steigen, ist Maurer \u00fcberzeugt. &#8220;Das haben wir bei allen Kandidaten gesehen.&#8221;<br \/>\nGanz oben auf der To-do-Liste f\u00fcr Podgorica stehen der Kampf gegen die Korruption und gegen das organisierte Verbrechen sowie die St\u00e4rkung des Rechtsstaats. Die EU unterst\u00fctzt Montenegro mit mehr als 30 Millionen \u20ac j\u00e4hrlich. Das Geld soll unter anderem in die administrativen Kapazit\u00e4ten fliessen. Die EU-Delegation vor Ort wird die Implementierung \u00fcberwachen.<br \/>\n<strong><br \/>\nBalkan-Erfahrung<\/strong><\/p>\n<p>Maurer, der seit Mai 1997 f\u00fcr die EU-Kommission arbeitet, hat Erfahrung mit heiklen Balkan- und Erweiterungstehmen: Er war im Zuge der Erweiterungsrunde von 2004 f\u00fcr Zypern zust\u00e4ndig und danach Kontaktperson der Br\u00fcsseler Beh\u00f6rde f\u00fcr die Kosovo-Statusverhandlungen.<\/p>\n","protected":false},"excerpt":{"rendered":"<p><img loading=\"lazy\" src=\"http:\/\/www.wirtschaftsblatt.at\/images\/uploads_180\/b\/9\/d\/314269\/MaurerLeopold1_SB20080220161639.jpg\" align=\"left\" height=\"140\" width=\"140\" \/><\/p>\n","protected":false},"author":1,"featured_media":0,"comment_status":"open","ping_status":"closed","sticky":false,"template":"","format":"standard","meta":{"spay_email":"","jetpack_publicize_message":"","jetpack_is_tweetstorm":false,"jetpack_publicize_feature_enabled":true},"categories":[12],"tags":[1544,1594,1712,1711,1709,1707,79,1708,92,1710,1713],"jetpack_publicize_connections":[],"yoast_head":"<!-- This site is optimized with the Yoast SEO plugin v19.1 - https:\/\/yoast.com\/wordpress\/plugins\/seo\/ -->\n<title>\u00d6sterreicher wird neues EU-Delegationsb\u00fcro in Montenegro managen - Lajme nga Ulqini<\/title>\n<meta name=\"robots\" content=\"index, follow, max-snippet:-1, max-image-preview:large, max-video-preview:-1\" \/>\n<link rel=\"canonical\" href=\"https:\/\/www.visit-ulcinj.com\/blog\/2008\/02\/20\/osterreicher-wird-neues-eu-delegationsburo-in-montenegro-managen\/\" \/>\n<meta property=\"og:locale\" content=\"en_US\" \/>\n<meta property=\"og:type\" content=\"article\" \/>\n<meta property=\"og:title\" content=\"\u00d6sterreicher wird neues EU-Delegationsb\u00fcro in Montenegro managen - Lajme nga Ulqini\" \/>\n<meta property=\"og:url\" content=\"https:\/\/www.visit-ulcinj.com\/blog\/2008\/02\/20\/osterreicher-wird-neues-eu-delegationsburo-in-montenegro-managen\/\" \/>\n<meta property=\"og:site_name\" content=\"Lajme nga Ulqini\" \/>\n<meta property=\"article:published_time\" content=\"2008-02-20T19:19:16+00:00\" \/>\n<meta property=\"article:modified_time\" content=\"2008-02-20T19:21:35+00:00\" \/>\n<meta property=\"og:image\" content=\"http:\/\/www.wirtschaftsblatt.at\/images\/uploads_180\/b\/9\/d\/314269\/MaurerLeopold1_SB20080220161639.jpg\" \/>\n<meta name=\"twitter:label1\" content=\"Written by\" \/>\n\t<meta name=\"twitter:data1\" content=\"ulqini\" \/>\n\t<meta name=\"twitter:label2\" content=\"Est. reading time\" \/>\n\t<meta name=\"twitter:data2\" content=\"2 minutes\" \/>\n<script type=\"application\/ld+json\" class=\"yoast-schema-graph\">{\"@context\":\"https:\/\/schema.org\",\"@graph\":[{\"@type\":\"WebSite\",\"@id\":\"https:\/\/www.visit-ulcinj.com\/blog\/#website\",\"url\":\"https:\/\/www.visit-ulcinj.com\/blog\/\",\"name\":\"Lajme nga Ulqini\",\"description\":\"Lajme,Vijesti,Ulqini,Ulqin,Crna Gora,Mali i Zi\",\"potentialAction\":[{\"@type\":\"SearchAction\",\"target\":{\"@type\":\"EntryPoint\",\"urlTemplate\":\"https:\/\/www.visit-ulcinj.com\/blog\/?s={search_term_string}\"},\"query-input\":\"required name=search_term_string\"}],\"inLanguage\":\"en-US\"},{\"@type\":\"ImageObject\",\"inLanguage\":\"en-US\",\"@id\":\"https:\/\/www.visit-ulcinj.com\/blog\/2008\/02\/20\/osterreicher-wird-neues-eu-delegationsburo-in-montenegro-managen\/#primaryimage\",\"url\":\"http:\/\/www.wirtschaftsblatt.at\/images\/uploads_180\/b\/9\/d\/314269\/MaurerLeopold1_SB20080220161639.jpg\",\"contentUrl\":\"http:\/\/www.wirtschaftsblatt.at\/images\/uploads_180\/b\/9\/d\/314269\/MaurerLeopold1_SB20080220161639.jpg\"},{\"@type\":\"WebPage\",\"@id\":\"https:\/\/www.visit-ulcinj.com\/blog\/2008\/02\/20\/osterreicher-wird-neues-eu-delegationsburo-in-montenegro-managen\/#webpage\",\"url\":\"https:\/\/www.visit-ulcinj.com\/blog\/2008\/02\/20\/osterreicher-wird-neues-eu-delegationsburo-in-montenegro-managen\/\",\"name\":\"\u00d6sterreicher wird neues EU-Delegationsb\u00fcro in Montenegro managen - Lajme nga Ulqini\",\"isPartOf\":{\"@id\":\"https:\/\/www.visit-ulcinj.com\/blog\/#website\"},\"primaryImageOfPage\":{\"@id\":\"https:\/\/www.visit-ulcinj.com\/blog\/2008\/02\/20\/osterreicher-wird-neues-eu-delegationsburo-in-montenegro-managen\/#primaryimage\"},\"datePublished\":\"2008-02-20T19:19:16+00:00\",\"dateModified\":\"2008-02-20T19:21:35+00:00\",\"author\":{\"@id\":\"https:\/\/www.visit-ulcinj.com\/blog\/#\/schema\/person\/dcab619c614d3038751c63bc2aadc06d\"},\"breadcrumb\":{\"@id\":\"https:\/\/www.visit-ulcinj.com\/blog\/2008\/02\/20\/osterreicher-wird-neues-eu-delegationsburo-in-montenegro-managen\/#breadcrumb\"},\"inLanguage\":\"en-US\",\"potentialAction\":[{\"@type\":\"ReadAction\",\"target\":[\"https:\/\/www.visit-ulcinj.com\/blog\/2008\/02\/20\/osterreicher-wird-neues-eu-delegationsburo-in-montenegro-managen\/\"]}]},{\"@type\":\"BreadcrumbList\",\"@id\":\"https:\/\/www.visit-ulcinj.com\/blog\/2008\/02\/20\/osterreicher-wird-neues-eu-delegationsburo-in-montenegro-managen\/#breadcrumb\",\"itemListElement\":[{\"@type\":\"ListItem\",\"position\":1,\"name\":\"\u00d6sterreicher wird neues EU-Delegationsb\u00fcro in Montenegro managen\"}]},{\"@type\":\"Person\",\"@id\":\"https:\/\/www.visit-ulcinj.com\/blog\/#\/schema\/person\/dcab619c614d3038751c63bc2aadc06d\",\"name\":\"ulqini\",\"sameAs\":[\"http:\/\/www.visit-ulcinj.com\"],\"url\":\"https:\/\/www.visit-ulcinj.com\/blog\/author\/admin\/\"}]}<\/script>\n<!-- \/ Yoast SEO plugin. -->","yoast_head_json":{"title":"\u00d6sterreicher wird neues EU-Delegationsb\u00fcro in Montenegro managen - Lajme nga Ulqini","robots":{"index":"index","follow":"follow","max-snippet":"max-snippet:-1","max-image-preview":"max-image-preview:large","max-video-preview":"max-video-preview:-1"},"canonical":"https:\/\/www.visit-ulcinj.com\/blog\/2008\/02\/20\/osterreicher-wird-neues-eu-delegationsburo-in-montenegro-managen\/","og_locale":"en_US","og_type":"article","og_title":"\u00d6sterreicher wird neues EU-Delegationsb\u00fcro in Montenegro managen - Lajme nga Ulqini","og_url":"https:\/\/www.visit-ulcinj.com\/blog\/2008\/02\/20\/osterreicher-wird-neues-eu-delegationsburo-in-montenegro-managen\/","og_site_name":"Lajme nga Ulqini","article_published_time":"2008-02-20T19:19:16+00:00","article_modified_time":"2008-02-20T19:21:35+00:00","og_image":[{"url":"http:\/\/www.wirtschaftsblatt.at\/images\/uploads_180\/b\/9\/d\/314269\/MaurerLeopold1_SB20080220161639.jpg"}],"twitter_misc":{"Written by":"ulqini","Est. reading time":"2 minutes"},"schema":{"@context":"https:\/\/schema.org","@graph":[{"@type":"WebSite","@id":"https:\/\/www.visit-ulcinj.com\/blog\/#website","url":"https:\/\/www.visit-ulcinj.com\/blog\/","name":"Lajme nga Ulqini","description":"Lajme,Vijesti,Ulqini,Ulqin,Crna Gora,Mali i Zi","potentialAction":[{"@type":"SearchAction","target":{"@type":"EntryPoint","urlTemplate":"https:\/\/www.visit-ulcinj.com\/blog\/?s={search_term_string}"},"query-input":"required name=search_term_string"}],"inLanguage":"en-US"},{"@type":"ImageObject","inLanguage":"en-US","@id":"https:\/\/www.visit-ulcinj.com\/blog\/2008\/02\/20\/osterreicher-wird-neues-eu-delegationsburo-in-montenegro-managen\/#primaryimage","url":"http:\/\/www.wirtschaftsblatt.at\/images\/uploads_180\/b\/9\/d\/314269\/MaurerLeopold1_SB20080220161639.jpg","contentUrl":"http:\/\/www.wirtschaftsblatt.at\/images\/uploads_180\/b\/9\/d\/314269\/MaurerLeopold1_SB20080220161639.jpg"},{"@type":"WebPage","@id":"https:\/\/www.visit-ulcinj.com\/blog\/2008\/02\/20\/osterreicher-wird-neues-eu-delegationsburo-in-montenegro-managen\/#webpage","url":"https:\/\/www.visit-ulcinj.com\/blog\/2008\/02\/20\/osterreicher-wird-neues-eu-delegationsburo-in-montenegro-managen\/","name":"\u00d6sterreicher wird neues EU-Delegationsb\u00fcro in Montenegro managen - Lajme nga Ulqini","isPartOf":{"@id":"https:\/\/www.visit-ulcinj.com\/blog\/#website"},"primaryImageOfPage":{"@id":"https:\/\/www.visit-ulcinj.com\/blog\/2008\/02\/20\/osterreicher-wird-neues-eu-delegationsburo-in-montenegro-managen\/#primaryimage"},"datePublished":"2008-02-20T19:19:16+00:00","dateModified":"2008-02-20T19:21:35+00:00","author":{"@id":"https:\/\/www.visit-ulcinj.com\/blog\/#\/schema\/person\/dcab619c614d3038751c63bc2aadc06d"},"breadcrumb":{"@id":"https:\/\/www.visit-ulcinj.com\/blog\/2008\/02\/20\/osterreicher-wird-neues-eu-delegationsburo-in-montenegro-managen\/#breadcrumb"},"inLanguage":"en-US","potentialAction":[{"@type":"ReadAction","target":["https:\/\/www.visit-ulcinj.com\/blog\/2008\/02\/20\/osterreicher-wird-neues-eu-delegationsburo-in-montenegro-managen\/"]}]},{"@type":"BreadcrumbList","@id":"https:\/\/www.visit-ulcinj.com\/blog\/2008\/02\/20\/osterreicher-wird-neues-eu-delegationsburo-in-montenegro-managen\/#breadcrumb","itemListElement":[{"@type":"ListItem","position":1,"name":"\u00d6sterreicher wird neues EU-Delegationsb\u00fcro in Montenegro managen"}]},{"@type":"Person","@id":"https:\/\/www.visit-ulcinj.com\/blog\/#\/schema\/person\/dcab619c614d3038751c63bc2aadc06d","name":"ulqini","sameAs":["http:\/\/www.visit-ulcinj.com"],"url":"https:\/\/www.visit-ulcinj.com\/blog\/author\/admin\/"}]}},"jetpack_featured_media_url":"","jetpack_sharing_enabled":true,"jetpack_shortlink":"https:\/\/wp.me\/pe6lTn-9o","_links":{"self":[{"href":"https:\/\/www.visit-ulcinj.com\/blog\/wp-json\/wp\/v2\/posts\/582"}],"collection":[{"href":"https:\/\/www.visit-ulcinj.com\/blog\/wp-json\/wp\/v2\/posts"}],"about":[{"href":"https:\/\/www.visit-ulcinj.com\/blog\/wp-json\/wp\/v2\/types\/post"}],"author":[{"embeddable":true,"href":"https:\/\/www.visit-ulcinj.com\/blog\/wp-json\/wp\/v2\/users\/1"}],"replies":[{"embeddable":true,"href":"https:\/\/www.visit-ulcinj.com\/blog\/wp-json\/wp\/v2\/comments?post=582"}],"version-history":[{"count":0,"href":"https:\/\/www.visit-ulcinj.com\/blog\/wp-json\/wp\/v2\/posts\/582\/revisions"}],"wp:attachment":[{"href":"https:\/\/www.visit-ulcinj.com\/blog\/wp-json\/wp\/v2\/media?parent=582"}],"wp:term":[{"taxonomy":"category","embeddable":true,"href":"https:\/\/www.visit-ulcinj.com\/blog\/wp-json\/wp\/v2\/categories?post=582"},{"taxonomy":"post_tag","embeddable":true,"href":"https:\/\/www.visit-ulcinj.com\/blog\/wp-json\/wp\/v2\/tags?post=582"}],"curies":[{"name":"wp","href":"https:\/\/api.w.org\/{rel}","templated":true}]}}