{"id":58202,"date":"2012-03-14T18:59:21","date_gmt":"2012-03-14T17:59:21","guid":{"rendered":"http:\/\/www.visit-ulcinj.com\/blog\/?p=58202"},"modified":"2012-03-14T18:59:21","modified_gmt":"2012-03-14T17:59:21","slug":"shqiptaret-kane-te-drejte-ne-perdorimin-e-gjuhes-se-vet-ne-procedurat-administrative","status":"publish","type":"post","link":"https:\/\/www.visit-ulcinj.com\/blog\/2012\/03\/14\/shqiptaret-kane-te-drejte-ne-perdorimin-e-gjuhes-se-vet-ne-procedurat-administrative\/","title":{"rendered":"Shqiptar\u00ebt kan\u00eb t\u00eb drejt\u00eb n\u00eb p\u00ebrdorimin e gjuh\u00ebs s\u00eb vet n\u00eb procedurat administrative"},"content":{"rendered":"<p><a href=\"http:\/\/www.visit-ulcinj.com\/blog\/wp-content\/uploads\/2012\/03\/Igor-Lukshiq_Mehmet-BardhiVasel-SinishtajGenci-Nimanbegu.jpg\"><img loading=\"lazy\" class=\"alignleft size-full wp-image-58203\" title=\"Igor Lukshiq_Mehmet Bardhi,Vasel Sinishtaj,Genci Nimanbegu\" src=\"http:\/\/www.visit-ulcinj.com\/blog\/wp-content\/uploads\/2012\/03\/Igor-Lukshiq_Mehmet-BardhiVasel-SinishtajGenci-Nimanbegu.jpg\" alt=\"\" width=\"509\" height=\"338\" srcset=\"https:\/\/www.visit-ulcinj.com\/blog\/wp-content\/uploads\/2012\/03\/Igor-Lukshiq_Mehmet-BardhiVasel-SinishtajGenci-Nimanbegu.jpg 509w, https:\/\/www.visit-ulcinj.com\/blog\/wp-content\/uploads\/2012\/03\/Igor-Lukshiq_Mehmet-BardhiVasel-SinishtajGenci-Nimanbegu-300x199.jpg 300w\" sizes=\"(max-width: 509px) 100vw, 509px\" \/><\/a>Kryeministri i Malit t\u00eb Zi Igor Llukshiq, deputetit Mehmet Bardhi iu p\u00ebrgjigj se n\u00eb Mal t\u00eb Zi ekzistojn\u00eb treguesit e qart\u00eb dhe t\u00eb duksh\u00ebm t\u00eb realizimit t\u00eb drejtave t\u00eb pjes\u00ebtar\u00ebve t\u00eb pakic\u00ebs shqiptare p\u00ebr p\u00ebrdorimin e gjuh\u00ebs dhe shkrimit, e q\u00eb do t\u00eb p\u00ebrforcohen me sjelljen e ligjit t\u00eb ri p\u00ebr gjuh\u00ebn zyrtare dhe gjuh\u00ebt n\u00eb p\u00ebrdorimin zyrtar\u00eb.<\/p>\n<p>N\u00eb procedurat administrative t\u00eb cilat zhvillohen n\u00eb gjuh\u00ebn zyrtare, pjes\u00ebtar\u00ebve t\u00eb pakic\u00ebs shqiptare u lejohet q\u00eb gjat\u00eb k\u00ebsaj procedure, me ndihm\u00ebn e p\u00ebrkthyesit kan\u00eb mund\u00ebsi, n\u00ebse d\u00ebshirojn\u00eb, q\u00eb t\u00eb fitojn\u00eb kopjen e p\u00ebrfundimeve edhe n\u00eb gjuh\u00ebn shqipe, n\u00eb komun\u00ebn t\u00eb cilat jan\u00eb shumic\u00eb ose marrin pjes\u00eb t\u00eb konsiderueshme, deklaroi Llukshiq.<\/p>\n<p>Sipas fjal\u00ebve t\u00eb tij pjes\u00ebmarrje ose p\u00ebrfaq\u00ebsim t\u00eb pjes\u00ebtar\u00ebve t\u00eb popujve pakic\u00eb n\u00eb jet\u00ebn politike dhe publike p\u00ebrmban nj\u00eb nd\u00ebr segmentet m\u00eb t\u00eb r\u00ebnd\u00ebsish\u00ebm t\u00eb integrimit t\u00eb brendsh\u00ebm t\u00eb shoq\u00ebris\u00eb malazeze. Duke u p\u00ebrgjigjur n\u00eb v\u00ebrejtjen e deputetit Bardhi se jan\u00eb pak\u00eb p\u00ebrfaq\u00ebsues t\u00eb popullat\u00ebs shqiptare n\u00eb gjyqe, Llukshiq u p\u00ebrgjigj se pak edhe konkurrojn\u00eb.<\/p>\n<p><strong>TVCG<\/strong><\/p>\n","protected":false},"excerpt":{"rendered":"<p>Kryeministri i Malit t\u00eb Zi Igor Llukshiq, deputetit Mehmet Bardhi iu p\u00ebrgjigj se n\u00eb Mal t\u00eb Zi ekzistojn\u00eb treguesit e qart\u00eb dhe t\u00eb duksh\u00ebm t\u00eb realizimit t\u00eb drejtave t\u00eb pjes\u00ebtar\u00ebve t\u00eb pakic\u00ebs shqiptare p\u00ebr p\u00ebrdorimin e gjuh\u00ebs dhe shkrimit, e q\u00eb do t\u00eb p\u00ebrforcohen me sjelljen e ligjit t\u00eb ri p\u00ebr gjuh\u00ebn zyrtare dhe gjuh\u00ebt [&hellip;]<\/p>\n","protected":false},"author":1,"featured_media":0,"comment_status":"open","ping_status":"closed","sticky":false,"template":"","format":"standard","meta":{"spay_email":"","jetpack_publicize_message":"","jetpack_is_tweetstorm":false,"jetpack_publicize_feature_enabled":true},"categories":[6],"tags":[1073,5613,347,348],"jetpack_publicize_connections":[],"yoast_head":"<!-- This site is optimized with the Yoast SEO plugin v19.1 - https:\/\/yoast.com\/wordpress\/plugins\/seo\/ -->\n<title>Shqiptar\u00ebt kan\u00eb t\u00eb drejt\u00eb n\u00eb p\u00ebrdorimin e gjuh\u00ebs s\u00eb vet n\u00eb procedurat administrative - Lajme nga Ulqini<\/title>\n<meta name=\"description\" content=\"Kryeministri i Malit t\u00eb Zi Igor Llukshiq, deputetit Mehmet Bardhi iu p\u00ebrgjigj se n\u00eb Mal t\u00eb Zi ekzistojn\u00eb treguesit e qart\u00eb dhe t\u00eb duksh\u00ebm t\u00eb realizimit t\u00eb\" \/>\n<meta name=\"robots\" content=\"index, follow, max-snippet:-1, max-image-preview:large, max-video-preview:-1\" \/>\n<link rel=\"canonical\" href=\"https:\/\/www.visit-ulcinj.com\/blog\/2012\/03\/14\/shqiptaret-kane-te-drejte-ne-perdorimin-e-gjuhes-se-vet-ne-procedurat-administrative\/\" \/>\n<meta property=\"og:locale\" content=\"en_US\" \/>\n<meta property=\"og:type\" content=\"article\" \/>\n<meta property=\"og:title\" content=\"Shqiptar\u00ebt kan\u00eb t\u00eb drejt\u00eb n\u00eb p\u00ebrdorimin e gjuh\u00ebs s\u00eb vet n\u00eb procedurat administrative - Lajme nga Ulqini\" \/>\n<meta property=\"og:description\" content=\"Kryeministri i Malit t\u00eb Zi Igor Llukshiq, deputetit Mehmet Bardhi iu p\u00ebrgjigj se n\u00eb Mal t\u00eb Zi ekzistojn\u00eb treguesit e qart\u00eb dhe t\u00eb duksh\u00ebm t\u00eb realizimit t\u00eb\" \/>\n<meta property=\"og:url\" content=\"https:\/\/www.visit-ulcinj.com\/blog\/2012\/03\/14\/shqiptaret-kane-te-drejte-ne-perdorimin-e-gjuhes-se-vet-ne-procedurat-administrative\/\" \/>\n<meta property=\"og:site_name\" content=\"Lajme nga Ulqini\" \/>\n<meta property=\"article:published_time\" content=\"2012-03-14T17:59:21+00:00\" \/>\n<meta property=\"og:image\" content=\"http:\/\/www.visit-ulcinj.com\/blog\/wp-content\/uploads\/2012\/03\/Igor-Lukshiq_Mehmet-BardhiVasel-SinishtajGenci-Nimanbegu.jpg\" \/>\n<meta name=\"twitter:label1\" content=\"Written by\" \/>\n\t<meta name=\"twitter:data1\" content=\"ulqini\" \/>\n\t<meta name=\"twitter:label2\" content=\"Est. reading time\" \/>\n\t<meta name=\"twitter:data2\" content=\"1 minute\" \/>\n<script type=\"application\/ld+json\" class=\"yoast-schema-graph\">{\"@context\":\"https:\/\/schema.org\",\"@graph\":[{\"@type\":\"WebSite\",\"@id\":\"https:\/\/www.visit-ulcinj.com\/blog\/#website\",\"url\":\"https:\/\/www.visit-ulcinj.com\/blog\/\",\"name\":\"Lajme nga Ulqini\",\"description\":\"Lajme,Vijesti,Ulqini,Ulqin,Crna Gora,Mali i Zi\",\"potentialAction\":[{\"@type\":\"SearchAction\",\"target\":{\"@type\":\"EntryPoint\",\"urlTemplate\":\"https:\/\/www.visit-ulcinj.com\/blog\/?s={search_term_string}\"},\"query-input\":\"required name=search_term_string\"}],\"inLanguage\":\"en-US\"},{\"@type\":\"ImageObject\",\"inLanguage\":\"en-US\",\"@id\":\"https:\/\/www.visit-ulcinj.com\/blog\/2012\/03\/14\/shqiptaret-kane-te-drejte-ne-perdorimin-e-gjuhes-se-vet-ne-procedurat-administrative\/#primaryimage\",\"url\":\"https:\/\/www.visit-ulcinj.com\/blog\/wp-content\/uploads\/2012\/03\/Igor-Lukshiq_Mehmet-BardhiVasel-SinishtajGenci-Nimanbegu.jpg\",\"contentUrl\":\"https:\/\/www.visit-ulcinj.com\/blog\/wp-content\/uploads\/2012\/03\/Igor-Lukshiq_Mehmet-BardhiVasel-SinishtajGenci-Nimanbegu.jpg\",\"width\":\"509\",\"height\":\"338\"},{\"@type\":\"WebPage\",\"@id\":\"https:\/\/www.visit-ulcinj.com\/blog\/2012\/03\/14\/shqiptaret-kane-te-drejte-ne-perdorimin-e-gjuhes-se-vet-ne-procedurat-administrative\/#webpage\",\"url\":\"https:\/\/www.visit-ulcinj.com\/blog\/2012\/03\/14\/shqiptaret-kane-te-drejte-ne-perdorimin-e-gjuhes-se-vet-ne-procedurat-administrative\/\",\"name\":\"Shqiptar\u00ebt kan\u00eb t\u00eb drejt\u00eb n\u00eb p\u00ebrdorimin e gjuh\u00ebs s\u00eb vet n\u00eb procedurat administrative - Lajme nga Ulqini\",\"isPartOf\":{\"@id\":\"https:\/\/www.visit-ulcinj.com\/blog\/#website\"},\"primaryImageOfPage\":{\"@id\":\"https:\/\/www.visit-ulcinj.com\/blog\/2012\/03\/14\/shqiptaret-kane-te-drejte-ne-perdorimin-e-gjuhes-se-vet-ne-procedurat-administrative\/#primaryimage\"},\"datePublished\":\"2012-03-14T17:59:21+00:00\",\"dateModified\":\"2012-03-14T17:59:21+00:00\",\"author\":{\"@id\":\"https:\/\/www.visit-ulcinj.com\/blog\/#\/schema\/person\/dcab619c614d3038751c63bc2aadc06d\"},\"description\":\"Kryeministri i Malit t\u00eb Zi Igor Llukshiq, deputetit Mehmet Bardhi iu p\u00ebrgjigj se n\u00eb Mal t\u00eb Zi ekzistojn\u00eb treguesit e qart\u00eb dhe t\u00eb duksh\u00ebm t\u00eb realizimit t\u00eb\",\"breadcrumb\":{\"@id\":\"https:\/\/www.visit-ulcinj.com\/blog\/2012\/03\/14\/shqiptaret-kane-te-drejte-ne-perdorimin-e-gjuhes-se-vet-ne-procedurat-administrative\/#breadcrumb\"},\"inLanguage\":\"en-US\",\"potentialAction\":[{\"@type\":\"ReadAction\",\"target\":[\"https:\/\/www.visit-ulcinj.com\/blog\/2012\/03\/14\/shqiptaret-kane-te-drejte-ne-perdorimin-e-gjuhes-se-vet-ne-procedurat-administrative\/\"]}]},{\"@type\":\"BreadcrumbList\",\"@id\":\"https:\/\/www.visit-ulcinj.com\/blog\/2012\/03\/14\/shqiptaret-kane-te-drejte-ne-perdorimin-e-gjuhes-se-vet-ne-procedurat-administrative\/#breadcrumb\",\"itemListElement\":[{\"@type\":\"ListItem\",\"position\":1,\"name\":\"Shqiptar\u00ebt kan\u00eb t\u00eb drejt\u00eb n\u00eb p\u00ebrdorimin e gjuh\u00ebs s\u00eb vet n\u00eb procedurat administrative\"}]},{\"@type\":\"Person\",\"@id\":\"https:\/\/www.visit-ulcinj.com\/blog\/#\/schema\/person\/dcab619c614d3038751c63bc2aadc06d\",\"name\":\"ulqini\",\"sameAs\":[\"http:\/\/www.visit-ulcinj.com\"],\"url\":\"https:\/\/www.visit-ulcinj.com\/blog\/author\/admin\/\"}]}<\/script>\n<!-- \/ Yoast SEO plugin. -->","yoast_head_json":{"title":"Shqiptar\u00ebt kan\u00eb t\u00eb drejt\u00eb n\u00eb p\u00ebrdorimin e gjuh\u00ebs s\u00eb vet n\u00eb procedurat administrative - Lajme nga Ulqini","description":"Kryeministri i Malit t\u00eb Zi Igor Llukshiq, deputetit Mehmet Bardhi iu p\u00ebrgjigj se n\u00eb Mal t\u00eb Zi ekzistojn\u00eb treguesit e qart\u00eb dhe t\u00eb duksh\u00ebm t\u00eb realizimit t\u00eb","robots":{"index":"index","follow":"follow","max-snippet":"max-snippet:-1","max-image-preview":"max-image-preview:large","max-video-preview":"max-video-preview:-1"},"canonical":"https:\/\/www.visit-ulcinj.com\/blog\/2012\/03\/14\/shqiptaret-kane-te-drejte-ne-perdorimin-e-gjuhes-se-vet-ne-procedurat-administrative\/","og_locale":"en_US","og_type":"article","og_title":"Shqiptar\u00ebt kan\u00eb t\u00eb drejt\u00eb n\u00eb p\u00ebrdorimin e gjuh\u00ebs s\u00eb vet n\u00eb procedurat administrative - Lajme nga Ulqini","og_description":"Kryeministri i Malit t\u00eb Zi Igor Llukshiq, deputetit Mehmet Bardhi iu p\u00ebrgjigj se n\u00eb Mal t\u00eb Zi ekzistojn\u00eb treguesit e qart\u00eb dhe t\u00eb duksh\u00ebm t\u00eb realizimit t\u00eb","og_url":"https:\/\/www.visit-ulcinj.com\/blog\/2012\/03\/14\/shqiptaret-kane-te-drejte-ne-perdorimin-e-gjuhes-se-vet-ne-procedurat-administrative\/","og_site_name":"Lajme nga Ulqini","article_published_time":"2012-03-14T17:59:21+00:00","og_image":[{"url":"http:\/\/www.visit-ulcinj.com\/blog\/wp-content\/uploads\/2012\/03\/Igor-Lukshiq_Mehmet-BardhiVasel-SinishtajGenci-Nimanbegu.jpg"}],"twitter_misc":{"Written by":"ulqini","Est. reading time":"1 minute"},"schema":{"@context":"https:\/\/schema.org","@graph":[{"@type":"WebSite","@id":"https:\/\/www.visit-ulcinj.com\/blog\/#website","url":"https:\/\/www.visit-ulcinj.com\/blog\/","name":"Lajme nga Ulqini","description":"Lajme,Vijesti,Ulqini,Ulqin,Crna Gora,Mali i Zi","potentialAction":[{"@type":"SearchAction","target":{"@type":"EntryPoint","urlTemplate":"https:\/\/www.visit-ulcinj.com\/blog\/?s={search_term_string}"},"query-input":"required name=search_term_string"}],"inLanguage":"en-US"},{"@type":"ImageObject","inLanguage":"en-US","@id":"https:\/\/www.visit-ulcinj.com\/blog\/2012\/03\/14\/shqiptaret-kane-te-drejte-ne-perdorimin-e-gjuhes-se-vet-ne-procedurat-administrative\/#primaryimage","url":"https:\/\/www.visit-ulcinj.com\/blog\/wp-content\/uploads\/2012\/03\/Igor-Lukshiq_Mehmet-BardhiVasel-SinishtajGenci-Nimanbegu.jpg","contentUrl":"https:\/\/www.visit-ulcinj.com\/blog\/wp-content\/uploads\/2012\/03\/Igor-Lukshiq_Mehmet-BardhiVasel-SinishtajGenci-Nimanbegu.jpg","width":"509","height":"338"},{"@type":"WebPage","@id":"https:\/\/www.visit-ulcinj.com\/blog\/2012\/03\/14\/shqiptaret-kane-te-drejte-ne-perdorimin-e-gjuhes-se-vet-ne-procedurat-administrative\/#webpage","url":"https:\/\/www.visit-ulcinj.com\/blog\/2012\/03\/14\/shqiptaret-kane-te-drejte-ne-perdorimin-e-gjuhes-se-vet-ne-procedurat-administrative\/","name":"Shqiptar\u00ebt kan\u00eb t\u00eb drejt\u00eb n\u00eb p\u00ebrdorimin e gjuh\u00ebs s\u00eb vet n\u00eb procedurat administrative - Lajme nga Ulqini","isPartOf":{"@id":"https:\/\/www.visit-ulcinj.com\/blog\/#website"},"primaryImageOfPage":{"@id":"https:\/\/www.visit-ulcinj.com\/blog\/2012\/03\/14\/shqiptaret-kane-te-drejte-ne-perdorimin-e-gjuhes-se-vet-ne-procedurat-administrative\/#primaryimage"},"datePublished":"2012-03-14T17:59:21+00:00","dateModified":"2012-03-14T17:59:21+00:00","author":{"@id":"https:\/\/www.visit-ulcinj.com\/blog\/#\/schema\/person\/dcab619c614d3038751c63bc2aadc06d"},"description":"Kryeministri i Malit t\u00eb Zi Igor Llukshiq, deputetit Mehmet Bardhi iu p\u00ebrgjigj se n\u00eb Mal t\u00eb Zi ekzistojn\u00eb treguesit e qart\u00eb dhe t\u00eb duksh\u00ebm t\u00eb realizimit t\u00eb","breadcrumb":{"@id":"https:\/\/www.visit-ulcinj.com\/blog\/2012\/03\/14\/shqiptaret-kane-te-drejte-ne-perdorimin-e-gjuhes-se-vet-ne-procedurat-administrative\/#breadcrumb"},"inLanguage":"en-US","potentialAction":[{"@type":"ReadAction","target":["https:\/\/www.visit-ulcinj.com\/blog\/2012\/03\/14\/shqiptaret-kane-te-drejte-ne-perdorimin-e-gjuhes-se-vet-ne-procedurat-administrative\/"]}]},{"@type":"BreadcrumbList","@id":"https:\/\/www.visit-ulcinj.com\/blog\/2012\/03\/14\/shqiptaret-kane-te-drejte-ne-perdorimin-e-gjuhes-se-vet-ne-procedurat-administrative\/#breadcrumb","itemListElement":[{"@type":"ListItem","position":1,"name":"Shqiptar\u00ebt kan\u00eb t\u00eb drejt\u00eb n\u00eb p\u00ebrdorimin e gjuh\u00ebs s\u00eb vet n\u00eb procedurat administrative"}]},{"@type":"Person","@id":"https:\/\/www.visit-ulcinj.com\/blog\/#\/schema\/person\/dcab619c614d3038751c63bc2aadc06d","name":"ulqini","sameAs":["http:\/\/www.visit-ulcinj.com"],"url":"https:\/\/www.visit-ulcinj.com\/blog\/author\/admin\/"}]}},"jetpack_featured_media_url":"","jetpack_sharing_enabled":true,"jetpack_shortlink":"https:\/\/wp.me\/pe6lTn-f8K","_links":{"self":[{"href":"https:\/\/www.visit-ulcinj.com\/blog\/wp-json\/wp\/v2\/posts\/58202"}],"collection":[{"href":"https:\/\/www.visit-ulcinj.com\/blog\/wp-json\/wp\/v2\/posts"}],"about":[{"href":"https:\/\/www.visit-ulcinj.com\/blog\/wp-json\/wp\/v2\/types\/post"}],"author":[{"embeddable":true,"href":"https:\/\/www.visit-ulcinj.com\/blog\/wp-json\/wp\/v2\/users\/1"}],"replies":[{"embeddable":true,"href":"https:\/\/www.visit-ulcinj.com\/blog\/wp-json\/wp\/v2\/comments?post=58202"}],"version-history":[{"count":1,"href":"https:\/\/www.visit-ulcinj.com\/blog\/wp-json\/wp\/v2\/posts\/58202\/revisions"}],"predecessor-version":[{"id":58204,"href":"https:\/\/www.visit-ulcinj.com\/blog\/wp-json\/wp\/v2\/posts\/58202\/revisions\/58204"}],"wp:attachment":[{"href":"https:\/\/www.visit-ulcinj.com\/blog\/wp-json\/wp\/v2\/media?parent=58202"}],"wp:term":[{"taxonomy":"category","embeddable":true,"href":"https:\/\/www.visit-ulcinj.com\/blog\/wp-json\/wp\/v2\/categories?post=58202"},{"taxonomy":"post_tag","embeddable":true,"href":"https:\/\/www.visit-ulcinj.com\/blog\/wp-json\/wp\/v2\/tags?post=58202"}],"curies":[{"name":"wp","href":"https:\/\/api.w.org\/{rel}","templated":true}]}}