{"id":58209,"date":"2012-03-14T20:34:07","date_gmt":"2012-03-14T19:34:07","guid":{"rendered":"http:\/\/www.visit-ulcinj.com\/blog\/?p=58209"},"modified":"2012-03-16T12:00:59","modified_gmt":"2012-03-16T11:00:59","slug":"forca-margjinalizimi-i-informimit-shqip-ne-mal-te-zi","status":"publish","type":"post","link":"https:\/\/www.visit-ulcinj.com\/blog\/2012\/03\/14\/forca-margjinalizimi-i-informimit-shqip-ne-mal-te-zi\/","title":{"rendered":"Forca: Margjinalizimi i informimit shqip n\u00eb Mal t\u00eb Zi"},"content":{"rendered":"<p><a href=\"http:\/\/www.visit-ulcinj.com\/blog\/wp-content\/uploads\/2012\/03\/Forca_Margjinalizimi-i-informimit-shqip-n\u00eb-Mal-t\u00eb-Zi.jpg\"><img loading=\"lazy\" class=\"alignleft  wp-image-58269\" title=\"Forca_Margjinalizimi i informimit shqip n\u00eb Mal t\u00eb Zi\" src=\"http:\/\/www.visit-ulcinj.com\/blog\/wp-content\/uploads\/2012\/03\/Forca_Margjinalizimi-i-informimit-shqip-n\u00eb-Mal-t\u00eb-Zi.jpg\" alt=\"\" width=\"508\" height=\"380\" \/><\/a><\/p>\n<p><strong>Kumtes\u00eb p\u00ebr opinion<\/strong><\/p>\n<p align=\"right\">Ulqin,14.03.2012<\/p>\n<p align=\"right\">Nr.40\/12<\/p>\n<p><strong>\u00a0<\/strong><\/p>\n<p><strong>MARGJINALIZIMI I INFORMIMIT SHQIP N\u00cb MAL T\u00cb ZI<\/strong><\/p>\n<p>S\u00eb informimi n\u00eb shqip n\u00eb Mal t\u00eb Zi, \u00ebsht\u00eb n\u00eb pozit\u00eb t\u00eb pavolitshme d\u00ebshmon qasja subjektive nga strukturat udh\u00ebheq\u00ebse n\u00eb televizionin publik\u00a0 muajve t\u00eb fundit. K\u00ebshtu pas ndryshimeve kadrovike n\u00eb struktur\u00ebn udh\u00ebheq\u00ebse n\u00eb RTMZ, pasojat\u00a0 e para i p\u00ebrjetuan shqiptar\u00ebt. Fillimisht u b\u00eb zvoglimi i numrit te t\u00eb pun\u00ebsuarve n\u00eb redaksin\u00eb shqipe nd\u00ebrsa n\u00eb saj\u00eb t\u00eb shem\u00ebs s\u00eb re programore kemi zhvendosje t\u00eb emisioneve n\u00eb gjuh\u00ebn shqipe n\u00eb termine t\u00eb reja kohore.<\/p>\n<p>K\u00ebshtu emisioni ditor i lajmeve\u00a0 n\u00eb televizion \u00ebsht\u00eb zhvendosur n\u00eb ora 15 nd\u00ebrsa\u00a0 emisioni javor \u201cMozaiku\u201d\u00a0 \u00ebsht\u00eb \u00a0\u00a0n\u00eb ora 14.\u00a0 Nj\u00eb veprim i till\u00eb\u00a0 d\u00ebshmon \u00a0se kemi t\u00eb b\u00ebjm\u00eb me\u00a0 margjinalizimin e emisioneve n\u00eb shqip sepse terminet e reja\u00a0 kohore\u00a0 kan\u00eb shikueshm\u00ebri m\u00eb t\u00eb vog\u00ebl t\u00eb audienc\u00ebs.Me nj\u00eb veprim t\u00eb till\u00eb ne nuk jemi befasuar sepse m\u00eb par\u00eb emisioni javor \u201cMozaiku\u201d\u00a0 \u00ebsht\u00eb zvogluar dy her\u00eb ku nga 60 minuta sa ishte fillimisht\u00a0 e zvogluan n\u00eb 45 e s\u00eb fundi 30 minuta, pa konsultime t\u00eb stafit t\u00eb redaksis\u00eb n\u00eb shqip por me imponime nga lart.<\/p>\n<p>Veprimet e tilla\u00a0 nuk jan\u00eb n\u00eb favor t\u00eb profesionalizimit dhe demokratizimit t\u00eb mediave\u00a0 n\u00eb gjuh\u00ebn shqipe, por e kund\u00ebrta jan\u00eb\u00a0 me qasje subjektive nga stafi drejtues i servisit publik.Ne vend q\u00eb t\u00eb shtohet minutazhi n\u00eb gjuh\u00ebn shqipe ndodhi e kund\u00ebrta nga del se kjo medie nuk \u00ebsht\u00eb n\u00eb sh\u00ebrbim t\u00eb qytetar\u00ebve por t\u00eb strukturave t\u00eb pushtetit, q\u00eb \u00ebsht\u00eb n\u00eb kund\u00ebrshtim flagrant me barazin\u00eb n\u00eb fush\u00ebn e informimit n\u00eb nj\u00eb mjedis multinacional dhe multikulturor sikurse \u00ebsht\u00eb Mali i Zi.<\/p>\n<p>Nga ana tjet\u00ebr gjendja nuk \u00ebsht\u00eb m\u00eb e mir\u00eb as me gazet\u00ebn \u201cKoha Javore\u201d, sepse p\u00ebrve\u00e7 problemeve financiare dhe kadrovike ende nuk dihet fati saj me rastin e privatizimit t\u00eb nd\u00ebrmarrjes \u201cPobjeda\u201d.Si e vetmja medie e shkruar n\u00eb shqip n\u00eb Mal t\u00eb Zi, e cila n\u00eb muajin e kaluar b\u00ebri 10-vjet nga dalja e saj, ajo duhet t\u00eb jet\u00eb n\u00ebn kompetencat e Kuvendit t\u00eb Malit t\u00eb Zi, sepse ai \u00ebsht\u00eb themeluesi i saj.Kjo gazet\u00eb si e vetmja medie e shkruar n\u00eb shqip n\u00eb Mal t\u00eb Zi, meriton ta ket\u00eb t\u00eb zgjidhur statusin e saj juridik e financiar si dhe t\u00eb\u00a0 forcohet me kuadra profesionale si kudo n\u00eb bot\u00ebn e civilizuar.Nd\u00ebrsa sa i p\u00ebrket selis\u00eb s\u00eb saj mendojm\u00eb se duhet t\u00eb kaloj n\u00eb Ulqin, si qendra e shqiptar\u00ebve n\u00eb Mal t\u00eb Zi, ku do t\u00eb kishte kushte optimale p\u00ebr pun\u00eb.<\/p>\n<p>P\u00ebr t\u00eb gjitha k\u00ebto \u00e7\u00ebshtje \u00ebsht\u00eb pritur reagimi nga Ministria e popujve pakic\u00eb, si pjes\u00eb e Qeveris\u00eb s\u00eb Malit t\u00eb Zi, por ata kan\u00eb h\u00ebshtur si m\u00eb par\u00eb edhe tash \u00e7ka del se me tep\u00ebr jan\u00eb marr\u00eb me \u00e7\u00ebshtjet e tyre personale se sa m\u00eb mbrojtjen e t\u00eb drejtave qytetare e nacionale t\u00eb popujve pakic\u00eb n\u00eb Mal t\u00eb Zi, ku fusha e informimit luan nj\u00eb rol t\u00eb r\u00ebnd\u00ebsish\u00ebm p\u00ebr \u00e7do shoq\u00ebri demokratike.<\/p>\n<p>N\u00eb lidhje me \u00e7\u00ebshtjet p\u00ebrkat\u00ebse FORCA si parti parlamentare do t\u00eb angazhohet vazhdimisht p\u00ebr t\u00eb ndryshuar situata ekzistuese, e cila p\u00ebr ne \u00ebsht\u00eb e pa pranueshme dhe si e till\u00eb \u00ebsht\u00eb kund\u00ebr barazis\u00eb qytetare dhe nacionale n\u00eb Mal t\u00eb Zi.<strong> <\/strong><\/p>\n<p align=\"right\"><strong>Sh\u00ebrbimi p\u00ebr informim<\/strong><\/p>\n","protected":false},"excerpt":{"rendered":"<p>Kumtes\u00eb p\u00ebr opinion Ulqin,14.03.2012 Nr.40\/12 \u00a0 MARGJINALIZIMI I INFORMIMIT SHQIP N\u00cb MAL T\u00cb ZI S\u00eb informimi n\u00eb shqip n\u00eb Mal t\u00eb Zi, \u00ebsht\u00eb n\u00eb pozit\u00eb t\u00eb pavolitshme d\u00ebshmon qasja subjektive nga strukturat udh\u00ebheq\u00ebse n\u00eb televizionin publik\u00a0 muajve t\u00eb fundit. K\u00ebshtu pas ndryshimeve kadrovike n\u00eb struktur\u00ebn udh\u00ebheq\u00ebse n\u00eb RTMZ, pasojat\u00a0 e para i p\u00ebrjetuan shqiptar\u00ebt. Fillimisht [&hellip;]<\/p>\n","protected":false},"author":1,"featured_media":0,"comment_status":"open","ping_status":"closed","sticky":false,"template":"","format":"standard","meta":{"spay_email":"","jetpack_publicize_message":"","jetpack_is_tweetstorm":false,"jetpack_publicize_feature_enabled":true},"categories":[1,12],"tags":[216,20145,9620,200,18],"jetpack_publicize_connections":[],"yoast_head":"<!-- This site is optimized with the Yoast SEO plugin v19.1 - https:\/\/yoast.com\/wordpress\/plugins\/seo\/ -->\n<title>Forca: Margjinalizimi i informimit shqip n\u00eb Mal t\u00eb Zi - Lajme nga Ulqini<\/title>\n<meta name=\"description\" content=\"Kumtes\u00eb p\u00ebr opinion Ulqin,14.03.2012 Nr.40\/12 \u00a0 MARGJINALIZIMI I INFORMIMIT SHQIP N\u00cb MAL T\u00cb ZI S\u00eb informimi n\u00eb shqip n\u00eb Mal t\u00eb Zi, \u00ebsht\u00eb n\u00eb pozit\u00eb t\u00eb\" \/>\n<meta name=\"robots\" content=\"index, follow, max-snippet:-1, max-image-preview:large, max-video-preview:-1\" \/>\n<link rel=\"canonical\" href=\"https:\/\/www.visit-ulcinj.com\/blog\/2012\/03\/14\/forca-margjinalizimi-i-informimit-shqip-ne-mal-te-zi\/\" \/>\n<meta property=\"og:locale\" content=\"en_US\" \/>\n<meta property=\"og:type\" content=\"article\" \/>\n<meta property=\"og:title\" content=\"Forca: Margjinalizimi i informimit shqip n\u00eb Mal t\u00eb Zi - Lajme nga Ulqini\" \/>\n<meta property=\"og:description\" content=\"Kumtes\u00eb p\u00ebr opinion Ulqin,14.03.2012 Nr.40\/12 \u00a0 MARGJINALIZIMI I INFORMIMIT SHQIP N\u00cb MAL T\u00cb ZI S\u00eb informimi n\u00eb shqip n\u00eb Mal t\u00eb Zi, \u00ebsht\u00eb n\u00eb pozit\u00eb t\u00eb\" \/>\n<meta property=\"og:url\" content=\"https:\/\/www.visit-ulcinj.com\/blog\/2012\/03\/14\/forca-margjinalizimi-i-informimit-shqip-ne-mal-te-zi\/\" \/>\n<meta property=\"og:site_name\" content=\"Lajme nga Ulqini\" \/>\n<meta property=\"article:published_time\" content=\"2012-03-14T19:34:07+00:00\" \/>\n<meta property=\"article:modified_time\" content=\"2012-03-16T11:00:59+00:00\" \/>\n<meta name=\"twitter:label1\" content=\"Written by\" \/>\n\t<meta name=\"twitter:data1\" content=\"ulqini\" \/>\n\t<meta name=\"twitter:label2\" content=\"Est. reading time\" \/>\n\t<meta name=\"twitter:data2\" content=\"3 minutes\" \/>\n<script type=\"application\/ld+json\" class=\"yoast-schema-graph\">{\"@context\":\"https:\/\/schema.org\",\"@graph\":[{\"@type\":\"WebSite\",\"@id\":\"https:\/\/www.visit-ulcinj.com\/blog\/#website\",\"url\":\"https:\/\/www.visit-ulcinj.com\/blog\/\",\"name\":\"Lajme nga Ulqini\",\"description\":\"Lajme,Vijesti,Ulqini,Ulqin,Crna Gora,Mali i Zi\",\"potentialAction\":[{\"@type\":\"SearchAction\",\"target\":{\"@type\":\"EntryPoint\",\"urlTemplate\":\"https:\/\/www.visit-ulcinj.com\/blog\/?s={search_term_string}\"},\"query-input\":\"required name=search_term_string\"}],\"inLanguage\":\"en-US\"},{\"@type\":\"WebPage\",\"@id\":\"https:\/\/www.visit-ulcinj.com\/blog\/2012\/03\/14\/forca-margjinalizimi-i-informimit-shqip-ne-mal-te-zi\/#webpage\",\"url\":\"https:\/\/www.visit-ulcinj.com\/blog\/2012\/03\/14\/forca-margjinalizimi-i-informimit-shqip-ne-mal-te-zi\/\",\"name\":\"Forca: Margjinalizimi i informimit shqip n\u00eb Mal t\u00eb Zi - Lajme nga Ulqini\",\"isPartOf\":{\"@id\":\"https:\/\/www.visit-ulcinj.com\/blog\/#website\"},\"datePublished\":\"2012-03-14T19:34:07+00:00\",\"dateModified\":\"2012-03-16T11:00:59+00:00\",\"author\":{\"@id\":\"https:\/\/www.visit-ulcinj.com\/blog\/#\/schema\/person\/dcab619c614d3038751c63bc2aadc06d\"},\"description\":\"Kumtes\u00eb p\u00ebr opinion Ulqin,14.03.2012 Nr.40\/12 \u00a0 MARGJINALIZIMI I INFORMIMIT SHQIP N\u00cb MAL T\u00cb ZI S\u00eb informimi n\u00eb shqip n\u00eb Mal t\u00eb Zi, \u00ebsht\u00eb n\u00eb pozit\u00eb t\u00eb\",\"breadcrumb\":{\"@id\":\"https:\/\/www.visit-ulcinj.com\/blog\/2012\/03\/14\/forca-margjinalizimi-i-informimit-shqip-ne-mal-te-zi\/#breadcrumb\"},\"inLanguage\":\"en-US\",\"potentialAction\":[{\"@type\":\"ReadAction\",\"target\":[\"https:\/\/www.visit-ulcinj.com\/blog\/2012\/03\/14\/forca-margjinalizimi-i-informimit-shqip-ne-mal-te-zi\/\"]}]},{\"@type\":\"BreadcrumbList\",\"@id\":\"https:\/\/www.visit-ulcinj.com\/blog\/2012\/03\/14\/forca-margjinalizimi-i-informimit-shqip-ne-mal-te-zi\/#breadcrumb\",\"itemListElement\":[{\"@type\":\"ListItem\",\"position\":1,\"name\":\"Forca: Margjinalizimi i informimit shqip n\u00eb Mal t\u00eb Zi\"}]},{\"@type\":\"Person\",\"@id\":\"https:\/\/www.visit-ulcinj.com\/blog\/#\/schema\/person\/dcab619c614d3038751c63bc2aadc06d\",\"name\":\"ulqini\",\"sameAs\":[\"http:\/\/www.visit-ulcinj.com\"],\"url\":\"https:\/\/www.visit-ulcinj.com\/blog\/author\/admin\/\"}]}<\/script>\n<!-- \/ Yoast SEO plugin. -->","yoast_head_json":{"title":"Forca: Margjinalizimi i informimit shqip n\u00eb Mal t\u00eb Zi - Lajme nga Ulqini","description":"Kumtes\u00eb p\u00ebr opinion Ulqin,14.03.2012 Nr.40\/12 \u00a0 MARGJINALIZIMI I INFORMIMIT SHQIP N\u00cb MAL T\u00cb ZI S\u00eb informimi n\u00eb shqip n\u00eb Mal t\u00eb Zi, \u00ebsht\u00eb n\u00eb pozit\u00eb t\u00eb","robots":{"index":"index","follow":"follow","max-snippet":"max-snippet:-1","max-image-preview":"max-image-preview:large","max-video-preview":"max-video-preview:-1"},"canonical":"https:\/\/www.visit-ulcinj.com\/blog\/2012\/03\/14\/forca-margjinalizimi-i-informimit-shqip-ne-mal-te-zi\/","og_locale":"en_US","og_type":"article","og_title":"Forca: Margjinalizimi i informimit shqip n\u00eb Mal t\u00eb Zi - Lajme nga Ulqini","og_description":"Kumtes\u00eb p\u00ebr opinion Ulqin,14.03.2012 Nr.40\/12 \u00a0 MARGJINALIZIMI I INFORMIMIT SHQIP N\u00cb MAL T\u00cb ZI S\u00eb informimi n\u00eb shqip n\u00eb Mal t\u00eb Zi, \u00ebsht\u00eb n\u00eb pozit\u00eb t\u00eb","og_url":"https:\/\/www.visit-ulcinj.com\/blog\/2012\/03\/14\/forca-margjinalizimi-i-informimit-shqip-ne-mal-te-zi\/","og_site_name":"Lajme nga Ulqini","article_published_time":"2012-03-14T19:34:07+00:00","article_modified_time":"2012-03-16T11:00:59+00:00","twitter_misc":{"Written by":"ulqini","Est. reading time":"3 minutes"},"schema":{"@context":"https:\/\/schema.org","@graph":[{"@type":"WebSite","@id":"https:\/\/www.visit-ulcinj.com\/blog\/#website","url":"https:\/\/www.visit-ulcinj.com\/blog\/","name":"Lajme nga Ulqini","description":"Lajme,Vijesti,Ulqini,Ulqin,Crna Gora,Mali i Zi","potentialAction":[{"@type":"SearchAction","target":{"@type":"EntryPoint","urlTemplate":"https:\/\/www.visit-ulcinj.com\/blog\/?s={search_term_string}"},"query-input":"required name=search_term_string"}],"inLanguage":"en-US"},{"@type":"WebPage","@id":"https:\/\/www.visit-ulcinj.com\/blog\/2012\/03\/14\/forca-margjinalizimi-i-informimit-shqip-ne-mal-te-zi\/#webpage","url":"https:\/\/www.visit-ulcinj.com\/blog\/2012\/03\/14\/forca-margjinalizimi-i-informimit-shqip-ne-mal-te-zi\/","name":"Forca: Margjinalizimi i informimit shqip n\u00eb Mal t\u00eb Zi - Lajme nga Ulqini","isPartOf":{"@id":"https:\/\/www.visit-ulcinj.com\/blog\/#website"},"datePublished":"2012-03-14T19:34:07+00:00","dateModified":"2012-03-16T11:00:59+00:00","author":{"@id":"https:\/\/www.visit-ulcinj.com\/blog\/#\/schema\/person\/dcab619c614d3038751c63bc2aadc06d"},"description":"Kumtes\u00eb p\u00ebr opinion Ulqin,14.03.2012 Nr.40\/12 \u00a0 MARGJINALIZIMI I INFORMIMIT SHQIP N\u00cb MAL T\u00cb ZI S\u00eb informimi n\u00eb shqip n\u00eb Mal t\u00eb Zi, \u00ebsht\u00eb n\u00eb pozit\u00eb t\u00eb","breadcrumb":{"@id":"https:\/\/www.visit-ulcinj.com\/blog\/2012\/03\/14\/forca-margjinalizimi-i-informimit-shqip-ne-mal-te-zi\/#breadcrumb"},"inLanguage":"en-US","potentialAction":[{"@type":"ReadAction","target":["https:\/\/www.visit-ulcinj.com\/blog\/2012\/03\/14\/forca-margjinalizimi-i-informimit-shqip-ne-mal-te-zi\/"]}]},{"@type":"BreadcrumbList","@id":"https:\/\/www.visit-ulcinj.com\/blog\/2012\/03\/14\/forca-margjinalizimi-i-informimit-shqip-ne-mal-te-zi\/#breadcrumb","itemListElement":[{"@type":"ListItem","position":1,"name":"Forca: Margjinalizimi i informimit shqip n\u00eb Mal t\u00eb Zi"}]},{"@type":"Person","@id":"https:\/\/www.visit-ulcinj.com\/blog\/#\/schema\/person\/dcab619c614d3038751c63bc2aadc06d","name":"ulqini","sameAs":["http:\/\/www.visit-ulcinj.com"],"url":"https:\/\/www.visit-ulcinj.com\/blog\/author\/admin\/"}]}},"jetpack_featured_media_url":"","jetpack_sharing_enabled":true,"jetpack_shortlink":"https:\/\/wp.me\/pe6lTn-f8R","_links":{"self":[{"href":"https:\/\/www.visit-ulcinj.com\/blog\/wp-json\/wp\/v2\/posts\/58209"}],"collection":[{"href":"https:\/\/www.visit-ulcinj.com\/blog\/wp-json\/wp\/v2\/posts"}],"about":[{"href":"https:\/\/www.visit-ulcinj.com\/blog\/wp-json\/wp\/v2\/types\/post"}],"author":[{"embeddable":true,"href":"https:\/\/www.visit-ulcinj.com\/blog\/wp-json\/wp\/v2\/users\/1"}],"replies":[{"embeddable":true,"href":"https:\/\/www.visit-ulcinj.com\/blog\/wp-json\/wp\/v2\/comments?post=58209"}],"version-history":[{"count":6,"href":"https:\/\/www.visit-ulcinj.com\/blog\/wp-json\/wp\/v2\/posts\/58209\/revisions"}],"predecessor-version":[{"id":58271,"href":"https:\/\/www.visit-ulcinj.com\/blog\/wp-json\/wp\/v2\/posts\/58209\/revisions\/58271"}],"wp:attachment":[{"href":"https:\/\/www.visit-ulcinj.com\/blog\/wp-json\/wp\/v2\/media?parent=58209"}],"wp:term":[{"taxonomy":"category","embeddable":true,"href":"https:\/\/www.visit-ulcinj.com\/blog\/wp-json\/wp\/v2\/categories?post=58209"},{"taxonomy":"post_tag","embeddable":true,"href":"https:\/\/www.visit-ulcinj.com\/blog\/wp-json\/wp\/v2\/tags?post=58209"}],"curies":[{"name":"wp","href":"https:\/\/api.w.org\/{rel}","templated":true}]}}