{"id":58216,"date":"2012-03-14T21:18:52","date_gmt":"2012-03-14T20:18:52","guid":{"rendered":"http:\/\/www.visit-ulcinj.com\/blog\/?p=58216"},"modified":"2012-03-16T13:46:40","modified_gmt":"2012-03-16T12:46:40","slug":"njemci-stizu-na-adu-bojanu","status":"publish","type":"post","link":"https:\/\/www.visit-ulcinj.com\/blog\/2012\/03\/14\/njemci-stizu-na-adu-bojanu\/","title":{"rendered":"Njemci sti\u017eu na Adu Bojanu"},"content":{"rendered":"<p><a href=\"http:\/\/www.visit-ulcinj.com\/blog\/wp-content\/uploads\/2012\/03\/Nudist_Ada-Bojana.jpg\"><img loading=\"lazy\" class=\"alignleft  wp-image-58217\" title=\"Nudist_Ada-Bojana\" src=\"http:\/\/www.visit-ulcinj.com\/blog\/wp-content\/uploads\/2012\/03\/Nudist_Ada-Bojana.jpg\" alt=\"\" width=\"508\" height=\"318\" \/><\/a>Hotelsko turisti\u010dko preduze\u0107e &#8220;Ulcinjska rivijera&#8221; predstavilo je ponudu za nastupaju\u0107e ljeto, na 46. me\u0111unarodnom sajmu turizma u Berlinu, u okviru \u0161tanda NTO.<\/p>\n<p>Prema rije\u010dima PR Ulcinjske rivijere Ane \u017divanovi\u0107, njema\u010dke agencije &#8220;Obena&#8221; i &#8220;ITS&#8221;, sa kojima imaju vi\u0161edecenijsku saradnju, sa odu\u0161evljenjem su prihvatile vijest o renoviranju smje\u0161tajnog dijela Ade Bojane.<\/p>\n<p>&#8220;Iz agencija sa kojima sara\u0111ujemo na njema\u010dkom tr\u017ei\u0161tu nam je saop\u0161teno da je buking za nastupaju\u0107e ljeto dosta bolji u odnosu na isti period pro\u0161le godine, a najvi\u0161e gostiju iz Njema\u010dke je najavilo dolazak za period maja i juna&#8221;, kazala je \u017divanovi\u0107.<\/p>\n<p><strong>Izvor: CdM\/Dnevne novine<\/strong><\/p>\n<!--YouTube Error: bad URL entered-->\n","protected":false},"excerpt":{"rendered":"<p>Hotelsko turisti\u010dko preduze\u0107e &#8220;Ulcinjska rivijera&#8221; predstavilo je ponudu za nastupaju\u0107e ljeto, na 46. me\u0111unarodnom sajmu turizma u Berlinu, u okviru \u0161tanda NTO. Prema rije\u010dima PR Ulcinjske rivijere Ane \u017divanovi\u0107, njema\u010dke agencije &#8220;Obena&#8221; i &#8220;ITS&#8221;, sa kojima imaju vi\u0161edecenijsku saradnju, sa odu\u0161evljenjem su prihvatile vijest o renoviranju smje\u0161tajnog dijela Ade Bojane. &#8220;Iz agencija sa kojima sara\u0111ujemo [&hellip;]<\/p>\n","protected":false},"author":1,"featured_media":0,"comment_status":"open","ping_status":"closed","sticky":false,"template":"","format":"standard","meta":{"spay_email":"","jetpack_publicize_message":"","jetpack_is_tweetstorm":false,"jetpack_publicize_feature_enabled":true},"categories":[8337],"tags":[138,19],"jetpack_publicize_connections":[],"yoast_head":"<!-- This site is optimized with the Yoast SEO plugin v19.1 - https:\/\/yoast.com\/wordpress\/plugins\/seo\/ -->\n<title>Njemci sti\u017eu na Adu Bojanu - Lajme nga Ulqini<\/title>\n<meta name=\"description\" content=\"Hotelsko turisti\u010dko preduze\u0107e &quot;Ulcinjska rivijera&quot; predstavilo je ponudu za nastupaju\u0107e ljeto, na 46. me\u0111unarodnom sajmu turizma u Berlinu, u okviru\" \/>\n<meta name=\"robots\" content=\"index, follow, max-snippet:-1, max-image-preview:large, max-video-preview:-1\" \/>\n<link rel=\"canonical\" href=\"https:\/\/www.visit-ulcinj.com\/blog\/2012\/03\/14\/njemci-stizu-na-adu-bojanu\/\" \/>\n<meta property=\"og:locale\" content=\"en_US\" \/>\n<meta property=\"og:type\" content=\"article\" \/>\n<meta property=\"og:title\" content=\"Njemci sti\u017eu na Adu Bojanu - Lajme nga Ulqini\" \/>\n<meta property=\"og:description\" content=\"Hotelsko turisti\u010dko preduze\u0107e &quot;Ulcinjska rivijera&quot; predstavilo je ponudu za nastupaju\u0107e ljeto, na 46. me\u0111unarodnom sajmu turizma u Berlinu, u okviru\" \/>\n<meta property=\"og:url\" content=\"https:\/\/www.visit-ulcinj.com\/blog\/2012\/03\/14\/njemci-stizu-na-adu-bojanu\/\" \/>\n<meta property=\"og:site_name\" content=\"Lajme nga Ulqini\" \/>\n<meta property=\"article:published_time\" content=\"2012-03-14T20:18:52+00:00\" \/>\n<meta property=\"article:modified_time\" content=\"2012-03-16T12:46:40+00:00\" \/>\n<meta property=\"og:image\" content=\"http:\/\/www.visit-ulcinj.com\/blog\/wp-content\/uploads\/2012\/03\/Nudist_Ada-Bojana.jpg\" \/>\n<meta name=\"twitter:label1\" content=\"Written by\" \/>\n\t<meta name=\"twitter:data1\" content=\"ulqini\" \/>\n\t<meta name=\"twitter:label2\" content=\"Est. reading time\" \/>\n\t<meta name=\"twitter:data2\" content=\"1 minute\" \/>\n<script type=\"application\/ld+json\" class=\"yoast-schema-graph\">{\"@context\":\"https:\/\/schema.org\",\"@graph\":[{\"@type\":\"WebSite\",\"@id\":\"https:\/\/www.visit-ulcinj.com\/blog\/#website\",\"url\":\"https:\/\/www.visit-ulcinj.com\/blog\/\",\"name\":\"Lajme nga Ulqini\",\"description\":\"Lajme,Vijesti,Ulqini,Ulqin,Crna Gora,Mali i Zi\",\"potentialAction\":[{\"@type\":\"SearchAction\",\"target\":{\"@type\":\"EntryPoint\",\"urlTemplate\":\"https:\/\/www.visit-ulcinj.com\/blog\/?s={search_term_string}\"},\"query-input\":\"required name=search_term_string\"}],\"inLanguage\":\"en-US\"},{\"@type\":\"ImageObject\",\"inLanguage\":\"en-US\",\"@id\":\"https:\/\/www.visit-ulcinj.com\/blog\/2012\/03\/14\/njemci-stizu-na-adu-bojanu\/#primaryimage\",\"url\":\"https:\/\/www.visit-ulcinj.com\/blog\/wp-content\/uploads\/2012\/03\/Nudist_Ada-Bojana.jpg\",\"contentUrl\":\"https:\/\/www.visit-ulcinj.com\/blog\/wp-content\/uploads\/2012\/03\/Nudist_Ada-Bojana.jpg\",\"width\":\"720\",\"height\":\"318\"},{\"@type\":\"WebPage\",\"@id\":\"https:\/\/www.visit-ulcinj.com\/blog\/2012\/03\/14\/njemci-stizu-na-adu-bojanu\/#webpage\",\"url\":\"https:\/\/www.visit-ulcinj.com\/blog\/2012\/03\/14\/njemci-stizu-na-adu-bojanu\/\",\"name\":\"Njemci sti\u017eu na Adu Bojanu - Lajme nga Ulqini\",\"isPartOf\":{\"@id\":\"https:\/\/www.visit-ulcinj.com\/blog\/#website\"},\"primaryImageOfPage\":{\"@id\":\"https:\/\/www.visit-ulcinj.com\/blog\/2012\/03\/14\/njemci-stizu-na-adu-bojanu\/#primaryimage\"},\"datePublished\":\"2012-03-14T20:18:52+00:00\",\"dateModified\":\"2012-03-16T12:46:40+00:00\",\"author\":{\"@id\":\"https:\/\/www.visit-ulcinj.com\/blog\/#\/schema\/person\/dcab619c614d3038751c63bc2aadc06d\"},\"description\":\"Hotelsko turisti\u010dko preduze\u0107e \\\"Ulcinjska rivijera\\\" predstavilo je ponudu za nastupaju\u0107e ljeto, na 46. me\u0111unarodnom sajmu turizma u Berlinu, u okviru\",\"breadcrumb\":{\"@id\":\"https:\/\/www.visit-ulcinj.com\/blog\/2012\/03\/14\/njemci-stizu-na-adu-bojanu\/#breadcrumb\"},\"inLanguage\":\"en-US\",\"potentialAction\":[{\"@type\":\"ReadAction\",\"target\":[\"https:\/\/www.visit-ulcinj.com\/blog\/2012\/03\/14\/njemci-stizu-na-adu-bojanu\/\"]}]},{\"@type\":\"BreadcrumbList\",\"@id\":\"https:\/\/www.visit-ulcinj.com\/blog\/2012\/03\/14\/njemci-stizu-na-adu-bojanu\/#breadcrumb\",\"itemListElement\":[{\"@type\":\"ListItem\",\"position\":1,\"name\":\"Njemci sti\u017eu na Adu Bojanu\"}]},{\"@type\":\"Person\",\"@id\":\"https:\/\/www.visit-ulcinj.com\/blog\/#\/schema\/person\/dcab619c614d3038751c63bc2aadc06d\",\"name\":\"ulqini\",\"sameAs\":[\"http:\/\/www.visit-ulcinj.com\"],\"url\":\"https:\/\/www.visit-ulcinj.com\/blog\/author\/admin\/\"}]}<\/script>\n<!-- \/ Yoast SEO plugin. -->","yoast_head_json":{"title":"Njemci sti\u017eu na Adu Bojanu - Lajme nga Ulqini","description":"Hotelsko turisti\u010dko preduze\u0107e \"Ulcinjska rivijera\" predstavilo je ponudu za nastupaju\u0107e ljeto, na 46. me\u0111unarodnom sajmu turizma u Berlinu, u okviru","robots":{"index":"index","follow":"follow","max-snippet":"max-snippet:-1","max-image-preview":"max-image-preview:large","max-video-preview":"max-video-preview:-1"},"canonical":"https:\/\/www.visit-ulcinj.com\/blog\/2012\/03\/14\/njemci-stizu-na-adu-bojanu\/","og_locale":"en_US","og_type":"article","og_title":"Njemci sti\u017eu na Adu Bojanu - Lajme nga Ulqini","og_description":"Hotelsko turisti\u010dko preduze\u0107e \"Ulcinjska rivijera\" predstavilo je ponudu za nastupaju\u0107e ljeto, na 46. me\u0111unarodnom sajmu turizma u Berlinu, u okviru","og_url":"https:\/\/www.visit-ulcinj.com\/blog\/2012\/03\/14\/njemci-stizu-na-adu-bojanu\/","og_site_name":"Lajme nga Ulqini","article_published_time":"2012-03-14T20:18:52+00:00","article_modified_time":"2012-03-16T12:46:40+00:00","og_image":[{"url":"http:\/\/www.visit-ulcinj.com\/blog\/wp-content\/uploads\/2012\/03\/Nudist_Ada-Bojana.jpg"}],"twitter_misc":{"Written by":"ulqini","Est. reading time":"1 minute"},"schema":{"@context":"https:\/\/schema.org","@graph":[{"@type":"WebSite","@id":"https:\/\/www.visit-ulcinj.com\/blog\/#website","url":"https:\/\/www.visit-ulcinj.com\/blog\/","name":"Lajme nga Ulqini","description":"Lajme,Vijesti,Ulqini,Ulqin,Crna Gora,Mali i Zi","potentialAction":[{"@type":"SearchAction","target":{"@type":"EntryPoint","urlTemplate":"https:\/\/www.visit-ulcinj.com\/blog\/?s={search_term_string}"},"query-input":"required name=search_term_string"}],"inLanguage":"en-US"},{"@type":"ImageObject","inLanguage":"en-US","@id":"https:\/\/www.visit-ulcinj.com\/blog\/2012\/03\/14\/njemci-stizu-na-adu-bojanu\/#primaryimage","url":"https:\/\/www.visit-ulcinj.com\/blog\/wp-content\/uploads\/2012\/03\/Nudist_Ada-Bojana.jpg","contentUrl":"https:\/\/www.visit-ulcinj.com\/blog\/wp-content\/uploads\/2012\/03\/Nudist_Ada-Bojana.jpg","width":"720","height":"318"},{"@type":"WebPage","@id":"https:\/\/www.visit-ulcinj.com\/blog\/2012\/03\/14\/njemci-stizu-na-adu-bojanu\/#webpage","url":"https:\/\/www.visit-ulcinj.com\/blog\/2012\/03\/14\/njemci-stizu-na-adu-bojanu\/","name":"Njemci sti\u017eu na Adu Bojanu - Lajme nga Ulqini","isPartOf":{"@id":"https:\/\/www.visit-ulcinj.com\/blog\/#website"},"primaryImageOfPage":{"@id":"https:\/\/www.visit-ulcinj.com\/blog\/2012\/03\/14\/njemci-stizu-na-adu-bojanu\/#primaryimage"},"datePublished":"2012-03-14T20:18:52+00:00","dateModified":"2012-03-16T12:46:40+00:00","author":{"@id":"https:\/\/www.visit-ulcinj.com\/blog\/#\/schema\/person\/dcab619c614d3038751c63bc2aadc06d"},"description":"Hotelsko turisti\u010dko preduze\u0107e \"Ulcinjska rivijera\" predstavilo je ponudu za nastupaju\u0107e ljeto, na 46. me\u0111unarodnom sajmu turizma u Berlinu, u okviru","breadcrumb":{"@id":"https:\/\/www.visit-ulcinj.com\/blog\/2012\/03\/14\/njemci-stizu-na-adu-bojanu\/#breadcrumb"},"inLanguage":"en-US","potentialAction":[{"@type":"ReadAction","target":["https:\/\/www.visit-ulcinj.com\/blog\/2012\/03\/14\/njemci-stizu-na-adu-bojanu\/"]}]},{"@type":"BreadcrumbList","@id":"https:\/\/www.visit-ulcinj.com\/blog\/2012\/03\/14\/njemci-stizu-na-adu-bojanu\/#breadcrumb","itemListElement":[{"@type":"ListItem","position":1,"name":"Njemci sti\u017eu na Adu Bojanu"}]},{"@type":"Person","@id":"https:\/\/www.visit-ulcinj.com\/blog\/#\/schema\/person\/dcab619c614d3038751c63bc2aadc06d","name":"ulqini","sameAs":["http:\/\/www.visit-ulcinj.com"],"url":"https:\/\/www.visit-ulcinj.com\/blog\/author\/admin\/"}]}},"jetpack_featured_media_url":"","jetpack_sharing_enabled":true,"jetpack_shortlink":"https:\/\/wp.me\/pe6lTn-f8Y","_links":{"self":[{"href":"https:\/\/www.visit-ulcinj.com\/blog\/wp-json\/wp\/v2\/posts\/58216"}],"collection":[{"href":"https:\/\/www.visit-ulcinj.com\/blog\/wp-json\/wp\/v2\/posts"}],"about":[{"href":"https:\/\/www.visit-ulcinj.com\/blog\/wp-json\/wp\/v2\/types\/post"}],"author":[{"embeddable":true,"href":"https:\/\/www.visit-ulcinj.com\/blog\/wp-json\/wp\/v2\/users\/1"}],"replies":[{"embeddable":true,"href":"https:\/\/www.visit-ulcinj.com\/blog\/wp-json\/wp\/v2\/comments?post=58216"}],"version-history":[{"count":2,"href":"https:\/\/www.visit-ulcinj.com\/blog\/wp-json\/wp\/v2\/posts\/58216\/revisions"}],"predecessor-version":[{"id":58280,"href":"https:\/\/www.visit-ulcinj.com\/blog\/wp-json\/wp\/v2\/posts\/58216\/revisions\/58280"}],"wp:attachment":[{"href":"https:\/\/www.visit-ulcinj.com\/blog\/wp-json\/wp\/v2\/media?parent=58216"}],"wp:term":[{"taxonomy":"category","embeddable":true,"href":"https:\/\/www.visit-ulcinj.com\/blog\/wp-json\/wp\/v2\/categories?post=58216"},{"taxonomy":"post_tag","embeddable":true,"href":"https:\/\/www.visit-ulcinj.com\/blog\/wp-json\/wp\/v2\/tags?post=58216"}],"curies":[{"name":"wp","href":"https:\/\/api.w.org\/{rel}","templated":true}]}}