{"id":58219,"date":"2012-03-15T06:43:53","date_gmt":"2012-03-15T05:43:53","guid":{"rendered":"http:\/\/www.visit-ulcinj.com\/blog\/?p=58219"},"modified":"2012-03-16T21:59:16","modified_gmt":"2012-03-16T20:59:16","slug":"komuna-e-ulqinit-merr-pjese-ne-panairin-une-konsumoj-prodhime-shqiptare-ne-tirane","status":"publish","type":"post","link":"https:\/\/www.visit-ulcinj.com\/blog\/2012\/03\/15\/komuna-e-ulqinit-merr-pjese-ne-panairin-une-konsumoj-prodhime-shqiptare-ne-tirane\/","title":{"rendered":"Komuna e Ulqinit  merr pjes\u00eb n\u00eb Panairin &#8220;Un\u00eb konsumoj prodhime shqiptare&#8221; n\u00eb Tiran\u00eb &#8211; Video"},"content":{"rendered":"<p><strong><a href=\"http:\/\/www.visit-ulcinj.com\/blog\/wp-content\/uploads\/2012\/03\/Komuna-e-Ulqinit-merr-pjes\u00eb-n\u00eb-Panairin-_Un\u00eb-konsumoj-prodhime-shqiptare_-n\u00eb-Tiran\u00eb.jpg\"><img loading=\"lazy\" class=\"alignleft  wp-image-58220\" title=\"Komuna e Ulqinit  merr pjes\u00eb n\u00eb Panairin _Un\u00eb konsumoj prodhime shqiptare_ n\u00eb Tiran\u00eb\" src=\"http:\/\/www.visit-ulcinj.com\/blog\/wp-content\/uploads\/2012\/03\/Komuna-e-Ulqinit-merr-pjes\u00eb-n\u00eb-Panairin-_Un\u00eb-konsumoj-prodhime-shqiptare_-n\u00eb-Tiran\u00eb.jpg\" alt=\"\" width=\"508\" height=\"380\" \/><\/a>Basha: Panairi, mund\u00ebsi p\u00ebr promovimin e produkteve shqiptare dhe p\u00ebr nxitjen e pun\u00ebsimit<\/strong><\/p>\n<p>\u00cbsht\u00eb \u00e7elur sot n\u00eb Tiran\u00eb panairi i 100 produkteve shqiptare nga 100 kompani<strong> <\/strong>komb\u00ebtareme sloganin \u201cUn\u00eb konsumoj prodhime shqiptare\u201d. Jav\u00ebt e biznesit komb\u00ebtar nis\u00ebn sot rrug\u00ebtimin e tyre nga Tirana p\u00ebr t\u00eb vijuar m\u00eb pas n\u00eb Prishtin\u00eb, Maqedoni, Preshev\u00eb e Mal t\u00eb Zi.\u00a0 100 biznese komb\u00ebtare do t\u00eb promovojn\u00eb 100 produkte p\u00ebr 100 dit\u00eb n\u00eb 100 vjetorin e Pavar\u00ebsis\u00eb. Panairi i hapur sot n\u00eb rrug\u00ebn \u201cMurat Toptani\u201d ka patur t\u00eb ftuar nderi p\u00ebrfaq\u00ebsues nga t\u00eb gjith\u00eb trevat shqiptare nga Prishtina, Shkupi, Ulqini, e Presheva.<\/p>\n<p>Kryetari i Bashkis\u00eb s\u00eb Tiran\u00ebs Lulzim Basha, mb\u00ebsht\u00ebs kryesor i k\u00ebtij panairi n\u00eb Tiran\u00eb, tha se ky \u00ebsht\u00eb hapi i par\u00eb p\u00ebr promovimin e potencialeve t\u00eb jasht\u00ebzakonshme n\u00eb fush\u00ebn e agrobiznesit.<\/p>\n<p>\u201cKy \u00ebsht\u00eb nj\u00eb hap i par\u00eb p\u00ebr t\u00eb evidentuar potencialin e jasht\u00ebzakonsh\u00ebm q\u00eb ne kemi n\u00eb k\u00ebt\u00eb fush\u00eb, potencial i cili mund t\u00eb realizohet vet\u00ebm n\u00ebp\u00ebrmjet bashk\u00ebpunimit, n\u00ebp\u00ebrmjet bashk\u00ebpunimit t\u00eb v\u00ebrtet\u00eb intensive dhe jo vet\u00ebm n\u00eb dit\u00eb festash t\u00eb biznesit e n\u00eb ve\u00e7anti t\u00eb agrobiznesit shqiptar, duke i konsideruar sot shanset e l\u00ebvizshm\u00ebris\u00eb t\u00eb p\u00ebrmir\u00ebsuara, p\u00ebr shkak t\u00eb dimensionit t\u00eb liris\u00eb s\u00eb fituar q\u00eb na ka munguar, t\u00eb p\u00ebrmir\u00ebsuara edhe p\u00ebr shkak t\u00eb infrastruktur\u00ebs rrugore shum\u00eb m\u00eb t\u00eb mir\u00eb q\u00eb na lidh, si shanse p\u00ebr t\u00eb rritur cil\u00ebsin\u00eb e jet\u00ebs s\u00eb qytetar\u00ebve shqiptar\u00eb dhe shqiptar\u00ebve kudo q\u00eb jetojn\u00eb, duke u ofruar atyre prodhime m\u00eb cil\u00ebsore, me \u00e7mime m\u00eb t\u00eb arsyeshme dhe duke e nxjerr\u00eb tregun e ri ushqimor sa m\u00eb shum\u00eb nga \u201ckthetrat\u201d e importit dhe mallrave t\u00eb importit.<\/p>\n<p>S\u00eb dyti, ky \u00ebsht\u00eb nj\u00eb shans i jasht\u00ebzakonsh\u00ebm p\u00ebr t\u00eb hapur vende t\u00eb reja pune, jo vet\u00ebm n\u00eb fushat e sektor\u00ebt p\u00ebrkat\u00ebs t\u00eb prodhimit por edhe t\u00eb tregtimit, t\u00eb ekspozimit dhe kjo mund t\u00eb arrihet duke kredituar dhe vet\u00ebkredituar veten ton\u00eb, bizneset tona, n\u00eb ato shuma q\u00eb nuk jan\u00eb t\u00eb pakta, jan\u00eb dhjet\u00ebra, qindra milion\u00eb euro, t\u00eb cilat duhet t\u00eb shkojn\u00eb n\u00eb blerjen dhe konsumin e prodhimeve shqiptare, pavar\u00ebsisht n\u00ebse k\u00ebto prodhime shqiptare gjenerohen n\u00eb Republik\u00ebn e Shqip\u00ebris\u00eb, n\u00eb Republik\u00ebn e Kosov\u00ebs, Maqedoni, Mal t\u00eb Zi, Preshev\u00eb, apo kudo tjet\u00ebr\u201d, \u00a0tha zoti Basha.<\/p>\n<p>N\u00eb k\u00ebt\u00eb ceremoni kan\u00eb p\u00ebrsh\u00ebndetur edhe ministri i Bujq\u00ebsis\u00eb Genc Ruli, presidenti i KASH Enver Ferizaj, \u00a0kryetari i Aleanc\u00ebs Kosovare t\u00eb Biznesit Agim Shahini,\u00a0 Kryetari i Komun\u00ebs s\u00eb Preshev\u00ebs Ragmi Mustafa, kryetari i Komun\u00ebs \u00c7air Izet Mexhiti , zv\/kryetari i Komun\u00ebs Ulqin\u00a0 Xhaudet Cakuli.<\/p>\n<p>Torta q\u00eb simbolizon edhe hapjen e panairit u pre nga kryetari i Komun\u00ebs s\u00eb Preshev\u00ebs Ragmi Mustafa. M\u00eb pas t\u00eb pranishmit n\u00eb ceremoni kan\u00eb vizituar t\u00eb gjitha stendat e panairit ku ekspozohen produkte shqiptare nga Shqip\u00ebria, Kosova, Maqedonia, Mali i Zi e Presheva.<\/p>\n<p><strong>Fjal\u00ebt e plot\u00eb n\u00eb ceremoni:<\/strong><\/p>\n<p><strong>KRYETARI I BASHKIS\u00cb LULZIM BASHA:<\/strong><\/p>\n<p><strong>\u201cI nderuar z.Minist\u00ebr, t\u00eb nderuar miq dhe t\u00eb ftuar q\u00eb keni ardhur sot, Dit\u00ebn e Ver\u00ebs, t\u00eb k\u00ebsaj feste t\u00eb lasht\u00eb q\u00eb shqiptar\u00ebt e festojn\u00eb anemban\u00eb ku flitet shqip, keni ardhur nga t\u00eb gjith\u00eb trevat shqiptare, st\u00ebrgjysh\u00ebrore, nga \u00c7airi i Shkupit, nga Ulqini, nga Tetova e natyrisht nga Kosova!<\/strong><\/p>\n<p><a href=\"http:\/\/www.visit-ulcinj.com\/blog\/wp-content\/uploads\/2012\/03\/Komuna-e-Ulqinit-merr-pjes\u00eb-n\u00eb-Panairin-_Un\u00eb-konsumoj-prodhime-shqiptare_-n\u00eb-Tiran\u00eb.2.jpg\"><img loading=\"lazy\" class=\"alignleft  wp-image-58221\" title=\"Komuna e Ulqinit  merr pjes\u00eb n\u00eb Panairin _Un\u00eb konsumoj prodhime shqiptare_ n\u00eb Tiran\u00eb.2\" src=\"http:\/\/www.visit-ulcinj.com\/blog\/wp-content\/uploads\/2012\/03\/Komuna-e-Ulqinit-merr-pjes\u00eb-n\u00eb-Panairin-_Un\u00eb-konsumoj-prodhime-shqiptare_-n\u00eb-Tiran\u00eb.2.jpg\" alt=\"\" width=\"508\" height=\"300\" \/><\/a><\/p>\n<p>Keni b\u00ebr\u00eb zgjedhjen e duhur, sepse sot Tirana ka hapur dyert, zemrat, shpirtin e saj bujar, mikprit\u00ebs, p\u00ebr t\u2019i ofruar t\u00eb gjith\u00eb banor\u00ebve t\u00eb saj shansin p\u00ebr t\u00eb festuar k\u00ebt\u00eb dit\u00eb, dit\u00ebn e largimit t\u00eb dimrit, t\u00eb fillimit t\u00eb ngrohjes pranverore t\u00eb tokave, qyteteve tona, t\u00eb shpirtrave tan\u00eb, zemrave e sht\u00ebpive tona.<\/p>\n<p>N\u00eb k\u00ebt\u00eb dit\u00eb t\u00eb ve\u00e7ant\u00eb dhe n\u00eb k\u00ebt\u00eb vit t\u00eb ve\u00e7ant\u00eb t\u00eb 100-vjetorit t\u00eb Pavar\u00ebsis\u00ebs\u00eb Shqip\u00ebris\u00eb, un\u00eb jam ve\u00e7an\u00ebrisht i lumtur, q\u00eb Tirana kryeqyteti i Shqip\u00ebris\u00eb dhe qyteti m\u00eb i madh i shqiptar\u00ebve, t\u00eb mir\u00ebpres\u00eb si pjes\u00eb e festimeve t\u00eb Dit\u00ebs s\u00eb Ver\u00ebs 100 biznese shqiptare komb\u00ebtare, nga t\u00eb gjith\u00eb trojet shqiptare, t\u00eb cil\u00ebt do t\u00eb ekspozojn\u00eb para qytetar\u00ebve t\u00eb Tiran\u00ebs dhe vizitor\u00ebve t\u00eb shumt\u00eb q\u00eb kan\u00eb zgjedhur sot t\u00eb festojn\u00eb n\u00eb Tiran\u00eb, produktet e tyre t\u00eb cilat na b\u00ebjn\u00eb krenar\u00eb me cil\u00ebsin\u00eb e lart\u00eb, me shijen e tyre t\u00eb rrall\u00eb dhe q\u00eb kan\u00eb n\u00eb \u00e7do qeliz\u00eb t\u00eb tyre mundin, pun\u00ebn dhe dashurin\u00eb e motrave dhe v\u00ebllez\u00ebrve tan\u00eb, pavar\u00ebsisht n\u00ebse jan\u00eb prodhuar n\u00eb Shqip\u00ebri, Kosov\u00eb, Maqedoni, Preshev\u00eb apo Mal t\u00eb Zi.<\/p>\n<p>Ky \u00ebsht\u00eb nj\u00eb hap i par\u00eb p\u00ebr t\u00eb evidentuar potencialin e jasht\u00ebzakonsh\u00ebm q\u00eb ne kemi n\u00eb k\u00ebt\u00eb fush\u00eb, potencial i cili mund t\u00eb realizohet vet\u00ebm n\u00ebp\u00ebrmjet bashk\u00ebpunimit, n\u00ebp\u00ebrmjet bashk\u00ebpunimit t\u00eb v\u00ebrtet\u00eb intensive dhe jo vet\u00ebm n\u00eb dit\u00eb festash t\u00eb biznesit e n\u00eb ve\u00e7anti t\u00eb agrobiznesit shqiptar, duke i konsideruar sot shanset e l\u00ebvizshm\u00ebris\u00eb t\u00eb p\u00ebrmir\u00ebsuara, p\u00ebr shkak t\u00eb dimensionit t\u00eb liris\u00eb s\u00eb fituar q\u00eb na ka munguar, t\u00eb p\u00ebrmir\u00ebsuara edhe p\u00ebr shkak t\u00eb infrastruktur\u00ebs rrugore shum\u00eb m\u00eb t\u00eb mir\u00eb q\u00eb na lidh, si shanse p\u00ebr t\u00eb rritur cil\u00ebsin\u00eb e jet\u00ebs s\u00eb qytetar\u00ebve shqiptar\u00eb dhe shqiptar\u00ebve kudo q\u00eb jetojn\u00eb, duke u ofruar atyre prodhime m\u00eb cil\u00ebsore, me \u00e7mime m\u00eb t\u00eb arsyeshme dhe duke e nxjerr\u00eb tregun e ri ushqimor sa m\u00eb shum\u00eb nga \u201ckthetrat\u201d e importit dhe mallrave t\u00eb importit.<\/p>\n<p>S\u00eb dyti, ky \u00ebsht\u00eb nj\u00eb shans i jasht\u00ebzakonsh\u00ebm p\u00ebr t\u00eb hapur vende t\u00eb reja pune, jo vet\u00ebm n\u00eb fushat e sektor\u00ebt p\u00ebrkat\u00ebs t\u00eb prodhimit por edhe t\u00eb tregtimit, t\u00eb ekspozimit dhe kjo mund t\u00eb arrihet duke kredituar dhe vet\u00ebkredituar veten ton\u00eb, bizneset tona, n\u00eb ato shuma q\u00eb nuk jan\u00eb t\u00eb pakta, jan\u00eb dhjet\u00ebra, qindra milion\u00eb euro, t\u00eb cilat duhet t\u00eb shkojn\u00eb n\u00eb blerjen dhe konsumin e prodhimeve shqiptare, pavar\u00ebsisht n\u00ebse k\u00ebto prodhime shqiptare gjenerohen n\u00eb Republik\u00ebn e Shqip\u00ebris\u00eb, n\u00eb Republik\u00ebn e Kosov\u00ebs, Maqedoni, Mal t\u00eb Zi, Preshev\u00eb, apo kudo tjet\u00ebr. Kjo \u00ebsht\u00eb nj\u00eb fuqi shum\u00eb e madhe kredituese p\u00ebr ekonomin\u00eb komb\u00ebtare, p\u00ebr ekonomin\u00eb e Shqip\u00ebris\u00eb, Kosov\u00ebs, por edhe t\u00eb gjith\u00eb ekonomit\u00eb e rajonit dhe \u00ebsht\u00eb nj\u00eb kontribut shum\u00eb i madh q\u00eb ne duhet dhe do ta japim, p\u00ebr t\u00eb rritur mund\u00ebsin\u00eb p\u00ebr pun\u00ebsim p\u00ebr brezin e ri n\u00eb ve\u00e7anti dhe shqiptar\u00ebt kudo q\u00eb jetojn\u00eb n\u00eb p\u00ebrgjith\u00ebsi, ndaj k\u00ebsaj Dite Vere q\u00eb \u00ebsht\u00eb nj\u00eb dit\u00eb feste, sot i shtohet edhe nj\u00eb element thelb\u00ebsor q\u00eb ka t\u00eb b\u00ebj\u00eb me cil\u00ebsin\u00eb e ushqimit, ka t\u00eb b\u00ebj\u00eb me cil\u00ebsin\u00eb e jet\u00ebs, ka t\u00eb b\u00ebj\u00eb me m\u00ebnyr\u00ebn se si ne zgjedhim t\u00eb jetojm\u00eb apo t\u00eb shijojm\u00eb jet\u00ebt tona.<\/p>\n<p>Sot, n\u00ebp\u00ebrmjet k\u00ebtij panairi ne tregojm\u00eb se kemi nj\u00eb potencial t\u00eb madh p\u00ebr t\u00eb jetuar e shijuar m\u00eb mir\u00eb jet\u00ebt tona, pavar\u00ebsisht n\u00ebse jetojm\u00eb brenda kufijve t\u00eb Sh\u00ebip\u00ebris\u00eb, Kosov\u00ebs, Maqedonis\u00eb apo Malit t\u00eb Zi, duke qen\u00eb krenar\u00eb p\u00ebr at\u00eb q\u00eb na bashkon, t\u00eb kaluar\u00ebn ton\u00eb dhe duke par\u00eb me besim n\u00eb at\u00eb q\u00eb na bashkon n\u00eb t\u00eb ardhmen ton\u00eb q\u00eb \u00ebsht\u00eb cil\u00ebsia e lart\u00eb, e patjet\u00ebrsueshme e prodhimeve shqiptare.<\/p>\n<p>I ftoj t\u00eb gjith\u00eb qytetar\u00ebt e Tiran\u00ebs dhe vizitor\u00ebt anemban\u00eb, nga kudo prej kan\u00eb ardhur q\u00eb t\u00eb vizitojn\u00eb k\u00ebt\u00eb panair, t\u00eb njohin prodhimet e k\u00ebtij panairi, t\u00eb njohim nj\u00ebri-tjetrin dhe t\u2019i japim nj\u00eb impuls t\u00eb ri prodhimeve shqiptare dhe konsumit shqiptar n\u00eb Europ\u00ebn Jugindore, Ballkan, kudo ku jetojn\u00eb shqiptar\u00ebt.<\/p>\n<p>Edhe nj\u00ebher\u00eb, \u201cG\u00ebzuar fest\u00ebn e Ver\u00ebs\u201d, ashtu si\u00e7 ka sjell\u00eb sot ky diell drit\u00eb dhe g\u00ebzim, sjellt\u00eb drit\u00eb e g\u00ebzim n\u00eb jet\u00ebt tuaja, familjet tuaja, sht\u00ebpit\u00eb tuaja e qoft\u00eb nj\u00eb ver\u00eb e mbar\u00eb p\u00ebr t\u00eb gjith\u00eb qytetar\u00ebt e Tiran\u00ebs e shqiptar\u00ebt kudo ku jetojn\u00eb!\u201d<strong><br \/>\n<a href=\"http:\/\/www.visit-ulcinj.com\/blog\/wp-content\/uploads\/2012\/03\/Komuna-e-Ulqinit-merr-pjes\u00eb-n\u00eb-Panairin-_Un\u00eb-konsumoj-prodhime-shqiptare_-n\u00eb-Tiran\u00eb.1.jpg\"><img loading=\"lazy\" class=\"alignleft  wp-image-58222\" title=\"Komuna e Ulqinit  merr pjes\u00eb n\u00eb Panairin _Un\u00eb konsumoj prodhime shqiptare_ n\u00eb Tiran\u00eb.1\" src=\"http:\/\/www.visit-ulcinj.com\/blog\/wp-content\/uploads\/2012\/03\/Komuna-e-Ulqinit-merr-pjes\u00eb-n\u00eb-Panairin-_Un\u00eb-konsumoj-prodhime-shqiptare_-n\u00eb-Tiran\u00eb.1.jpg\" alt=\"\" width=\"508\" height=\"300\" \/><\/a><br \/>\n<\/strong><\/p>\n<p><strong>ENVER FERIZAJ PRESIDENTI I K\u00cbSHILLIT T\u00cb AGROBIZNESIT SHQIPTAR <\/strong><\/p>\n<p><strong>\u201cI nderuar z.minist\u00ebr Ruli; i nderuar z.Basha, Kryetar i Bashkis\u00eb s\u00eb Tiran\u00ebs; t\u00eb nderuar v\u00ebllez\u00ebr nga Kosova; z.Agim Shahini, Kryetar i AKB; nga Maqedonia Kryetar i Od\u00ebs Ekonomike, Z.Menderes Ku\u00e7i; Kryetar i Komun\u00ebs s\u00eb \u00c7airit t\u00eb Shkupit, z.<\/strong> <strong>Izet Mexhiti; nga Presheva Kryetari i Komun\u00ebs Ragmi Mustafa; Zv\/Kryetari i Komun\u00ebs Xhevdet Cakuli; t\u00eb nderuar p\u00ebrfaq\u00ebsues t\u00eb trupit diplomatik, p\u00ebrfaq\u00ebsues t\u00eb mediave, bashk\u00eborganizator\u00eb, t\u00eb respektuar biznesmen\u00eb nga trevat shqiptare!<\/strong><\/p>\n<p>Ju falenderoj p\u00ebr pjes\u00ebmarrjen, p\u00ebr koh\u00ebn q\u00eb i kushtuat \u201cJav\u00ebs s\u00eb Biznesit Komb\u00ebtar\u201d. Ky event realizohet n\u00eb kuad\u00ebr t\u00eb 100-vjetorit t\u00eb Pavar\u00ebsis\u00eb s\u00eb shtetit shqiptar, K\u00ebshilli i Agrobiznesit shqiptar, Aleanca p\u00ebr Biznes e Kosov\u00ebs dhe gjith\u00eb bashk\u00eborganizator\u00ebt nga Shqip\u00ebria dhe nga trevat komb\u00ebtare, Kosova, Maqedonia, Mali I Zi, Presheva dhe kulmon sot n\u00eb Tiran\u00eb, n\u00eb qiellin e panairit komb\u00ebtar, 100 biznese, 100 produkte, 100 aktivitete, n\u00eb 100 vjetorin e Pavar\u00ebsis\u00eb s\u00eb shtetit shqiptar.<\/p>\n<p>Ky aktivitet mbledh sot n\u00eb kryeqytetin e Shqip\u00ebris\u00eb, n\u00eb Tiran\u00eb, biznesmen\u00eb, prodhues, konsumator\u00eb etj nga trevat shqiptare p\u00ebr nj\u00eb q\u00ebllim, t\u00eb rrisim vet\u00ebdijen mbar\u00ebshqiptare p\u00ebr konsumin e mallrave vendore, pasi natyra na ka bekuar duke na dh\u00ebn\u00eb nj\u00eb natyr\u00eb plot drit\u00eb e sh\u00ebndet, p\u00ebr prodhimet tona sa m\u00eb cil\u00ebsore.<\/p>\n<p>Slogani \u201cUn\u00eb konsumoj prodhime shqiptare\u201d, po ju si qytetar\u00eb!! Tirana \u00ebsht\u00eb sot qyteti I g\u00ebzimit, qyteti i fest\u00ebs, \u00ebsht\u00eb kryeqyteti i k\u00ebsaj dite t\u00eb mrekullueshme, ndaj ju uroj G\u00ebzuar!<\/p>\n<p>Gjat\u00eb jav\u00ebve t\u00eb biznesit shqiptar ne kemi kaluar n\u00eb t\u00eb gjith\u00eb trevat shqiptare, duke lan\u00e7uar projektin, gjith\u00eb bashk\u00eborganizator\u00ebt, si n\u00eb Kosov\u00eb, Preshev\u00eb, Maqedoni, Ulqin. Falenderoj t\u00eb gjith\u00eb gazetar\u00ebt q\u00eb na kan\u00eb shoq\u00ebruar dhe nj\u00eb pyetje q\u00eb na kan\u00eb drejtuar \u00ebsht\u00eb: \u201cSi ka mund\u00ebsi q\u00eb t\u00eb gjith\u00eb ushqimet q\u00eb ne kemi ngr\u00ebn\u00eb, kan\u00eb t\u00eb nj\u00ebjt\u00ebn shije, t\u00eb nj\u00ebjt\u00ebn er\u00eb!? Sepse jan\u00eb t\u00eb trev\u00ebs shqiptare, jan\u00eb t\u00eb nj\u00eb gjaku, jan\u00eb t\u00eb nj\u00eb kombi, ndaj ato kan\u00eb t\u00eb nj\u00ebjt\u00ebn shije e arom\u00eb. G\u00ebzuar fest\u00ebn p\u00ebr t\u00eb gjith\u00eb qytetar\u00ebt dhe biznesmen\u00ebt, faleminderit!\u201d<\/p>\n<p><a href=\"http:\/\/www.visit-ulcinj.com\/blog\/wp-content\/uploads\/2012\/03\/Komuna-e-Ulqinit-merr-pjes\u00eb-n\u00eb-Panairin-_Un\u00eb-konsumoj-prodhime-shqiptare_-n\u00eb-Tiran\u00eb.3.jpg\"><img loading=\"lazy\" class=\"alignleft  wp-image-58223\" title=\"Komuna e Ulqinit  merr pjes\u00eb n\u00eb Panairin _Un\u00eb konsumoj prodhime shqiptare_ n\u00eb Tiran\u00eb.3\" src=\"http:\/\/www.visit-ulcinj.com\/blog\/wp-content\/uploads\/2012\/03\/Komuna-e-Ulqinit-merr-pjes\u00eb-n\u00eb-Panairin-_Un\u00eb-konsumoj-prodhime-shqiptare_-n\u00eb-Tiran\u00eb.3.jpg\" alt=\"\" width=\"508\" height=\"300\" \/><\/a><\/p>\n<p><strong>AGIM SHAHINI &#8211; KRYETAR I ALEANC\u00cbS KOSOVARE T\u00cb BIZNESIT <\/strong><\/p>\n<p>\u201cKam k\u00ebnq\u00ebsin\u00eb q\u00eb para qytetar\u00ebve t\u00eb Tiran\u00ebs, Shqip\u00ebris\u00eb, kombit, t\u00eb ofrojm\u00eb nj\u00eb ofert\u00eb si asnj\u00ebher\u00eb m\u00eb par\u00eb me 100 biznese komb\u00ebtare, me 100 produkte, por sot jan\u00eb mbi 10 mij\u00eb produkte q\u00eb ofrohen dhe kjo \u00ebsht\u00eb nj\u00eb ofert\u00eb e mir\u00eb q\u00eb i ofrohet gjith\u00eb konsumator\u00ebve shqiptar\u00eb.<\/p>\n<p>\u201cUn\u00eb konsumoj prodhime vendore\u201d \u00ebsht\u00eb nj\u00eb slogan q\u00eb prek nd\u00ebrgjegjjet tona, nd\u00ebrgjegjjet institucionale t\u00eb shteteve ton\u00eb, p\u00ebr t\u00eb krijuar politika m\u00eb t\u00eb mira p\u00ebr zhvillimin e bizneseve komb\u00ebtare, \u00ebsht\u00eb nj\u00eb slogan q\u00eb tenton t\u00eb kaloj\u00eb kufijt\u00eb e kombit, t\u00eb integrohet me tregjet nd\u00ebrkomb\u00ebtare dhe po k\u00ebshtu \u00ebsht\u00eb nj\u00eb slogan q\u00eb u ofron investitor\u00ebve m\u00eb shum\u00eb interes, sepse ky projekt ka t\u00eb b\u00ebj\u00eb me ofert\u00ebn 10 milion\u00eb konsumator\u00eb, investitor\u00ebt do t\u00eb interesohen m\u00eb shum\u00eb t\u00eb vijn\u00eb n\u00ebp\u00ebr tregjet tona prandaj sot Kosova th\u00ebrret O Shqip\u00ebri, o Ulqin, o Preshev\u00eb, Maqedoni, o Shqip\u00ebri a je k\u00ebtu?!<\/p>\n<p>Pedonalja \u00ebsht\u00eb e vog\u00ebl sot p\u00ebr t\u00eb pritur t\u00eb gjith\u00eb kombin, gjith\u00eb bizneset q\u00eb vijn\u00eb k\u00ebtu, ndaj z.Kryetar pedonalja duhet t\u00eb vazhdoj\u00eb t\u00eb rritet m\u00eb tutje, t\u00eb pres\u00eb m\u00eb shum\u00eb, vitin e ardhsh\u00ebm do t\u00eb jemi 1000 e k\u00ebshtu do t\u00eb zhvillohet ekonomia jon\u00eb e cila ka synim t\u00eb rr\u00ebnoj\u00eb kufijt\u00eb e t\u00eb shkojm\u00eb bashkarisht n\u00eb BE sepse BE ofron ofert\u00eb m\u00eb t\u00eb madhe p\u00ebr investimet, por edhe ne duhet t\u00eb jemi t\u00eb p\u00ebrgatitur p\u00ebr ofert\u00ebn e produkteve tona n\u00eb BE, ndaj sot kam k\u00ebnaq\u00ebsin\u00eb e ve\u00e7ant\u00eb t\u00eb p\u00ebrsh\u00ebndes edhe institucionet shtet\u00ebrore t\u00eb Kosov\u00ebs, Shqip\u00ebris\u00eb e institucionet e t\u00eb gjith\u00eb kombit q\u00eb kan\u00eb p\u00ebrkrahur k\u00ebt\u00eb projekt. Trupa diplomatike e Ambasad\u00ebs s\u00eb Kosov\u00ebs n\u00eb Tiran\u00eb ka dh\u00ebn\u00eb nj\u00eb kontribut t\u00eb jasht\u00ebzakonsh\u00ebm dhe n\u00eb em\u00ebr t\u00eb bizneseve t\u00eb Kosov\u00ebs t\u00eb cilat jan\u00eb sot m\u00eb shum\u00eb se 40, q\u00eb ofrojn\u00eb m\u00eb shum\u00eb se 1500 produkte, do t\u00eb ofrojn\u00eb edhe gjat\u00eb gjith\u00eb rrug\u00ebtimit. Ky projekt do t\u00eb mbillet duke shp\u00ebrndar\u00eb \u00e7ertifikata p\u00ebr 100 bizneset dhe 100 produktet m\u00eb t\u00eb mira t\u00eb kombit, gjithmon\u00eb n\u00eb harmonizim me institucionet shtet\u00ebrore t\u00eb kombit ton\u00eb.\u201d<\/p>\n<p><strong>RAGMI MUSTAFA &#8211; KRYETARI I KOMUN\u00cbS S\u00cb PRESHEV\u00cbS <\/strong><\/p>\n<p>\u201cN\u00eb saj\u00eb t\u00eb Pav\u00ebr\u00ebsis\u00eb s\u00eb Shqip\u00ebris\u00eb, 100 vjetorit t\u00eb Pavar\u00ebsis\u00eb s\u00eb Republik\u00ebs s\u00eb Shqip\u00ebris\u00eb po realizohet misioni i plakut mjek\u00ebrbardh\u00eb Ismail Qemali. N\u00eb shum\u00eb segmente gjer sot kan\u00eb qen\u00eb t\u00eb bashkuar shqiptar\u00ebt, kultur\u00ebs, tradit\u00ebs, dijes, gatimit, prodhimit, por sot, p\u00ebrkat\u00ebsisht k\u00ebt\u00eb vit po vendosen edhe urat e bashk\u00ebpunimit t\u00eb shqiptar\u00ebve nga t\u00eb gjith\u00eb trevat.<\/p>\n<p>Ju kujtoj se n\u00eb realizimin e segmeneteve t\u00eb num\u00ebrta, n\u00eb jet\u00ebn e p\u00ebrditshm\u00ebris\u00eb n\u00eb t\u00eb gjith\u00eb trevat, gradualisht do t\u00eb vijojn\u00eb edhe konturet e natyrshme t\u00eb shqiptar\u00ebve p\u00ebr t\u00eb ardhmen. Jemi shum\u00eb t\u00eb lumtur q\u00eb edhe Presheva \u00ebsht\u00eb pjes\u00eb organizative e k\u00ebsaj ngjarje shum\u00eb t\u00eb madhe, n\u00eb prag t\u00eb 100-vjetorit t\u00eb Pavar\u00ebsis\u00eb dhe kjo \u00ebsht\u00eb nj\u00eb merit\u00eb pasi Presheva jo vet\u00ebm n\u00eb k\u00ebt\u00eb panair por edhe n\u00eb panaire t\u00eb tjera do t\u00eb prezantohet me produkte t\u00eb cil\u00ebsis\u00eb s\u00eb lart\u00eb dhe absolutisht jan\u00eb autoktone shqiptare. N\u00eb k\u00ebt\u00eb kontekst, edhe n\u00eb Preshev\u00eb \u00ebsht\u00eb mbajtur promovimi i programit t\u00eb 100-vjetorit t\u00eb Pavar\u00ebsis\u00eb dhe n\u00eb k\u00ebt\u00eb kontekst edhe shqiptar\u00ebt e Lugin\u00ebs s\u00eb Preshev\u00ebs jan\u00eb ndier\u00eb plot\u00ebsisht t\u00eb k\u00ebnaqur e t\u00eb lir\u00eb, p\u00ebr t\u00eb qen\u00eb pjes\u00eb e manifestimeve p\u00ebr 100 vjetorin e Pavar\u00ebsis\u00eb, n\u00eb nj\u00eb emblem\u00eb t\u00eb zgjedhur nga qeveria shqiptare, shum\u00eb e mir\u00ebpritur p\u00ebr t\u00eb gjith\u00eb shqiptar\u00ebt.<\/p>\n<p>N\u00eb 5 mars, n\u00eb form\u00eb promovimi dhe p\u00ebrkund\u00ebr p\u00ebrpjekjeve q\u00eb pati Serbia t\u00eb pengoj\u00eb takimin e shqiptar\u00ebve nga t\u00eb gjith\u00eb trevat, fal\u00eb intervenimeve dhe reagimeve t\u00eb bashk\u00ebsis\u00eb nd\u00ebrkomb\u00ebtare nd\u00ebrgjegj\u00ebsuan Serbin\u00eb se s\u00eb paku tregun e lir\u00eb, prodhimin e lir\u00eb, bashk\u00ebpunimin p\u00ebrtejkufitar nuk mund ta pengoj\u00eb dhe me insistimet tona pa dyshim edhe partneritetin me pushtetin lokal ndon\u00ebse pushtet shum\u00eb i vog\u00ebl, n\u00eb krahasim me at\u00eb qendror, me ndihm\u00ebn e autoriteteve qendrore t\u00eb Republik\u00ebs s\u00eb Kosov\u00ebs, pa dyshim se takimi \u00ebsht\u00eb realizuar dhe do t\u00eb realizohet edhe panairi tjet\u00ebr.<\/p>\n<p>T\u00eb gjith\u00eb shqiptar\u00ebve u uroj Dit\u00ebn e Ver\u00ebs, 100 vjet Pav\u00ebr\u00ebsi, edhe 100 mij\u00eb t\u00eb tjera q\u00eb t\u00eb jetojn\u00eb shqiptar\u00ebt, urime gjith\u00eb biznesmen\u00ebve nga t\u00eb gjith\u00eb trevat!\u201d<\/p>\n<p><strong>IZET MEXHITI &#8211; KRYETAR I KOMUN\u00cbS S\u00cb \u00c7AIRIT<\/strong><\/p>\n<p>\u201c\u00cbsht\u00eb nj\u00eb nder por edhe nj\u00eb k\u00ebnaq\u00ebsi e ve\u00e7ant\u00eb p\u00ebr mua t\u00eb marr pjes\u00eb n\u00eb k\u00ebt\u00eb panair, n\u00eb kuad\u00ebr t\u00eb projektit: \u201cJav\u00ebt e biznesit Komb\u00ebtar\u201d, sidomos duke marr\u00eb parasysh se ky eveniment b\u00ebhet n\u00eb kuad\u00ebr t\u00eb festimit t\u00eb p\u00ebrbashk\u00ebt t\u00eb gjith\u00eb shqiptar\u00ebve, t\u00eb 100-vjetorit t\u00eb Pavar\u00ebsis\u00eb. Th\u00ebn\u00eb k\u00ebt\u00eb, duke pasur parasysh mund\u00ebsin\u00eb e hapjes s\u00eb perspektivave t\u00eb rejae t\u00eb m\u00ebdha nga projekte t\u00eb tilla q\u00eb kan\u00eb si q\u00ebllim avancimin e zhvillimti ekonomik t\u00eb t\u00eb gjith\u00eb trojeve t\u00eb banuara nga shqiptar\u00eb, me lejoni t\u00eb shpreh mendimin se projekte t\u00eb tilla si \u201cJav\u00ebt e biznesit komb\u00ebtar\u201d q\u00eb inicion bashk\u00ebpunimin ekonomik mbar\u00ebkomb\u00ebtar, jo vet\u00ebm jan\u00eb t\u00eb mir\u00ebseardhura, por jan\u00eb t\u00eb domosdoshme, sidomos p\u00ebr ne shqiptar\u00ebt.<\/p>\n<p>Zhvillimi ekonomik i nj\u00eb shoq\u00ebrie \u00ebsht\u00eb themeli m\u00eb i sh\u00ebndosh\u00eb p\u00ebr nd\u00ebrtimin demografike t\u00eb sferave t\u00eb tjera n\u00eb nj\u00eb shoq\u00ebri dhe shtet dhe n\u00eb k\u00ebto themele ne do t\u00eb vijojm\u00eb t\u00eb mund\u00ebsojm\u00eb nd\u00ebrtimin e nj\u00eb shoq\u00ebrie, e nj\u00eb kombi<\/p>\n<p>&nbsp;<\/p>\n<p>Dsa dit\u00eb m\u00eb par\u00eb festuam 125-vjetorin e shkoll\u00ebs s\u00eb par\u00eb n\u00eb gjuh\u00ebn shqipe, gjat\u00eb t\u00ebr\u00eb k\u00ebtij viti sh\u00ebnojm\u00eb nj\u00eb shekull t\u00eb Pavar\u00ebsis\u00eb s\u00eb Shqip\u00ebris\u00eb. N\u00eb nj\u00eb pjes\u00eb t\u00eb konsiderueshme t\u00eb k\u00ebsaj periudhe populli shqiptar, shqiptar\u00ebt ishin t\u00eb ndar\u00eb pa d\u00ebshir\u00eb e vullnetin e tyre, ajo q\u00eb nuk na la t\u00eb largohemi nga nj\u00ebri-tjetri ishte gjuha, kultura, tradita e historia jon\u00eb e p\u00ebrbashk\u00ebt. Barrierat e kufit\u00eb e dikursh\u00ebm si dhe politikat q\u00eb u munduan t\u00eb na mbajn\u00eb larg tashm\u00eb jan\u00eb n\u00eb histori. Kemi fatin t\u00eb jetojm\u00eb n\u00eb nj\u00eb koh\u00eb t\u00eb sfidave bashk\u00ebkohore, ku sukesi i zhvillimit ton\u00eb ekonomik nuk varet nga \u00e7\u00ebshtjet e siguris\u00eb s\u00eb rajonit dhe nga politikat antishqiptare, por avancimi I zhvillimit ekonomik \u00ebsht\u00eb prioritet edhe p\u00ebr qytetarin, biznesmenin, ashtu edhe p\u00ebr politikanin.<\/p>\n<p>Sot, kur rr\u00ebzuam e hoq\u00ebm t\u00eb gjith\u00eb barrierat artificiale mes nesh, kur bashk\u00ebpunimi n\u00eb sferat e arsimit, kultur\u00ebs, shkenc\u00ebs nd\u00ebrmjet t\u00eb gjith\u00eb shqiptar\u00ebve kudo q\u00eb ndodhen \u00ebsht\u00eb n\u00eb nivelin m\u00eb t\u00eb lart\u00eb, \u00ebsht\u00eb m\u00eb se e nevojshme t\u00eb fokusohemi n\u00eb projektet e p\u00ebrbashk\u00ebta ekonomike q\u00eb do t\u00eb \u00e7ojn\u00eb m\u00eb tej bashk\u00ebpunimin ton\u00eb dhe do t\u00eb na ndihmojn\u00eb n\u00eb rrug\u00ebn ton\u00eb t\u00eb p\u00ebrbashk\u00ebt drejt familjes s\u00eb bashkuar evropiane.<\/p>\n<p>M\u00eb lejoni t\u00eb shpreh edhe nj\u00ebher\u00eb p\u00ebrkrahjen pa rezerv\u00eb q\u00eb Komuna e \u00c7airit u jep projekteve t\u00eb tilla, t\u00eb cilat jan\u00eb n\u00eb favor t\u00eb bashk\u00ebpunimit t\u00eb shqiptar\u00ebve nga t\u00eb gjith\u00eb trojet ku jetojn\u00eb e veprojn\u00eb, n\u00eb t\u00eb gjith\u00eb sferat!\u201d<br \/>\n<a href=\"http:\/\/www.visit-ulcinj.com\/blog\/wp-content\/uploads\/2012\/03\/Komuna-e-Ulqinit-merr-pjes\u00eb-n\u00eb-Panairin-_Un\u00eb-konsumoj-prodhime-shqiptare_-n\u00eb-Tiran\u00eb.4.jpg\"><img loading=\"lazy\" class=\"alignleft  wp-image-58224\" title=\"Komuna e Ulqinit  merr pjes\u00eb n\u00eb Panairin _Un\u00eb konsumoj prodhime shqiptare_ n\u00eb Tiran\u00eb.4\" src=\"http:\/\/www.visit-ulcinj.com\/blog\/wp-content\/uploads\/2012\/03\/Komuna-e-Ulqinit-merr-pjes\u00eb-n\u00eb-Panairin-_Un\u00eb-konsumoj-prodhime-shqiptare_-n\u00eb-Tiran\u00eb.4.jpg\" alt=\"\" width=\"508\" height=\"300\" \/><\/a><\/p>\n<p><strong>XHEVDET CAKULI &#8211; ZV\/KRYETARI I KOMUN\u00cbS S\u00cb ULQINIT <\/strong><\/p>\n<p>\u201cJu uroj k\u00ebt\u00eb vit t\u00eb fest\u00ebs s\u00eb madhe komb\u00ebtare, 100-vjetorin, gjith\u00eb qytetar\u00ebve, shqiptar\u00ebve kudo q\u00eb jan\u00eb. Kjo Dit\u00eb e Ver\u00ebs do t\u00eb jet\u00eb nj\u00eb nism\u00eb e mir\u00eb p\u00ebr lidhjet q\u00eb duhet t\u00eb forcojm\u00eb mes t\u00eb gjith\u00eb trevave tona, lidhjet e biznesit, kultur\u00ebs, bashk\u00ebpunimin n\u00eb t\u00eb gjith\u00eb sferat.<\/p>\n<p>Doja t\u00eb cekja nj\u00eb aspekt i cili p\u00ebrve\u00e7 prodhimeve duhet t\u00eb p\u00ebrfshij\u00eb edhe sh\u00ebrbimet. Shqip\u00ebria, Ulqini apo treva t\u00eb tjera n\u00eb det kan\u00eb potencial t\u00eb madh p\u00ebr zhvillimin e turizmit, sh\u00ebrbim I cili duhet t\u00eb jet\u00eb gjithashtu nj\u00eb prej produkteve q\u00eb ne shqiptar\u00ebt duhet t\u00eb konsumojm\u00eb sa m\u00eb tep\u00ebr, p\u00ebr t\u00eb rritur bashk\u00ebpunimin mes trevave tona, ndaj ne sot kemi ardhur n\u00eb Tiran\u00eb me sloganin \u201cUlqini, metropol I turizmit\u201d, duke menduar k\u00ebtu at\u00eb q\u00eb Ulqini para 20-25 vitesh ishte metropol I turizmit shqiptar, turizmit mbar\u00ebkomb\u00ebtar shqiptar dhe me shpres\u00ebn se s\u00eb shpejti bashk\u00eb me qytete t\u00eb tjera t\u00eb bregdetit shqiptar, Sarand\u00ebn, Durr\u00ebsin, Vlor\u00ebn do t\u00eb b\u00ebhet nj\u00eb prej metropoleve t\u00eb turizmit mbar\u00ebshqiptar.<\/p>\n<p>P\u00ebrsh\u00ebndesim t\u00eb gjith\u00eb bashk\u00ebkomb\u00ebsit kudo q\u00eb jan\u00eb e d\u00ebshirojm\u00eb q\u00eb kjo t\u00eb jet\u00eb nj\u00eb nism\u00eb e mbar\u00eb e bashk\u00ebpunimit t\u00eb m\u00ebtejsh\u00ebm\u201d<br \/>\n<a href=\"http:\/\/www.visit-ulcinj.com\/blog\/wp-content\/uploads\/2012\/03\/Komuna-e-Ulqinit-merr-pjes\u00eb-n\u00eb-Panairin-_Un\u00eb-konsumoj-prodhime-shqiptare_-n\u00eb-Tiran\u00eb.5.jpg\"><img loading=\"lazy\" class=\"alignleft  wp-image-58225\" title=\"Komuna e Ulqinit  merr pjes\u00eb n\u00eb Panairin _Un\u00eb konsumoj prodhime shqiptare_ n\u00eb Tiran\u00eb.5\" src=\"http:\/\/www.visit-ulcinj.com\/blog\/wp-content\/uploads\/2012\/03\/Komuna-e-Ulqinit-merr-pjes\u00eb-n\u00eb-Panairin-_Un\u00eb-konsumoj-prodhime-shqiptare_-n\u00eb-Tiran\u00eb.5.jpg\" alt=\"\" width=\"508\" height=\"300\" \/><\/a><\/p>\n<p><strong>GENC RULI &#8211; MINISTRI I BUJQ\u00cbSIS\u00cb <\/strong><\/p>\n<p>\u201cT\u00eb nderuar pjes\u00ebmarr\u00ebs, i nderuar Z.Basha, Kryetar i qytetit ton\u00eb, ju falenderojm\u00eb q\u00eb mund\u00ebsuat dhe ishit ju ai q\u00eb ftuat mbajtjen e k\u00ebtij panairi, me rastin e Dit\u00ebs s\u00eb Ver\u00ebs, k\u00ebtu n\u00eb qytetin e Tiran\u00ebs; z.Ferizaj, drejtues i palodhur e energjik i organizat\u00ebs m\u00eb t\u00eb madhe t\u00eb biznesit agroindustriale n\u00eb Shqip\u00ebri dhe pa dyshim partneri yn\u00eb kryesor, miq t\u00eb ardhur p\u00ebr t\u00eb ndar\u00eb me ne g\u00ebzimin e k\u00ebsaj feste, nga t\u00eb gjith\u00eb krahinat e shqiptar\u00ebve, Kosova, Maqedonia, Mali I Zi, Presheva, t\u00eb nderuar qytetar\u00eb, pjes\u00ebmarr\u00ebs, p\u00ebrfaq\u00ebsues t\u00eb biznesit q\u00eb ekspozoni sot n\u00eb k\u00ebt\u00eb panair arritjet tuaja!<\/p>\n<p>\u00cbsht\u00eb nj\u00eb k\u00ebnaq\u00ebsi q\u00eb n\u00eb k\u00ebt\u00eb dit\u00eb pranverore, t\u00eb kemi k\u00ebt\u00eb dit\u00eb simbol Dit\u00ebn e Ver\u00ebs, q\u00eb pa dyshim paralajm\u00ebron p\u00ebr t\u00eb gjith\u00eb ne, jo vet\u00ebm mbarimin e dimrit, q\u00eb k\u00ebt\u00eb vit e pat\u00ebm ve\u00e7an\u00ebrisht t\u00eb v\u00ebshtir\u00eb, por pa dyshim ajo q\u00eb paralajm\u00ebron m\u00eb shum\u00eb \u00ebsht\u00eb fillimi i nj\u00eb sezoni t\u00eb ri prodhues q\u00eb jemi t\u00eb bindur do t\u00eb jet\u00eb m\u00eb i begat\u00eb se ai i kaluari.<\/p>\n<p>Dita e Ver\u00ebs sivjet \u00ebsht\u00eb e ve\u00e7ant\u00eb, pasi festohet n\u00eb vitin kur ne festojm\u00eb 100-vjetorin e shtetit ton\u00eb dhe pa dyshim do t\u00eb thoja se \u00ebsht\u00eb forma m\u00eb e thjesht\u00eb por edhe m\u00eb e bukur e patriotizmit, q\u00eb ne t\u2019i drejtojm\u00eb respekt dhe dashuri s\u00eb pari prodhimeve t\u00eb tok\u00ebs son\u00eb. Un\u00eb do e quaja edhe si nj\u00eb shenj\u00eb emancipimi t\u00eb Kryetarit t\u00eb qytetit ton\u00eb dhe t\u00eb gjith\u00eb kryetar\u00ebve t\u00eb nderuar t\u00eb qyteteve t\u00eb shqiptar\u00ebve q\u00eb nxisin nj\u00eb panair kryesisht t\u00eb prodhimeve bujq\u00ebsore n\u00eb nj\u00eb qytet. Qyteti duket se ka pak lidhje me produktet bujq\u00ebsore por qyteti \u00ebsht\u00eb pik\u00ebrisht ai q\u00eb konsumon edhe pjes\u00ebn m\u00eb t\u00eb madhe t\u00eb prodhimeve bujq\u00ebsore, \u00ebsht\u00eb pik\u00ebrisht konsumatori i qytetit, i cili i jep vler\u00eb dhe shton k\u00ebrkes\u00ebn p\u00ebr prodhim gjithmon\u00eb e m\u00eb cil\u00ebsor. Do t\u00eb thoja se t\u00eb gjith\u00eb kryeqytetet e m\u00ebdha t\u00eb Europ\u00ebs jan\u00eb ato q\u00eb b\u00ebjn\u00eb ekspozimin m\u00eb t\u00eb mir\u00eb t\u00eb tradit\u00ebs bujq\u00ebsore, tradit\u00ebs s\u00eb ushqimeve dhe kultur\u00ebs s\u00eb gatimit t\u00eb vendeve t\u00eb tyre, q\u00eb \u00ebsht\u00eb pa dyshim nj\u00eb pjes\u00eb e pandar\u00eb e kultur\u00ebs son\u00eb komb\u00ebtare. N\u00eb panaire t\u00eb tilla kemi mund\u00ebsi t\u00eb shohim edhe\u00a0 se ku ka arritur biznesi agroindustrial pas nj\u00eb viti dhe shohim se v\u00ebrtet ka arritur shum\u00eb.<\/p>\n<p>Nga nj\u00eb an\u00eb kemi t\u00eb drejt\u00eb t\u00eb mendojm\u00eb se kemi pasur edhe politikat tona, n\u00eb mb\u00ebshtetjen q\u00eb i kemi dh\u00ebn\u00eb, por pavar\u00ebsisht se i kemi mb\u00ebshtetur, p\u00ebrs\u00ebri jemi shum\u00eb larg asaj mb\u00ebshtetje q\u00eb meriton, qoft\u00eb n\u00eb asistencat tona, politikat tona apo fondet q\u00eb jan\u00eb v\u00ebn\u00eb n\u00eb dispozicion t\u00eb prodhimit bujq\u00ebsor.<\/p>\n<p>Uroj ta kaloni sa m\u00eb g\u00ebzuar k\u00ebt\u00eb dit\u00eb, uroj q\u00eb qytetar\u00ebt tan\u00eb duke sh\u00ebtitur n\u00eb k\u00ebt\u00eb panair, t\u00eb \u00e7lirojn\u00eb edhe pak xhepin, t\u00eb blejn\u00eb nga prodhimet shqiptare dhe t\u00eb jeni t\u00eb sigurt\u00eb se prodhimet tona, q\u00eb m\u00eb s\u00eb fundmi kan\u00eb filluar t\u00eb shkojn\u00eb edhe n\u00eb tregjet e Europ\u00ebs jan\u00eb tejet dinjitoze, kur ato veshin pik\u00eb s\u00eb pari tregun ton\u00eb!<\/p>\n<p><strong>14 Mars 2012<br \/>\nBashkia e Tiran\u00ebs<br \/>\n<!--YouTube Error: bad URL entered--><br \/>\n<\/strong><\/p>\n","protected":false},"excerpt":{"rendered":"<p>Basha: Panairi, mund\u00ebsi p\u00ebr promovimin e produkteve shqiptare dhe p\u00ebr nxitjen e pun\u00ebsimit \u00cbsht\u00eb \u00e7elur sot n\u00eb Tiran\u00eb panairi i 100 produkteve shqiptare nga 100 kompani komb\u00ebtareme sloganin \u201cUn\u00eb konsumoj prodhime shqiptare\u201d. Jav\u00ebt e biznesit komb\u00ebtar nis\u00ebn sot rrug\u00ebtimin e tyre nga Tirana p\u00ebr t\u00eb vijuar m\u00eb pas n\u00eb Prishtin\u00eb, Maqedoni, Preshev\u00eb e Mal t\u00eb [&hellip;]<\/p>\n","protected":false},"author":1,"featured_media":0,"comment_status":"open","ping_status":"closed","sticky":false,"template":"","format":"standard","meta":{"spay_email":"","jetpack_publicize_message":"","jetpack_is_tweetstorm":false,"jetpack_publicize_feature_enabled":true},"categories":[1,14],"tags":[16426,2223,20146,16228,200,18,1797],"jetpack_publicize_connections":[],"yoast_head":"<!-- This site is optimized with the Yoast SEO plugin v19.1 - https:\/\/yoast.com\/wordpress\/plugins\/seo\/ -->\n<title>Komuna e Ulqinit merr pjes\u00eb n\u00eb Panairin &quot;Un\u00eb konsumoj prodhime shqiptare&quot; n\u00eb Tiran\u00eb - Video - Lajme nga Ulqini<\/title>\n<meta name=\"description\" content=\"Basha: Panairi, mund\u00ebsi p\u00ebr promovimin e produkteve shqiptare dhe p\u00ebr nxitjen e pun\u00ebsimit \u00cbsht\u00eb \u00e7elur sot n\u00eb Tiran\u00eb panairi i 100 produkteve shqiptare nga\" \/>\n<meta name=\"robots\" content=\"index, follow, max-snippet:-1, max-image-preview:large, max-video-preview:-1\" \/>\n<link rel=\"canonical\" href=\"https:\/\/www.visit-ulcinj.com\/blog\/2012\/03\/15\/komuna-e-ulqinit-merr-pjese-ne-panairin-une-konsumoj-prodhime-shqiptare-ne-tirane\/\" \/>\n<meta property=\"og:locale\" content=\"en_US\" \/>\n<meta property=\"og:type\" content=\"article\" \/>\n<meta property=\"og:title\" content=\"Komuna e Ulqinit merr pjes\u00eb n\u00eb Panairin &quot;Un\u00eb konsumoj prodhime shqiptare&quot; n\u00eb Tiran\u00eb - Video - Lajme nga Ulqini\" \/>\n<meta property=\"og:description\" content=\"Basha: Panairi, mund\u00ebsi p\u00ebr promovimin e produkteve shqiptare dhe p\u00ebr nxitjen e pun\u00ebsimit \u00cbsht\u00eb \u00e7elur sot n\u00eb Tiran\u00eb panairi i 100 produkteve shqiptare nga\" \/>\n<meta property=\"og:url\" content=\"https:\/\/www.visit-ulcinj.com\/blog\/2012\/03\/15\/komuna-e-ulqinit-merr-pjese-ne-panairin-une-konsumoj-prodhime-shqiptare-ne-tirane\/\" \/>\n<meta property=\"og:site_name\" content=\"Lajme nga Ulqini\" \/>\n<meta property=\"article:published_time\" content=\"2012-03-15T05:43:53+00:00\" \/>\n<meta property=\"article:modified_time\" content=\"2012-03-16T20:59:16+00:00\" \/>\n<meta name=\"twitter:label1\" content=\"Written by\" \/>\n\t<meta name=\"twitter:data1\" content=\"ulqini\" \/>\n\t<meta name=\"twitter:label2\" content=\"Est. reading time\" \/>\n\t<meta name=\"twitter:data2\" content=\"19 minutes\" \/>\n<script type=\"application\/ld+json\" class=\"yoast-schema-graph\">{\"@context\":\"https:\/\/schema.org\",\"@graph\":[{\"@type\":\"WebSite\",\"@id\":\"https:\/\/www.visit-ulcinj.com\/blog\/#website\",\"url\":\"https:\/\/www.visit-ulcinj.com\/blog\/\",\"name\":\"Lajme nga Ulqini\",\"description\":\"Lajme,Vijesti,Ulqini,Ulqin,Crna Gora,Mali i Zi\",\"potentialAction\":[{\"@type\":\"SearchAction\",\"target\":{\"@type\":\"EntryPoint\",\"urlTemplate\":\"https:\/\/www.visit-ulcinj.com\/blog\/?s={search_term_string}\"},\"query-input\":\"required name=search_term_string\"}],\"inLanguage\":\"en-US\"},{\"@type\":\"WebPage\",\"@id\":\"https:\/\/www.visit-ulcinj.com\/blog\/2012\/03\/15\/komuna-e-ulqinit-merr-pjese-ne-panairin-une-konsumoj-prodhime-shqiptare-ne-tirane\/#webpage\",\"url\":\"https:\/\/www.visit-ulcinj.com\/blog\/2012\/03\/15\/komuna-e-ulqinit-merr-pjese-ne-panairin-une-konsumoj-prodhime-shqiptare-ne-tirane\/\",\"name\":\"Komuna e Ulqinit merr pjes\u00eb n\u00eb Panairin \\\"Un\u00eb konsumoj prodhime shqiptare\\\" n\u00eb Tiran\u00eb - Video - Lajme nga Ulqini\",\"isPartOf\":{\"@id\":\"https:\/\/www.visit-ulcinj.com\/blog\/#website\"},\"datePublished\":\"2012-03-15T05:43:53+00:00\",\"dateModified\":\"2012-03-16T20:59:16+00:00\",\"author\":{\"@id\":\"https:\/\/www.visit-ulcinj.com\/blog\/#\/schema\/person\/dcab619c614d3038751c63bc2aadc06d\"},\"description\":\"Basha: Panairi, mund\u00ebsi p\u00ebr promovimin e produkteve shqiptare dhe p\u00ebr nxitjen e pun\u00ebsimit \u00cbsht\u00eb \u00e7elur sot n\u00eb Tiran\u00eb panairi i 100 produkteve shqiptare nga\",\"breadcrumb\":{\"@id\":\"https:\/\/www.visit-ulcinj.com\/blog\/2012\/03\/15\/komuna-e-ulqinit-merr-pjese-ne-panairin-une-konsumoj-prodhime-shqiptare-ne-tirane\/#breadcrumb\"},\"inLanguage\":\"en-US\",\"potentialAction\":[{\"@type\":\"ReadAction\",\"target\":[\"https:\/\/www.visit-ulcinj.com\/blog\/2012\/03\/15\/komuna-e-ulqinit-merr-pjese-ne-panairin-une-konsumoj-prodhime-shqiptare-ne-tirane\/\"]}]},{\"@type\":\"BreadcrumbList\",\"@id\":\"https:\/\/www.visit-ulcinj.com\/blog\/2012\/03\/15\/komuna-e-ulqinit-merr-pjese-ne-panairin-une-konsumoj-prodhime-shqiptare-ne-tirane\/#breadcrumb\",\"itemListElement\":[{\"@type\":\"ListItem\",\"position\":1,\"name\":\"Komuna e Ulqinit merr pjes\u00eb n\u00eb Panairin &#8220;Un\u00eb konsumoj prodhime shqiptare&#8221; n\u00eb Tiran\u00eb &#8211; Video\"}]},{\"@type\":\"Person\",\"@id\":\"https:\/\/www.visit-ulcinj.com\/blog\/#\/schema\/person\/dcab619c614d3038751c63bc2aadc06d\",\"name\":\"ulqini\",\"sameAs\":[\"http:\/\/www.visit-ulcinj.com\"],\"url\":\"https:\/\/www.visit-ulcinj.com\/blog\/author\/admin\/\"}]}<\/script>\n<!-- \/ Yoast SEO plugin. -->","yoast_head_json":{"title":"Komuna e Ulqinit merr pjes\u00eb n\u00eb Panairin \"Un\u00eb konsumoj prodhime shqiptare\" n\u00eb Tiran\u00eb - Video - Lajme nga Ulqini","description":"Basha: Panairi, mund\u00ebsi p\u00ebr promovimin e produkteve shqiptare dhe p\u00ebr nxitjen e pun\u00ebsimit \u00cbsht\u00eb \u00e7elur sot n\u00eb Tiran\u00eb panairi i 100 produkteve shqiptare nga","robots":{"index":"index","follow":"follow","max-snippet":"max-snippet:-1","max-image-preview":"max-image-preview:large","max-video-preview":"max-video-preview:-1"},"canonical":"https:\/\/www.visit-ulcinj.com\/blog\/2012\/03\/15\/komuna-e-ulqinit-merr-pjese-ne-panairin-une-konsumoj-prodhime-shqiptare-ne-tirane\/","og_locale":"en_US","og_type":"article","og_title":"Komuna e Ulqinit merr pjes\u00eb n\u00eb Panairin \"Un\u00eb konsumoj prodhime shqiptare\" n\u00eb Tiran\u00eb - Video - Lajme nga Ulqini","og_description":"Basha: Panairi, mund\u00ebsi p\u00ebr promovimin e produkteve shqiptare dhe p\u00ebr nxitjen e pun\u00ebsimit \u00cbsht\u00eb \u00e7elur sot n\u00eb Tiran\u00eb panairi i 100 produkteve shqiptare nga","og_url":"https:\/\/www.visit-ulcinj.com\/blog\/2012\/03\/15\/komuna-e-ulqinit-merr-pjese-ne-panairin-une-konsumoj-prodhime-shqiptare-ne-tirane\/","og_site_name":"Lajme nga Ulqini","article_published_time":"2012-03-15T05:43:53+00:00","article_modified_time":"2012-03-16T20:59:16+00:00","twitter_misc":{"Written by":"ulqini","Est. reading time":"19 minutes"},"schema":{"@context":"https:\/\/schema.org","@graph":[{"@type":"WebSite","@id":"https:\/\/www.visit-ulcinj.com\/blog\/#website","url":"https:\/\/www.visit-ulcinj.com\/blog\/","name":"Lajme nga Ulqini","description":"Lajme,Vijesti,Ulqini,Ulqin,Crna Gora,Mali i Zi","potentialAction":[{"@type":"SearchAction","target":{"@type":"EntryPoint","urlTemplate":"https:\/\/www.visit-ulcinj.com\/blog\/?s={search_term_string}"},"query-input":"required name=search_term_string"}],"inLanguage":"en-US"},{"@type":"WebPage","@id":"https:\/\/www.visit-ulcinj.com\/blog\/2012\/03\/15\/komuna-e-ulqinit-merr-pjese-ne-panairin-une-konsumoj-prodhime-shqiptare-ne-tirane\/#webpage","url":"https:\/\/www.visit-ulcinj.com\/blog\/2012\/03\/15\/komuna-e-ulqinit-merr-pjese-ne-panairin-une-konsumoj-prodhime-shqiptare-ne-tirane\/","name":"Komuna e Ulqinit merr pjes\u00eb n\u00eb Panairin \"Un\u00eb konsumoj prodhime shqiptare\" n\u00eb Tiran\u00eb - Video - Lajme nga Ulqini","isPartOf":{"@id":"https:\/\/www.visit-ulcinj.com\/blog\/#website"},"datePublished":"2012-03-15T05:43:53+00:00","dateModified":"2012-03-16T20:59:16+00:00","author":{"@id":"https:\/\/www.visit-ulcinj.com\/blog\/#\/schema\/person\/dcab619c614d3038751c63bc2aadc06d"},"description":"Basha: Panairi, mund\u00ebsi p\u00ebr promovimin e produkteve shqiptare dhe p\u00ebr nxitjen e pun\u00ebsimit \u00cbsht\u00eb \u00e7elur sot n\u00eb Tiran\u00eb panairi i 100 produkteve shqiptare nga","breadcrumb":{"@id":"https:\/\/www.visit-ulcinj.com\/blog\/2012\/03\/15\/komuna-e-ulqinit-merr-pjese-ne-panairin-une-konsumoj-prodhime-shqiptare-ne-tirane\/#breadcrumb"},"inLanguage":"en-US","potentialAction":[{"@type":"ReadAction","target":["https:\/\/www.visit-ulcinj.com\/blog\/2012\/03\/15\/komuna-e-ulqinit-merr-pjese-ne-panairin-une-konsumoj-prodhime-shqiptare-ne-tirane\/"]}]},{"@type":"BreadcrumbList","@id":"https:\/\/www.visit-ulcinj.com\/blog\/2012\/03\/15\/komuna-e-ulqinit-merr-pjese-ne-panairin-une-konsumoj-prodhime-shqiptare-ne-tirane\/#breadcrumb","itemListElement":[{"@type":"ListItem","position":1,"name":"Komuna e Ulqinit merr pjes\u00eb n\u00eb Panairin &#8220;Un\u00eb konsumoj prodhime shqiptare&#8221; n\u00eb Tiran\u00eb &#8211; Video"}]},{"@type":"Person","@id":"https:\/\/www.visit-ulcinj.com\/blog\/#\/schema\/person\/dcab619c614d3038751c63bc2aadc06d","name":"ulqini","sameAs":["http:\/\/www.visit-ulcinj.com"],"url":"https:\/\/www.visit-ulcinj.com\/blog\/author\/admin\/"}]}},"jetpack_featured_media_url":"","jetpack_sharing_enabled":true,"jetpack_shortlink":"https:\/\/wp.me\/pe6lTn-f91","_links":{"self":[{"href":"https:\/\/www.visit-ulcinj.com\/blog\/wp-json\/wp\/v2\/posts\/58219"}],"collection":[{"href":"https:\/\/www.visit-ulcinj.com\/blog\/wp-json\/wp\/v2\/posts"}],"about":[{"href":"https:\/\/www.visit-ulcinj.com\/blog\/wp-json\/wp\/v2\/types\/post"}],"author":[{"embeddable":true,"href":"https:\/\/www.visit-ulcinj.com\/blog\/wp-json\/wp\/v2\/users\/1"}],"replies":[{"embeddable":true,"href":"https:\/\/www.visit-ulcinj.com\/blog\/wp-json\/wp\/v2\/comments?post=58219"}],"version-history":[{"count":4,"href":"https:\/\/www.visit-ulcinj.com\/blog\/wp-json\/wp\/v2\/posts\/58219\/revisions"}],"predecessor-version":[{"id":58231,"href":"https:\/\/www.visit-ulcinj.com\/blog\/wp-json\/wp\/v2\/posts\/58219\/revisions\/58231"}],"wp:attachment":[{"href":"https:\/\/www.visit-ulcinj.com\/blog\/wp-json\/wp\/v2\/media?parent=58219"}],"wp:term":[{"taxonomy":"category","embeddable":true,"href":"https:\/\/www.visit-ulcinj.com\/blog\/wp-json\/wp\/v2\/categories?post=58219"},{"taxonomy":"post_tag","embeddable":true,"href":"https:\/\/www.visit-ulcinj.com\/blog\/wp-json\/wp\/v2\/tags?post=58219"}],"curies":[{"name":"wp","href":"https:\/\/api.w.org\/{rel}","templated":true}]}}