{"id":58240,"date":"2012-03-15T20:38:34","date_gmt":"2012-03-15T19:38:34","guid":{"rendered":"http:\/\/www.visit-ulcinj.com\/blog\/?p=58240"},"modified":"2012-03-15T20:38:34","modified_gmt":"2012-03-15T19:38:34","slug":"sindikata-paralajmeron-proteste-ne-ulqin","status":"publish","type":"post","link":"https:\/\/www.visit-ulcinj.com\/blog\/2012\/03\/15\/sindikata-paralajmeron-proteste-ne-ulqin\/","title":{"rendered":"Sindikata paralajm\u00ebron protest\u00eb n\u00eb Ulqin"},"content":{"rendered":"<p><a href=\"http:\/\/www.visit-ulcinj.com\/blog\/wp-content\/uploads\/2012\/03\/Komuna-e-Ulqinit.jpg\"><img loading=\"lazy\" class=\"alignleft  wp-image-58241\" title=\"Komuna e Ulqinit\" src=\"http:\/\/www.visit-ulcinj.com\/blog\/wp-content\/uploads\/2012\/03\/Komuna-e-Ulqinit.jpg\" alt=\"\" width=\"508\" height=\"380\" srcset=\"https:\/\/www.visit-ulcinj.com\/blog\/wp-content\/uploads\/2012\/03\/Komuna-e-Ulqinit.jpg 1000w, https:\/\/www.visit-ulcinj.com\/blog\/wp-content\/uploads\/2012\/03\/Komuna-e-Ulqinit-300x225.jpg 300w\" sizes=\"(max-width: 508px) 100vw, 508px\" \/><\/a>Punonj\u00ebsit e tri nd\u00ebrmarrjeve publike &#8220;Ulqini&#8221;, Radio Televizioni Ulqini dhe Qendra p\u00ebr Kultur\u00eb&#8221;, themelues i t\u00eb cilave \u00ebsht\u00eb komuna , do t\u00eb organizojn\u00eb grev\u00eb paralajm\u00ebruese n\u00ebse Komuna nuk fillon shlyerjen e pagave t\u00eb mbetura borxh prej 10 deri n\u00eb 17 muaj, u tha n\u00eb konferenc\u00ebn e sotme p\u00ebr shtyp t\u00eb p\u00ebrfaq\u00ebsues\u00ebve t\u00eb k\u00ebtyre tri organizatave sindikale.<\/p>\n<p><strong>TVCG<\/strong><\/p>\n","protected":false},"excerpt":{"rendered":"<p>Punonj\u00ebsit e tri nd\u00ebrmarrjeve publike &#8220;Ulqini&#8221;, Radio Televizioni Ulqini dhe Qendra p\u00ebr Kultur\u00eb&#8221;, themelues i t\u00eb cilave \u00ebsht\u00eb komuna , do t\u00eb organizojn\u00eb grev\u00eb paralajm\u00ebruese n\u00ebse Komuna nuk fillon shlyerjen e pagave t\u00eb mbetura borxh prej 10 deri n\u00eb 17 muaj, u tha n\u00eb konferenc\u00ebn e sotme p\u00ebr shtyp t\u00eb p\u00ebrfaq\u00ebsues\u00ebve t\u00eb k\u00ebtyre tri organizatave [&hellip;]<\/p>\n","protected":false},"author":1,"featured_media":0,"comment_status":"open","ping_status":"closed","sticky":false,"template":"","format":"standard","meta":{"spay_email":"","jetpack_publicize_message":"","jetpack_is_tweetstorm":false,"jetpack_publicize_feature_enabled":true},"categories":[11],"tags":[297,18],"jetpack_publicize_connections":[],"yoast_head":"<!-- This site is optimized with the Yoast SEO plugin v19.1 - https:\/\/yoast.com\/wordpress\/plugins\/seo\/ -->\n<title>Sindikata paralajm\u00ebron protest\u00eb n\u00eb Ulqin - Lajme nga Ulqini<\/title>\n<meta name=\"description\" content=\"Punonj\u00ebsit e tri nd\u00ebrmarrjeve publike &quot;Ulqini&quot;, Radio Televizioni Ulqini dhe Qendra p\u00ebr Kultur\u00eb&quot;, themelues i t\u00eb cilave \u00ebsht\u00eb komuna , do t\u00eb organizojn\u00eb\" \/>\n<meta name=\"robots\" content=\"index, follow, max-snippet:-1, max-image-preview:large, max-video-preview:-1\" \/>\n<link rel=\"canonical\" href=\"https:\/\/www.visit-ulcinj.com\/blog\/2012\/03\/15\/sindikata-paralajmeron-proteste-ne-ulqin\/\" \/>\n<meta property=\"og:locale\" content=\"en_US\" \/>\n<meta property=\"og:type\" content=\"article\" \/>\n<meta property=\"og:title\" content=\"Sindikata paralajm\u00ebron protest\u00eb n\u00eb Ulqin - Lajme nga Ulqini\" \/>\n<meta property=\"og:description\" content=\"Punonj\u00ebsit e tri nd\u00ebrmarrjeve publike &quot;Ulqini&quot;, Radio Televizioni Ulqini dhe Qendra p\u00ebr Kultur\u00eb&quot;, themelues i t\u00eb cilave \u00ebsht\u00eb komuna , do t\u00eb organizojn\u00eb\" \/>\n<meta property=\"og:url\" content=\"https:\/\/www.visit-ulcinj.com\/blog\/2012\/03\/15\/sindikata-paralajmeron-proteste-ne-ulqin\/\" \/>\n<meta property=\"og:site_name\" content=\"Lajme nga Ulqini\" \/>\n<meta property=\"article:published_time\" content=\"2012-03-15T19:38:34+00:00\" \/>\n<meta property=\"og:image\" content=\"http:\/\/www.visit-ulcinj.com\/blog\/wp-content\/uploads\/2012\/03\/Komuna-e-Ulqinit.jpg\" \/>\n<meta name=\"twitter:label1\" content=\"Written by\" \/>\n\t<meta name=\"twitter:data1\" content=\"ulqini\" \/>\n<script type=\"application\/ld+json\" class=\"yoast-schema-graph\">{\"@context\":\"https:\/\/schema.org\",\"@graph\":[{\"@type\":\"WebSite\",\"@id\":\"https:\/\/www.visit-ulcinj.com\/blog\/#website\",\"url\":\"https:\/\/www.visit-ulcinj.com\/blog\/\",\"name\":\"Lajme nga Ulqini\",\"description\":\"Lajme,Vijesti,Ulqini,Ulqin,Crna Gora,Mali i Zi\",\"potentialAction\":[{\"@type\":\"SearchAction\",\"target\":{\"@type\":\"EntryPoint\",\"urlTemplate\":\"https:\/\/www.visit-ulcinj.com\/blog\/?s={search_term_string}\"},\"query-input\":\"required name=search_term_string\"}],\"inLanguage\":\"en-US\"},{\"@type\":\"ImageObject\",\"inLanguage\":\"en-US\",\"@id\":\"https:\/\/www.visit-ulcinj.com\/blog\/2012\/03\/15\/sindikata-paralajmeron-proteste-ne-ulqin\/#primaryimage\",\"url\":\"https:\/\/www.visit-ulcinj.com\/blog\/wp-content\/uploads\/2012\/03\/Komuna-e-Ulqinit.jpg\",\"contentUrl\":\"https:\/\/www.visit-ulcinj.com\/blog\/wp-content\/uploads\/2012\/03\/Komuna-e-Ulqinit.jpg\",\"width\":\"1000\",\"height\":\"750\"},{\"@type\":\"WebPage\",\"@id\":\"https:\/\/www.visit-ulcinj.com\/blog\/2012\/03\/15\/sindikata-paralajmeron-proteste-ne-ulqin\/#webpage\",\"url\":\"https:\/\/www.visit-ulcinj.com\/blog\/2012\/03\/15\/sindikata-paralajmeron-proteste-ne-ulqin\/\",\"name\":\"Sindikata paralajm\u00ebron protest\u00eb n\u00eb Ulqin - Lajme nga Ulqini\",\"isPartOf\":{\"@id\":\"https:\/\/www.visit-ulcinj.com\/blog\/#website\"},\"primaryImageOfPage\":{\"@id\":\"https:\/\/www.visit-ulcinj.com\/blog\/2012\/03\/15\/sindikata-paralajmeron-proteste-ne-ulqin\/#primaryimage\"},\"datePublished\":\"2012-03-15T19:38:34+00:00\",\"dateModified\":\"2012-03-15T19:38:34+00:00\",\"author\":{\"@id\":\"https:\/\/www.visit-ulcinj.com\/blog\/#\/schema\/person\/dcab619c614d3038751c63bc2aadc06d\"},\"description\":\"Punonj\u00ebsit e tri nd\u00ebrmarrjeve publike \\\"Ulqini\\\", Radio Televizioni Ulqini dhe Qendra p\u00ebr Kultur\u00eb\\\", themelues i t\u00eb cilave \u00ebsht\u00eb komuna , do t\u00eb organizojn\u00eb\",\"breadcrumb\":{\"@id\":\"https:\/\/www.visit-ulcinj.com\/blog\/2012\/03\/15\/sindikata-paralajmeron-proteste-ne-ulqin\/#breadcrumb\"},\"inLanguage\":\"en-US\",\"potentialAction\":[{\"@type\":\"ReadAction\",\"target\":[\"https:\/\/www.visit-ulcinj.com\/blog\/2012\/03\/15\/sindikata-paralajmeron-proteste-ne-ulqin\/\"]}]},{\"@type\":\"BreadcrumbList\",\"@id\":\"https:\/\/www.visit-ulcinj.com\/blog\/2012\/03\/15\/sindikata-paralajmeron-proteste-ne-ulqin\/#breadcrumb\",\"itemListElement\":[{\"@type\":\"ListItem\",\"position\":1,\"name\":\"Sindikata paralajm\u00ebron protest\u00eb n\u00eb Ulqin\"}]},{\"@type\":\"Person\",\"@id\":\"https:\/\/www.visit-ulcinj.com\/blog\/#\/schema\/person\/dcab619c614d3038751c63bc2aadc06d\",\"name\":\"ulqini\",\"sameAs\":[\"http:\/\/www.visit-ulcinj.com\"],\"url\":\"https:\/\/www.visit-ulcinj.com\/blog\/author\/admin\/\"}]}<\/script>\n<!-- \/ Yoast SEO plugin. -->","yoast_head_json":{"title":"Sindikata paralajm\u00ebron protest\u00eb n\u00eb Ulqin - Lajme nga Ulqini","description":"Punonj\u00ebsit e tri nd\u00ebrmarrjeve publike \"Ulqini\", Radio Televizioni Ulqini dhe Qendra p\u00ebr Kultur\u00eb\", themelues i t\u00eb cilave \u00ebsht\u00eb komuna , do t\u00eb organizojn\u00eb","robots":{"index":"index","follow":"follow","max-snippet":"max-snippet:-1","max-image-preview":"max-image-preview:large","max-video-preview":"max-video-preview:-1"},"canonical":"https:\/\/www.visit-ulcinj.com\/blog\/2012\/03\/15\/sindikata-paralajmeron-proteste-ne-ulqin\/","og_locale":"en_US","og_type":"article","og_title":"Sindikata paralajm\u00ebron protest\u00eb n\u00eb Ulqin - Lajme nga Ulqini","og_description":"Punonj\u00ebsit e tri nd\u00ebrmarrjeve publike \"Ulqini\", Radio Televizioni Ulqini dhe Qendra p\u00ebr Kultur\u00eb\", themelues i t\u00eb cilave \u00ebsht\u00eb komuna , do t\u00eb organizojn\u00eb","og_url":"https:\/\/www.visit-ulcinj.com\/blog\/2012\/03\/15\/sindikata-paralajmeron-proteste-ne-ulqin\/","og_site_name":"Lajme nga Ulqini","article_published_time":"2012-03-15T19:38:34+00:00","og_image":[{"url":"http:\/\/www.visit-ulcinj.com\/blog\/wp-content\/uploads\/2012\/03\/Komuna-e-Ulqinit.jpg"}],"twitter_misc":{"Written by":"ulqini"},"schema":{"@context":"https:\/\/schema.org","@graph":[{"@type":"WebSite","@id":"https:\/\/www.visit-ulcinj.com\/blog\/#website","url":"https:\/\/www.visit-ulcinj.com\/blog\/","name":"Lajme nga Ulqini","description":"Lajme,Vijesti,Ulqini,Ulqin,Crna Gora,Mali i Zi","potentialAction":[{"@type":"SearchAction","target":{"@type":"EntryPoint","urlTemplate":"https:\/\/www.visit-ulcinj.com\/blog\/?s={search_term_string}"},"query-input":"required name=search_term_string"}],"inLanguage":"en-US"},{"@type":"ImageObject","inLanguage":"en-US","@id":"https:\/\/www.visit-ulcinj.com\/blog\/2012\/03\/15\/sindikata-paralajmeron-proteste-ne-ulqin\/#primaryimage","url":"https:\/\/www.visit-ulcinj.com\/blog\/wp-content\/uploads\/2012\/03\/Komuna-e-Ulqinit.jpg","contentUrl":"https:\/\/www.visit-ulcinj.com\/blog\/wp-content\/uploads\/2012\/03\/Komuna-e-Ulqinit.jpg","width":"1000","height":"750"},{"@type":"WebPage","@id":"https:\/\/www.visit-ulcinj.com\/blog\/2012\/03\/15\/sindikata-paralajmeron-proteste-ne-ulqin\/#webpage","url":"https:\/\/www.visit-ulcinj.com\/blog\/2012\/03\/15\/sindikata-paralajmeron-proteste-ne-ulqin\/","name":"Sindikata paralajm\u00ebron protest\u00eb n\u00eb Ulqin - Lajme nga Ulqini","isPartOf":{"@id":"https:\/\/www.visit-ulcinj.com\/blog\/#website"},"primaryImageOfPage":{"@id":"https:\/\/www.visit-ulcinj.com\/blog\/2012\/03\/15\/sindikata-paralajmeron-proteste-ne-ulqin\/#primaryimage"},"datePublished":"2012-03-15T19:38:34+00:00","dateModified":"2012-03-15T19:38:34+00:00","author":{"@id":"https:\/\/www.visit-ulcinj.com\/blog\/#\/schema\/person\/dcab619c614d3038751c63bc2aadc06d"},"description":"Punonj\u00ebsit e tri nd\u00ebrmarrjeve publike \"Ulqini\", Radio Televizioni Ulqini dhe Qendra p\u00ebr Kultur\u00eb\", themelues i t\u00eb cilave \u00ebsht\u00eb komuna , do t\u00eb organizojn\u00eb","breadcrumb":{"@id":"https:\/\/www.visit-ulcinj.com\/blog\/2012\/03\/15\/sindikata-paralajmeron-proteste-ne-ulqin\/#breadcrumb"},"inLanguage":"en-US","potentialAction":[{"@type":"ReadAction","target":["https:\/\/www.visit-ulcinj.com\/blog\/2012\/03\/15\/sindikata-paralajmeron-proteste-ne-ulqin\/"]}]},{"@type":"BreadcrumbList","@id":"https:\/\/www.visit-ulcinj.com\/blog\/2012\/03\/15\/sindikata-paralajmeron-proteste-ne-ulqin\/#breadcrumb","itemListElement":[{"@type":"ListItem","position":1,"name":"Sindikata paralajm\u00ebron protest\u00eb n\u00eb Ulqin"}]},{"@type":"Person","@id":"https:\/\/www.visit-ulcinj.com\/blog\/#\/schema\/person\/dcab619c614d3038751c63bc2aadc06d","name":"ulqini","sameAs":["http:\/\/www.visit-ulcinj.com"],"url":"https:\/\/www.visit-ulcinj.com\/blog\/author\/admin\/"}]}},"jetpack_featured_media_url":"","jetpack_sharing_enabled":true,"jetpack_shortlink":"https:\/\/wp.me\/pe6lTn-f9m","_links":{"self":[{"href":"https:\/\/www.visit-ulcinj.com\/blog\/wp-json\/wp\/v2\/posts\/58240"}],"collection":[{"href":"https:\/\/www.visit-ulcinj.com\/blog\/wp-json\/wp\/v2\/posts"}],"about":[{"href":"https:\/\/www.visit-ulcinj.com\/blog\/wp-json\/wp\/v2\/types\/post"}],"author":[{"embeddable":true,"href":"https:\/\/www.visit-ulcinj.com\/blog\/wp-json\/wp\/v2\/users\/1"}],"replies":[{"embeddable":true,"href":"https:\/\/www.visit-ulcinj.com\/blog\/wp-json\/wp\/v2\/comments?post=58240"}],"version-history":[{"count":2,"href":"https:\/\/www.visit-ulcinj.com\/blog\/wp-json\/wp\/v2\/posts\/58240\/revisions"}],"predecessor-version":[{"id":58243,"href":"https:\/\/www.visit-ulcinj.com\/blog\/wp-json\/wp\/v2\/posts\/58240\/revisions\/58243"}],"wp:attachment":[{"href":"https:\/\/www.visit-ulcinj.com\/blog\/wp-json\/wp\/v2\/media?parent=58240"}],"wp:term":[{"taxonomy":"category","embeddable":true,"href":"https:\/\/www.visit-ulcinj.com\/blog\/wp-json\/wp\/v2\/categories?post=58240"},{"taxonomy":"post_tag","embeddable":true,"href":"https:\/\/www.visit-ulcinj.com\/blog\/wp-json\/wp\/v2\/tags?post=58240"}],"curies":[{"name":"wp","href":"https:\/\/api.w.org\/{rel}","templated":true}]}}