{"id":58247,"date":"2012-03-15T21:21:35","date_gmt":"2012-03-15T20:21:35","guid":{"rendered":"http:\/\/www.visit-ulcinj.com\/blog\/?p=58247"},"modified":"2012-03-15T21:21:35","modified_gmt":"2012-03-15T20:21:35","slug":"ardian-bujupi-simpatizant-i-vanesa-krasniqit","status":"publish","type":"post","link":"https:\/\/www.visit-ulcinj.com\/blog\/2012\/03\/15\/ardian-bujupi-simpatizant-i-vanesa-krasniqit\/","title":{"rendered":"Ardian Bujupi, simpatizant i Vanesa Krasniqit"},"content":{"rendered":"<p><strong><a href=\"http:\/\/www.visit-ulcinj.com\/blog\/wp-content\/uploads\/2012\/03\/Ardian-Bujupi-simpatizant-i-Vanesa-Krasniqit.jpg\"><img loading=\"lazy\" class=\"alignleft  wp-image-58249\" title=\"Ardian Bujupi, simpatizant i Vanesa Krasniqit\" src=\"http:\/\/www.visit-ulcinj.com\/blog\/wp-content\/uploads\/2012\/03\/Ardian-Bujupi-simpatizant-i-Vanesa-Krasniqit.jpg\" alt=\"\" width=\"400\" height=\"304\" \/><\/a>Mbr\u00ebmja e 10 marsit, p\u00ebr shikuesit gjerman t\u00eb spektaklit \u201cDeutschland sucht den superstar\u201d (Gjermania k\u00ebrkon superyl lin), solli emocionet e veta t\u00eb nj\u00eb spektakli. <\/strong><\/p>\n<p>U mbajt \u201cMottoshow 2\u2033 i radh\u00ebs, ku shqiptarja Vanesa Krasniqi u paraqit me k\u00ebng\u00ebn: \u201cTitanium\u201d nga David Guetta feat Sia, k\u00ebng\u00eb e cila i dha vota t\u00eb mjaftueshme,Vanes\u00ebs, p\u00ebr t\u00eb hyr\u00eb n\u00eb \u201cTop 8\u2033, jav\u00ebn e ardhshme.<\/p>\n<p>N\u00eb mbr\u00ebmjen e s\u00eb shtun\u00ebs ishte pjes\u00ebmarr\u00ebs i drejtp\u00ebrdrejt edhe Ardian Bujupi, i cili e shfaqi hapur q\u00eb ishte simpatizant i Vanesa Krasniqit. Ardiani vitin e kaluar u rendit n\u00eb vendin e tret\u00eb n\u00eb k\u00ebt\u00eb spektak\u00ebl. Por Ardiani, i cili \u00ebsht\u00eb nj\u00eb em\u00ebr i panjohur sot n\u00eb Gjermani, nga kjo e m\u00ebrkur\u00eb, do t\u00eb jet\u00eb pjes\u00ebmarr\u00ebs i showt \u201cLet\u2019s Dance\u201d.<\/p>\n<p>P\u00ebr Vanesa Krasniqin edhe juria kan\u00eb th\u00ebn\u00eb fjal\u00eb t\u00eb mira dhe ne d\u00ebshirojm\u00eb q\u00eb Vanesa t\u00eb ec\u00eb me sukses drejt finales dhe pse jo, n\u00ebse nj\u00eb shqiptar arriti t\u00eb jet\u00eb i treti n\u00eb edicionin e kaluar, k\u00ebt\u00eb edicion t\u00eb jet\u00eb nj\u00eb shqiptare ajo q\u00eb do t\u00eb fitoj\u00eb spektaklin.<\/p>\n<p>Bota Sot<\/p>\n<!--YouTube Error: bad URL entered-->\n","protected":false},"excerpt":{"rendered":"<p>Mbr\u00ebmja e 10 marsit, p\u00ebr shikuesit gjerman t\u00eb spektaklit \u201cDeutschland sucht den superstar\u201d (Gjermania k\u00ebrkon superyl lin), solli emocionet e veta t\u00eb nj\u00eb spektakli. U mbajt \u201cMottoshow 2\u2033 i radh\u00ebs, ku shqiptarja Vanesa Krasniqi u paraqit me k\u00ebng\u00ebn: \u201cTitanium\u201d nga David Guetta feat Sia, k\u00ebng\u00eb e cila i dha vota t\u00eb mjaftueshme,Vanes\u00ebs, p\u00ebr t\u00eb hyr\u00eb [&hellip;]<\/p>\n","protected":false},"author":1,"featured_media":0,"comment_status":"open","ping_status":"closed","sticky":false,"template":"","format":"standard","meta":{"spay_email":"","jetpack_publicize_message":"","jetpack_is_tweetstorm":false,"jetpack_publicize_feature_enabled":true},"categories":[1],"tags":[18114,20147,5057,20148,6506,20149,6712,19677,19806,16036,19514,20150,19511,20151,6609,20152,6693,5081,18028,4884,4684,20153,8353,19460],"jetpack_publicize_connections":[],"yoast_head":"<!-- This site is optimized with the Yoast SEO plugin v19.1 - https:\/\/yoast.com\/wordpress\/plugins\/seo\/ -->\n<title>Ardian Bujupi, simpatizant i Vanesa Krasniqit - Lajme nga Ulqini<\/title>\n<meta name=\"description\" content=\"Mbr\u00ebmja e 10 marsit, p\u00ebr shikuesit gjerman t\u00eb spektaklit \u201cDeutschland sucht den superstar\u201d (Gjermania k\u00ebrkon superyl lin), solli emocionet e veta t\u00eb nj\u00eb\" \/>\n<meta name=\"robots\" content=\"index, follow, max-snippet:-1, max-image-preview:large, max-video-preview:-1\" \/>\n<link rel=\"canonical\" href=\"https:\/\/www.visit-ulcinj.com\/blog\/2012\/03\/15\/ardian-bujupi-simpatizant-i-vanesa-krasniqit\/\" \/>\n<meta property=\"og:locale\" content=\"en_US\" \/>\n<meta property=\"og:type\" content=\"article\" \/>\n<meta property=\"og:title\" content=\"Ardian Bujupi, simpatizant i Vanesa Krasniqit - Lajme nga Ulqini\" \/>\n<meta property=\"og:description\" content=\"Mbr\u00ebmja e 10 marsit, p\u00ebr shikuesit gjerman t\u00eb spektaklit \u201cDeutschland sucht den superstar\u201d (Gjermania k\u00ebrkon superyl lin), solli emocionet e veta t\u00eb nj\u00eb\" \/>\n<meta property=\"og:url\" content=\"https:\/\/www.visit-ulcinj.com\/blog\/2012\/03\/15\/ardian-bujupi-simpatizant-i-vanesa-krasniqit\/\" \/>\n<meta property=\"og:site_name\" content=\"Lajme nga Ulqini\" \/>\n<meta property=\"article:published_time\" content=\"2012-03-15T20:21:35+00:00\" \/>\n<meta property=\"og:image\" content=\"http:\/\/www.visit-ulcinj.com\/blog\/wp-content\/uploads\/2012\/03\/Ardian-Bujupi-simpatizant-i-Vanesa-Krasniqit.jpg\" \/>\n<meta name=\"twitter:label1\" content=\"Written by\" \/>\n\t<meta name=\"twitter:data1\" content=\"ulqini\" \/>\n\t<meta name=\"twitter:label2\" content=\"Est. reading time\" \/>\n\t<meta name=\"twitter:data2\" content=\"1 minute\" \/>\n<script type=\"application\/ld+json\" class=\"yoast-schema-graph\">{\"@context\":\"https:\/\/schema.org\",\"@graph\":[{\"@type\":\"WebSite\",\"@id\":\"https:\/\/www.visit-ulcinj.com\/blog\/#website\",\"url\":\"https:\/\/www.visit-ulcinj.com\/blog\/\",\"name\":\"Lajme nga Ulqini\",\"description\":\"Lajme,Vijesti,Ulqini,Ulqin,Crna Gora,Mali i Zi\",\"potentialAction\":[{\"@type\":\"SearchAction\",\"target\":{\"@type\":\"EntryPoint\",\"urlTemplate\":\"https:\/\/www.visit-ulcinj.com\/blog\/?s={search_term_string}\"},\"query-input\":\"required name=search_term_string\"}],\"inLanguage\":\"en-US\"},{\"@type\":\"ImageObject\",\"inLanguage\":\"en-US\",\"@id\":\"https:\/\/www.visit-ulcinj.com\/blog\/2012\/03\/15\/ardian-bujupi-simpatizant-i-vanesa-krasniqit\/#primaryimage\",\"url\":\"http:\/\/www.visit-ulcinj.com\/blog\/wp-content\/uploads\/2012\/03\/Ardian-Bujupi-simpatizant-i-Vanesa-Krasniqit.jpg\",\"contentUrl\":\"http:\/\/www.visit-ulcinj.com\/blog\/wp-content\/uploads\/2012\/03\/Ardian-Bujupi-simpatizant-i-Vanesa-Krasniqit.jpg\"},{\"@type\":\"WebPage\",\"@id\":\"https:\/\/www.visit-ulcinj.com\/blog\/2012\/03\/15\/ardian-bujupi-simpatizant-i-vanesa-krasniqit\/#webpage\",\"url\":\"https:\/\/www.visit-ulcinj.com\/blog\/2012\/03\/15\/ardian-bujupi-simpatizant-i-vanesa-krasniqit\/\",\"name\":\"Ardian Bujupi, simpatizant i Vanesa Krasniqit - Lajme nga Ulqini\",\"isPartOf\":{\"@id\":\"https:\/\/www.visit-ulcinj.com\/blog\/#website\"},\"primaryImageOfPage\":{\"@id\":\"https:\/\/www.visit-ulcinj.com\/blog\/2012\/03\/15\/ardian-bujupi-simpatizant-i-vanesa-krasniqit\/#primaryimage\"},\"datePublished\":\"2012-03-15T20:21:35+00:00\",\"dateModified\":\"2012-03-15T20:21:35+00:00\",\"author\":{\"@id\":\"https:\/\/www.visit-ulcinj.com\/blog\/#\/schema\/person\/dcab619c614d3038751c63bc2aadc06d\"},\"description\":\"Mbr\u00ebmja e 10 marsit, p\u00ebr shikuesit gjerman t\u00eb spektaklit \u201cDeutschland sucht den superstar\u201d (Gjermania k\u00ebrkon superyl lin), solli emocionet e veta t\u00eb nj\u00eb\",\"breadcrumb\":{\"@id\":\"https:\/\/www.visit-ulcinj.com\/blog\/2012\/03\/15\/ardian-bujupi-simpatizant-i-vanesa-krasniqit\/#breadcrumb\"},\"inLanguage\":\"en-US\",\"potentialAction\":[{\"@type\":\"ReadAction\",\"target\":[\"https:\/\/www.visit-ulcinj.com\/blog\/2012\/03\/15\/ardian-bujupi-simpatizant-i-vanesa-krasniqit\/\"]}]},{\"@type\":\"BreadcrumbList\",\"@id\":\"https:\/\/www.visit-ulcinj.com\/blog\/2012\/03\/15\/ardian-bujupi-simpatizant-i-vanesa-krasniqit\/#breadcrumb\",\"itemListElement\":[{\"@type\":\"ListItem\",\"position\":1,\"name\":\"Ardian Bujupi, simpatizant i Vanesa Krasniqit\"}]},{\"@type\":\"Person\",\"@id\":\"https:\/\/www.visit-ulcinj.com\/blog\/#\/schema\/person\/dcab619c614d3038751c63bc2aadc06d\",\"name\":\"ulqini\",\"sameAs\":[\"http:\/\/www.visit-ulcinj.com\"],\"url\":\"https:\/\/www.visit-ulcinj.com\/blog\/author\/admin\/\"}]}<\/script>\n<!-- \/ Yoast SEO plugin. -->","yoast_head_json":{"title":"Ardian Bujupi, simpatizant i Vanesa Krasniqit - Lajme nga Ulqini","description":"Mbr\u00ebmja e 10 marsit, p\u00ebr shikuesit gjerman t\u00eb spektaklit \u201cDeutschland sucht den superstar\u201d (Gjermania k\u00ebrkon superyl lin), solli emocionet e veta t\u00eb nj\u00eb","robots":{"index":"index","follow":"follow","max-snippet":"max-snippet:-1","max-image-preview":"max-image-preview:large","max-video-preview":"max-video-preview:-1"},"canonical":"https:\/\/www.visit-ulcinj.com\/blog\/2012\/03\/15\/ardian-bujupi-simpatizant-i-vanesa-krasniqit\/","og_locale":"en_US","og_type":"article","og_title":"Ardian Bujupi, simpatizant i Vanesa Krasniqit - Lajme nga Ulqini","og_description":"Mbr\u00ebmja e 10 marsit, p\u00ebr shikuesit gjerman t\u00eb spektaklit \u201cDeutschland sucht den superstar\u201d (Gjermania k\u00ebrkon superyl lin), solli emocionet e veta t\u00eb nj\u00eb","og_url":"https:\/\/www.visit-ulcinj.com\/blog\/2012\/03\/15\/ardian-bujupi-simpatizant-i-vanesa-krasniqit\/","og_site_name":"Lajme nga Ulqini","article_published_time":"2012-03-15T20:21:35+00:00","og_image":[{"url":"http:\/\/www.visit-ulcinj.com\/blog\/wp-content\/uploads\/2012\/03\/Ardian-Bujupi-simpatizant-i-Vanesa-Krasniqit.jpg"}],"twitter_misc":{"Written by":"ulqini","Est. reading time":"1 minute"},"schema":{"@context":"https:\/\/schema.org","@graph":[{"@type":"WebSite","@id":"https:\/\/www.visit-ulcinj.com\/blog\/#website","url":"https:\/\/www.visit-ulcinj.com\/blog\/","name":"Lajme nga Ulqini","description":"Lajme,Vijesti,Ulqini,Ulqin,Crna Gora,Mali i Zi","potentialAction":[{"@type":"SearchAction","target":{"@type":"EntryPoint","urlTemplate":"https:\/\/www.visit-ulcinj.com\/blog\/?s={search_term_string}"},"query-input":"required name=search_term_string"}],"inLanguage":"en-US"},{"@type":"ImageObject","inLanguage":"en-US","@id":"https:\/\/www.visit-ulcinj.com\/blog\/2012\/03\/15\/ardian-bujupi-simpatizant-i-vanesa-krasniqit\/#primaryimage","url":"http:\/\/www.visit-ulcinj.com\/blog\/wp-content\/uploads\/2012\/03\/Ardian-Bujupi-simpatizant-i-Vanesa-Krasniqit.jpg","contentUrl":"http:\/\/www.visit-ulcinj.com\/blog\/wp-content\/uploads\/2012\/03\/Ardian-Bujupi-simpatizant-i-Vanesa-Krasniqit.jpg"},{"@type":"WebPage","@id":"https:\/\/www.visit-ulcinj.com\/blog\/2012\/03\/15\/ardian-bujupi-simpatizant-i-vanesa-krasniqit\/#webpage","url":"https:\/\/www.visit-ulcinj.com\/blog\/2012\/03\/15\/ardian-bujupi-simpatizant-i-vanesa-krasniqit\/","name":"Ardian Bujupi, simpatizant i Vanesa Krasniqit - Lajme nga Ulqini","isPartOf":{"@id":"https:\/\/www.visit-ulcinj.com\/blog\/#website"},"primaryImageOfPage":{"@id":"https:\/\/www.visit-ulcinj.com\/blog\/2012\/03\/15\/ardian-bujupi-simpatizant-i-vanesa-krasniqit\/#primaryimage"},"datePublished":"2012-03-15T20:21:35+00:00","dateModified":"2012-03-15T20:21:35+00:00","author":{"@id":"https:\/\/www.visit-ulcinj.com\/blog\/#\/schema\/person\/dcab619c614d3038751c63bc2aadc06d"},"description":"Mbr\u00ebmja e 10 marsit, p\u00ebr shikuesit gjerman t\u00eb spektaklit \u201cDeutschland sucht den superstar\u201d (Gjermania k\u00ebrkon superyl lin), solli emocionet e veta t\u00eb nj\u00eb","breadcrumb":{"@id":"https:\/\/www.visit-ulcinj.com\/blog\/2012\/03\/15\/ardian-bujupi-simpatizant-i-vanesa-krasniqit\/#breadcrumb"},"inLanguage":"en-US","potentialAction":[{"@type":"ReadAction","target":["https:\/\/www.visit-ulcinj.com\/blog\/2012\/03\/15\/ardian-bujupi-simpatizant-i-vanesa-krasniqit\/"]}]},{"@type":"BreadcrumbList","@id":"https:\/\/www.visit-ulcinj.com\/blog\/2012\/03\/15\/ardian-bujupi-simpatizant-i-vanesa-krasniqit\/#breadcrumb","itemListElement":[{"@type":"ListItem","position":1,"name":"Ardian Bujupi, simpatizant i Vanesa Krasniqit"}]},{"@type":"Person","@id":"https:\/\/www.visit-ulcinj.com\/blog\/#\/schema\/person\/dcab619c614d3038751c63bc2aadc06d","name":"ulqini","sameAs":["http:\/\/www.visit-ulcinj.com"],"url":"https:\/\/www.visit-ulcinj.com\/blog\/author\/admin\/"}]}},"jetpack_featured_media_url":"","jetpack_sharing_enabled":true,"jetpack_shortlink":"https:\/\/wp.me\/pe6lTn-f9t","_links":{"self":[{"href":"https:\/\/www.visit-ulcinj.com\/blog\/wp-json\/wp\/v2\/posts\/58247"}],"collection":[{"href":"https:\/\/www.visit-ulcinj.com\/blog\/wp-json\/wp\/v2\/posts"}],"about":[{"href":"https:\/\/www.visit-ulcinj.com\/blog\/wp-json\/wp\/v2\/types\/post"}],"author":[{"embeddable":true,"href":"https:\/\/www.visit-ulcinj.com\/blog\/wp-json\/wp\/v2\/users\/1"}],"replies":[{"embeddable":true,"href":"https:\/\/www.visit-ulcinj.com\/blog\/wp-json\/wp\/v2\/comments?post=58247"}],"version-history":[{"count":2,"href":"https:\/\/www.visit-ulcinj.com\/blog\/wp-json\/wp\/v2\/posts\/58247\/revisions"}],"predecessor-version":[{"id":58251,"href":"https:\/\/www.visit-ulcinj.com\/blog\/wp-json\/wp\/v2\/posts\/58247\/revisions\/58251"}],"wp:attachment":[{"href":"https:\/\/www.visit-ulcinj.com\/blog\/wp-json\/wp\/v2\/media?parent=58247"}],"wp:term":[{"taxonomy":"category","embeddable":true,"href":"https:\/\/www.visit-ulcinj.com\/blog\/wp-json\/wp\/v2\/categories?post=58247"},{"taxonomy":"post_tag","embeddable":true,"href":"https:\/\/www.visit-ulcinj.com\/blog\/wp-json\/wp\/v2\/tags?post=58247"}],"curies":[{"name":"wp","href":"https:\/\/api.w.org\/{rel}","templated":true}]}}