{"id":58252,"date":"2012-03-15T21:34:29","date_gmt":"2012-03-15T20:34:29","guid":{"rendered":"http:\/\/www.visit-ulcinj.com\/blog\/?p=58252"},"modified":"2012-03-15T21:34:29","modified_gmt":"2012-03-15T20:34:29","slug":"nexhmije-pagarusha-ndalon-bareshen","status":"publish","type":"post","link":"https:\/\/www.visit-ulcinj.com\/blog\/2012\/03\/15\/nexhmije-pagarusha-ndalon-bareshen\/","title":{"rendered":"Nexhmije Pagarusha ndalon \u201cBaresh\u00ebn\u201d"},"content":{"rendered":"<p><strong><a href=\"http:\/\/www.visit-ulcinj.com\/blog\/wp-content\/uploads\/2012\/03\/Nexhmije-Pagarusha.jpg\"><img loading=\"lazy\" class=\"alignleft  wp-image-58253\" title=\"Nexhmije-Pagarusha\" src=\"http:\/\/www.visit-ulcinj.com\/blog\/wp-content\/uploads\/2012\/03\/Nexhmije-Pagarusha.jpg\" alt=\"\" width=\"508\" height=\"367\" \/><\/a>Edhe pse ka pritur pes\u00eb dekada p\u00ebr t\u00eb par\u00eb videoklipin e kryehitit \u201cBaresha\u201d, bilbili i Kosov\u00ebs nuk ka lejuar m\u00eb shum\u00eb se dy muaj transmetimin e tij.<\/strong><\/p>\n<p>K\u00ebng\u00ebtarja Nexhmije Pagarusha ka \u201ctrokitur\u201d n\u00eb dyer t\u00eb televizioneve kosovare p\u00ebr t\u00eb k\u00ebrkuar q\u00eb t\u00eb mos lansohet videoklipi q\u00eb p\u00ebr her\u00eb t\u00eb par\u00eb u pa n\u00eb dit\u00ebn e dhjet\u00eb t\u00eb janarit, shkruan sot \u201cKoha Ditore\u201d.<\/p>\n<p>Videoklipi i k\u00ebng\u00ebs \u201cBaresha\u201d \u00ebsht\u00eb realizuar nga \u201cKooperativa\u201d, me iniciativ\u00eb t\u00eb Muzeut t\u00eb Kosov\u00ebs dhe \u00ebsht\u00eb p\u00ebrkrahur nga Ministria e Kultur\u00ebs.<\/p>\n<p>\u201cKam shkuar n\u00eb televizione dhe kam k\u00ebrkuar q\u00eb t\u00eb mos transmetohet dhe kan\u00eb pasur mir\u00ebkuptim\u201d, ka th\u00ebn\u00eb Pagarusha, pa pranuar t\u00eb zbuloj\u00eb arsyet e k\u00ebsaj k\u00ebrkese. \u201cArsyet nuk mund t\u2019i jap tani\u201d, \u00ebsht\u00eb p\u00ebrgjigjur shkurt ajo.<\/p>\n<p>Yll \u00c7itakun, regjisorin e videoklipit \u201cBaresha\u201d, ky lajm e ka z\u00ebn\u00eb n\u00eb befasi.<\/p>\n<p>Skenari dhe regjia e videoklipit jan\u00eb b\u00ebr\u00eb nga Yll \u00c7itaku dhe Arian Rexhepi. Gjithashtu ka qen\u00eb nj\u00eb ekip i gjer\u00eb artist\u00ebsh t\u00eb angazhuar n\u00eb projekt, si\u00e7 jan\u00eb Trupa e Baletit e Kosov\u00ebs, Krenare Rugova, Rudina Xhaferi, e shum\u00eb t\u00eb tjer\u00eb. Xhirimet, t\u00eb cilat kan\u00eb zgjatur rreth dy muaj, jan\u00eb realizuar n\u00eb Bjeshk\u00ebt e Nemuna,n\u00eb Prizren dhe n\u00eb Lipjan.<\/p>\n<!--YouTube Error: bad URL entered-->\n","protected":false},"excerpt":{"rendered":"<p>Edhe pse ka pritur pes\u00eb dekada p\u00ebr t\u00eb par\u00eb videoklipin e kryehitit \u201cBaresha\u201d, bilbili i Kosov\u00ebs nuk ka lejuar m\u00eb shum\u00eb se dy muaj transmetimin e tij. K\u00ebng\u00ebtarja Nexhmije Pagarusha ka \u201ctrokitur\u201d n\u00eb dyer t\u00eb televizioneve kosovare p\u00ebr t\u00eb k\u00ebrkuar q\u00eb t\u00eb mos lansohet videoklipi q\u00eb p\u00ebr her\u00eb t\u00eb par\u00eb u pa n\u00eb dit\u00ebn e [&hellip;]<\/p>\n","protected":false},"author":1,"featured_media":0,"comment_status":"open","ping_status":"closed","sticky":false,"template":"","format":"standard","meta":{"spay_email":"","jetpack_publicize_message":"","jetpack_is_tweetstorm":false,"jetpack_publicize_feature_enabled":true},"categories":[1],"tags":[20154,20147,5057,20148,6506,20149,6712,19677,19806,16036,19514,20150,19511,19837,20151,6609,20152,6693,5081,18028,4884,4684,8353,19460],"jetpack_publicize_connections":[],"yoast_head":"<!-- This site is optimized with the Yoast SEO plugin v19.1 - https:\/\/yoast.com\/wordpress\/plugins\/seo\/ -->\n<title>Nexhmije Pagarusha ndalon \u201cBaresh\u00ebn\u201d - Lajme nga Ulqini<\/title>\n<meta name=\"description\" content=\"Edhe pse ka pritur pes\u00eb dekada p\u00ebr t\u00eb par\u00eb videoklipin e kryehitit \u201cBaresha\u201d, bilbili i Kosov\u00ebs nuk ka lejuar m\u00eb shum\u00eb se dy muaj transmetimin e tij.\" \/>\n<meta name=\"robots\" content=\"index, follow, max-snippet:-1, max-image-preview:large, max-video-preview:-1\" \/>\n<link rel=\"canonical\" href=\"https:\/\/www.visit-ulcinj.com\/blog\/2012\/03\/15\/nexhmije-pagarusha-ndalon-bareshen\/\" \/>\n<meta property=\"og:locale\" content=\"en_US\" \/>\n<meta property=\"og:type\" content=\"article\" \/>\n<meta property=\"og:title\" content=\"Nexhmije Pagarusha ndalon \u201cBaresh\u00ebn\u201d - Lajme nga Ulqini\" \/>\n<meta property=\"og:description\" content=\"Edhe pse ka pritur pes\u00eb dekada p\u00ebr t\u00eb par\u00eb videoklipin e kryehitit \u201cBaresha\u201d, bilbili i Kosov\u00ebs nuk ka lejuar m\u00eb shum\u00eb se dy muaj transmetimin e tij.\" \/>\n<meta property=\"og:url\" content=\"https:\/\/www.visit-ulcinj.com\/blog\/2012\/03\/15\/nexhmije-pagarusha-ndalon-bareshen\/\" \/>\n<meta property=\"og:site_name\" content=\"Lajme nga Ulqini\" \/>\n<meta property=\"article:published_time\" content=\"2012-03-15T20:34:29+00:00\" \/>\n<meta property=\"og:image\" content=\"http:\/\/www.visit-ulcinj.com\/blog\/wp-content\/uploads\/2012\/03\/Nexhmije-Pagarusha.jpg\" \/>\n<meta name=\"twitter:label1\" content=\"Written by\" \/>\n\t<meta name=\"twitter:data1\" content=\"ulqini\" \/>\n\t<meta name=\"twitter:label2\" content=\"Est. reading time\" \/>\n\t<meta name=\"twitter:data2\" content=\"1 minute\" \/>\n<script type=\"application\/ld+json\" class=\"yoast-schema-graph\">{\"@context\":\"https:\/\/schema.org\",\"@graph\":[{\"@type\":\"WebSite\",\"@id\":\"https:\/\/www.visit-ulcinj.com\/blog\/#website\",\"url\":\"https:\/\/www.visit-ulcinj.com\/blog\/\",\"name\":\"Lajme nga Ulqini\",\"description\":\"Lajme,Vijesti,Ulqini,Ulqin,Crna Gora,Mali i Zi\",\"potentialAction\":[{\"@type\":\"SearchAction\",\"target\":{\"@type\":\"EntryPoint\",\"urlTemplate\":\"https:\/\/www.visit-ulcinj.com\/blog\/?s={search_term_string}\"},\"query-input\":\"required name=search_term_string\"}],\"inLanguage\":\"en-US\"},{\"@type\":\"ImageObject\",\"inLanguage\":\"en-US\",\"@id\":\"https:\/\/www.visit-ulcinj.com\/blog\/2012\/03\/15\/nexhmije-pagarusha-ndalon-bareshen\/#primaryimage\",\"url\":\"http:\/\/www.visit-ulcinj.com\/blog\/wp-content\/uploads\/2012\/03\/Nexhmije-Pagarusha.jpg\",\"contentUrl\":\"http:\/\/www.visit-ulcinj.com\/blog\/wp-content\/uploads\/2012\/03\/Nexhmije-Pagarusha.jpg\"},{\"@type\":\"WebPage\",\"@id\":\"https:\/\/www.visit-ulcinj.com\/blog\/2012\/03\/15\/nexhmije-pagarusha-ndalon-bareshen\/#webpage\",\"url\":\"https:\/\/www.visit-ulcinj.com\/blog\/2012\/03\/15\/nexhmije-pagarusha-ndalon-bareshen\/\",\"name\":\"Nexhmije Pagarusha ndalon \u201cBaresh\u00ebn\u201d - Lajme nga Ulqini\",\"isPartOf\":{\"@id\":\"https:\/\/www.visit-ulcinj.com\/blog\/#website\"},\"primaryImageOfPage\":{\"@id\":\"https:\/\/www.visit-ulcinj.com\/blog\/2012\/03\/15\/nexhmije-pagarusha-ndalon-bareshen\/#primaryimage\"},\"datePublished\":\"2012-03-15T20:34:29+00:00\",\"dateModified\":\"2012-03-15T20:34:29+00:00\",\"author\":{\"@id\":\"https:\/\/www.visit-ulcinj.com\/blog\/#\/schema\/person\/dcab619c614d3038751c63bc2aadc06d\"},\"description\":\"Edhe pse ka pritur pes\u00eb dekada p\u00ebr t\u00eb par\u00eb videoklipin e kryehitit \u201cBaresha\u201d, bilbili i Kosov\u00ebs nuk ka lejuar m\u00eb shum\u00eb se dy muaj transmetimin e tij.\",\"breadcrumb\":{\"@id\":\"https:\/\/www.visit-ulcinj.com\/blog\/2012\/03\/15\/nexhmije-pagarusha-ndalon-bareshen\/#breadcrumb\"},\"inLanguage\":\"en-US\",\"potentialAction\":[{\"@type\":\"ReadAction\",\"target\":[\"https:\/\/www.visit-ulcinj.com\/blog\/2012\/03\/15\/nexhmije-pagarusha-ndalon-bareshen\/\"]}]},{\"@type\":\"BreadcrumbList\",\"@id\":\"https:\/\/www.visit-ulcinj.com\/blog\/2012\/03\/15\/nexhmije-pagarusha-ndalon-bareshen\/#breadcrumb\",\"itemListElement\":[{\"@type\":\"ListItem\",\"position\":1,\"name\":\"Nexhmije Pagarusha ndalon \u201cBaresh\u00ebn\u201d\"}]},{\"@type\":\"Person\",\"@id\":\"https:\/\/www.visit-ulcinj.com\/blog\/#\/schema\/person\/dcab619c614d3038751c63bc2aadc06d\",\"name\":\"ulqini\",\"sameAs\":[\"http:\/\/www.visit-ulcinj.com\"],\"url\":\"https:\/\/www.visit-ulcinj.com\/blog\/author\/admin\/\"}]}<\/script>\n<!-- \/ Yoast SEO plugin. -->","yoast_head_json":{"title":"Nexhmije Pagarusha ndalon \u201cBaresh\u00ebn\u201d - Lajme nga Ulqini","description":"Edhe pse ka pritur pes\u00eb dekada p\u00ebr t\u00eb par\u00eb videoklipin e kryehitit \u201cBaresha\u201d, bilbili i Kosov\u00ebs nuk ka lejuar m\u00eb shum\u00eb se dy muaj transmetimin e tij.","robots":{"index":"index","follow":"follow","max-snippet":"max-snippet:-1","max-image-preview":"max-image-preview:large","max-video-preview":"max-video-preview:-1"},"canonical":"https:\/\/www.visit-ulcinj.com\/blog\/2012\/03\/15\/nexhmije-pagarusha-ndalon-bareshen\/","og_locale":"en_US","og_type":"article","og_title":"Nexhmije Pagarusha ndalon \u201cBaresh\u00ebn\u201d - Lajme nga Ulqini","og_description":"Edhe pse ka pritur pes\u00eb dekada p\u00ebr t\u00eb par\u00eb videoklipin e kryehitit \u201cBaresha\u201d, bilbili i Kosov\u00ebs nuk ka lejuar m\u00eb shum\u00eb se dy muaj transmetimin e tij.","og_url":"https:\/\/www.visit-ulcinj.com\/blog\/2012\/03\/15\/nexhmije-pagarusha-ndalon-bareshen\/","og_site_name":"Lajme nga Ulqini","article_published_time":"2012-03-15T20:34:29+00:00","og_image":[{"url":"http:\/\/www.visit-ulcinj.com\/blog\/wp-content\/uploads\/2012\/03\/Nexhmije-Pagarusha.jpg"}],"twitter_misc":{"Written by":"ulqini","Est. reading time":"1 minute"},"schema":{"@context":"https:\/\/schema.org","@graph":[{"@type":"WebSite","@id":"https:\/\/www.visit-ulcinj.com\/blog\/#website","url":"https:\/\/www.visit-ulcinj.com\/blog\/","name":"Lajme nga Ulqini","description":"Lajme,Vijesti,Ulqini,Ulqin,Crna Gora,Mali i Zi","potentialAction":[{"@type":"SearchAction","target":{"@type":"EntryPoint","urlTemplate":"https:\/\/www.visit-ulcinj.com\/blog\/?s={search_term_string}"},"query-input":"required name=search_term_string"}],"inLanguage":"en-US"},{"@type":"ImageObject","inLanguage":"en-US","@id":"https:\/\/www.visit-ulcinj.com\/blog\/2012\/03\/15\/nexhmije-pagarusha-ndalon-bareshen\/#primaryimage","url":"http:\/\/www.visit-ulcinj.com\/blog\/wp-content\/uploads\/2012\/03\/Nexhmije-Pagarusha.jpg","contentUrl":"http:\/\/www.visit-ulcinj.com\/blog\/wp-content\/uploads\/2012\/03\/Nexhmije-Pagarusha.jpg"},{"@type":"WebPage","@id":"https:\/\/www.visit-ulcinj.com\/blog\/2012\/03\/15\/nexhmije-pagarusha-ndalon-bareshen\/#webpage","url":"https:\/\/www.visit-ulcinj.com\/blog\/2012\/03\/15\/nexhmije-pagarusha-ndalon-bareshen\/","name":"Nexhmije Pagarusha ndalon \u201cBaresh\u00ebn\u201d - Lajme nga Ulqini","isPartOf":{"@id":"https:\/\/www.visit-ulcinj.com\/blog\/#website"},"primaryImageOfPage":{"@id":"https:\/\/www.visit-ulcinj.com\/blog\/2012\/03\/15\/nexhmije-pagarusha-ndalon-bareshen\/#primaryimage"},"datePublished":"2012-03-15T20:34:29+00:00","dateModified":"2012-03-15T20:34:29+00:00","author":{"@id":"https:\/\/www.visit-ulcinj.com\/blog\/#\/schema\/person\/dcab619c614d3038751c63bc2aadc06d"},"description":"Edhe pse ka pritur pes\u00eb dekada p\u00ebr t\u00eb par\u00eb videoklipin e kryehitit \u201cBaresha\u201d, bilbili i Kosov\u00ebs nuk ka lejuar m\u00eb shum\u00eb se dy muaj transmetimin e tij.","breadcrumb":{"@id":"https:\/\/www.visit-ulcinj.com\/blog\/2012\/03\/15\/nexhmije-pagarusha-ndalon-bareshen\/#breadcrumb"},"inLanguage":"en-US","potentialAction":[{"@type":"ReadAction","target":["https:\/\/www.visit-ulcinj.com\/blog\/2012\/03\/15\/nexhmije-pagarusha-ndalon-bareshen\/"]}]},{"@type":"BreadcrumbList","@id":"https:\/\/www.visit-ulcinj.com\/blog\/2012\/03\/15\/nexhmije-pagarusha-ndalon-bareshen\/#breadcrumb","itemListElement":[{"@type":"ListItem","position":1,"name":"Nexhmije Pagarusha ndalon \u201cBaresh\u00ebn\u201d"}]},{"@type":"Person","@id":"https:\/\/www.visit-ulcinj.com\/blog\/#\/schema\/person\/dcab619c614d3038751c63bc2aadc06d","name":"ulqini","sameAs":["http:\/\/www.visit-ulcinj.com"],"url":"https:\/\/www.visit-ulcinj.com\/blog\/author\/admin\/"}]}},"jetpack_featured_media_url":"","jetpack_sharing_enabled":true,"jetpack_shortlink":"https:\/\/wp.me\/pe6lTn-f9y","_links":{"self":[{"href":"https:\/\/www.visit-ulcinj.com\/blog\/wp-json\/wp\/v2\/posts\/58252"}],"collection":[{"href":"https:\/\/www.visit-ulcinj.com\/blog\/wp-json\/wp\/v2\/posts"}],"about":[{"href":"https:\/\/www.visit-ulcinj.com\/blog\/wp-json\/wp\/v2\/types\/post"}],"author":[{"embeddable":true,"href":"https:\/\/www.visit-ulcinj.com\/blog\/wp-json\/wp\/v2\/users\/1"}],"replies":[{"embeddable":true,"href":"https:\/\/www.visit-ulcinj.com\/blog\/wp-json\/wp\/v2\/comments?post=58252"}],"version-history":[{"count":2,"href":"https:\/\/www.visit-ulcinj.com\/blog\/wp-json\/wp\/v2\/posts\/58252\/revisions"}],"predecessor-version":[{"id":58255,"href":"https:\/\/www.visit-ulcinj.com\/blog\/wp-json\/wp\/v2\/posts\/58252\/revisions\/58255"}],"wp:attachment":[{"href":"https:\/\/www.visit-ulcinj.com\/blog\/wp-json\/wp\/v2\/media?parent=58252"}],"wp:term":[{"taxonomy":"category","embeddable":true,"href":"https:\/\/www.visit-ulcinj.com\/blog\/wp-json\/wp\/v2\/categories?post=58252"},{"taxonomy":"post_tag","embeddable":true,"href":"https:\/\/www.visit-ulcinj.com\/blog\/wp-json\/wp\/v2\/tags?post=58252"}],"curies":[{"name":"wp","href":"https:\/\/api.w.org\/{rel}","templated":true}]}}