{"id":58257,"date":"2012-03-15T21:48:08","date_gmt":"2012-03-15T20:48:08","guid":{"rendered":"http:\/\/www.visit-ulcinj.com\/blog\/?p=58257"},"modified":"2012-03-15T21:48:08","modified_gmt":"2012-03-15T20:48:08","slug":"rrezarta-mohon-se-e-ka-bere-gjoksin-operacion","status":"publish","type":"post","link":"https:\/\/www.visit-ulcinj.com\/blog\/2012\/03\/15\/rrezarta-mohon-se-e-ka-bere-gjoksin-operacion\/","title":{"rendered":"Rrezarta mohon se e ka b\u00ebr\u00eb gjoksin operacion"},"content":{"rendered":"<p><strong><a href=\"http:\/\/www.visit-ulcinj.com\/blog\/wp-content\/uploads\/2012\/03\/rezarta-shkurta.jpg\"><img loading=\"lazy\" class=\"alignleft  wp-image-58258\" title=\"rezarta shkurta\" src=\"http:\/\/www.visit-ulcinj.com\/blog\/wp-content\/uploads\/2012\/03\/rezarta-shkurta.jpg\" alt=\"\" width=\"508\" height=\"380\" \/><\/a>K\u00ebng\u00ebtarja nga Shqip\u00ebria, Rrezarta Shkurta ka mohuar shkrimet e mediave se ajo ka b\u00ebr\u00eb operacion gjoksin e saj.<\/strong><\/p>\n<p>Ishte th\u00ebn\u00eb disa dit\u00eb m\u00eb her\u00ebt p\u00ebr Rrezarta Shkurta q\u00eb ka b\u00ebr\u00eb gjoksin operacion, por ajo ka reaguar menj\u00ebher\u00eb n\u00eb Facebook,duke demantuar k\u00ebt\u00eb lajm.<\/p>\n<p>\u201cDisa njer\u00ebz t\u00eb papun\u00eb, dhe dashakeq\u00ebs ose m\u00eb sakt\u00eb t\u00eb verb\u00ebr e kan\u00eb humbur kohen e tyre s\u00eb fundmi duke b\u00ebr\u00eb nj\u00eb shkrime ku un\u00eb sipas tyre paskam b\u00ebr gjoksin operacion. Nuk kam asgj\u00eb kund\u00ebr operacioneve plastike por p\u00ebr fat t\u00eb mir\u00eb natyra m\u00eb ka falur nj\u00eb kraharor t\u00eb bollsh\u00ebm ku un\u00eb nuk e kam t\u00eb nevojshme nd\u00ebrhyrje\u201d, ka th\u00ebn\u00eb Rrezarta p\u00ebr mediat shqiptare.<\/p>\n<p>\u201cGjithsesi un\u00eb k\u00ebto shpifjet po i marr\u00eb si kompliment, pasi t\u00eb b\u00ebsh nd\u00ebrhyrje tregon tentativat p\u00ebr t\u00eb shkuar nga p\u00ebrfektja,dhe p\u00ebrderisa keni shkruar q\u00eb e kam t\u00eb b\u00ebr\u00eb po e marr\u00eb n\u00eb aspektin tjet\u00ebr\u201d, ka shtuar Rrezarta Shkurta.<\/p>\n<p>Telegrafi<br \/>\n<!--YouTube Error: bad URL entered--><\/p>\n","protected":false},"excerpt":{"rendered":"<p>K\u00ebng\u00ebtarja nga Shqip\u00ebria, Rrezarta Shkurta ka mohuar shkrimet e mediave se ajo ka b\u00ebr\u00eb operacion gjoksin e saj. Ishte th\u00ebn\u00eb disa dit\u00eb m\u00eb her\u00ebt p\u00ebr Rrezarta Shkurta q\u00eb ka b\u00ebr\u00eb gjoksin operacion, por ajo ka reaguar menj\u00ebher\u00eb n\u00eb Facebook,duke demantuar k\u00ebt\u00eb lajm. \u201cDisa njer\u00ebz t\u00eb papun\u00eb, dhe dashakeq\u00ebs ose m\u00eb sakt\u00eb t\u00eb verb\u00ebr e kan\u00eb [&hellip;]<\/p>\n","protected":false},"author":1,"featured_media":0,"comment_status":"open","ping_status":"closed","sticky":false,"template":"","format":"standard","meta":{"spay_email":"","jetpack_publicize_message":"","jetpack_is_tweetstorm":false,"jetpack_publicize_feature_enabled":true},"categories":[1],"tags":[20147,5057,20148,6506,20149,6712,19677,19806,16036,19514,20150,19511,20151,6609,20155,20152,6693,5081,18028,4884,4684,8353,19460],"jetpack_publicize_connections":[],"yoast_head":"<!-- This site is optimized with the Yoast SEO plugin v19.1 - https:\/\/yoast.com\/wordpress\/plugins\/seo\/ -->\n<title>Rrezarta mohon se e ka b\u00ebr\u00eb gjoksin operacion - Lajme nga Ulqini<\/title>\n<meta name=\"description\" content=\"K\u00ebng\u00ebtarja nga Shqip\u00ebria, Rrezarta Shkurta ka mohuar shkrimet e mediave se ajo ka b\u00ebr\u00eb operacion gjoksin e saj. Ishte th\u00ebn\u00eb disa dit\u00eb m\u00eb her\u00ebt p\u00ebr\" \/>\n<meta name=\"robots\" content=\"index, follow, max-snippet:-1, max-image-preview:large, max-video-preview:-1\" \/>\n<link rel=\"canonical\" href=\"https:\/\/www.visit-ulcinj.com\/blog\/2012\/03\/15\/rrezarta-mohon-se-e-ka-bere-gjoksin-operacion\/\" \/>\n<meta property=\"og:locale\" content=\"en_US\" \/>\n<meta property=\"og:type\" content=\"article\" \/>\n<meta property=\"og:title\" content=\"Rrezarta mohon se e ka b\u00ebr\u00eb gjoksin operacion - Lajme nga Ulqini\" \/>\n<meta property=\"og:description\" content=\"K\u00ebng\u00ebtarja nga Shqip\u00ebria, Rrezarta Shkurta ka mohuar shkrimet e mediave se ajo ka b\u00ebr\u00eb operacion gjoksin e saj. Ishte th\u00ebn\u00eb disa dit\u00eb m\u00eb her\u00ebt p\u00ebr\" \/>\n<meta property=\"og:url\" content=\"https:\/\/www.visit-ulcinj.com\/blog\/2012\/03\/15\/rrezarta-mohon-se-e-ka-bere-gjoksin-operacion\/\" \/>\n<meta property=\"og:site_name\" content=\"Lajme nga Ulqini\" \/>\n<meta property=\"article:published_time\" content=\"2012-03-15T20:48:08+00:00\" \/>\n<meta property=\"og:image\" content=\"http:\/\/www.visit-ulcinj.com\/blog\/wp-content\/uploads\/2012\/03\/rezarta-shkurta.jpg\" \/>\n<meta name=\"twitter:label1\" content=\"Written by\" \/>\n\t<meta name=\"twitter:data1\" content=\"ulqini\" \/>\n\t<meta name=\"twitter:label2\" content=\"Est. reading time\" \/>\n\t<meta name=\"twitter:data2\" content=\"1 minute\" \/>\n<script type=\"application\/ld+json\" class=\"yoast-schema-graph\">{\"@context\":\"https:\/\/schema.org\",\"@graph\":[{\"@type\":\"WebSite\",\"@id\":\"https:\/\/www.visit-ulcinj.com\/blog\/#website\",\"url\":\"https:\/\/www.visit-ulcinj.com\/blog\/\",\"name\":\"Lajme nga Ulqini\",\"description\":\"Lajme,Vijesti,Ulqini,Ulqin,Crna Gora,Mali i Zi\",\"potentialAction\":[{\"@type\":\"SearchAction\",\"target\":{\"@type\":\"EntryPoint\",\"urlTemplate\":\"https:\/\/www.visit-ulcinj.com\/blog\/?s={search_term_string}\"},\"query-input\":\"required name=search_term_string\"}],\"inLanguage\":\"en-US\"},{\"@type\":\"ImageObject\",\"inLanguage\":\"en-US\",\"@id\":\"https:\/\/www.visit-ulcinj.com\/blog\/2012\/03\/15\/rrezarta-mohon-se-e-ka-bere-gjoksin-operacion\/#primaryimage\",\"url\":\"http:\/\/www.visit-ulcinj.com\/blog\/wp-content\/uploads\/2012\/03\/rezarta-shkurta.jpg\",\"contentUrl\":\"http:\/\/www.visit-ulcinj.com\/blog\/wp-content\/uploads\/2012\/03\/rezarta-shkurta.jpg\"},{\"@type\":\"WebPage\",\"@id\":\"https:\/\/www.visit-ulcinj.com\/blog\/2012\/03\/15\/rrezarta-mohon-se-e-ka-bere-gjoksin-operacion\/#webpage\",\"url\":\"https:\/\/www.visit-ulcinj.com\/blog\/2012\/03\/15\/rrezarta-mohon-se-e-ka-bere-gjoksin-operacion\/\",\"name\":\"Rrezarta mohon se e ka b\u00ebr\u00eb gjoksin operacion - Lajme nga Ulqini\",\"isPartOf\":{\"@id\":\"https:\/\/www.visit-ulcinj.com\/blog\/#website\"},\"primaryImageOfPage\":{\"@id\":\"https:\/\/www.visit-ulcinj.com\/blog\/2012\/03\/15\/rrezarta-mohon-se-e-ka-bere-gjoksin-operacion\/#primaryimage\"},\"datePublished\":\"2012-03-15T20:48:08+00:00\",\"dateModified\":\"2012-03-15T20:48:08+00:00\",\"author\":{\"@id\":\"https:\/\/www.visit-ulcinj.com\/blog\/#\/schema\/person\/dcab619c614d3038751c63bc2aadc06d\"},\"description\":\"K\u00ebng\u00ebtarja nga Shqip\u00ebria, Rrezarta Shkurta ka mohuar shkrimet e mediave se ajo ka b\u00ebr\u00eb operacion gjoksin e saj. Ishte th\u00ebn\u00eb disa dit\u00eb m\u00eb her\u00ebt p\u00ebr\",\"breadcrumb\":{\"@id\":\"https:\/\/www.visit-ulcinj.com\/blog\/2012\/03\/15\/rrezarta-mohon-se-e-ka-bere-gjoksin-operacion\/#breadcrumb\"},\"inLanguage\":\"en-US\",\"potentialAction\":[{\"@type\":\"ReadAction\",\"target\":[\"https:\/\/www.visit-ulcinj.com\/blog\/2012\/03\/15\/rrezarta-mohon-se-e-ka-bere-gjoksin-operacion\/\"]}]},{\"@type\":\"BreadcrumbList\",\"@id\":\"https:\/\/www.visit-ulcinj.com\/blog\/2012\/03\/15\/rrezarta-mohon-se-e-ka-bere-gjoksin-operacion\/#breadcrumb\",\"itemListElement\":[{\"@type\":\"ListItem\",\"position\":1,\"name\":\"Rrezarta mohon se e ka b\u00ebr\u00eb gjoksin operacion\"}]},{\"@type\":\"Person\",\"@id\":\"https:\/\/www.visit-ulcinj.com\/blog\/#\/schema\/person\/dcab619c614d3038751c63bc2aadc06d\",\"name\":\"ulqini\",\"sameAs\":[\"http:\/\/www.visit-ulcinj.com\"],\"url\":\"https:\/\/www.visit-ulcinj.com\/blog\/author\/admin\/\"}]}<\/script>\n<!-- \/ Yoast SEO plugin. -->","yoast_head_json":{"title":"Rrezarta mohon se e ka b\u00ebr\u00eb gjoksin operacion - Lajme nga Ulqini","description":"K\u00ebng\u00ebtarja nga Shqip\u00ebria, Rrezarta Shkurta ka mohuar shkrimet e mediave se ajo ka b\u00ebr\u00eb operacion gjoksin e saj. Ishte th\u00ebn\u00eb disa dit\u00eb m\u00eb her\u00ebt p\u00ebr","robots":{"index":"index","follow":"follow","max-snippet":"max-snippet:-1","max-image-preview":"max-image-preview:large","max-video-preview":"max-video-preview:-1"},"canonical":"https:\/\/www.visit-ulcinj.com\/blog\/2012\/03\/15\/rrezarta-mohon-se-e-ka-bere-gjoksin-operacion\/","og_locale":"en_US","og_type":"article","og_title":"Rrezarta mohon se e ka b\u00ebr\u00eb gjoksin operacion - Lajme nga Ulqini","og_description":"K\u00ebng\u00ebtarja nga Shqip\u00ebria, Rrezarta Shkurta ka mohuar shkrimet e mediave se ajo ka b\u00ebr\u00eb operacion gjoksin e saj. Ishte th\u00ebn\u00eb disa dit\u00eb m\u00eb her\u00ebt p\u00ebr","og_url":"https:\/\/www.visit-ulcinj.com\/blog\/2012\/03\/15\/rrezarta-mohon-se-e-ka-bere-gjoksin-operacion\/","og_site_name":"Lajme nga Ulqini","article_published_time":"2012-03-15T20:48:08+00:00","og_image":[{"url":"http:\/\/www.visit-ulcinj.com\/blog\/wp-content\/uploads\/2012\/03\/rezarta-shkurta.jpg"}],"twitter_misc":{"Written by":"ulqini","Est. reading time":"1 minute"},"schema":{"@context":"https:\/\/schema.org","@graph":[{"@type":"WebSite","@id":"https:\/\/www.visit-ulcinj.com\/blog\/#website","url":"https:\/\/www.visit-ulcinj.com\/blog\/","name":"Lajme nga Ulqini","description":"Lajme,Vijesti,Ulqini,Ulqin,Crna Gora,Mali i Zi","potentialAction":[{"@type":"SearchAction","target":{"@type":"EntryPoint","urlTemplate":"https:\/\/www.visit-ulcinj.com\/blog\/?s={search_term_string}"},"query-input":"required name=search_term_string"}],"inLanguage":"en-US"},{"@type":"ImageObject","inLanguage":"en-US","@id":"https:\/\/www.visit-ulcinj.com\/blog\/2012\/03\/15\/rrezarta-mohon-se-e-ka-bere-gjoksin-operacion\/#primaryimage","url":"http:\/\/www.visit-ulcinj.com\/blog\/wp-content\/uploads\/2012\/03\/rezarta-shkurta.jpg","contentUrl":"http:\/\/www.visit-ulcinj.com\/blog\/wp-content\/uploads\/2012\/03\/rezarta-shkurta.jpg"},{"@type":"WebPage","@id":"https:\/\/www.visit-ulcinj.com\/blog\/2012\/03\/15\/rrezarta-mohon-se-e-ka-bere-gjoksin-operacion\/#webpage","url":"https:\/\/www.visit-ulcinj.com\/blog\/2012\/03\/15\/rrezarta-mohon-se-e-ka-bere-gjoksin-operacion\/","name":"Rrezarta mohon se e ka b\u00ebr\u00eb gjoksin operacion - Lajme nga Ulqini","isPartOf":{"@id":"https:\/\/www.visit-ulcinj.com\/blog\/#website"},"primaryImageOfPage":{"@id":"https:\/\/www.visit-ulcinj.com\/blog\/2012\/03\/15\/rrezarta-mohon-se-e-ka-bere-gjoksin-operacion\/#primaryimage"},"datePublished":"2012-03-15T20:48:08+00:00","dateModified":"2012-03-15T20:48:08+00:00","author":{"@id":"https:\/\/www.visit-ulcinj.com\/blog\/#\/schema\/person\/dcab619c614d3038751c63bc2aadc06d"},"description":"K\u00ebng\u00ebtarja nga Shqip\u00ebria, Rrezarta Shkurta ka mohuar shkrimet e mediave se ajo ka b\u00ebr\u00eb operacion gjoksin e saj. Ishte th\u00ebn\u00eb disa dit\u00eb m\u00eb her\u00ebt p\u00ebr","breadcrumb":{"@id":"https:\/\/www.visit-ulcinj.com\/blog\/2012\/03\/15\/rrezarta-mohon-se-e-ka-bere-gjoksin-operacion\/#breadcrumb"},"inLanguage":"en-US","potentialAction":[{"@type":"ReadAction","target":["https:\/\/www.visit-ulcinj.com\/blog\/2012\/03\/15\/rrezarta-mohon-se-e-ka-bere-gjoksin-operacion\/"]}]},{"@type":"BreadcrumbList","@id":"https:\/\/www.visit-ulcinj.com\/blog\/2012\/03\/15\/rrezarta-mohon-se-e-ka-bere-gjoksin-operacion\/#breadcrumb","itemListElement":[{"@type":"ListItem","position":1,"name":"Rrezarta mohon se e ka b\u00ebr\u00eb gjoksin operacion"}]},{"@type":"Person","@id":"https:\/\/www.visit-ulcinj.com\/blog\/#\/schema\/person\/dcab619c614d3038751c63bc2aadc06d","name":"ulqini","sameAs":["http:\/\/www.visit-ulcinj.com"],"url":"https:\/\/www.visit-ulcinj.com\/blog\/author\/admin\/"}]}},"jetpack_featured_media_url":"","jetpack_sharing_enabled":true,"jetpack_shortlink":"https:\/\/wp.me\/pe6lTn-f9D","_links":{"self":[{"href":"https:\/\/www.visit-ulcinj.com\/blog\/wp-json\/wp\/v2\/posts\/58257"}],"collection":[{"href":"https:\/\/www.visit-ulcinj.com\/blog\/wp-json\/wp\/v2\/posts"}],"about":[{"href":"https:\/\/www.visit-ulcinj.com\/blog\/wp-json\/wp\/v2\/types\/post"}],"author":[{"embeddable":true,"href":"https:\/\/www.visit-ulcinj.com\/blog\/wp-json\/wp\/v2\/users\/1"}],"replies":[{"embeddable":true,"href":"https:\/\/www.visit-ulcinj.com\/blog\/wp-json\/wp\/v2\/comments?post=58257"}],"version-history":[{"count":2,"href":"https:\/\/www.visit-ulcinj.com\/blog\/wp-json\/wp\/v2\/posts\/58257\/revisions"}],"predecessor-version":[{"id":58260,"href":"https:\/\/www.visit-ulcinj.com\/blog\/wp-json\/wp\/v2\/posts\/58257\/revisions\/58260"}],"wp:attachment":[{"href":"https:\/\/www.visit-ulcinj.com\/blog\/wp-json\/wp\/v2\/media?parent=58257"}],"wp:term":[{"taxonomy":"category","embeddable":true,"href":"https:\/\/www.visit-ulcinj.com\/blog\/wp-json\/wp\/v2\/categories?post=58257"},{"taxonomy":"post_tag","embeddable":true,"href":"https:\/\/www.visit-ulcinj.com\/blog\/wp-json\/wp\/v2\/tags?post=58257"}],"curies":[{"name":"wp","href":"https:\/\/api.w.org\/{rel}","templated":true}]}}