{"id":58261,"date":"2012-03-15T22:03:36","date_gmt":"2012-03-15T21:03:36","guid":{"rendered":"http:\/\/www.visit-ulcinj.com\/blog\/?p=58261"},"modified":"2012-03-15T22:06:42","modified_gmt":"2012-03-15T21:06:42","slug":"hana-cakuli-me-kushtrimin-ne-kopsht","status":"publish","type":"post","link":"https:\/\/www.visit-ulcinj.com\/blog\/2012\/03\/15\/hana-cakuli-me-kushtrimin-ne-kopsht\/","title":{"rendered":"Hana Cakuli me Kushtrimin n\u00eb \u201cKopsht\u201d"},"content":{"rendered":"<p><strong><a href=\"http:\/\/www.visit-ulcinj.com\/blog\/wp-content\/uploads\/2012\/03\/hana-cakuli.jpg\"><img loading=\"lazy\" class=\"alignleft size-full wp-image-58262\" title=\"hana cakuli\" src=\"http:\/\/www.visit-ulcinj.com\/blog\/wp-content\/uploads\/2012\/03\/hana-cakuli.jpg\" alt=\"\" width=\"240\" height=\"320\" srcset=\"https:\/\/www.visit-ulcinj.com\/blog\/wp-content\/uploads\/2012\/03\/hana-cakuli.jpg 240w, https:\/\/www.visit-ulcinj.com\/blog\/wp-content\/uploads\/2012\/03\/hana-cakuli-225x300.jpg 225w\" sizes=\"(max-width: 240px) 100vw, 240px\" \/><\/a>K\u00ebng\u00ebtarja Hana Cakuli ka sjell nj\u00eb k\u00ebng\u00eb t\u00eb re n\u00eb bashk\u00ebpunim me aktorin k\u00ebng\u00ebtarin Kushtrim Hoxha.<\/strong><\/p>\n<p>K\u00ebnga quhet \u201cKopshti\u201d dhe \u00ebsht\u00eb shoq\u00ebruar edhe me videoklip, t\u00eb realizuar nga PINKMOON Creative.<\/p>\n<p>Pamjet jan\u00eb marr\u00eb n\u00eb dy lokacione n\u00eb qytetin e Ulqinit n\u00eb Malin e Zi, vendlindja e Han\u00ebs.<\/p>\n<p>K\u00ebng\u00ebtarja ka th\u00ebn\u00eb se ideja p\u00ebr ta b\u00ebr\u00eb k\u00ebng\u00ebn bashk\u00eb ka qen\u00eb e Kushtrimit.<\/p>\n<p>M\u00eb posht\u00eb mund ta d\u00ebgjoni k\u00ebng\u00ebn \u201cKopshti\u201d<\/p>\n<p>&nbsp;<\/p>\n<p>Telegrafi<br \/>\n<object width=\"508\" height=\"380\"><param name=\"movie\" value=\"http:\/\/www.youtube-nocookie.com\/v\/7RWBrmDMC-A?version=3&amp;hl=fr_FR\"><\/param><param name=\"allowFullScreen\" value=\"true\"><\/param><param name=\"allowscriptaccess\" value=\"always\"><\/param><\/object><\/p>\n","protected":false},"excerpt":{"rendered":"<p>K\u00ebng\u00ebtarja Hana Cakuli ka sjell nj\u00eb k\u00ebng\u00eb t\u00eb re n\u00eb bashk\u00ebpunim me aktorin k\u00ebng\u00ebtarin Kushtrim Hoxha. K\u00ebnga quhet \u201cKopshti\u201d dhe \u00ebsht\u00eb shoq\u00ebruar edhe me videoklip, t\u00eb realizuar nga PINKMOON Creative. Pamjet jan\u00eb marr\u00eb n\u00eb dy lokacione n\u00eb qytetin e Ulqinit n\u00eb Malin e Zi, vendlindja e Han\u00ebs. K\u00ebng\u00ebtarja ka th\u00ebn\u00eb se ideja p\u00ebr ta b\u00ebr\u00eb [&hellip;]<\/p>\n","protected":false},"author":1,"featured_media":0,"comment_status":"closed","ping_status":"closed","sticky":false,"template":"","format":"standard","meta":{"spay_email":"","jetpack_publicize_message":"","jetpack_is_tweetstorm":false,"jetpack_publicize_feature_enabled":true},"categories":[1],"tags":[20147,5057,20148,6506,20149,6712,19677,19806,16036,3201,19514,20156,20150,19511,20151,6609,20152,6693,5081,18028,4884,4684,8353,19460],"jetpack_publicize_connections":[],"yoast_head":"<!-- This site is optimized with the Yoast SEO plugin v19.1 - https:\/\/yoast.com\/wordpress\/plugins\/seo\/ -->\n<title>Hana Cakuli me Kushtrimin n\u00eb \u201cKopsht\u201d - Lajme nga Ulqini<\/title>\n<meta name=\"description\" content=\"K\u00ebng\u00ebtarja Hana Cakuli ka sjell nj\u00eb k\u00ebng\u00eb t\u00eb re n\u00eb bashk\u00ebpunim me aktorin k\u00ebng\u00ebtarin Kushtrim Hoxha. K\u00ebnga quhet \u201cKopshti\u201d dhe \u00ebsht\u00eb shoq\u00ebruar edhe me\" \/>\n<meta name=\"robots\" content=\"index, follow, max-snippet:-1, max-image-preview:large, max-video-preview:-1\" \/>\n<link rel=\"canonical\" href=\"https:\/\/www.visit-ulcinj.com\/blog\/2012\/03\/15\/hana-cakuli-me-kushtrimin-ne-kopsht\/\" \/>\n<meta property=\"og:locale\" content=\"en_US\" \/>\n<meta property=\"og:type\" content=\"article\" \/>\n<meta property=\"og:title\" content=\"Hana Cakuli me Kushtrimin n\u00eb \u201cKopsht\u201d - Lajme nga Ulqini\" \/>\n<meta property=\"og:description\" content=\"K\u00ebng\u00ebtarja Hana Cakuli ka sjell nj\u00eb k\u00ebng\u00eb t\u00eb re n\u00eb bashk\u00ebpunim me aktorin k\u00ebng\u00ebtarin Kushtrim Hoxha. K\u00ebnga quhet \u201cKopshti\u201d dhe \u00ebsht\u00eb shoq\u00ebruar edhe me\" \/>\n<meta property=\"og:url\" content=\"https:\/\/www.visit-ulcinj.com\/blog\/2012\/03\/15\/hana-cakuli-me-kushtrimin-ne-kopsht\/\" \/>\n<meta property=\"og:site_name\" content=\"Lajme nga Ulqini\" \/>\n<meta property=\"article:published_time\" content=\"2012-03-15T21:03:36+00:00\" \/>\n<meta property=\"article:modified_time\" content=\"2012-03-15T21:06:42+00:00\" \/>\n<meta property=\"og:image\" content=\"http:\/\/www.visit-ulcinj.com\/blog\/wp-content\/uploads\/2012\/03\/hana-cakuli.jpg\" \/>\n<meta name=\"twitter:label1\" content=\"Written by\" \/>\n\t<meta name=\"twitter:data1\" content=\"ulqini\" \/>\n<script type=\"application\/ld+json\" class=\"yoast-schema-graph\">{\"@context\":\"https:\/\/schema.org\",\"@graph\":[{\"@type\":\"WebSite\",\"@id\":\"https:\/\/www.visit-ulcinj.com\/blog\/#website\",\"url\":\"https:\/\/www.visit-ulcinj.com\/blog\/\",\"name\":\"Lajme nga Ulqini\",\"description\":\"Lajme,Vijesti,Ulqini,Ulqin,Crna Gora,Mali i Zi\",\"potentialAction\":[{\"@type\":\"SearchAction\",\"target\":{\"@type\":\"EntryPoint\",\"urlTemplate\":\"https:\/\/www.visit-ulcinj.com\/blog\/?s={search_term_string}\"},\"query-input\":\"required name=search_term_string\"}],\"inLanguage\":\"en-US\"},{\"@type\":\"ImageObject\",\"inLanguage\":\"en-US\",\"@id\":\"https:\/\/www.visit-ulcinj.com\/blog\/2012\/03\/15\/hana-cakuli-me-kushtrimin-ne-kopsht\/#primaryimage\",\"url\":\"https:\/\/www.visit-ulcinj.com\/blog\/wp-content\/uploads\/2012\/03\/hana-cakuli.jpg\",\"contentUrl\":\"https:\/\/www.visit-ulcinj.com\/blog\/wp-content\/uploads\/2012\/03\/hana-cakuli.jpg\",\"width\":\"240\",\"height\":\"320\"},{\"@type\":\"WebPage\",\"@id\":\"https:\/\/www.visit-ulcinj.com\/blog\/2012\/03\/15\/hana-cakuli-me-kushtrimin-ne-kopsht\/#webpage\",\"url\":\"https:\/\/www.visit-ulcinj.com\/blog\/2012\/03\/15\/hana-cakuli-me-kushtrimin-ne-kopsht\/\",\"name\":\"Hana Cakuli me Kushtrimin n\u00eb \u201cKopsht\u201d - Lajme nga Ulqini\",\"isPartOf\":{\"@id\":\"https:\/\/www.visit-ulcinj.com\/blog\/#website\"},\"primaryImageOfPage\":{\"@id\":\"https:\/\/www.visit-ulcinj.com\/blog\/2012\/03\/15\/hana-cakuli-me-kushtrimin-ne-kopsht\/#primaryimage\"},\"datePublished\":\"2012-03-15T21:03:36+00:00\",\"dateModified\":\"2012-03-15T21:06:42+00:00\",\"author\":{\"@id\":\"https:\/\/www.visit-ulcinj.com\/blog\/#\/schema\/person\/dcab619c614d3038751c63bc2aadc06d\"},\"description\":\"K\u00ebng\u00ebtarja Hana Cakuli ka sjell nj\u00eb k\u00ebng\u00eb t\u00eb re n\u00eb bashk\u00ebpunim me aktorin k\u00ebng\u00ebtarin Kushtrim Hoxha. K\u00ebnga quhet \u201cKopshti\u201d dhe \u00ebsht\u00eb shoq\u00ebruar edhe me\",\"breadcrumb\":{\"@id\":\"https:\/\/www.visit-ulcinj.com\/blog\/2012\/03\/15\/hana-cakuli-me-kushtrimin-ne-kopsht\/#breadcrumb\"},\"inLanguage\":\"en-US\",\"potentialAction\":[{\"@type\":\"ReadAction\",\"target\":[\"https:\/\/www.visit-ulcinj.com\/blog\/2012\/03\/15\/hana-cakuli-me-kushtrimin-ne-kopsht\/\"]}]},{\"@type\":\"BreadcrumbList\",\"@id\":\"https:\/\/www.visit-ulcinj.com\/blog\/2012\/03\/15\/hana-cakuli-me-kushtrimin-ne-kopsht\/#breadcrumb\",\"itemListElement\":[{\"@type\":\"ListItem\",\"position\":1,\"name\":\"Hana Cakuli me Kushtrimin n\u00eb \u201cKopsht\u201d\"}]},{\"@type\":\"Person\",\"@id\":\"https:\/\/www.visit-ulcinj.com\/blog\/#\/schema\/person\/dcab619c614d3038751c63bc2aadc06d\",\"name\":\"ulqini\",\"sameAs\":[\"http:\/\/www.visit-ulcinj.com\"],\"url\":\"https:\/\/www.visit-ulcinj.com\/blog\/author\/admin\/\"}]}<\/script>\n<!-- \/ Yoast SEO plugin. -->","yoast_head_json":{"title":"Hana Cakuli me Kushtrimin n\u00eb \u201cKopsht\u201d - Lajme nga Ulqini","description":"K\u00ebng\u00ebtarja Hana Cakuli ka sjell nj\u00eb k\u00ebng\u00eb t\u00eb re n\u00eb bashk\u00ebpunim me aktorin k\u00ebng\u00ebtarin Kushtrim Hoxha. K\u00ebnga quhet \u201cKopshti\u201d dhe \u00ebsht\u00eb shoq\u00ebruar edhe me","robots":{"index":"index","follow":"follow","max-snippet":"max-snippet:-1","max-image-preview":"max-image-preview:large","max-video-preview":"max-video-preview:-1"},"canonical":"https:\/\/www.visit-ulcinj.com\/blog\/2012\/03\/15\/hana-cakuli-me-kushtrimin-ne-kopsht\/","og_locale":"en_US","og_type":"article","og_title":"Hana Cakuli me Kushtrimin n\u00eb \u201cKopsht\u201d - Lajme nga Ulqini","og_description":"K\u00ebng\u00ebtarja Hana Cakuli ka sjell nj\u00eb k\u00ebng\u00eb t\u00eb re n\u00eb bashk\u00ebpunim me aktorin k\u00ebng\u00ebtarin Kushtrim Hoxha. K\u00ebnga quhet \u201cKopshti\u201d dhe \u00ebsht\u00eb shoq\u00ebruar edhe me","og_url":"https:\/\/www.visit-ulcinj.com\/blog\/2012\/03\/15\/hana-cakuli-me-kushtrimin-ne-kopsht\/","og_site_name":"Lajme nga Ulqini","article_published_time":"2012-03-15T21:03:36+00:00","article_modified_time":"2012-03-15T21:06:42+00:00","og_image":[{"url":"http:\/\/www.visit-ulcinj.com\/blog\/wp-content\/uploads\/2012\/03\/hana-cakuli.jpg"}],"twitter_misc":{"Written by":"ulqini"},"schema":{"@context":"https:\/\/schema.org","@graph":[{"@type":"WebSite","@id":"https:\/\/www.visit-ulcinj.com\/blog\/#website","url":"https:\/\/www.visit-ulcinj.com\/blog\/","name":"Lajme nga Ulqini","description":"Lajme,Vijesti,Ulqini,Ulqin,Crna Gora,Mali i Zi","potentialAction":[{"@type":"SearchAction","target":{"@type":"EntryPoint","urlTemplate":"https:\/\/www.visit-ulcinj.com\/blog\/?s={search_term_string}"},"query-input":"required name=search_term_string"}],"inLanguage":"en-US"},{"@type":"ImageObject","inLanguage":"en-US","@id":"https:\/\/www.visit-ulcinj.com\/blog\/2012\/03\/15\/hana-cakuli-me-kushtrimin-ne-kopsht\/#primaryimage","url":"https:\/\/www.visit-ulcinj.com\/blog\/wp-content\/uploads\/2012\/03\/hana-cakuli.jpg","contentUrl":"https:\/\/www.visit-ulcinj.com\/blog\/wp-content\/uploads\/2012\/03\/hana-cakuli.jpg","width":"240","height":"320"},{"@type":"WebPage","@id":"https:\/\/www.visit-ulcinj.com\/blog\/2012\/03\/15\/hana-cakuli-me-kushtrimin-ne-kopsht\/#webpage","url":"https:\/\/www.visit-ulcinj.com\/blog\/2012\/03\/15\/hana-cakuli-me-kushtrimin-ne-kopsht\/","name":"Hana Cakuli me Kushtrimin n\u00eb \u201cKopsht\u201d - Lajme nga Ulqini","isPartOf":{"@id":"https:\/\/www.visit-ulcinj.com\/blog\/#website"},"primaryImageOfPage":{"@id":"https:\/\/www.visit-ulcinj.com\/blog\/2012\/03\/15\/hana-cakuli-me-kushtrimin-ne-kopsht\/#primaryimage"},"datePublished":"2012-03-15T21:03:36+00:00","dateModified":"2012-03-15T21:06:42+00:00","author":{"@id":"https:\/\/www.visit-ulcinj.com\/blog\/#\/schema\/person\/dcab619c614d3038751c63bc2aadc06d"},"description":"K\u00ebng\u00ebtarja Hana Cakuli ka sjell nj\u00eb k\u00ebng\u00eb t\u00eb re n\u00eb bashk\u00ebpunim me aktorin k\u00ebng\u00ebtarin Kushtrim Hoxha. K\u00ebnga quhet \u201cKopshti\u201d dhe \u00ebsht\u00eb shoq\u00ebruar edhe me","breadcrumb":{"@id":"https:\/\/www.visit-ulcinj.com\/blog\/2012\/03\/15\/hana-cakuli-me-kushtrimin-ne-kopsht\/#breadcrumb"},"inLanguage":"en-US","potentialAction":[{"@type":"ReadAction","target":["https:\/\/www.visit-ulcinj.com\/blog\/2012\/03\/15\/hana-cakuli-me-kushtrimin-ne-kopsht\/"]}]},{"@type":"BreadcrumbList","@id":"https:\/\/www.visit-ulcinj.com\/blog\/2012\/03\/15\/hana-cakuli-me-kushtrimin-ne-kopsht\/#breadcrumb","itemListElement":[{"@type":"ListItem","position":1,"name":"Hana Cakuli me Kushtrimin n\u00eb \u201cKopsht\u201d"}]},{"@type":"Person","@id":"https:\/\/www.visit-ulcinj.com\/blog\/#\/schema\/person\/dcab619c614d3038751c63bc2aadc06d","name":"ulqini","sameAs":["http:\/\/www.visit-ulcinj.com"],"url":"https:\/\/www.visit-ulcinj.com\/blog\/author\/admin\/"}]}},"jetpack_featured_media_url":"","jetpack_sharing_enabled":true,"jetpack_shortlink":"https:\/\/wp.me\/pe6lTn-f9H","_links":{"self":[{"href":"https:\/\/www.visit-ulcinj.com\/blog\/wp-json\/wp\/v2\/posts\/58261"}],"collection":[{"href":"https:\/\/www.visit-ulcinj.com\/blog\/wp-json\/wp\/v2\/posts"}],"about":[{"href":"https:\/\/www.visit-ulcinj.com\/blog\/wp-json\/wp\/v2\/types\/post"}],"author":[{"embeddable":true,"href":"https:\/\/www.visit-ulcinj.com\/blog\/wp-json\/wp\/v2\/users\/1"}],"replies":[{"embeddable":true,"href":"https:\/\/www.visit-ulcinj.com\/blog\/wp-json\/wp\/v2\/comments?post=58261"}],"version-history":[{"count":3,"href":"https:\/\/www.visit-ulcinj.com\/blog\/wp-json\/wp\/v2\/posts\/58261\/revisions"}],"predecessor-version":[{"id":58264,"href":"https:\/\/www.visit-ulcinj.com\/blog\/wp-json\/wp\/v2\/posts\/58261\/revisions\/58264"}],"wp:attachment":[{"href":"https:\/\/www.visit-ulcinj.com\/blog\/wp-json\/wp\/v2\/media?parent=58261"}],"wp:term":[{"taxonomy":"category","embeddable":true,"href":"https:\/\/www.visit-ulcinj.com\/blog\/wp-json\/wp\/v2\/categories?post=58261"},{"taxonomy":"post_tag","embeddable":true,"href":"https:\/\/www.visit-ulcinj.com\/blog\/wp-json\/wp\/v2\/tags?post=58261"}],"curies":[{"name":"wp","href":"https:\/\/api.w.org\/{rel}","templated":true}]}}