{"id":58266,"date":"2012-03-16T11:23:41","date_gmt":"2012-03-16T10:23:41","guid":{"rendered":"http:\/\/www.visit-ulcinj.com\/blog\/?p=58266"},"modified":"2012-03-16T11:23:41","modified_gmt":"2012-03-16T10:23:41","slug":"forca-optuzila-javni-servis-da-marginalizuje-albance","status":"publish","type":"post","link":"https:\/\/www.visit-ulcinj.com\/blog\/2012\/03\/16\/forca-optuzila-javni-servis-da-marginalizuje-albance\/","title":{"rendered":"Forca optu\u017eila javni servis da marginalizuje albance"},"content":{"rendered":"<p><strong><a href=\"http:\/\/www.visit-ulcinj.com\/blog\/wp-content\/uploads\/2012\/03\/Forca_Vlast-upravlja-televizijom_Mozaiku_60-_TVCG.jpg\"><img loading=\"lazy\" class=\"alignleft  wp-image-58267\" title=\"Forca_Vlast upravlja televizijom_Mozaiku_60-_TVCG\" src=\"http:\/\/www.visit-ulcinj.com\/blog\/wp-content\/uploads\/2012\/03\/Forca_Vlast-upravlja-televizijom_Mozaiku_60-_TVCG.jpg\" alt=\"\" width=\"508\" height=\"380\" \/><\/a>Vlast upravlja televizijom<\/strong><br \/>\nNova demokratska snaga (Forca) optu\u017eila je ju\u010de Radio-televiziju Crne Gore da je u slu\u017ebi DPS\u2013SDP vlasti i da je subjektivnim pristupom u poslednjih nekoliko mjeseci informisanje na albanskom jeziku u Crnoj Gori dovela u nezavidan polo\u017eaj.<br \/>\nFunkcioner Force Nail Draga kazao je na konferenciji za novinare da je smanjen broj zaposlenih u redakciji RTCG na albanskom jeziku, dok je u novoj programskoj \u0161emi do\u0161lo do premje\u0161tanja emisija na albanskom jeziku u druge nepovoljnije termine<br \/>\n\u2013 Umjesto da se pove\u0107a minuta\u017ea programa na albanskom jeziku, de\u0161ava se suprotno, iz \u010dega proizilazi da ovaj medij nije u slu\u017ebi gra\u0111ana, ve\u0107 u slu\u017ebi vladaju\u0107e strukture, \u0161to je u potpunoj suprotnosti sa ravnopravno\u0161\u0107u u oblasti informisanja u multikulturnoj i multinacionalnoj sredini kakva ja Crna Gora. Sa druge strane, stanje nije nimalo bolje ni u nedjeljnim novinama \u201eKoha Javore\u201d \u2013 upozorio je Draga.<br \/>\nOn je naveo da su o\u010dekivali reakciju Ministarstva za ljudska i manjinska prava povodom ovih problema, kao resornog ministarstva u Vladi Crne Gore.<br \/>\n\u2013 Oni permanentno \u0107ute, \u010dime pokazuju da su se bavili li\u010dnim problemima, ali ne i za\u0161titom gra\u0111anskih i nacionalnih prava manjinskih naroda u Crnoj Gori, u kojima oblast informisanja ima zna\u010dajnu ulogu \u2013 kazao je Draga.<\/p>\n<p><a href=\"http:\/\/www.dan.co.me\/?nivo=3&amp;rubrika=Politika&amp;clanak=323755&amp;datum=2012-03-15\" target=\"_blank\"><strong>\u00a0M.K.<\/strong><br \/>\n<strong> Izvor: DAN<\/strong><\/a><\/p>\n","protected":false},"excerpt":{"rendered":"<p>Vlast upravlja televizijom Nova demokratska snaga (Forca) optu\u017eila je ju\u010de Radio-televiziju Crne Gore da je u slu\u017ebi DPS\u2013SDP vlasti i da je subjektivnim pristupom u poslednjih nekoliko mjeseci informisanje na albanskom jeziku u Crnoj Gori dovela u nezavidan polo\u017eaj. Funkcioner Force Nail Draga kazao je na konferenciji za novinare da je smanjen broj zaposlenih u [&hellip;]<\/p>\n","protected":false},"author":1,"featured_media":0,"comment_status":"open","ping_status":"closed","sticky":false,"template":"","format":"standard","meta":{"spay_email":"","jetpack_publicize_message":"","jetpack_is_tweetstorm":false,"jetpack_publicize_feature_enabled":true},"categories":[8337],"tags":[117,672,217,3919],"jetpack_publicize_connections":[],"yoast_head":"<!-- This site is optimized with the Yoast SEO plugin v19.1 - https:\/\/yoast.com\/wordpress\/plugins\/seo\/ -->\n<title>Forca optu\u017eila javni servis da marginalizuje albance - Lajme nga Ulqini<\/title>\n<meta name=\"description\" content=\"Vlast upravlja televizijom Nova demokratska snaga (Forca) optu\u017eila je ju\u010de Radio-televiziju Crne Gore da je u slu\u017ebi DPS\u2013SDP vlasti i da je subjektivnim\" \/>\n<meta name=\"robots\" content=\"index, follow, max-snippet:-1, max-image-preview:large, max-video-preview:-1\" \/>\n<link rel=\"canonical\" href=\"https:\/\/www.visit-ulcinj.com\/blog\/2012\/03\/16\/forca-optuzila-javni-servis-da-marginalizuje-albance\/\" \/>\n<meta property=\"og:locale\" content=\"en_US\" \/>\n<meta property=\"og:type\" content=\"article\" \/>\n<meta property=\"og:title\" content=\"Forca optu\u017eila javni servis da marginalizuje albance - Lajme nga Ulqini\" \/>\n<meta property=\"og:description\" content=\"Vlast upravlja televizijom Nova demokratska snaga (Forca) optu\u017eila je ju\u010de Radio-televiziju Crne Gore da je u slu\u017ebi DPS\u2013SDP vlasti i da je subjektivnim\" \/>\n<meta property=\"og:url\" content=\"https:\/\/www.visit-ulcinj.com\/blog\/2012\/03\/16\/forca-optuzila-javni-servis-da-marginalizuje-albance\/\" \/>\n<meta property=\"og:site_name\" content=\"Lajme nga Ulqini\" \/>\n<meta property=\"article:published_time\" content=\"2012-03-16T10:23:41+00:00\" \/>\n<meta property=\"og:image\" content=\"http:\/\/www.visit-ulcinj.com\/blog\/wp-content\/uploads\/2012\/03\/Forca_Vlast-upravlja-televizijom_Mozaiku_60-_TVCG.jpg\" \/>\n<meta name=\"twitter:label1\" content=\"Written by\" \/>\n\t<meta name=\"twitter:data1\" content=\"ulqini\" \/>\n\t<meta name=\"twitter:label2\" content=\"Est. reading time\" \/>\n\t<meta name=\"twitter:data2\" content=\"1 minute\" \/>\n<script type=\"application\/ld+json\" class=\"yoast-schema-graph\">{\"@context\":\"https:\/\/schema.org\",\"@graph\":[{\"@type\":\"WebSite\",\"@id\":\"https:\/\/www.visit-ulcinj.com\/blog\/#website\",\"url\":\"https:\/\/www.visit-ulcinj.com\/blog\/\",\"name\":\"Lajme nga Ulqini\",\"description\":\"Lajme,Vijesti,Ulqini,Ulqin,Crna Gora,Mali i Zi\",\"potentialAction\":[{\"@type\":\"SearchAction\",\"target\":{\"@type\":\"EntryPoint\",\"urlTemplate\":\"https:\/\/www.visit-ulcinj.com\/blog\/?s={search_term_string}\"},\"query-input\":\"required name=search_term_string\"}],\"inLanguage\":\"en-US\"},{\"@type\":\"ImageObject\",\"inLanguage\":\"en-US\",\"@id\":\"https:\/\/www.visit-ulcinj.com\/blog\/2012\/03\/16\/forca-optuzila-javni-servis-da-marginalizuje-albance\/#primaryimage\",\"url\":\"http:\/\/www.visit-ulcinj.com\/blog\/wp-content\/uploads\/2012\/03\/Forca_Vlast-upravlja-televizijom_Mozaiku_60-_TVCG.jpg\",\"contentUrl\":\"http:\/\/www.visit-ulcinj.com\/blog\/wp-content\/uploads\/2012\/03\/Forca_Vlast-upravlja-televizijom_Mozaiku_60-_TVCG.jpg\"},{\"@type\":\"WebPage\",\"@id\":\"https:\/\/www.visit-ulcinj.com\/blog\/2012\/03\/16\/forca-optuzila-javni-servis-da-marginalizuje-albance\/#webpage\",\"url\":\"https:\/\/www.visit-ulcinj.com\/blog\/2012\/03\/16\/forca-optuzila-javni-servis-da-marginalizuje-albance\/\",\"name\":\"Forca optu\u017eila javni servis da marginalizuje albance - Lajme nga Ulqini\",\"isPartOf\":{\"@id\":\"https:\/\/www.visit-ulcinj.com\/blog\/#website\"},\"primaryImageOfPage\":{\"@id\":\"https:\/\/www.visit-ulcinj.com\/blog\/2012\/03\/16\/forca-optuzila-javni-servis-da-marginalizuje-albance\/#primaryimage\"},\"datePublished\":\"2012-03-16T10:23:41+00:00\",\"dateModified\":\"2012-03-16T10:23:41+00:00\",\"author\":{\"@id\":\"https:\/\/www.visit-ulcinj.com\/blog\/#\/schema\/person\/dcab619c614d3038751c63bc2aadc06d\"},\"description\":\"Vlast upravlja televizijom Nova demokratska snaga (Forca) optu\u017eila je ju\u010de Radio-televiziju Crne Gore da je u slu\u017ebi DPS\u2013SDP vlasti i da je subjektivnim\",\"breadcrumb\":{\"@id\":\"https:\/\/www.visit-ulcinj.com\/blog\/2012\/03\/16\/forca-optuzila-javni-servis-da-marginalizuje-albance\/#breadcrumb\"},\"inLanguage\":\"en-US\",\"potentialAction\":[{\"@type\":\"ReadAction\",\"target\":[\"https:\/\/www.visit-ulcinj.com\/blog\/2012\/03\/16\/forca-optuzila-javni-servis-da-marginalizuje-albance\/\"]}]},{\"@type\":\"BreadcrumbList\",\"@id\":\"https:\/\/www.visit-ulcinj.com\/blog\/2012\/03\/16\/forca-optuzila-javni-servis-da-marginalizuje-albance\/#breadcrumb\",\"itemListElement\":[{\"@type\":\"ListItem\",\"position\":1,\"name\":\"Forca optu\u017eila javni servis da marginalizuje albance\"}]},{\"@type\":\"Person\",\"@id\":\"https:\/\/www.visit-ulcinj.com\/blog\/#\/schema\/person\/dcab619c614d3038751c63bc2aadc06d\",\"name\":\"ulqini\",\"sameAs\":[\"http:\/\/www.visit-ulcinj.com\"],\"url\":\"https:\/\/www.visit-ulcinj.com\/blog\/author\/admin\/\"}]}<\/script>\n<!-- \/ Yoast SEO plugin. -->","yoast_head_json":{"title":"Forca optu\u017eila javni servis da marginalizuje albance - Lajme nga Ulqini","description":"Vlast upravlja televizijom Nova demokratska snaga (Forca) optu\u017eila je ju\u010de Radio-televiziju Crne Gore da je u slu\u017ebi DPS\u2013SDP vlasti i da je subjektivnim","robots":{"index":"index","follow":"follow","max-snippet":"max-snippet:-1","max-image-preview":"max-image-preview:large","max-video-preview":"max-video-preview:-1"},"canonical":"https:\/\/www.visit-ulcinj.com\/blog\/2012\/03\/16\/forca-optuzila-javni-servis-da-marginalizuje-albance\/","og_locale":"en_US","og_type":"article","og_title":"Forca optu\u017eila javni servis da marginalizuje albance - Lajme nga Ulqini","og_description":"Vlast upravlja televizijom Nova demokratska snaga (Forca) optu\u017eila je ju\u010de Radio-televiziju Crne Gore da je u slu\u017ebi DPS\u2013SDP vlasti i da je subjektivnim","og_url":"https:\/\/www.visit-ulcinj.com\/blog\/2012\/03\/16\/forca-optuzila-javni-servis-da-marginalizuje-albance\/","og_site_name":"Lajme nga Ulqini","article_published_time":"2012-03-16T10:23:41+00:00","og_image":[{"url":"http:\/\/www.visit-ulcinj.com\/blog\/wp-content\/uploads\/2012\/03\/Forca_Vlast-upravlja-televizijom_Mozaiku_60-_TVCG.jpg"}],"twitter_misc":{"Written by":"ulqini","Est. reading time":"1 minute"},"schema":{"@context":"https:\/\/schema.org","@graph":[{"@type":"WebSite","@id":"https:\/\/www.visit-ulcinj.com\/blog\/#website","url":"https:\/\/www.visit-ulcinj.com\/blog\/","name":"Lajme nga Ulqini","description":"Lajme,Vijesti,Ulqini,Ulqin,Crna Gora,Mali i Zi","potentialAction":[{"@type":"SearchAction","target":{"@type":"EntryPoint","urlTemplate":"https:\/\/www.visit-ulcinj.com\/blog\/?s={search_term_string}"},"query-input":"required name=search_term_string"}],"inLanguage":"en-US"},{"@type":"ImageObject","inLanguage":"en-US","@id":"https:\/\/www.visit-ulcinj.com\/blog\/2012\/03\/16\/forca-optuzila-javni-servis-da-marginalizuje-albance\/#primaryimage","url":"http:\/\/www.visit-ulcinj.com\/blog\/wp-content\/uploads\/2012\/03\/Forca_Vlast-upravlja-televizijom_Mozaiku_60-_TVCG.jpg","contentUrl":"http:\/\/www.visit-ulcinj.com\/blog\/wp-content\/uploads\/2012\/03\/Forca_Vlast-upravlja-televizijom_Mozaiku_60-_TVCG.jpg"},{"@type":"WebPage","@id":"https:\/\/www.visit-ulcinj.com\/blog\/2012\/03\/16\/forca-optuzila-javni-servis-da-marginalizuje-albance\/#webpage","url":"https:\/\/www.visit-ulcinj.com\/blog\/2012\/03\/16\/forca-optuzila-javni-servis-da-marginalizuje-albance\/","name":"Forca optu\u017eila javni servis da marginalizuje albance - Lajme nga Ulqini","isPartOf":{"@id":"https:\/\/www.visit-ulcinj.com\/blog\/#website"},"primaryImageOfPage":{"@id":"https:\/\/www.visit-ulcinj.com\/blog\/2012\/03\/16\/forca-optuzila-javni-servis-da-marginalizuje-albance\/#primaryimage"},"datePublished":"2012-03-16T10:23:41+00:00","dateModified":"2012-03-16T10:23:41+00:00","author":{"@id":"https:\/\/www.visit-ulcinj.com\/blog\/#\/schema\/person\/dcab619c614d3038751c63bc2aadc06d"},"description":"Vlast upravlja televizijom Nova demokratska snaga (Forca) optu\u017eila je ju\u010de Radio-televiziju Crne Gore da je u slu\u017ebi DPS\u2013SDP vlasti i da je subjektivnim","breadcrumb":{"@id":"https:\/\/www.visit-ulcinj.com\/blog\/2012\/03\/16\/forca-optuzila-javni-servis-da-marginalizuje-albance\/#breadcrumb"},"inLanguage":"en-US","potentialAction":[{"@type":"ReadAction","target":["https:\/\/www.visit-ulcinj.com\/blog\/2012\/03\/16\/forca-optuzila-javni-servis-da-marginalizuje-albance\/"]}]},{"@type":"BreadcrumbList","@id":"https:\/\/www.visit-ulcinj.com\/blog\/2012\/03\/16\/forca-optuzila-javni-servis-da-marginalizuje-albance\/#breadcrumb","itemListElement":[{"@type":"ListItem","position":1,"name":"Forca optu\u017eila javni servis da marginalizuje albance"}]},{"@type":"Person","@id":"https:\/\/www.visit-ulcinj.com\/blog\/#\/schema\/person\/dcab619c614d3038751c63bc2aadc06d","name":"ulqini","sameAs":["http:\/\/www.visit-ulcinj.com"],"url":"https:\/\/www.visit-ulcinj.com\/blog\/author\/admin\/"}]}},"jetpack_featured_media_url":"","jetpack_sharing_enabled":true,"jetpack_shortlink":"https:\/\/wp.me\/pe6lTn-f9M","_links":{"self":[{"href":"https:\/\/www.visit-ulcinj.com\/blog\/wp-json\/wp\/v2\/posts\/58266"}],"collection":[{"href":"https:\/\/www.visit-ulcinj.com\/blog\/wp-json\/wp\/v2\/posts"}],"about":[{"href":"https:\/\/www.visit-ulcinj.com\/blog\/wp-json\/wp\/v2\/types\/post"}],"author":[{"embeddable":true,"href":"https:\/\/www.visit-ulcinj.com\/blog\/wp-json\/wp\/v2\/users\/1"}],"replies":[{"embeddable":true,"href":"https:\/\/www.visit-ulcinj.com\/blog\/wp-json\/wp\/v2\/comments?post=58266"}],"version-history":[{"count":1,"href":"https:\/\/www.visit-ulcinj.com\/blog\/wp-json\/wp\/v2\/posts\/58266\/revisions"}],"predecessor-version":[{"id":58268,"href":"https:\/\/www.visit-ulcinj.com\/blog\/wp-json\/wp\/v2\/posts\/58266\/revisions\/58268"}],"wp:attachment":[{"href":"https:\/\/www.visit-ulcinj.com\/blog\/wp-json\/wp\/v2\/media?parent=58266"}],"wp:term":[{"taxonomy":"category","embeddable":true,"href":"https:\/\/www.visit-ulcinj.com\/blog\/wp-json\/wp\/v2\/categories?post=58266"},{"taxonomy":"post_tag","embeddable":true,"href":"https:\/\/www.visit-ulcinj.com\/blog\/wp-json\/wp\/v2\/tags?post=58266"}],"curies":[{"name":"wp","href":"https:\/\/api.w.org\/{rel}","templated":true}]}}