{"id":58272,"date":"2012-03-16T12:32:26","date_gmt":"2012-03-16T11:32:26","guid":{"rendered":"http:\/\/www.visit-ulcinj.com\/blog\/?p=58272"},"modified":"2012-03-17T18:42:48","modified_gmt":"2012-03-17T17:42:48","slug":"optimizam-i-paradoksi-ulcinja","status":"publish","type":"post","link":"https:\/\/www.visit-ulcinj.com\/blog\/2012\/03\/16\/optimizam-i-paradoksi-ulcinja\/","title":{"rendered":"Optimizam i paradoksi Ulcinja"},"content":{"rendered":"<p><a href=\"http:\/\/www.visit-ulcinj.com\/blog\/wp-content\/uploads\/2012\/03\/Optimizam-i-paradoksi-Ulcinja.jpg\"><img loading=\"lazy\" class=\"alignleft size-full wp-image-58273\" title=\"Optimizam i paradoksi Ulcinja\" src=\"http:\/\/www.visit-ulcinj.com\/blog\/wp-content\/uploads\/2012\/03\/Optimizam-i-paradoksi-Ulcinja.jpg\" alt=\"\" width=\"800\" height=\"459\" srcset=\"https:\/\/www.visit-ulcinj.com\/blog\/wp-content\/uploads\/2012\/03\/Optimizam-i-paradoksi-Ulcinja.jpg 800w, https:\/\/www.visit-ulcinj.com\/blog\/wp-content\/uploads\/2012\/03\/Optimizam-i-paradoksi-Ulcinja-300x172.jpg 300w\" sizes=\"(max-width: 800px) 100vw, 800px\" \/><\/a>Tre\u0107u godinu zaredom Crna Gora nema dobru zimsku sezonu. Uz uglavnom lo\u0161u i nekonkurentnu ponudu, klju\u010dni razlog za to su vremenske neprilike. Tako je na po\u010detku 2010. godine preovladavala ki\u0161a, pro\u0161le je bilo malo snijega tokom zimskih raspusta, a ovog februara je sjever zemlje prakti\u010dno ostao izolovan. U ovu se sezonu u\u0161lo s mnogo optimizma. Ministar odr\u017eivog razvoja i turizma Predrag Sekuli\u0107 je o\u010dekivao da \u0107e zimska sezona, uprkos \u010dinjenici da nedostaje hotela visoke kategorije i prave turisti\u010dke ponude, biti nastavak uspje\u0161ne ljetnje i da \u0107e se ostvariti bolji finansijski rezultati nego prethodne. No, vi\u0161e niko nema iluzija da bi se mogao ostvariti pro\u0161logodi\u0161nji rezultat, kada je Crna Gora od zimske sezone zvani\u010dno prihodovala 50 miliona eura. Stoga su sada sve nade usmjerene u ljetnju sezonu, a optimizma ponovo ne fali. Vlasnici hotela i agencija svoj optimizam temelje na ve\u0107em broju rezervacija, te najavi ja\u010danja prodajnih i marketin\u0161kih aktivnosti. Dodaju tako\u0111e da bi, ukoliko se ostvare rezultati na pro\u0161logodi\u0161njem nivou, to bio nesumnjivi uspjeh.<\/p>\n<p>Najve\u0107i optimista u uspjeh sezone je direktor be\u010di\u0107kog hotela Splendid \u017darko Radulovi\u0107 koji tvrdi da bi Crna Gora u 2012. mogla od turizma zaraditi &#8211; milijardu eura! Uslov je, kako isti\u010de, da dr\u017eava osigura mehanizme kojima bi se ve\u0107i dio sive zone uveo u regularne tokove.<\/p>\n<p>Mnogo je otvorenih pitanja s kojima se u posljednje dvije decenije suo\u010dava crnogorski turizam. Dva su posebno aktuelna: kako ostvariti konkurentnost na me\u0111unarodnom tr\u017ei\u0161tu i kako osigurati novac za nove investicije. Po\u0161to turizam ov\u0111e nikada nije do\u017eivljavan kao ozbiljan i po\u0161ten posao, ve\u0107 sredstvo za brzu i laku zaradu, a u vrijeme tzv. ekonomskog buma kao \u0161iroko polje za pranje novca, logi\u010dno je \u0161to se na\u0161a zemlja ne upravlja svojom turisti\u010dkom budu\u0107no\u0161\u0107u, nego se turizam ovoj zemlji jednostavno doga\u0111a. Zato se niko ne i\u0161\u010du\u0111ava \u0161to tako sporo napreduje izgradnja infrastrukture za produ\u017eenje sezone ili \u0161to je prosje\u010dna popunjenost hotela manje od 80 dana u godini. Da bi oni poslovali rentabilno, popunjenost bi morala biti bar dvostruko ve\u0107a. U tom kontekstu je razumljivo \u0161to je, na primjer, zavr\u0161etak radova na jednoj dionici me\u0111unarodnog puta prema Albaniji (u blizini grani\u010dnog prijelaza Sukobin) planiran za 15. avgust!? Nevjerovatno zaista, ukoliko se zna da tim pravcem sti\u017ee oko \u010detiri petine svih gostiju u Ulcinj, jer svi Kosovari u tu op\u0161tinu sti\u017eu uglavnom preko Albanije. A turisti iz Albanije su, po broju dolazaka i potro\u0161nji, u samom vrhu i u primorskim i u zimskim centrima Crne Gore.<\/p>\n<p>Turisti\u010dki poslenici smatraju da je ovo znak za uzbunu i tvrde da \u0107e, ukoliko se \u010ditav posao ne zavr\u0161i do 15. juna ili da se u najgoroj varijanti tada prekinu radovi, posljedice po ukupne rezultate sezone na ulcinjskoj rivijeri bile katastrofalne.<\/p>\n<p>Crna Gora, dakle, ima malo aduta za pobolj\u0161anje i produ\u017eetak sezone. Posebno zato \u0161to \u0107e se ona odvijati u poja\u010danoj nervozi, jer \u0107e svi poku\u0161ati da \u0161to vi\u0161e zarade, kao i zbog \u010dinjenice \u0161to \u0107e se na novi ciklus investiranja morati sa\u010dekati jo\u0161 najmanje tri-\u010detiri godine. To zna\u010di da \u0107e pro\u0107i dosta vremena dok Herceg- Novi, Ulcinj i Kotor ne dobiju bar jedan veliki hotel sa \u010detiri ili pet zvjezdica, a neizvjesno je da li \u0107e ove sezone biti otvoren Sveti Stefan.<\/p>\n<p>Crnogorski turizam je tako\u0111e u nepovoljnoj poziciji u odnosu na konkurente zbog kredita koje otpla\u0107uju turisti\u010dka preduze\u0107a i privatni stanodavci i visokih nameta. Tako su, na primjer, stope poreza na dodatnu vrijednost u Portugaliji 13, Italiji i Austriji deset, \u0160paniji osam, Malti i Njema\u010dkoj sedam, Gr\u010dkoj 6,5, a u \u0160vajcarskoj svega 3,8 odsto! Adut Crne Gore mo\u017ee biti to \u0161to su pojedine zemlje na Mediteranu pove\u0107ale cijene za predstoje\u0107u sezonu. Turska je poskupjela za \u010detiri, \u0160panija za dva odsto. Ali, neke druge dr\u017eave su ih snizile. Realno je o\u010dekivati da \u0107e cijene ne\u0161to sko\u010diti i u Hrvatskoj.<\/p>\n<p>Hrvati se ovog ljeta nadaju pravoj najezdi turista iz Njema\u010dke. To je svakako direktna posljedica manifestacije TUI inside, kojoj je pro\u0161le godine bila doma\u0107in Hrvatska. Mo\u017eda \u0107e se naredne godine sli\u010dno de\u0161avati s Crnom Gorom. Jer, krajem ove godine u na\u0161oj zemlji \u0107e se organizovati kongres DRV, krovnog udru\u017eenja njema\u010dkih putni\u010dkih agencija. Njemci, koji su svjetski prvaci u putovanjima, potro\u0161ili su pro\u0161le godine u inostranstvu \u010ditavih 60 milijardi eura! A Crna Gora od turizma zvani\u010dno zara\u0111uje tek jedan odsto od te sume!<br \/>\n<strong>Mustafa CANKA<br \/>\nMONITOR<br \/>\n<!--YouTube Error: bad URL entered--><br \/>\n<\/strong><\/p>\n","protected":false},"excerpt":{"rendered":"<p>Tre\u0107u godinu zaredom Crna Gora nema dobru zimsku sezonu. Uz uglavnom lo\u0161u i nekonkurentnu ponudu, klju\u010dni razlog za to su vremenske neprilike. Tako je na po\u010detku 2010. godine preovladavala ki\u0161a, pro\u0161le je bilo malo snijega tokom zimskih raspusta, a ovog februara je sjever zemlje prakti\u010dno ostao izolovan. U ovu se sezonu u\u0161lo s mnogo optimizma. [&hellip;]<\/p>\n","protected":false},"author":1,"featured_media":0,"comment_status":"open","ping_status":"closed","sticky":false,"template":"","format":"standard","meta":{"spay_email":"","jetpack_publicize_message":"","jetpack_is_tweetstorm":false,"jetpack_publicize_feature_enabled":true},"categories":[8337],"tags":[13382,18062,5276,20158,20157,19113,19,20159],"jetpack_publicize_connections":[],"yoast_head":"<!-- This site is optimized with the Yoast SEO plugin v19.1 - https:\/\/yoast.com\/wordpress\/plugins\/seo\/ -->\n<title>Optimizam i paradoksi Ulcinja - Lajme nga Ulqini<\/title>\n<meta name=\"description\" content=\"Tre\u0107u godinu zaredom Crna Gora nema dobru zimsku sezonu. Uz uglavnom lo\u0161u i nekonkurentnu ponudu, klju\u010dni razlog za to su vremenske neprilike. Tako je na\" \/>\n<meta name=\"robots\" content=\"index, follow, max-snippet:-1, max-image-preview:large, max-video-preview:-1\" \/>\n<link rel=\"canonical\" href=\"https:\/\/www.visit-ulcinj.com\/blog\/2012\/03\/16\/optimizam-i-paradoksi-ulcinja\/\" \/>\n<meta property=\"og:locale\" content=\"en_US\" \/>\n<meta property=\"og:type\" content=\"article\" \/>\n<meta property=\"og:title\" content=\"Optimizam i paradoksi Ulcinja - Lajme nga Ulqini\" \/>\n<meta property=\"og:description\" content=\"Tre\u0107u godinu zaredom Crna Gora nema dobru zimsku sezonu. Uz uglavnom lo\u0161u i nekonkurentnu ponudu, klju\u010dni razlog za to su vremenske neprilike. Tako je na\" \/>\n<meta property=\"og:url\" content=\"https:\/\/www.visit-ulcinj.com\/blog\/2012\/03\/16\/optimizam-i-paradoksi-ulcinja\/\" \/>\n<meta property=\"og:site_name\" content=\"Lajme nga Ulqini\" \/>\n<meta property=\"article:published_time\" content=\"2012-03-16T11:32:26+00:00\" \/>\n<meta property=\"article:modified_time\" content=\"2012-03-17T17:42:48+00:00\" \/>\n<meta property=\"og:image\" content=\"http:\/\/www.visit-ulcinj.com\/blog\/wp-content\/uploads\/2012\/03\/Optimizam-i-paradoksi-Ulcinja.jpg\" \/>\n<meta name=\"twitter:label1\" content=\"Written by\" \/>\n\t<meta name=\"twitter:data1\" content=\"ulqini\" \/>\n\t<meta name=\"twitter:label2\" content=\"Est. reading time\" \/>\n\t<meta name=\"twitter:data2\" content=\"4 minutes\" \/>\n<script type=\"application\/ld+json\" class=\"yoast-schema-graph\">{\"@context\":\"https:\/\/schema.org\",\"@graph\":[{\"@type\":\"WebSite\",\"@id\":\"https:\/\/www.visit-ulcinj.com\/blog\/#website\",\"url\":\"https:\/\/www.visit-ulcinj.com\/blog\/\",\"name\":\"Lajme nga Ulqini\",\"description\":\"Lajme,Vijesti,Ulqini,Ulqin,Crna Gora,Mali i Zi\",\"potentialAction\":[{\"@type\":\"SearchAction\",\"target\":{\"@type\":\"EntryPoint\",\"urlTemplate\":\"https:\/\/www.visit-ulcinj.com\/blog\/?s={search_term_string}\"},\"query-input\":\"required name=search_term_string\"}],\"inLanguage\":\"en-US\"},{\"@type\":\"ImageObject\",\"inLanguage\":\"en-US\",\"@id\":\"https:\/\/www.visit-ulcinj.com\/blog\/2012\/03\/16\/optimizam-i-paradoksi-ulcinja\/#primaryimage\",\"url\":\"https:\/\/www.visit-ulcinj.com\/blog\/wp-content\/uploads\/2012\/03\/Optimizam-i-paradoksi-Ulcinja.jpg\",\"contentUrl\":\"https:\/\/www.visit-ulcinj.com\/blog\/wp-content\/uploads\/2012\/03\/Optimizam-i-paradoksi-Ulcinja.jpg\",\"width\":\"800\",\"height\":\"459\"},{\"@type\":\"WebPage\",\"@id\":\"https:\/\/www.visit-ulcinj.com\/blog\/2012\/03\/16\/optimizam-i-paradoksi-ulcinja\/#webpage\",\"url\":\"https:\/\/www.visit-ulcinj.com\/blog\/2012\/03\/16\/optimizam-i-paradoksi-ulcinja\/\",\"name\":\"Optimizam i paradoksi Ulcinja - Lajme nga Ulqini\",\"isPartOf\":{\"@id\":\"https:\/\/www.visit-ulcinj.com\/blog\/#website\"},\"primaryImageOfPage\":{\"@id\":\"https:\/\/www.visit-ulcinj.com\/blog\/2012\/03\/16\/optimizam-i-paradoksi-ulcinja\/#primaryimage\"},\"datePublished\":\"2012-03-16T11:32:26+00:00\",\"dateModified\":\"2012-03-17T17:42:48+00:00\",\"author\":{\"@id\":\"https:\/\/www.visit-ulcinj.com\/blog\/#\/schema\/person\/dcab619c614d3038751c63bc2aadc06d\"},\"description\":\"Tre\u0107u godinu zaredom Crna Gora nema dobru zimsku sezonu. Uz uglavnom lo\u0161u i nekonkurentnu ponudu, klju\u010dni razlog za to su vremenske neprilike. Tako je na\",\"breadcrumb\":{\"@id\":\"https:\/\/www.visit-ulcinj.com\/blog\/2012\/03\/16\/optimizam-i-paradoksi-ulcinja\/#breadcrumb\"},\"inLanguage\":\"en-US\",\"potentialAction\":[{\"@type\":\"ReadAction\",\"target\":[\"https:\/\/www.visit-ulcinj.com\/blog\/2012\/03\/16\/optimizam-i-paradoksi-ulcinja\/\"]}]},{\"@type\":\"BreadcrumbList\",\"@id\":\"https:\/\/www.visit-ulcinj.com\/blog\/2012\/03\/16\/optimizam-i-paradoksi-ulcinja\/#breadcrumb\",\"itemListElement\":[{\"@type\":\"ListItem\",\"position\":1,\"name\":\"Optimizam i paradoksi Ulcinja\"}]},{\"@type\":\"Person\",\"@id\":\"https:\/\/www.visit-ulcinj.com\/blog\/#\/schema\/person\/dcab619c614d3038751c63bc2aadc06d\",\"name\":\"ulqini\",\"sameAs\":[\"http:\/\/www.visit-ulcinj.com\"],\"url\":\"https:\/\/www.visit-ulcinj.com\/blog\/author\/admin\/\"}]}<\/script>\n<!-- \/ Yoast SEO plugin. -->","yoast_head_json":{"title":"Optimizam i paradoksi Ulcinja - Lajme nga Ulqini","description":"Tre\u0107u godinu zaredom Crna Gora nema dobru zimsku sezonu. Uz uglavnom lo\u0161u i nekonkurentnu ponudu, klju\u010dni razlog za to su vremenske neprilike. Tako je na","robots":{"index":"index","follow":"follow","max-snippet":"max-snippet:-1","max-image-preview":"max-image-preview:large","max-video-preview":"max-video-preview:-1"},"canonical":"https:\/\/www.visit-ulcinj.com\/blog\/2012\/03\/16\/optimizam-i-paradoksi-ulcinja\/","og_locale":"en_US","og_type":"article","og_title":"Optimizam i paradoksi Ulcinja - Lajme nga Ulqini","og_description":"Tre\u0107u godinu zaredom Crna Gora nema dobru zimsku sezonu. Uz uglavnom lo\u0161u i nekonkurentnu ponudu, klju\u010dni razlog za to su vremenske neprilike. Tako je na","og_url":"https:\/\/www.visit-ulcinj.com\/blog\/2012\/03\/16\/optimizam-i-paradoksi-ulcinja\/","og_site_name":"Lajme nga Ulqini","article_published_time":"2012-03-16T11:32:26+00:00","article_modified_time":"2012-03-17T17:42:48+00:00","og_image":[{"url":"http:\/\/www.visit-ulcinj.com\/blog\/wp-content\/uploads\/2012\/03\/Optimizam-i-paradoksi-Ulcinja.jpg"}],"twitter_misc":{"Written by":"ulqini","Est. reading time":"4 minutes"},"schema":{"@context":"https:\/\/schema.org","@graph":[{"@type":"WebSite","@id":"https:\/\/www.visit-ulcinj.com\/blog\/#website","url":"https:\/\/www.visit-ulcinj.com\/blog\/","name":"Lajme nga Ulqini","description":"Lajme,Vijesti,Ulqini,Ulqin,Crna Gora,Mali i Zi","potentialAction":[{"@type":"SearchAction","target":{"@type":"EntryPoint","urlTemplate":"https:\/\/www.visit-ulcinj.com\/blog\/?s={search_term_string}"},"query-input":"required name=search_term_string"}],"inLanguage":"en-US"},{"@type":"ImageObject","inLanguage":"en-US","@id":"https:\/\/www.visit-ulcinj.com\/blog\/2012\/03\/16\/optimizam-i-paradoksi-ulcinja\/#primaryimage","url":"https:\/\/www.visit-ulcinj.com\/blog\/wp-content\/uploads\/2012\/03\/Optimizam-i-paradoksi-Ulcinja.jpg","contentUrl":"https:\/\/www.visit-ulcinj.com\/blog\/wp-content\/uploads\/2012\/03\/Optimizam-i-paradoksi-Ulcinja.jpg","width":"800","height":"459"},{"@type":"WebPage","@id":"https:\/\/www.visit-ulcinj.com\/blog\/2012\/03\/16\/optimizam-i-paradoksi-ulcinja\/#webpage","url":"https:\/\/www.visit-ulcinj.com\/blog\/2012\/03\/16\/optimizam-i-paradoksi-ulcinja\/","name":"Optimizam i paradoksi Ulcinja - Lajme nga Ulqini","isPartOf":{"@id":"https:\/\/www.visit-ulcinj.com\/blog\/#website"},"primaryImageOfPage":{"@id":"https:\/\/www.visit-ulcinj.com\/blog\/2012\/03\/16\/optimizam-i-paradoksi-ulcinja\/#primaryimage"},"datePublished":"2012-03-16T11:32:26+00:00","dateModified":"2012-03-17T17:42:48+00:00","author":{"@id":"https:\/\/www.visit-ulcinj.com\/blog\/#\/schema\/person\/dcab619c614d3038751c63bc2aadc06d"},"description":"Tre\u0107u godinu zaredom Crna Gora nema dobru zimsku sezonu. Uz uglavnom lo\u0161u i nekonkurentnu ponudu, klju\u010dni razlog za to su vremenske neprilike. Tako je na","breadcrumb":{"@id":"https:\/\/www.visit-ulcinj.com\/blog\/2012\/03\/16\/optimizam-i-paradoksi-ulcinja\/#breadcrumb"},"inLanguage":"en-US","potentialAction":[{"@type":"ReadAction","target":["https:\/\/www.visit-ulcinj.com\/blog\/2012\/03\/16\/optimizam-i-paradoksi-ulcinja\/"]}]},{"@type":"BreadcrumbList","@id":"https:\/\/www.visit-ulcinj.com\/blog\/2012\/03\/16\/optimizam-i-paradoksi-ulcinja\/#breadcrumb","itemListElement":[{"@type":"ListItem","position":1,"name":"Optimizam i paradoksi Ulcinja"}]},{"@type":"Person","@id":"https:\/\/www.visit-ulcinj.com\/blog\/#\/schema\/person\/dcab619c614d3038751c63bc2aadc06d","name":"ulqini","sameAs":["http:\/\/www.visit-ulcinj.com"],"url":"https:\/\/www.visit-ulcinj.com\/blog\/author\/admin\/"}]}},"jetpack_featured_media_url":"","jetpack_sharing_enabled":true,"jetpack_shortlink":"https:\/\/wp.me\/pe6lTn-f9S","_links":{"self":[{"href":"https:\/\/www.visit-ulcinj.com\/blog\/wp-json\/wp\/v2\/posts\/58272"}],"collection":[{"href":"https:\/\/www.visit-ulcinj.com\/blog\/wp-json\/wp\/v2\/posts"}],"about":[{"href":"https:\/\/www.visit-ulcinj.com\/blog\/wp-json\/wp\/v2\/types\/post"}],"author":[{"embeddable":true,"href":"https:\/\/www.visit-ulcinj.com\/blog\/wp-json\/wp\/v2\/users\/1"}],"replies":[{"embeddable":true,"href":"https:\/\/www.visit-ulcinj.com\/blog\/wp-json\/wp\/v2\/comments?post=58272"}],"version-history":[{"count":2,"href":"https:\/\/www.visit-ulcinj.com\/blog\/wp-json\/wp\/v2\/posts\/58272\/revisions"}],"predecessor-version":[{"id":58334,"href":"https:\/\/www.visit-ulcinj.com\/blog\/wp-json\/wp\/v2\/posts\/58272\/revisions\/58334"}],"wp:attachment":[{"href":"https:\/\/www.visit-ulcinj.com\/blog\/wp-json\/wp\/v2\/media?parent=58272"}],"wp:term":[{"taxonomy":"category","embeddable":true,"href":"https:\/\/www.visit-ulcinj.com\/blog\/wp-json\/wp\/v2\/categories?post=58272"},{"taxonomy":"post_tag","embeddable":true,"href":"https:\/\/www.visit-ulcinj.com\/blog\/wp-json\/wp\/v2\/tags?post=58272"}],"curies":[{"name":"wp","href":"https:\/\/api.w.org\/{rel}","templated":true}]}}