{"id":58293,"date":"2012-03-16T21:48:04","date_gmt":"2012-03-16T20:48:04","guid":{"rendered":"http:\/\/www.visit-ulcinj.com\/blog\/?p=58293"},"modified":"2012-03-17T13:06:44","modified_gmt":"2012-03-17T12:06:44","slug":"ftese-evropa-ne-qytetin-timcfare-perfitoj-une","status":"publish","type":"post","link":"https:\/\/www.visit-ulcinj.com\/blog\/2012\/03\/16\/ftese-evropa-ne-qytetin-timcfare-perfitoj-une\/","title":{"rendered":"Ftes\u00eb: &#8220;Evropa n\u00eb qytetin tim&#8221;,\u201c\u00c7far\u00eb p\u00ebrfitoj UN\u00cb,"},"content":{"rendered":"<p align=\"center\"><strong><a href=\"http:\/\/www.visit-ulcinj.com\/blog\/wp-content\/uploads\/2012\/03\/MALI-I-ZI-n\u00eb-BASHKIMIN-EVROPIAN.1.jpg\"><img loading=\"lazy\" class=\"alignleft  wp-image-58294\" title=\"MALI I ZI n\u00eb BASHKIMIN EVROPIAN.1\" src=\"http:\/\/www.visit-ulcinj.com\/blog\/wp-content\/uploads\/2012\/03\/MALI-I-ZI-n\u00eb-BASHKIMIN-EVROPIAN.1.jpg\" alt=\"\" width=\"508\" height=\"199\" \/><\/a>F T E S \u00cb<\/strong><\/p>\n<p align=\"center\"><strong>\u00a0<\/strong><\/p>\n<p align=\"center\"><strong>MALI I ZI n\u00eb BASHKIMIN EVROPIAN:<\/strong><\/p>\n<p align=\"center\"><strong>\u201c\u00c7far\u00eb p\u00ebrfitoj UN\u00cb, e \u00e7far\u00eb p\u00ebrfiton QYTETI im?\u201d<\/strong><\/p>\n<p align=\"center\"><strong>\u00a0<\/strong><\/p>\n<p>Komuna e Ulqini, OJQ \u201cHorizonti i Ri\u201d dhe Qendra p\u00ebr Edukim Qytetar (CGO) n\u00eb nga Podgorica organizojn\u00eb TRIBUN\u00cb PUBLIKE n\u00eb kuad\u00ebr t\u00eb projektit <strong>&#8220;Evropa n\u00eb qytetin tim&#8221;<\/strong> i cili mb\u00ebshtetet nga Delegacioni i Bashkimit Evropian n\u00eb Mal t\u00eb Zi.<\/p>\n<p>&nbsp;<\/p>\n<p>Projekti &#8220;Evropa n\u00eb qytetin tim&#8221;, synon t\u00eb forcoj\u00eb kapacitetet dhe rolin e komuniteteve lokale dhe shoq\u00ebris\u00eb civile n\u00eb Mal t\u00eb Zi, n\u00eb m\u00ebnyr\u00eb q\u00eb t\u00eb krijoj\u00eb nj\u00eb kontribut t\u00eb q\u00ebndrueshme dhe efektiv p\u00ebr procesin e integrimit n\u00eb BE.<\/p>\n<p>Ky aktivitet publik do t\u00eb mbahet<strong>, t\u00eb mart\u00ebn, me 20 mars 2012, n\u00eb sall\u00ebn e Bibliotek\u00ebs s\u00eb Ulqinit, me fillim n\u00eb or\u00ebn e 11:00.<\/strong><\/p>\n<p>Temat kryesore q\u00eb do t\u2019i paraqiten publikut vendas jan\u00eb:<\/p>\n<p>\u25a1\u00a0\u00a0\u00a0\u00a0\u00a0\u00a0\u00a0 <em>Roli dhe r\u00ebnd\u00ebsia e vet\u00ebqeverisjes lokale n\u00eb procesin e integrimit evropian<\/em><\/p>\n<p>\u25a1\u00a0\u00a0\u00a0\u00a0\u00a0\u00a0\u00a0 <em>Mund\u00ebsia e shfryt\u00ebzimit t\u00eb fondeve t\u00eb BE-s\u00eb, me theks t\u00eb ve\u00e7ant\u00eb n\u00eb Malin e Zi<\/em><\/p>\n<p>\u25a1\u00a0\u00a0\u00a0\u00a0\u00a0\u00a0\u00a0 <em>Arsimimi dhe politikat rinore t\u00eb Bashkimit Evropian <\/em><\/p>\n<p>&nbsp;<\/p>\n<p>Ligj\u00ebrues t\u00eb k\u00ebtij takimi do t\u00eb jen\u00eb: <strong>Dalliborka ULAREVIQ<\/strong>, drejtore ekzekutive e Qendr\u00ebs p\u00ebr edukimin qytetar &#8211; Podgoric\u00eb, <strong>Gjina GJONOVIQ <\/strong>Sekretare p\u00ebr Administrat\u00eb t\u00eb Komun\u00ebs s\u00eb Ulqinit, <strong>Dragan GJURIQ<\/strong>, shef i programit zhvillimor n\u00eb UNDP si dhe \u00a0<strong>Prof. Vladimir PAVIQEVIQ, <\/strong>nga<strong> <\/strong>Fakulteti i shkencave politike Beograd.<\/p>\n<p>&nbsp;<\/p>\n<p>E mir\u00ebpresim pjes\u00ebmarrjen tuaj!<\/p>\n<p align=\"center\">Me respekt,<\/p>\n<p align=\"center\"><em>Koordinator\u00ebt lokal<\/em><\/p>\n<p><em>Gjina Gjonoviq\u00a0\u00a0\u00a0\u00a0\u00a0\u00a0\u00a0\u00a0\u00a0\u00a0\u00a0\u00a0\u00a0\u00a0\u00a0\u00a0\u00a0\u00a0\u00a0\u00a0\u00a0\u00a0\u00a0\u00a0\u00a0\u00a0\u00a0\u00a0\u00a0\u00a0\u00a0\u00a0\u00a0\u00a0\u00a0\u00a0\u00a0\u00a0\u00a0\u00a0\u00a0\u00a0\u00a0\u00a0\u00a0\u00a0\u00a0\u00a0\u00a0\u00a0\u00a0\u00a0\u00a0\u00a0\u00a0\u00a0\u00a0\u00a0\u00a0\u00a0\u00a0\u00a0\u00a0\u00a0\u00a0\u00a0\u00a0\u00a0\u00a0\u00a0\u00a0\u00a0\u00a0\u00a0\u00a0\u00a0\u00a0\u00a0\u00a0\u00a0\u00a0\u00a0\u00a0\u00a0\u00a0\u00a0\u00a0\u00a0\u00a0\u00a0\u00a0\u00a0\u00a0\u00a0\u00a0\u00a0\u00a0\u00a0\u00a0\u00a0\u00a0\u00a0\u00a0\u00a0\u00a0\u00a0\u00a0\u00a0\u00a0\u00a0\u00a0\u00a0\u00a0\u00a0\u00a0\u00a0\u00a0\u00a0\u00a0\u00a0 Nazif Veliqi<\/em><\/p>\n<p><em><br \/>\n<\/em><\/p>\n","protected":false},"excerpt":{"rendered":"<p>F T E S \u00cb \u00a0 MALI I ZI n\u00eb BASHKIMIN EVROPIAN: \u201c\u00c7far\u00eb p\u00ebrfitoj UN\u00cb, e \u00e7far\u00eb p\u00ebrfiton QYTETI im?\u201d \u00a0 Komuna e Ulqini, OJQ \u201cHorizonti i Ri\u201d dhe Qendra p\u00ebr Edukim Qytetar (CGO) n\u00eb nga Podgorica organizojn\u00eb TRIBUN\u00cb PUBLIKE n\u00eb kuad\u00ebr t\u00eb projektit &#8220;Evropa n\u00eb qytetin tim&#8221; i cili mb\u00ebshtetet nga Delegacioni i Bashkimit [&hellip;]<\/p>\n","protected":false},"author":1,"featured_media":0,"comment_status":"open","ping_status":"closed","sticky":false,"template":"","format":"standard","meta":{"spay_email":"","jetpack_publicize_message":"","jetpack_is_tweetstorm":false,"jetpack_publicize_feature_enabled":true},"categories":[1,11],"tags":[212,17828,17834,18370,17811,17831,18362,14353,17808,14354,12340,17840,17839,18363,17835,17814,17810,17816,17071,17807,3516,14652,17837,17827,14358,222,17802,17812,17803,17820,17825,17817,17805,305,17823,17832,3506,17818,214,17680,14362,14363,18371,20169,3507,17800,498,3500,115,14364,17799,3327,17841,17826,15213,18236,3512,17806,11648,18289,17838,95,17813,17804,15141,19495,17836,14366,79,17073,18294,118,18368,18369,18178,1653,1909,14367,17801,18360,17822,14368,14369,17824,14370,18291,2083,3231,14371,41,3617,3722,14372,17844,17821,18372,17830,17077,18295,14375,17833,17829,899,200,18,17819,17809,4265,14376],"jetpack_publicize_connections":[],"yoast_head":"<!-- This site is optimized with the Yoast SEO plugin v19.1 - https:\/\/yoast.com\/wordpress\/plugins\/seo\/ -->\n<title>Ftes\u00eb: &quot;Evropa n\u00eb qytetin tim&quot;,\u201c\u00c7far\u00eb p\u00ebrfitoj UN\u00cb, - Lajme nga Ulqini<\/title>\n<meta name=\"description\" content=\"F T E S \u00cb \u00a0 MALI I ZI n\u00eb BASHKIMIN EVROPIAN: \u201c\u00c7far\u00eb p\u00ebrfitoj UN\u00cb, e \u00e7far\u00eb p\u00ebrfiton QYTETI im?\u201d \u00a0 Komuna e Ulqini, OJQ \u201cHorizonti i Ri\u201d dhe Qendra p\u00ebr\" \/>\n<meta name=\"robots\" content=\"index, follow, max-snippet:-1, max-image-preview:large, max-video-preview:-1\" \/>\n<link rel=\"canonical\" href=\"https:\/\/www.visit-ulcinj.com\/blog\/2012\/03\/16\/ftese-evropa-ne-qytetin-timcfare-perfitoj-une\/\" \/>\n<meta property=\"og:locale\" content=\"en_US\" \/>\n<meta property=\"og:type\" content=\"article\" \/>\n<meta property=\"og:title\" content=\"Ftes\u00eb: &quot;Evropa n\u00eb qytetin tim&quot;,\u201c\u00c7far\u00eb p\u00ebrfitoj UN\u00cb, - Lajme nga Ulqini\" \/>\n<meta property=\"og:description\" content=\"F T E S \u00cb \u00a0 MALI I ZI n\u00eb BASHKIMIN EVROPIAN: \u201c\u00c7far\u00eb p\u00ebrfitoj UN\u00cb, e \u00e7far\u00eb p\u00ebrfiton QYTETI im?\u201d \u00a0 Komuna e Ulqini, OJQ \u201cHorizonti i Ri\u201d dhe Qendra p\u00ebr\" \/>\n<meta property=\"og:url\" content=\"https:\/\/www.visit-ulcinj.com\/blog\/2012\/03\/16\/ftese-evropa-ne-qytetin-timcfare-perfitoj-une\/\" \/>\n<meta property=\"og:site_name\" content=\"Lajme nga Ulqini\" \/>\n<meta property=\"article:published_time\" content=\"2012-03-16T20:48:04+00:00\" \/>\n<meta property=\"article:modified_time\" content=\"2012-03-17T12:06:44+00:00\" \/>\n<meta name=\"twitter:label1\" content=\"Written by\" \/>\n\t<meta name=\"twitter:data1\" content=\"ulqini\" \/>\n\t<meta name=\"twitter:label2\" content=\"Est. reading time\" \/>\n\t<meta name=\"twitter:data2\" content=\"1 minute\" \/>\n<script type=\"application\/ld+json\" class=\"yoast-schema-graph\">{\"@context\":\"https:\/\/schema.org\",\"@graph\":[{\"@type\":\"WebSite\",\"@id\":\"https:\/\/www.visit-ulcinj.com\/blog\/#website\",\"url\":\"https:\/\/www.visit-ulcinj.com\/blog\/\",\"name\":\"Lajme nga Ulqini\",\"description\":\"Lajme,Vijesti,Ulqini,Ulqin,Crna Gora,Mali i Zi\",\"potentialAction\":[{\"@type\":\"SearchAction\",\"target\":{\"@type\":\"EntryPoint\",\"urlTemplate\":\"https:\/\/www.visit-ulcinj.com\/blog\/?s={search_term_string}\"},\"query-input\":\"required name=search_term_string\"}],\"inLanguage\":\"en-US\"},{\"@type\":\"WebPage\",\"@id\":\"https:\/\/www.visit-ulcinj.com\/blog\/2012\/03\/16\/ftese-evropa-ne-qytetin-timcfare-perfitoj-une\/#webpage\",\"url\":\"https:\/\/www.visit-ulcinj.com\/blog\/2012\/03\/16\/ftese-evropa-ne-qytetin-timcfare-perfitoj-une\/\",\"name\":\"Ftes\u00eb: \\\"Evropa n\u00eb qytetin tim\\\",\u201c\u00c7far\u00eb p\u00ebrfitoj UN\u00cb, - Lajme nga Ulqini\",\"isPartOf\":{\"@id\":\"https:\/\/www.visit-ulcinj.com\/blog\/#website\"},\"datePublished\":\"2012-03-16T20:48:04+00:00\",\"dateModified\":\"2012-03-17T12:06:44+00:00\",\"author\":{\"@id\":\"https:\/\/www.visit-ulcinj.com\/blog\/#\/schema\/person\/dcab619c614d3038751c63bc2aadc06d\"},\"description\":\"F T E S \u00cb \u00a0 MALI I ZI n\u00eb BASHKIMIN EVROPIAN: \u201c\u00c7far\u00eb p\u00ebrfitoj UN\u00cb, e \u00e7far\u00eb p\u00ebrfiton QYTETI im?\u201d \u00a0 Komuna e Ulqini, OJQ \u201cHorizonti i Ri\u201d dhe Qendra p\u00ebr\",\"breadcrumb\":{\"@id\":\"https:\/\/www.visit-ulcinj.com\/blog\/2012\/03\/16\/ftese-evropa-ne-qytetin-timcfare-perfitoj-une\/#breadcrumb\"},\"inLanguage\":\"en-US\",\"potentialAction\":[{\"@type\":\"ReadAction\",\"target\":[\"https:\/\/www.visit-ulcinj.com\/blog\/2012\/03\/16\/ftese-evropa-ne-qytetin-timcfare-perfitoj-une\/\"]}]},{\"@type\":\"BreadcrumbList\",\"@id\":\"https:\/\/www.visit-ulcinj.com\/blog\/2012\/03\/16\/ftese-evropa-ne-qytetin-timcfare-perfitoj-une\/#breadcrumb\",\"itemListElement\":[{\"@type\":\"ListItem\",\"position\":1,\"name\":\"Ftes\u00eb: &#8220;Evropa n\u00eb qytetin tim&#8221;,\u201c\u00c7far\u00eb p\u00ebrfitoj UN\u00cb,\"}]},{\"@type\":\"Person\",\"@id\":\"https:\/\/www.visit-ulcinj.com\/blog\/#\/schema\/person\/dcab619c614d3038751c63bc2aadc06d\",\"name\":\"ulqini\",\"sameAs\":[\"http:\/\/www.visit-ulcinj.com\"],\"url\":\"https:\/\/www.visit-ulcinj.com\/blog\/author\/admin\/\"}]}<\/script>\n<!-- \/ Yoast SEO plugin. -->","yoast_head_json":{"title":"Ftes\u00eb: \"Evropa n\u00eb qytetin tim\",\u201c\u00c7far\u00eb p\u00ebrfitoj UN\u00cb, - Lajme nga Ulqini","description":"F T E S \u00cb \u00a0 MALI I ZI n\u00eb BASHKIMIN EVROPIAN: \u201c\u00c7far\u00eb p\u00ebrfitoj UN\u00cb, e \u00e7far\u00eb p\u00ebrfiton QYTETI im?\u201d \u00a0 Komuna e Ulqini, OJQ \u201cHorizonti i Ri\u201d dhe Qendra p\u00ebr","robots":{"index":"index","follow":"follow","max-snippet":"max-snippet:-1","max-image-preview":"max-image-preview:large","max-video-preview":"max-video-preview:-1"},"canonical":"https:\/\/www.visit-ulcinj.com\/blog\/2012\/03\/16\/ftese-evropa-ne-qytetin-timcfare-perfitoj-une\/","og_locale":"en_US","og_type":"article","og_title":"Ftes\u00eb: \"Evropa n\u00eb qytetin tim\",\u201c\u00c7far\u00eb p\u00ebrfitoj UN\u00cb, - Lajme nga Ulqini","og_description":"F T E S \u00cb \u00a0 MALI I ZI n\u00eb BASHKIMIN EVROPIAN: \u201c\u00c7far\u00eb p\u00ebrfitoj UN\u00cb, e \u00e7far\u00eb p\u00ebrfiton QYTETI im?\u201d \u00a0 Komuna e Ulqini, OJQ \u201cHorizonti i Ri\u201d dhe Qendra p\u00ebr","og_url":"https:\/\/www.visit-ulcinj.com\/blog\/2012\/03\/16\/ftese-evropa-ne-qytetin-timcfare-perfitoj-une\/","og_site_name":"Lajme nga Ulqini","article_published_time":"2012-03-16T20:48:04+00:00","article_modified_time":"2012-03-17T12:06:44+00:00","twitter_misc":{"Written by":"ulqini","Est. reading time":"1 minute"},"schema":{"@context":"https:\/\/schema.org","@graph":[{"@type":"WebSite","@id":"https:\/\/www.visit-ulcinj.com\/blog\/#website","url":"https:\/\/www.visit-ulcinj.com\/blog\/","name":"Lajme nga Ulqini","description":"Lajme,Vijesti,Ulqini,Ulqin,Crna Gora,Mali i Zi","potentialAction":[{"@type":"SearchAction","target":{"@type":"EntryPoint","urlTemplate":"https:\/\/www.visit-ulcinj.com\/blog\/?s={search_term_string}"},"query-input":"required name=search_term_string"}],"inLanguage":"en-US"},{"@type":"WebPage","@id":"https:\/\/www.visit-ulcinj.com\/blog\/2012\/03\/16\/ftese-evropa-ne-qytetin-timcfare-perfitoj-une\/#webpage","url":"https:\/\/www.visit-ulcinj.com\/blog\/2012\/03\/16\/ftese-evropa-ne-qytetin-timcfare-perfitoj-une\/","name":"Ftes\u00eb: \"Evropa n\u00eb qytetin tim\",\u201c\u00c7far\u00eb p\u00ebrfitoj UN\u00cb, - Lajme nga Ulqini","isPartOf":{"@id":"https:\/\/www.visit-ulcinj.com\/blog\/#website"},"datePublished":"2012-03-16T20:48:04+00:00","dateModified":"2012-03-17T12:06:44+00:00","author":{"@id":"https:\/\/www.visit-ulcinj.com\/blog\/#\/schema\/person\/dcab619c614d3038751c63bc2aadc06d"},"description":"F T E S \u00cb \u00a0 MALI I ZI n\u00eb BASHKIMIN EVROPIAN: \u201c\u00c7far\u00eb p\u00ebrfitoj UN\u00cb, e \u00e7far\u00eb p\u00ebrfiton QYTETI im?\u201d \u00a0 Komuna e Ulqini, OJQ \u201cHorizonti i Ri\u201d dhe Qendra p\u00ebr","breadcrumb":{"@id":"https:\/\/www.visit-ulcinj.com\/blog\/2012\/03\/16\/ftese-evropa-ne-qytetin-timcfare-perfitoj-une\/#breadcrumb"},"inLanguage":"en-US","potentialAction":[{"@type":"ReadAction","target":["https:\/\/www.visit-ulcinj.com\/blog\/2012\/03\/16\/ftese-evropa-ne-qytetin-timcfare-perfitoj-une\/"]}]},{"@type":"BreadcrumbList","@id":"https:\/\/www.visit-ulcinj.com\/blog\/2012\/03\/16\/ftese-evropa-ne-qytetin-timcfare-perfitoj-une\/#breadcrumb","itemListElement":[{"@type":"ListItem","position":1,"name":"Ftes\u00eb: &#8220;Evropa n\u00eb qytetin tim&#8221;,\u201c\u00c7far\u00eb p\u00ebrfitoj UN\u00cb,"}]},{"@type":"Person","@id":"https:\/\/www.visit-ulcinj.com\/blog\/#\/schema\/person\/dcab619c614d3038751c63bc2aadc06d","name":"ulqini","sameAs":["http:\/\/www.visit-ulcinj.com"],"url":"https:\/\/www.visit-ulcinj.com\/blog\/author\/admin\/"}]}},"jetpack_featured_media_url":"","jetpack_sharing_enabled":true,"jetpack_shortlink":"https:\/\/wp.me\/pe6lTn-fad","_links":{"self":[{"href":"https:\/\/www.visit-ulcinj.com\/blog\/wp-json\/wp\/v2\/posts\/58293"}],"collection":[{"href":"https:\/\/www.visit-ulcinj.com\/blog\/wp-json\/wp\/v2\/posts"}],"about":[{"href":"https:\/\/www.visit-ulcinj.com\/blog\/wp-json\/wp\/v2\/types\/post"}],"author":[{"embeddable":true,"href":"https:\/\/www.visit-ulcinj.com\/blog\/wp-json\/wp\/v2\/users\/1"}],"replies":[{"embeddable":true,"href":"https:\/\/www.visit-ulcinj.com\/blog\/wp-json\/wp\/v2\/comments?post=58293"}],"version-history":[{"count":12,"href":"https:\/\/www.visit-ulcinj.com\/blog\/wp-json\/wp\/v2\/posts\/58293\/revisions"}],"predecessor-version":[{"id":58306,"href":"https:\/\/www.visit-ulcinj.com\/blog\/wp-json\/wp\/v2\/posts\/58293\/revisions\/58306"}],"wp:attachment":[{"href":"https:\/\/www.visit-ulcinj.com\/blog\/wp-json\/wp\/v2\/media?parent=58293"}],"wp:term":[{"taxonomy":"category","embeddable":true,"href":"https:\/\/www.visit-ulcinj.com\/blog\/wp-json\/wp\/v2\/categories?post=58293"},{"taxonomy":"post_tag","embeddable":true,"href":"https:\/\/www.visit-ulcinj.com\/blog\/wp-json\/wp\/v2\/tags?post=58293"}],"curies":[{"name":"wp","href":"https:\/\/api.w.org\/{rel}","templated":true}]}}