{"id":58310,"date":"2012-03-17T10:34:34","date_gmt":"2012-03-17T09:34:34","guid":{"rendered":"http:\/\/www.visit-ulcinj.com\/blog\/?p=58310"},"modified":"2012-03-17T10:34:34","modified_gmt":"2012-03-17T09:34:34","slug":"dulcignani-resteranno-fedeli-al-venezia","status":"publish","type":"post","link":"https:\/\/www.visit-ulcinj.com\/blog\/2012\/03\/17\/dulcignani-resteranno-fedeli-al-venezia\/","title":{"rendered":"Dulcignani resteranno fedeli al  Venezia"},"content":{"rendered":"<p><strong><a href=\"http:\/\/www.visit-ulcinj.com\/blog\/wp-content\/uploads\/2012\/03\/Citta-di-Dulcigno.jpg\"><img loading=\"lazy\" class=\"alignleft  wp-image-58312\" title=\"Citta di Dulcigno\" src=\"http:\/\/www.visit-ulcinj.com\/blog\/wp-content\/uploads\/2012\/03\/Citta-di-Dulcigno-1024x548.jpg\" alt=\"\" width=\"508\" height=\"380\" \/><\/a>Citt\u00e0 latino-veneta <\/strong><strong>Dulcigno<\/strong><strong><\/strong><\/p>\n<p>Il territorio di Dulcigno (in montenegrino Ulcinj), nei secoli che precedono la conquista romana, \u00e8 abitato dalla trib\u00f9 illirica degli Olcinati. I greci insediano un loro centro commerciale che utilizza le strutture portuali esistenti; successivamente diventa municipio autonomo romano con il nome di Olcinium o Ulcinium, svolge un\u2019 importante funzione emporiale al crocevia tra il retroterra e le opposte sponde adriatiche e viene cos\u00ec agevolmente acquisito alla cultura mediterranea latina. Dal 297 fa parte della Provincia Prevalitana e dal 395 dell\u2019Impero Romano d\u2019Oriente. Dopo l\u2019invasione \u00e0varo-slava dei primi decenni del VII secolo, Dulcigno ritorna all\u2019Impero Romano d\u2019Oriente. In seguito paga un tributo ai signori slavi della Doclea e dovr\u00e0 subire l\u2019imposizione di un loro governatore; le istituzioni municipali, pur condizionate, non verranno tuttavia soppresse e continueranno a godere di una discreta autonomia. In citt\u00e0, grazie all\u2019immigrazione, si diffonde la conoscenza dei vicini dialetti slavi e albanesi, ma Dulcigno rimane essenzialmente latina e cattolica, come Scutari, Suacia, Drivasto e Durazzo, oggi appartenenti all\u2019Albania. La campagna viene invece slavizzata o albanesizzata. A ovest il territorio comunale confina con quello di Antivari, a est con il basso corso del fiume Boiana (attuale frontiera tra Montenegro e Albania), a nord raggiunge le sponde meridionali del lago di Scutari, mentre a sud si affaccia sull\u2019Adriatico. Dulcigno \u00e8 sede episcopale suffraganea prima di Salona, poi di Doclea, quindi di Antivari e, dal 1242, della latina Ragusa. Soggetta, dalla fine del XII secolo, alla dinastia serba dei Nemagna e dei loro luogotenenti, riesce a mantenere la propria autonomia comunale. Nel 1242 resiste all\u2019assedio dei mongoli. Con la pace di Zara del 1358 Dulcigno viene implicitamente ricompresa nel litorale adriatico su cui l\u2019Ungheria avanza pretese formali.<br \/>\nDurante la guerra del 1361-62 contro Cattaro, i Balsa, signori della Zenta, conquistano parte del territorio dulcignano e la citt\u00e0 passa temporaneamente sotto la loro signoria. I Balsa (noti anche come Balsic) hanno gravi difficolt\u00e0 a causa della pressione dei turchi e molti dulcignani cercano scampo lungo la costa dalmata. Nel 1390 Giorgio II Balsa si appropria dei beni di Filippo Barelli, cittadino veneziano, ma in seguito per difendersi dagli ottomani, si avvicina a Venezia e cede alla stessa Scutari, Sati e Drivasto. In seguito si avvicina al re Sigismondo d\u2019Ungheria, il quale lo nomina \u201cPrincipe d\u2019Albania\u201d. Nel 1396 viene meno ai patti con Venezia e riconosce ai turchi i diritti sui territori che in precedenza aveva ceduto a Venezia. Nel 1401, nuovamente in difficolt\u00e0, chiede ed ottiene il perdono e l\u2019aiuto di Venezia. In questo periodo Dulcigno \u00e8 in bilico tra le opposte potenze che dominano nella estrema Dalmazia meridionale.<br \/>\nNel 1403 a Giorgio succede Balsa III che apre ai turchi e alla Chiesa serbo-ortodossa ed entra in conflitto con Venezia e la Chiesa Cattolica. Grazie ai suoi intrighi, nel 1405 Scutari viene presa dai Turchi ma poco dopo Venezia la riconquista. In questa occasione Venezia occupa anche Dulcigno e nel settembre 1405 il Senato elegge il primo conte e capitano veneto di Dulcigno, che resta in carica due anni. Nei primi mesi del 1406, su istanza di alcuni ambasciatori dulcignani, il doge Michele Steno conferma i patti con Dulcigno del 24 luglio 1405, sottoscritti da Marino Caravello quale delegato dogale.<br \/>\n<a href=\"http:\/\/www.visit-ulcinj.com\/blog\/wp-content\/uploads\/2012\/03\/Dulcigno-Ulqin-Ulcinj.jpg\"><img loading=\"lazy\" class=\"alignleft  wp-image-58313\" title=\"Dulcigno - Ulqin - Ulcinj\" src=\"http:\/\/www.visit-ulcinj.com\/blog\/wp-content\/uploads\/2012\/03\/Dulcigno-Ulqin-Ulcinj.jpg\" alt=\"\" width=\"508\" height=\"300\" \/><\/a><br \/>\nNel 1407 i Balsa riconoscono ai veneziani i diritti su Dulcigno, ma la parola data sar\u00e0 tradita dopo pochi mesi; con la pace di Durazzo del 1408 viene ribadita l\u2019influenza veneta sulla citt\u00e0. Nel 1412 Venezia dovr\u00e0 accettare il passaggio di Dulcigno ai Balsa in cambio di ampie garanzie e della promessa di trattare bene gli abitanti e di non compiere vendette. Il comportamento ostile dei Balsa non cambia e nel 1419 devastano i luoghi di culto cattolici. Ci\u00f2 provoca alfine la reazione della Serenissima: nel 1420, dopo nove anni di oppressione, Dulcigno viene liberata e nel 1421 sottoscrive un atti di dedizione con Venezia.<br \/>\nI dulcignani resteranno fedeli al loro giuramento, ma Venezia non riuscir\u00e0 a difenderli a lungo dai turchi che nel 1571, dopo vari assalti, si impossesseranno della citt\u00e0 e del distretto. Molti esuli troveranno scampo in altre citt\u00e0 dell\u2019Adriatico orientale soggette a Venezia, mentre Dulcigno sar\u00e0 ridotta a covo di pirati musulmani fedeli al sultano. Con l\u2019occupazione turca, la citt\u00e0 subisce una nuova trasformazione, finendo per assumere una fisionomia prettamente orientale. Infatti i turchi costruiscono moschee, sepolcri musulmani e molte case vengono adattate al modo di vivere dei nuovi padroni.<br \/>\nL\u2019islam influenza l\u2019intera vita privata e sociale e il dominio turco si protrae per oltre 300 anni, fino a quando, in attuazione delle decisioni del Congresso di Berlino (1878), Dulcigno \u00e8 annessa al Montenegro. In citt\u00e0 la lingua albanese diverr\u00e0 quella prevalente, seguita da quella slava, mentre quella italiana arretrer\u00e0 fino a scomparire. Cos\u00ec la tradizione latino-cattolica di questo estremo lembo meridionale della Dalmazia si estinguer\u00e0. Oggi la stragrande maggioranza degli abitanti sono albanesi e la gran parte della popolazione \u00e8 concentrata nella citt\u00e0 di Dulcigno, mentre tutte le altre cittadine limitrofe non superano il migliaio di abitanti.<\/p>\n<p><strong>Source: DULCIGNO di Rachele Denon Poggi<\/strong><\/p>\n<p>[flv width=&#8221;508&#8243; height=&#8221;380&#8243;]http:\/\/video.zoover.nl\/media\/play\/2010\/01\/20100125130811_025.flv[\/flv]<\/p>\n","protected":false},"excerpt":{"rendered":"<p>Citt\u00e0 latino-veneta Dulcigno Il territorio di Dulcigno (in montenegrino Ulcinj), nei secoli che precedono la conquista romana, \u00e8 abitato dalla trib\u00f9 illirica degli Olcinati. I greci insediano un loro centro commerciale che utilizza le strutture portuali esistenti; successivamente diventa municipio autonomo romano con il nome di Olcinium o Ulcinium, svolge un\u2019 importante funzione emporiale al [&hellip;]<\/p>\n","protected":false},"author":1,"featured_media":0,"comment_status":"open","ping_status":"closed","sticky":false,"template":"","format":"standard","meta":{"spay_email":"","jetpack_publicize_message":"","jetpack_is_tweetstorm":false,"jetpack_publicize_feature_enabled":true},"categories":[13],"tags":[20170,20171],"jetpack_publicize_connections":[],"yoast_head":"<!-- This site is optimized with the Yoast SEO plugin v19.1 - https:\/\/yoast.com\/wordpress\/plugins\/seo\/ -->\n<title>Dulcignani resteranno fedeli al Venezia - Lajme nga Ulqini<\/title>\n<meta name=\"description\" content=\"Citt\u00e0 latino-veneta Dulcigno Il territorio di Dulcigno (in montenegrino Ulcinj), nei secoli che precedono la conquista romana, \u00e8 abitato dalla trib\u00f9\" \/>\n<meta name=\"robots\" content=\"index, follow, max-snippet:-1, max-image-preview:large, max-video-preview:-1\" \/>\n<link rel=\"canonical\" href=\"https:\/\/www.visit-ulcinj.com\/blog\/2012\/03\/17\/dulcignani-resteranno-fedeli-al-venezia\/\" \/>\n<meta property=\"og:locale\" content=\"en_US\" \/>\n<meta property=\"og:type\" content=\"article\" \/>\n<meta property=\"og:title\" content=\"Dulcignani resteranno fedeli al Venezia - Lajme nga Ulqini\" \/>\n<meta property=\"og:description\" content=\"Citt\u00e0 latino-veneta Dulcigno Il territorio di Dulcigno (in montenegrino Ulcinj), nei secoli che precedono la conquista romana, \u00e8 abitato dalla trib\u00f9\" \/>\n<meta property=\"og:url\" content=\"https:\/\/www.visit-ulcinj.com\/blog\/2012\/03\/17\/dulcignani-resteranno-fedeli-al-venezia\/\" \/>\n<meta property=\"og:site_name\" content=\"Lajme nga Ulqini\" \/>\n<meta property=\"article:published_time\" content=\"2012-03-17T09:34:34+00:00\" \/>\n<meta property=\"og:image\" content=\"http:\/\/www.visit-ulcinj.com\/blog\/wp-content\/uploads\/2012\/03\/Citta-di-Dulcigno-1024x548.jpg\" \/>\n<meta name=\"twitter:label1\" content=\"Written by\" \/>\n\t<meta name=\"twitter:data1\" content=\"ulqini\" \/>\n\t<meta name=\"twitter:label2\" content=\"Est. reading time\" \/>\n\t<meta name=\"twitter:data2\" content=\"4 minutes\" \/>\n<script type=\"application\/ld+json\" class=\"yoast-schema-graph\">{\"@context\":\"https:\/\/schema.org\",\"@graph\":[{\"@type\":\"WebSite\",\"@id\":\"https:\/\/www.visit-ulcinj.com\/blog\/#website\",\"url\":\"https:\/\/www.visit-ulcinj.com\/blog\/\",\"name\":\"Lajme nga Ulqini\",\"description\":\"Lajme,Vijesti,Ulqini,Ulqin,Crna Gora,Mali i Zi\",\"potentialAction\":[{\"@type\":\"SearchAction\",\"target\":{\"@type\":\"EntryPoint\",\"urlTemplate\":\"https:\/\/www.visit-ulcinj.com\/blog\/?s={search_term_string}\"},\"query-input\":\"required name=search_term_string\"}],\"inLanguage\":\"en-US\"},{\"@type\":\"ImageObject\",\"inLanguage\":\"en-US\",\"@id\":\"https:\/\/www.visit-ulcinj.com\/blog\/2012\/03\/17\/dulcignani-resteranno-fedeli-al-venezia\/#primaryimage\",\"url\":\"https:\/\/www.visit-ulcinj.com\/blog\/wp-content\/uploads\/2012\/03\/Citta-di-Dulcigno.jpg\",\"contentUrl\":\"https:\/\/www.visit-ulcinj.com\/blog\/wp-content\/uploads\/2012\/03\/Citta-di-Dulcigno.jpg\",\"width\":\"1077\",\"height\":\"577\"},{\"@type\":\"WebPage\",\"@id\":\"https:\/\/www.visit-ulcinj.com\/blog\/2012\/03\/17\/dulcignani-resteranno-fedeli-al-venezia\/#webpage\",\"url\":\"https:\/\/www.visit-ulcinj.com\/blog\/2012\/03\/17\/dulcignani-resteranno-fedeli-al-venezia\/\",\"name\":\"Dulcignani resteranno fedeli al Venezia - Lajme nga Ulqini\",\"isPartOf\":{\"@id\":\"https:\/\/www.visit-ulcinj.com\/blog\/#website\"},\"primaryImageOfPage\":{\"@id\":\"https:\/\/www.visit-ulcinj.com\/blog\/2012\/03\/17\/dulcignani-resteranno-fedeli-al-venezia\/#primaryimage\"},\"datePublished\":\"2012-03-17T09:34:34+00:00\",\"dateModified\":\"2012-03-17T09:34:34+00:00\",\"author\":{\"@id\":\"https:\/\/www.visit-ulcinj.com\/blog\/#\/schema\/person\/dcab619c614d3038751c63bc2aadc06d\"},\"description\":\"Citt\u00e0 latino-veneta Dulcigno Il territorio di Dulcigno (in montenegrino Ulcinj), nei secoli che precedono la conquista romana, \u00e8 abitato dalla trib\u00f9\",\"breadcrumb\":{\"@id\":\"https:\/\/www.visit-ulcinj.com\/blog\/2012\/03\/17\/dulcignani-resteranno-fedeli-al-venezia\/#breadcrumb\"},\"inLanguage\":\"en-US\",\"potentialAction\":[{\"@type\":\"ReadAction\",\"target\":[\"https:\/\/www.visit-ulcinj.com\/blog\/2012\/03\/17\/dulcignani-resteranno-fedeli-al-venezia\/\"]}]},{\"@type\":\"BreadcrumbList\",\"@id\":\"https:\/\/www.visit-ulcinj.com\/blog\/2012\/03\/17\/dulcignani-resteranno-fedeli-al-venezia\/#breadcrumb\",\"itemListElement\":[{\"@type\":\"ListItem\",\"position\":1,\"name\":\"Dulcignani resteranno fedeli al Venezia\"}]},{\"@type\":\"Person\",\"@id\":\"https:\/\/www.visit-ulcinj.com\/blog\/#\/schema\/person\/dcab619c614d3038751c63bc2aadc06d\",\"name\":\"ulqini\",\"sameAs\":[\"http:\/\/www.visit-ulcinj.com\"],\"url\":\"https:\/\/www.visit-ulcinj.com\/blog\/author\/admin\/\"}]}<\/script>\n<!-- \/ Yoast SEO plugin. -->","yoast_head_json":{"title":"Dulcignani resteranno fedeli al Venezia - Lajme nga Ulqini","description":"Citt\u00e0 latino-veneta Dulcigno Il territorio di Dulcigno (in montenegrino Ulcinj), nei secoli che precedono la conquista romana, \u00e8 abitato dalla trib\u00f9","robots":{"index":"index","follow":"follow","max-snippet":"max-snippet:-1","max-image-preview":"max-image-preview:large","max-video-preview":"max-video-preview:-1"},"canonical":"https:\/\/www.visit-ulcinj.com\/blog\/2012\/03\/17\/dulcignani-resteranno-fedeli-al-venezia\/","og_locale":"en_US","og_type":"article","og_title":"Dulcignani resteranno fedeli al Venezia - Lajme nga Ulqini","og_description":"Citt\u00e0 latino-veneta Dulcigno Il territorio di Dulcigno (in montenegrino Ulcinj), nei secoli che precedono la conquista romana, \u00e8 abitato dalla trib\u00f9","og_url":"https:\/\/www.visit-ulcinj.com\/blog\/2012\/03\/17\/dulcignani-resteranno-fedeli-al-venezia\/","og_site_name":"Lajme nga Ulqini","article_published_time":"2012-03-17T09:34:34+00:00","og_image":[{"url":"http:\/\/www.visit-ulcinj.com\/blog\/wp-content\/uploads\/2012\/03\/Citta-di-Dulcigno-1024x548.jpg"}],"twitter_misc":{"Written by":"ulqini","Est. reading time":"4 minutes"},"schema":{"@context":"https:\/\/schema.org","@graph":[{"@type":"WebSite","@id":"https:\/\/www.visit-ulcinj.com\/blog\/#website","url":"https:\/\/www.visit-ulcinj.com\/blog\/","name":"Lajme nga Ulqini","description":"Lajme,Vijesti,Ulqini,Ulqin,Crna Gora,Mali i Zi","potentialAction":[{"@type":"SearchAction","target":{"@type":"EntryPoint","urlTemplate":"https:\/\/www.visit-ulcinj.com\/blog\/?s={search_term_string}"},"query-input":"required name=search_term_string"}],"inLanguage":"en-US"},{"@type":"ImageObject","inLanguage":"en-US","@id":"https:\/\/www.visit-ulcinj.com\/blog\/2012\/03\/17\/dulcignani-resteranno-fedeli-al-venezia\/#primaryimage","url":"https:\/\/www.visit-ulcinj.com\/blog\/wp-content\/uploads\/2012\/03\/Citta-di-Dulcigno.jpg","contentUrl":"https:\/\/www.visit-ulcinj.com\/blog\/wp-content\/uploads\/2012\/03\/Citta-di-Dulcigno.jpg","width":"1077","height":"577"},{"@type":"WebPage","@id":"https:\/\/www.visit-ulcinj.com\/blog\/2012\/03\/17\/dulcignani-resteranno-fedeli-al-venezia\/#webpage","url":"https:\/\/www.visit-ulcinj.com\/blog\/2012\/03\/17\/dulcignani-resteranno-fedeli-al-venezia\/","name":"Dulcignani resteranno fedeli al Venezia - Lajme nga Ulqini","isPartOf":{"@id":"https:\/\/www.visit-ulcinj.com\/blog\/#website"},"primaryImageOfPage":{"@id":"https:\/\/www.visit-ulcinj.com\/blog\/2012\/03\/17\/dulcignani-resteranno-fedeli-al-venezia\/#primaryimage"},"datePublished":"2012-03-17T09:34:34+00:00","dateModified":"2012-03-17T09:34:34+00:00","author":{"@id":"https:\/\/www.visit-ulcinj.com\/blog\/#\/schema\/person\/dcab619c614d3038751c63bc2aadc06d"},"description":"Citt\u00e0 latino-veneta Dulcigno Il territorio di Dulcigno (in montenegrino Ulcinj), nei secoli che precedono la conquista romana, \u00e8 abitato dalla trib\u00f9","breadcrumb":{"@id":"https:\/\/www.visit-ulcinj.com\/blog\/2012\/03\/17\/dulcignani-resteranno-fedeli-al-venezia\/#breadcrumb"},"inLanguage":"en-US","potentialAction":[{"@type":"ReadAction","target":["https:\/\/www.visit-ulcinj.com\/blog\/2012\/03\/17\/dulcignani-resteranno-fedeli-al-venezia\/"]}]},{"@type":"BreadcrumbList","@id":"https:\/\/www.visit-ulcinj.com\/blog\/2012\/03\/17\/dulcignani-resteranno-fedeli-al-venezia\/#breadcrumb","itemListElement":[{"@type":"ListItem","position":1,"name":"Dulcignani resteranno fedeli al Venezia"}]},{"@type":"Person","@id":"https:\/\/www.visit-ulcinj.com\/blog\/#\/schema\/person\/dcab619c614d3038751c63bc2aadc06d","name":"ulqini","sameAs":["http:\/\/www.visit-ulcinj.com"],"url":"https:\/\/www.visit-ulcinj.com\/blog\/author\/admin\/"}]}},"jetpack_featured_media_url":"","jetpack_sharing_enabled":true,"jetpack_shortlink":"https:\/\/wp.me\/pe6lTn-fau","_links":{"self":[{"href":"https:\/\/www.visit-ulcinj.com\/blog\/wp-json\/wp\/v2\/posts\/58310"}],"collection":[{"href":"https:\/\/www.visit-ulcinj.com\/blog\/wp-json\/wp\/v2\/posts"}],"about":[{"href":"https:\/\/www.visit-ulcinj.com\/blog\/wp-json\/wp\/v2\/types\/post"}],"author":[{"embeddable":true,"href":"https:\/\/www.visit-ulcinj.com\/blog\/wp-json\/wp\/v2\/users\/1"}],"replies":[{"embeddable":true,"href":"https:\/\/www.visit-ulcinj.com\/blog\/wp-json\/wp\/v2\/comments?post=58310"}],"version-history":[{"count":1,"href":"https:\/\/www.visit-ulcinj.com\/blog\/wp-json\/wp\/v2\/posts\/58310\/revisions"}],"predecessor-version":[{"id":58315,"href":"https:\/\/www.visit-ulcinj.com\/blog\/wp-json\/wp\/v2\/posts\/58310\/revisions\/58315"}],"wp:attachment":[{"href":"https:\/\/www.visit-ulcinj.com\/blog\/wp-json\/wp\/v2\/media?parent=58310"}],"wp:term":[{"taxonomy":"category","embeddable":true,"href":"https:\/\/www.visit-ulcinj.com\/blog\/wp-json\/wp\/v2\/categories?post=58310"},{"taxonomy":"post_tag","embeddable":true,"href":"https:\/\/www.visit-ulcinj.com\/blog\/wp-json\/wp\/v2\/tags?post=58310"}],"curies":[{"name":"wp","href":"https:\/\/api.w.org\/{rel}","templated":true}]}}