{"id":58326,"date":"2012-03-17T12:23:41","date_gmt":"2012-03-17T11:23:41","guid":{"rendered":"http:\/\/www.visit-ulcinj.com\/blog\/?p=58326"},"modified":"2012-03-18T15:54:43","modified_gmt":"2012-03-18T14:54:43","slug":"ali-salaj-kryetar-i-ri-i-art-club-it","status":"publish","type":"post","link":"https:\/\/www.visit-ulcinj.com\/blog\/2012\/03\/17\/ali-salaj-kryetar-i-ri-i-art-club-it\/","title":{"rendered":"Ali Salaj, kryetar i ri i \u201cArt Club\u201d-it t\u00eb Ulqinit"},"content":{"rendered":"<p><a href=\"http:\/\/www.visit-ulcinj.com\/blog\/wp-content\/uploads\/2012\/03\/Ali-Salaj-kryetar-i-ri-i-Art-Club-it-Ulqin_Mali-i-Zi.jpg\"><img loading=\"lazy\" class=\"alignleft  wp-image-58327\" title=\"Ali Salaj, kryetar i ri i Art Club-it Ulqin_Mali i Zi\" src=\"http:\/\/www.visit-ulcinj.com\/blog\/wp-content\/uploads\/2012\/03\/Ali-Salaj-kryetar-i-ri-i-Art-Club-it-Ulqin_Mali-i-Zi.jpg\" alt=\"\" width=\"508\" height=\"380\" srcset=\"https:\/\/www.visit-ulcinj.com\/blog\/wp-content\/uploads\/2012\/03\/Ali-Salaj-kryetar-i-ri-i-Art-Club-it-Ulqin_Mali-i-Zi.jpg 960w, https:\/\/www.visit-ulcinj.com\/blog\/wp-content\/uploads\/2012\/03\/Ali-Salaj-kryetar-i-ri-i-Art-Club-it-Ulqin_Mali-i-Zi-300x225.jpg 300w\" sizes=\"(max-width: 508px) 100vw, 508px\" \/><\/a>Shoqata e Artist\u00ebve dhe Intelektual\u00ebve \u201cArt Club\u201d nga Ulqini zgjodhi n\u00eb Kuvendin e saj zgjedhor, t\u00eb mbajtur t\u00eb premten, kryetar t\u00eb ri gazetarin dhe kritikun e filmit Ali Salaj. Ai \u00ebsht\u00eb kryeredaktor i gazet\u00ebs \u201cKoha javore\u201d dhe korrespondent i Z\u00ebrit t\u00eb Amerik\u00ebs n\u00eb gjuh\u00ebn shqipe p\u00ebr Malin e Zi.<\/p>\n<p>Pjes\u00ebmarr\u00ebsit e Kuvendit vler\u00ebsuan kontributin dhe rezultatet e arritura nga kryetari i deritash\u00ebm, mr. Haxhi Shabani, sidomos n\u00eb fush\u00ebn e botimeve.<\/p>\n<p>Kryetari i ri i \u201cArt Club\u201d-it premtoi se p\u00ebrkund\u00ebr v\u00ebshtir\u00ebsive financiare si rezultat i kriz\u00ebs ekonomike globale, do t\u00eb b\u00ebhen p\u00ebrpjekje q\u00eb p\u00ebrpos veprimtarive tradicionale t\u00eb zgjerohet aktiviteti i k\u00ebsaj shoqate edhe n\u00eb fusha t\u00eb tjera t\u00eb kultur\u00ebs.<\/p>\n<p>\u201cArt Club\u201d \u00ebsht\u00eb themeluar n\u00eb vitin 1990 nga nj\u00eb grup i krijuesve dhe intelektual\u00ebve t\u00eb dalluar t\u00eb Ulqinit, me q\u00ebllim t\u00eb promovimit t\u00eb kultur\u00ebs, artit, let\u00ebrsis\u00eb dhe shkenc\u00ebs shqiptare n\u00eb Mal t\u00eb Zi. Kjo shoqat\u00eb \u00ebsht\u00eb bashk\u00ebthemeluese e Panairit t\u00eb Librit n\u00eb Ulqin dhe organizatore e manifestimeve tradicionale \u201cKalimera Poetike\u201d dhe \u201cKultura e shqiptar\u00ebve n\u00eb Malin e Zi\u201d, q\u00eb vler\u00ebsohen nd\u00ebr veprimtarit\u00eb m\u00eb t\u00eb m\u00ebdha kulturore p\u00ebr shqiptar\u00ebt n\u00eb Malin e Zi. Nj\u00eb vend t\u00eb ve\u00e7ant\u00eb n\u00eb pun\u00ebn e \u201cArt Club\u201d-it z\u00eb veprimtaria botuese, n\u00eb kuad\u00ebr t\u00eb s\u00eb cil\u00ebs kjo shoqat\u00eb ka botuar rreth 80 libra, kryesisht t\u00eb autor\u00ebve shqiptar\u00eb n\u00eb Malin e Zi, si dhe nj\u00eb num\u00ebr revistash.<\/p>\n<p><strong>Ismet Kallaba<\/strong><\/p>\n<p><strong>Lajme nga Ulqini<\/strong><\/p>\n","protected":false},"excerpt":{"rendered":"<p>Shoqata e Artist\u00ebve dhe Intelektual\u00ebve \u201cArt Club\u201d nga Ulqini zgjodhi n\u00eb Kuvendin e saj zgjedhor, t\u00eb mbajtur t\u00eb premten, kryetar t\u00eb ri gazetarin dhe kritikun e filmit Ali Salaj. Ai \u00ebsht\u00eb kryeredaktor i gazet\u00ebs \u201cKoha javore\u201d dhe korrespondent i Z\u00ebrit t\u00eb Amerik\u00ebs n\u00eb gjuh\u00ebn shqipe p\u00ebr Malin e Zi. Pjes\u00ebmarr\u00ebsit e Kuvendit vler\u00ebsuan kontributin dhe [&hellip;]<\/p>\n","protected":false},"author":1,"featured_media":0,"comment_status":"open","ping_status":"closed","sticky":false,"template":"","format":"standard","meta":{"spay_email":"","jetpack_publicize_message":"","jetpack_is_tweetstorm":false,"jetpack_publicize_feature_enabled":true},"categories":[4,1],"tags":[4995,212,20175,20174,17828,17834,18469,17811,17831,14353,17808,14354,12340,17840,17839,17835,17814,17810,17816,17071,9755,17807,18468,18467,3516,14652,17837,17827,18471,1766,14358,18460,222,17802,17812,17803,6837,17820,17825,17817,16649,15892,18463,17805,3713,17823,17832,3506,17818,214,17680,14362,14363,11523,18464,3507,17800,498,3500,2668,18290,20176,14364,17799,3327,17841,17826,15213,3512,17806,18289,17838,95,17813,7815,17804,15141,18307,17836,14366,18292,79,18470,17073,18475,18294,1653,1909,17973,14367,18474,18473,17801,8870,11125,14887,18461,7665,18322,14663,17822,14368,14369,18466,18465,17824,14370,18291,16228,2083,14371,41,3617,14372,17844,17821,13413,16889,17830,17077,18295,14375,17833,17829,18293,200,18,17819,18472,17809,14376],"jetpack_publicize_connections":[],"yoast_head":"<!-- This site is optimized with the Yoast SEO plugin v19.1 - https:\/\/yoast.com\/wordpress\/plugins\/seo\/ -->\n<title>Ali Salaj, kryetar i ri i \u201cArt Club\u201d-it t\u00eb Ulqinit - Lajme nga Ulqini<\/title>\n<meta name=\"description\" content=\"Shoqata e Artist\u00ebve dhe Intelektual\u00ebve \u201cArt Club\u201d nga Ulqini zgjodhi n\u00eb Kuvendin e saj zgjedhor, t\u00eb mbajtur t\u00eb premten, kryetar t\u00eb ri gazetarin dhe\" \/>\n<meta name=\"robots\" content=\"index, follow, max-snippet:-1, max-image-preview:large, max-video-preview:-1\" \/>\n<link rel=\"canonical\" href=\"https:\/\/www.visit-ulcinj.com\/blog\/2012\/03\/17\/ali-salaj-kryetar-i-ri-i-art-club-it\/\" \/>\n<meta property=\"og:locale\" content=\"en_US\" \/>\n<meta property=\"og:type\" content=\"article\" \/>\n<meta property=\"og:title\" content=\"Ali Salaj, kryetar i ri i \u201cArt Club\u201d-it t\u00eb Ulqinit - Lajme nga Ulqini\" \/>\n<meta property=\"og:description\" content=\"Shoqata e Artist\u00ebve dhe Intelektual\u00ebve \u201cArt Club\u201d nga Ulqini zgjodhi n\u00eb Kuvendin e saj zgjedhor, t\u00eb mbajtur t\u00eb premten, kryetar t\u00eb ri gazetarin dhe\" \/>\n<meta property=\"og:url\" content=\"https:\/\/www.visit-ulcinj.com\/blog\/2012\/03\/17\/ali-salaj-kryetar-i-ri-i-art-club-it\/\" \/>\n<meta property=\"og:site_name\" content=\"Lajme nga Ulqini\" \/>\n<meta property=\"article:published_time\" content=\"2012-03-17T11:23:41+00:00\" \/>\n<meta property=\"article:modified_time\" content=\"2012-03-18T14:54:43+00:00\" \/>\n<meta property=\"og:image\" content=\"http:\/\/www.visit-ulcinj.com\/blog\/wp-content\/uploads\/2012\/03\/Ali-Salaj-kryetar-i-ri-i-Art-Club-it-Ulqin_Mali-i-Zi.jpg\" \/>\n<meta name=\"twitter:label1\" content=\"Written by\" \/>\n\t<meta name=\"twitter:data1\" content=\"ulqini\" \/>\n\t<meta name=\"twitter:label2\" content=\"Est. reading time\" \/>\n\t<meta name=\"twitter:data2\" content=\"1 minute\" \/>\n<script type=\"application\/ld+json\" class=\"yoast-schema-graph\">{\"@context\":\"https:\/\/schema.org\",\"@graph\":[{\"@type\":\"WebSite\",\"@id\":\"https:\/\/www.visit-ulcinj.com\/blog\/#website\",\"url\":\"https:\/\/www.visit-ulcinj.com\/blog\/\",\"name\":\"Lajme nga Ulqini\",\"description\":\"Lajme,Vijesti,Ulqini,Ulqin,Crna Gora,Mali i Zi\",\"potentialAction\":[{\"@type\":\"SearchAction\",\"target\":{\"@type\":\"EntryPoint\",\"urlTemplate\":\"https:\/\/www.visit-ulcinj.com\/blog\/?s={search_term_string}\"},\"query-input\":\"required name=search_term_string\"}],\"inLanguage\":\"en-US\"},{\"@type\":\"ImageObject\",\"inLanguage\":\"en-US\",\"@id\":\"https:\/\/www.visit-ulcinj.com\/blog\/2012\/03\/17\/ali-salaj-kryetar-i-ri-i-art-club-it\/#primaryimage\",\"url\":\"https:\/\/www.visit-ulcinj.com\/blog\/wp-content\/uploads\/2012\/03\/Ali-Salaj-kryetar-i-ri-i-Art-Club-it-Ulqin_Mali-i-Zi.jpg\",\"contentUrl\":\"https:\/\/www.visit-ulcinj.com\/blog\/wp-content\/uploads\/2012\/03\/Ali-Salaj-kryetar-i-ri-i-Art-Club-it-Ulqin_Mali-i-Zi.jpg\",\"width\":\"960\",\"height\":\"720\"},{\"@type\":\"WebPage\",\"@id\":\"https:\/\/www.visit-ulcinj.com\/blog\/2012\/03\/17\/ali-salaj-kryetar-i-ri-i-art-club-it\/#webpage\",\"url\":\"https:\/\/www.visit-ulcinj.com\/blog\/2012\/03\/17\/ali-salaj-kryetar-i-ri-i-art-club-it\/\",\"name\":\"Ali Salaj, kryetar i ri i \u201cArt Club\u201d-it t\u00eb Ulqinit - Lajme nga Ulqini\",\"isPartOf\":{\"@id\":\"https:\/\/www.visit-ulcinj.com\/blog\/#website\"},\"primaryImageOfPage\":{\"@id\":\"https:\/\/www.visit-ulcinj.com\/blog\/2012\/03\/17\/ali-salaj-kryetar-i-ri-i-art-club-it\/#primaryimage\"},\"datePublished\":\"2012-03-17T11:23:41+00:00\",\"dateModified\":\"2012-03-18T14:54:43+00:00\",\"author\":{\"@id\":\"https:\/\/www.visit-ulcinj.com\/blog\/#\/schema\/person\/dcab619c614d3038751c63bc2aadc06d\"},\"description\":\"Shoqata e Artist\u00ebve dhe Intelektual\u00ebve \u201cArt Club\u201d nga Ulqini zgjodhi n\u00eb Kuvendin e saj zgjedhor, t\u00eb mbajtur t\u00eb premten, kryetar t\u00eb ri gazetarin dhe\",\"breadcrumb\":{\"@id\":\"https:\/\/www.visit-ulcinj.com\/blog\/2012\/03\/17\/ali-salaj-kryetar-i-ri-i-art-club-it\/#breadcrumb\"},\"inLanguage\":\"en-US\",\"potentialAction\":[{\"@type\":\"ReadAction\",\"target\":[\"https:\/\/www.visit-ulcinj.com\/blog\/2012\/03\/17\/ali-salaj-kryetar-i-ri-i-art-club-it\/\"]}]},{\"@type\":\"BreadcrumbList\",\"@id\":\"https:\/\/www.visit-ulcinj.com\/blog\/2012\/03\/17\/ali-salaj-kryetar-i-ri-i-art-club-it\/#breadcrumb\",\"itemListElement\":[{\"@type\":\"ListItem\",\"position\":1,\"name\":\"Ali Salaj, kryetar i ri i \u201cArt Club\u201d-it t\u00eb Ulqinit\"}]},{\"@type\":\"Person\",\"@id\":\"https:\/\/www.visit-ulcinj.com\/blog\/#\/schema\/person\/dcab619c614d3038751c63bc2aadc06d\",\"name\":\"ulqini\",\"sameAs\":[\"http:\/\/www.visit-ulcinj.com\"],\"url\":\"https:\/\/www.visit-ulcinj.com\/blog\/author\/admin\/\"}]}<\/script>\n<!-- \/ Yoast SEO plugin. -->","yoast_head_json":{"title":"Ali Salaj, kryetar i ri i \u201cArt Club\u201d-it t\u00eb Ulqinit - Lajme nga Ulqini","description":"Shoqata e Artist\u00ebve dhe Intelektual\u00ebve \u201cArt Club\u201d nga Ulqini zgjodhi n\u00eb Kuvendin e saj zgjedhor, t\u00eb mbajtur t\u00eb premten, kryetar t\u00eb ri gazetarin dhe","robots":{"index":"index","follow":"follow","max-snippet":"max-snippet:-1","max-image-preview":"max-image-preview:large","max-video-preview":"max-video-preview:-1"},"canonical":"https:\/\/www.visit-ulcinj.com\/blog\/2012\/03\/17\/ali-salaj-kryetar-i-ri-i-art-club-it\/","og_locale":"en_US","og_type":"article","og_title":"Ali Salaj, kryetar i ri i \u201cArt Club\u201d-it t\u00eb Ulqinit - Lajme nga Ulqini","og_description":"Shoqata e Artist\u00ebve dhe Intelektual\u00ebve \u201cArt Club\u201d nga Ulqini zgjodhi n\u00eb Kuvendin e saj zgjedhor, t\u00eb mbajtur t\u00eb premten, kryetar t\u00eb ri gazetarin dhe","og_url":"https:\/\/www.visit-ulcinj.com\/blog\/2012\/03\/17\/ali-salaj-kryetar-i-ri-i-art-club-it\/","og_site_name":"Lajme nga Ulqini","article_published_time":"2012-03-17T11:23:41+00:00","article_modified_time":"2012-03-18T14:54:43+00:00","og_image":[{"url":"http:\/\/www.visit-ulcinj.com\/blog\/wp-content\/uploads\/2012\/03\/Ali-Salaj-kryetar-i-ri-i-Art-Club-it-Ulqin_Mali-i-Zi.jpg"}],"twitter_misc":{"Written by":"ulqini","Est. reading time":"1 minute"},"schema":{"@context":"https:\/\/schema.org","@graph":[{"@type":"WebSite","@id":"https:\/\/www.visit-ulcinj.com\/blog\/#website","url":"https:\/\/www.visit-ulcinj.com\/blog\/","name":"Lajme nga Ulqini","description":"Lajme,Vijesti,Ulqini,Ulqin,Crna Gora,Mali i Zi","potentialAction":[{"@type":"SearchAction","target":{"@type":"EntryPoint","urlTemplate":"https:\/\/www.visit-ulcinj.com\/blog\/?s={search_term_string}"},"query-input":"required name=search_term_string"}],"inLanguage":"en-US"},{"@type":"ImageObject","inLanguage":"en-US","@id":"https:\/\/www.visit-ulcinj.com\/blog\/2012\/03\/17\/ali-salaj-kryetar-i-ri-i-art-club-it\/#primaryimage","url":"https:\/\/www.visit-ulcinj.com\/blog\/wp-content\/uploads\/2012\/03\/Ali-Salaj-kryetar-i-ri-i-Art-Club-it-Ulqin_Mali-i-Zi.jpg","contentUrl":"https:\/\/www.visit-ulcinj.com\/blog\/wp-content\/uploads\/2012\/03\/Ali-Salaj-kryetar-i-ri-i-Art-Club-it-Ulqin_Mali-i-Zi.jpg","width":"960","height":"720"},{"@type":"WebPage","@id":"https:\/\/www.visit-ulcinj.com\/blog\/2012\/03\/17\/ali-salaj-kryetar-i-ri-i-art-club-it\/#webpage","url":"https:\/\/www.visit-ulcinj.com\/blog\/2012\/03\/17\/ali-salaj-kryetar-i-ri-i-art-club-it\/","name":"Ali Salaj, kryetar i ri i \u201cArt Club\u201d-it t\u00eb Ulqinit - Lajme nga Ulqini","isPartOf":{"@id":"https:\/\/www.visit-ulcinj.com\/blog\/#website"},"primaryImageOfPage":{"@id":"https:\/\/www.visit-ulcinj.com\/blog\/2012\/03\/17\/ali-salaj-kryetar-i-ri-i-art-club-it\/#primaryimage"},"datePublished":"2012-03-17T11:23:41+00:00","dateModified":"2012-03-18T14:54:43+00:00","author":{"@id":"https:\/\/www.visit-ulcinj.com\/blog\/#\/schema\/person\/dcab619c614d3038751c63bc2aadc06d"},"description":"Shoqata e Artist\u00ebve dhe Intelektual\u00ebve \u201cArt Club\u201d nga Ulqini zgjodhi n\u00eb Kuvendin e saj zgjedhor, t\u00eb mbajtur t\u00eb premten, kryetar t\u00eb ri gazetarin dhe","breadcrumb":{"@id":"https:\/\/www.visit-ulcinj.com\/blog\/2012\/03\/17\/ali-salaj-kryetar-i-ri-i-art-club-it\/#breadcrumb"},"inLanguage":"en-US","potentialAction":[{"@type":"ReadAction","target":["https:\/\/www.visit-ulcinj.com\/blog\/2012\/03\/17\/ali-salaj-kryetar-i-ri-i-art-club-it\/"]}]},{"@type":"BreadcrumbList","@id":"https:\/\/www.visit-ulcinj.com\/blog\/2012\/03\/17\/ali-salaj-kryetar-i-ri-i-art-club-it\/#breadcrumb","itemListElement":[{"@type":"ListItem","position":1,"name":"Ali Salaj, kryetar i ri i \u201cArt Club\u201d-it t\u00eb Ulqinit"}]},{"@type":"Person","@id":"https:\/\/www.visit-ulcinj.com\/blog\/#\/schema\/person\/dcab619c614d3038751c63bc2aadc06d","name":"ulqini","sameAs":["http:\/\/www.visit-ulcinj.com"],"url":"https:\/\/www.visit-ulcinj.com\/blog\/author\/admin\/"}]}},"jetpack_featured_media_url":"","jetpack_sharing_enabled":true,"jetpack_shortlink":"https:\/\/wp.me\/pe6lTn-faK","_links":{"self":[{"href":"https:\/\/www.visit-ulcinj.com\/blog\/wp-json\/wp\/v2\/posts\/58326"}],"collection":[{"href":"https:\/\/www.visit-ulcinj.com\/blog\/wp-json\/wp\/v2\/posts"}],"about":[{"href":"https:\/\/www.visit-ulcinj.com\/blog\/wp-json\/wp\/v2\/types\/post"}],"author":[{"embeddable":true,"href":"https:\/\/www.visit-ulcinj.com\/blog\/wp-json\/wp\/v2\/users\/1"}],"replies":[{"embeddable":true,"href":"https:\/\/www.visit-ulcinj.com\/blog\/wp-json\/wp\/v2\/comments?post=58326"}],"version-history":[{"count":5,"href":"https:\/\/www.visit-ulcinj.com\/blog\/wp-json\/wp\/v2\/posts\/58326\/revisions"}],"predecessor-version":[{"id":58386,"href":"https:\/\/www.visit-ulcinj.com\/blog\/wp-json\/wp\/v2\/posts\/58326\/revisions\/58386"}],"wp:attachment":[{"href":"https:\/\/www.visit-ulcinj.com\/blog\/wp-json\/wp\/v2\/media?parent=58326"}],"wp:term":[{"taxonomy":"category","embeddable":true,"href":"https:\/\/www.visit-ulcinj.com\/blog\/wp-json\/wp\/v2\/categories?post=58326"},{"taxonomy":"post_tag","embeddable":true,"href":"https:\/\/www.visit-ulcinj.com\/blog\/wp-json\/wp\/v2\/tags?post=58326"}],"curies":[{"name":"wp","href":"https:\/\/api.w.org\/{rel}","templated":true}]}}