{"id":5834,"date":"2008-11-11T13:31:46","date_gmt":"2008-11-11T18:31:46","guid":{"rendered":"http:\/\/www.visit-ulcinj.com\/blog\/?p=5834"},"modified":"2008-11-11T13:31:46","modified_gmt":"2008-11-11T18:31:46","slug":"njohja-e-kosoves-dhe-rikomponimi-i-skenes-politike-ne-mal-te-zi","status":"publish","type":"post","link":"https:\/\/www.visit-ulcinj.com\/blog\/2008\/11\/11\/njohja-e-kosoves-dhe-rikomponimi-i-skenes-politike-ne-mal-te-zi\/","title":{"rendered":"Njohja e Kosov\u00ebs dhe rikomponimi i sken\u00ebs politike n\u00eb Mal t\u00eb Zi"},"content":{"rendered":"<p><a href=\"http:\/\/www.visit-ulcinj.com\/blog\/wp-content\/uploads\/2008\/04\/atedheu-na-bashkon1.jpg\"><img loading=\"lazy\" class=\"alignleft size-medium wp-image-1400\" title=\" Atdheu na Bashkon \" src=\"http:\/\/www.visit-ulcinj.com\/blog\/wp-content\/uploads\/2008\/04\/atedheu-na-bashkon1.jpg\" alt=\"\" width=\"300\" height=\"225\" \/><\/a><strong>Cilat jan\u00eb interesat e shqiptar\u00ebve<\/strong><br \/>\nEsht\u00eb koha q\u00eb lider\u00ebt e partive politike shqiptare ta ngrisin vet\u00ebdijen e tyre intelektuale n\u00eb nj\u00eb nivel m\u00eb t\u00eb lart\u00eb, at\u00eb strategjik. Hapi i par\u00eb n\u00eb k\u00ebt\u00eb drejtim do t\u00eb kishte qen\u00eb simbolik, por, i r\u00ebnd\u00ebsish\u00ebm: t\u00eb pushojn\u00eb t\u00eb shahen p\u00ebrmes gazetave t\u00eb cilat i lexon mbar\u00eb opinioni shqiptar, pra, jo vet\u00ebm ai n\u00eb Mal t\u00eb Zi.<br \/>\n<strong>Rikomponimi<\/strong><br \/>\nK\u00ebto dit\u00eb, lideri i Alternativ\u00ebs Shqiptare, V. Sinishtaj, n\u00eb nj\u00eb deklarat\u00eb p\u00ebr opinion, konstatoi se &#8220;pasi q\u00eb Qeveria e ka njohur pavar\u00ebsin\u00eb e Kosov\u00ebs, me siguri do t\u00eb vie deri te rikomponimi i strukturave politike n\u00eb Mal t\u00eb Zi&#8221;.<br \/>\nKonstatimi \u00ebsht\u00eb i logjiksh\u00ebm, sepse, \u00ebsht\u00eb m\u00eb se e qart\u00eb se momenti i njohjes s\u00eb pavar\u00ebsis\u00eb s\u00eb Kosov\u00ebs ka qen\u00eb test vendimtar p\u00ebr disa nga subjektet m\u00eb t\u00eb forta politike n\u00eb Mal t\u00eb Zi. Tashm\u00eb mund t\u00eb parashikohet me siguri t\u00eb madhe se n\u00eb periudh\u00ebn e ardhshme do t\u00eb vie deri te dob\u00ebsimi i disa subjekteve politike n\u00eb nj\u00eb an\u00eb dhe forcimi i disa t\u00eb tjerave n\u00eb an\u00ebn tjet\u00ebr.<br \/>\nGrupit t\u00eb par\u00eb do t\u2019i takoj\u00eb L\u00ebvizja p\u00ebr Ndryshime, e cila \u00ebsht\u00eb humb\u00ebsi m\u00eb i madh. Kjo \u00ebsht\u00eb edhe shembulli m\u00eb i mir\u00eb se n\u00eb politik\u00eb nuk mund t\u00eb rrihet n\u00eb dy karrika. N\u00eb k\u00ebt\u00eb rast e kemi situat\u00ebn q\u00eb \u00ebsht\u00eb startuar me nj\u00eb program t\u00eb nj\u00eb partie klasike qytetare, nd\u00ebrsa, n\u00eb provimin e par\u00eb serioz, \u00ebsht\u00eb b\u00ebr\u00eb flirt me opcionin nacional deri n\u00eb at\u00eb shkall\u00eb sa q\u00eb jan\u00eb tejkaluar edhe bart\u00ebsit origjinal\u00eb t\u00eb k\u00ebsaj ideje n\u00eb Mal t\u00eb Zi &#8211; partit\u00eb e bllokut serb.<br \/>\nN\u00eb grupin e dyt\u00eb, at\u00eb t\u00eb fituesve, duke shikuar nga rrafshi i p\u00ebrcaktimit t\u00eb tyre origjinal strategjik, jan\u00eb partit\u00eb e krahut t\u00eb fort\u00eb t\u00eb bllokut serb. Pse LpN n\u00eb t\u00eb ardhmen mund t\u00eb konsiderohet si subjekt i vdekur politik nd\u00ebrsa, n\u00eb an\u00ebn tjet\u00ebr, \u00ebsht\u00eb forcuar krahu serb i sken\u00ebs politike malazeze? Nga shkaku i thjesht\u00eb se opcionin origjinal serb e p\u00ebrfaq\u00ebsojn\u00eb partit\u00eb t\u00eb cilat qysh n\u00eb start me programet e tyre jan\u00eb p\u00ebrcaktuar dhe deklaruar p\u00ebr opcionin konsekuent nacional. Cila do t\u00eb ishte arsyeja q\u00eb votuesi i r\u00ebndomt\u00eb serb (mendoj p\u00ebr serb\u00ebt etnik\u00eb) n\u00eb Mal t\u00eb Zi t\u00eb p\u00ebrcaktohet nes\u00ebr p\u00ebr di\u00e7ka q\u00eb \u00ebsht\u00eb fake (lexohet &#8220;feik&#8221;, anglisht, shprehje p\u00ebr mallin i cili esht\u00eb imitacion i origjinalit), n\u00ebse mund t\u00eb p\u00ebrcaktohet p\u00ebr origjinalin. T\u00eb mos harrojm\u00eb se p\u00ebrqindjen e r\u00ebnd\u00ebsishme t\u00eb votave n\u00eb zgjedhjet e fundit p\u00ebr president t\u00eb Malit t\u00eb Zi, q\u00eb i ka marr\u00eb kandidati i LpN (14 %), kan\u00eb ardhur nga trupi votues i pakicave (shqiptare dhe boshnjake). Nj\u00eb nga arsyet ka qen\u00eb edhe p\u00ebrkrahja e bindshme q\u00eb LpN i ka dh\u00ebn\u00eb ides\u00eb s\u00eb komun\u00ebs s\u00eb plot\u00eb t\u00eb Tuzit. Mir\u00ebpo, n\u00eb testin e par\u00eb t\u00eb madh, at\u00eb t\u00eb Kosov\u00ebs, lideri i k\u00ebsaj partie \u00ebsht\u00eb ve\u00e7uar p\u00ebr deklaratat e tmerrshme antikosovare. T\u00eb flas\u00ebsh kund\u00ebr Kosov\u00ebs, do t\u00eb thot\u00eb t\u00eb flas\u00ebsh kund\u00ebr shqiptar\u00ebve ku do q\u00eb jemi. Pik\u00eb!<\/p>\n<p><strong>Strategjia<\/strong><br \/>\n\u00c7far\u00eb strategjie do t\u00eb duhej t\u00eb b\u00ebnin partit\u00eb shqiptare n\u00eb situat\u00eb t\u00eb re t\u00eb rikomponimit t\u00eb sken\u00ebs politike malazeze? Mendoj se lideret tan\u00eb, n\u00ebse pretendojn\u00eb t\u00eb jen\u00eb lider\u00eb t\u00eb v\u00ebrtet\u00eb e jo vet\u00ebm individ\u00eb q\u00eb e fitojn\u00eb rrog\u00ebn n\u00eb politik\u00eb, do t\u00eb duhej t\u00eb ken\u00eb parasysh tri nivele strategjike. K\u00ebto do t\u00eb ishin:<br \/>\n1) Interesat e pakic\u00ebs shqiptare n\u00eb nivel lokal<br \/>\n2) Interesat e pakic\u00ebs shqiptare n\u00eb nivelin e Malit t\u00eb Zi<br \/>\n3) Vendi i shqiptar\u00ebve t\u00eb Malit t\u00eb Zi brenda korpusit mbar\u00ebkomb\u00ebtar shqiptar<br \/>\n&#8211; Niveli lokal p\u00ebrfshin interesat jetike t\u00eb shqiptar\u00ebve n\u00eb mjedise lokale: Tuzi, Ulqini, Plava, Rozhaja.<br \/>\n&#8211; Niveli republikan p\u00ebrfshin rregullimin dhe realizimin e interesave shqiptare n\u00eb nivelin e instititucioneve t\u00eb shtetit t\u00eb Malit t\u00eb Zi.<br \/>\n&#8211; Niveli i tret\u00eb p\u00ebrfshin raportet me dy qendra m\u00eb t\u00eb forta komb\u00ebtare &#8211; Prishtin\u00ebn dhe Tiran\u00ebn, raportet me trojet e tjera etnike shqiptare si dhe me Diaspor\u00ebn.<br \/>\nPoashtu, \u00ebsht\u00eb koha q\u00eb lider\u00ebt e partive politike shqiptare ta ngrisin vetdijen e tyre intelektuale n\u00eb nj\u00eb nivel m\u00eb t\u00eb lart\u00eb, at\u00eb strategjik. Hapi i par\u00eb n\u00eb k\u00ebt\u00eb drejtim do t\u00eb kishte qen\u00eb simbolik, por, i r\u00ebnd\u00ebsish\u00ebm: t\u00eb pushojn\u00eb t\u00eb shahen p\u00ebrmes gazetave t\u00eb cilat i lexon mbar\u00eb opinioni shqiptar, pra, jo vet\u00ebm ai n\u00eb Mal t\u00eb Zi.<br \/>\n<strong><a href=\"xhoanaperkaj@yahoo.com\" target=\"_blank\">xhoanaperkaj@yahoo.com<\/a><br \/>\nXhoana M. Perkaj<br \/>\nKoha Javore<\/strong><\/p>\n","protected":false},"excerpt":{"rendered":"<p>Cilat jan\u00eb interesat e shqiptar\u00ebve Esht\u00eb koha q\u00eb lider\u00ebt e partive politike shqiptare ta ngrisin vet\u00ebdijen e tyre intelektuale n\u00eb nj\u00eb nivel m\u00eb t\u00eb lart\u00eb, at\u00eb strategjik. Hapi i par\u00eb n\u00eb k\u00ebt\u00eb drejtim do t\u00eb kishte qen\u00eb simbolik, por, i r\u00ebnd\u00ebsish\u00ebm: t\u00eb pushojn\u00eb t\u00eb shahen p\u00ebrmes gazetave t\u00eb cilat i lexon mbar\u00eb opinioni shqiptar, pra, [&hellip;]<\/p>\n","protected":false},"author":1,"featured_media":0,"comment_status":"open","ping_status":"closed","sticky":false,"template":"","format":"standard","meta":{"spay_email":"","jetpack_publicize_message":"","jetpack_is_tweetstorm":false,"jetpack_publicize_feature_enabled":true},"categories":[14],"tags":[95],"jetpack_publicize_connections":[],"yoast_head":"<!-- This site is optimized with the Yoast SEO plugin v19.1 - https:\/\/yoast.com\/wordpress\/plugins\/seo\/ -->\n<title>Njohja e Kosov\u00ebs dhe rikomponimi i sken\u00ebs politike n\u00eb Mal t\u00eb Zi - Lajme nga Ulqini<\/title>\n<meta name=\"description\" content=\"Cilat jan\u00eb interesat e shqiptar\u00ebve Esht\u00eb koha q\u00eb lider\u00ebt e partive politike shqiptare ta ngrisin vet\u00ebdijen e tyre intelektuale n\u00eb nj\u00eb nivel m\u00eb t\u00eb lart\u00eb,\" \/>\n<meta name=\"robots\" content=\"index, follow, max-snippet:-1, max-image-preview:large, max-video-preview:-1\" \/>\n<link rel=\"canonical\" href=\"https:\/\/www.visit-ulcinj.com\/blog\/2008\/11\/11\/njohja-e-kosoves-dhe-rikomponimi-i-skenes-politike-ne-mal-te-zi\/\" \/>\n<meta property=\"og:locale\" content=\"en_US\" \/>\n<meta property=\"og:type\" content=\"article\" \/>\n<meta property=\"og:title\" content=\"Njohja e Kosov\u00ebs dhe rikomponimi i sken\u00ebs politike n\u00eb Mal t\u00eb Zi - Lajme nga Ulqini\" \/>\n<meta property=\"og:description\" content=\"Cilat jan\u00eb interesat e shqiptar\u00ebve Esht\u00eb koha q\u00eb lider\u00ebt e partive politike shqiptare ta ngrisin vet\u00ebdijen e tyre intelektuale n\u00eb nj\u00eb nivel m\u00eb t\u00eb lart\u00eb,\" \/>\n<meta property=\"og:url\" content=\"https:\/\/www.visit-ulcinj.com\/blog\/2008\/11\/11\/njohja-e-kosoves-dhe-rikomponimi-i-skenes-politike-ne-mal-te-zi\/\" \/>\n<meta property=\"og:site_name\" content=\"Lajme nga Ulqini\" \/>\n<meta property=\"article:published_time\" content=\"2008-11-11T18:31:46+00:00\" \/>\n<meta property=\"og:image\" content=\"http:\/\/www.visit-ulcinj.com\/blog\/wp-content\/uploads\/2008\/04\/atedheu-na-bashkon1.jpg\" \/>\n<meta name=\"twitter:label1\" content=\"Written by\" \/>\n\t<meta name=\"twitter:data1\" content=\"ulqini\" \/>\n\t<meta name=\"twitter:label2\" content=\"Est. reading time\" \/>\n\t<meta name=\"twitter:data2\" content=\"4 minutes\" \/>\n<script type=\"application\/ld+json\" class=\"yoast-schema-graph\">{\"@context\":\"https:\/\/schema.org\",\"@graph\":[{\"@type\":\"WebSite\",\"@id\":\"https:\/\/www.visit-ulcinj.com\/blog\/#website\",\"url\":\"https:\/\/www.visit-ulcinj.com\/blog\/\",\"name\":\"Lajme nga Ulqini\",\"description\":\"Lajme,Vijesti,Ulqini,Ulqin,Crna Gora,Mali i Zi\",\"potentialAction\":[{\"@type\":\"SearchAction\",\"target\":{\"@type\":\"EntryPoint\",\"urlTemplate\":\"https:\/\/www.visit-ulcinj.com\/blog\/?s={search_term_string}\"},\"query-input\":\"required name=search_term_string\"}],\"inLanguage\":\"en-US\"},{\"@type\":\"ImageObject\",\"inLanguage\":\"en-US\",\"@id\":\"https:\/\/www.visit-ulcinj.com\/blog\/2008\/11\/11\/njohja-e-kosoves-dhe-rikomponimi-i-skenes-politike-ne-mal-te-zi\/#primaryimage\",\"url\":\"http:\/\/www.visit-ulcinj.com\/blog\/wp-content\/uploads\/2008\/04\/atedheu-na-bashkon1.jpg\",\"contentUrl\":\"http:\/\/www.visit-ulcinj.com\/blog\/wp-content\/uploads\/2008\/04\/atedheu-na-bashkon1.jpg\"},{\"@type\":\"WebPage\",\"@id\":\"https:\/\/www.visit-ulcinj.com\/blog\/2008\/11\/11\/njohja-e-kosoves-dhe-rikomponimi-i-skenes-politike-ne-mal-te-zi\/#webpage\",\"url\":\"https:\/\/www.visit-ulcinj.com\/blog\/2008\/11\/11\/njohja-e-kosoves-dhe-rikomponimi-i-skenes-politike-ne-mal-te-zi\/\",\"name\":\"Njohja e Kosov\u00ebs dhe rikomponimi i sken\u00ebs politike n\u00eb Mal t\u00eb Zi - Lajme nga Ulqini\",\"isPartOf\":{\"@id\":\"https:\/\/www.visit-ulcinj.com\/blog\/#website\"},\"primaryImageOfPage\":{\"@id\":\"https:\/\/www.visit-ulcinj.com\/blog\/2008\/11\/11\/njohja-e-kosoves-dhe-rikomponimi-i-skenes-politike-ne-mal-te-zi\/#primaryimage\"},\"datePublished\":\"2008-11-11T18:31:46+00:00\",\"dateModified\":\"2008-11-11T18:31:46+00:00\",\"author\":{\"@id\":\"https:\/\/www.visit-ulcinj.com\/blog\/#\/schema\/person\/dcab619c614d3038751c63bc2aadc06d\"},\"description\":\"Cilat jan\u00eb interesat e shqiptar\u00ebve Esht\u00eb koha q\u00eb lider\u00ebt e partive politike shqiptare ta ngrisin vet\u00ebdijen e tyre intelektuale n\u00eb nj\u00eb nivel m\u00eb t\u00eb lart\u00eb,\",\"breadcrumb\":{\"@id\":\"https:\/\/www.visit-ulcinj.com\/blog\/2008\/11\/11\/njohja-e-kosoves-dhe-rikomponimi-i-skenes-politike-ne-mal-te-zi\/#breadcrumb\"},\"inLanguage\":\"en-US\",\"potentialAction\":[{\"@type\":\"ReadAction\",\"target\":[\"https:\/\/www.visit-ulcinj.com\/blog\/2008\/11\/11\/njohja-e-kosoves-dhe-rikomponimi-i-skenes-politike-ne-mal-te-zi\/\"]}]},{\"@type\":\"BreadcrumbList\",\"@id\":\"https:\/\/www.visit-ulcinj.com\/blog\/2008\/11\/11\/njohja-e-kosoves-dhe-rikomponimi-i-skenes-politike-ne-mal-te-zi\/#breadcrumb\",\"itemListElement\":[{\"@type\":\"ListItem\",\"position\":1,\"name\":\"Njohja e Kosov\u00ebs dhe rikomponimi i sken\u00ebs politike n\u00eb Mal t\u00eb Zi\"}]},{\"@type\":\"Person\",\"@id\":\"https:\/\/www.visit-ulcinj.com\/blog\/#\/schema\/person\/dcab619c614d3038751c63bc2aadc06d\",\"name\":\"ulqini\",\"sameAs\":[\"http:\/\/www.visit-ulcinj.com\"],\"url\":\"https:\/\/www.visit-ulcinj.com\/blog\/author\/admin\/\"}]}<\/script>\n<!-- \/ Yoast SEO plugin. -->","yoast_head_json":{"title":"Njohja e Kosov\u00ebs dhe rikomponimi i sken\u00ebs politike n\u00eb Mal t\u00eb Zi - Lajme nga Ulqini","description":"Cilat jan\u00eb interesat e shqiptar\u00ebve Esht\u00eb koha q\u00eb lider\u00ebt e partive politike shqiptare ta ngrisin vet\u00ebdijen e tyre intelektuale n\u00eb nj\u00eb nivel m\u00eb t\u00eb lart\u00eb,","robots":{"index":"index","follow":"follow","max-snippet":"max-snippet:-1","max-image-preview":"max-image-preview:large","max-video-preview":"max-video-preview:-1"},"canonical":"https:\/\/www.visit-ulcinj.com\/blog\/2008\/11\/11\/njohja-e-kosoves-dhe-rikomponimi-i-skenes-politike-ne-mal-te-zi\/","og_locale":"en_US","og_type":"article","og_title":"Njohja e Kosov\u00ebs dhe rikomponimi i sken\u00ebs politike n\u00eb Mal t\u00eb Zi - Lajme nga Ulqini","og_description":"Cilat jan\u00eb interesat e shqiptar\u00ebve Esht\u00eb koha q\u00eb lider\u00ebt e partive politike shqiptare ta ngrisin vet\u00ebdijen e tyre intelektuale n\u00eb nj\u00eb nivel m\u00eb t\u00eb lart\u00eb,","og_url":"https:\/\/www.visit-ulcinj.com\/blog\/2008\/11\/11\/njohja-e-kosoves-dhe-rikomponimi-i-skenes-politike-ne-mal-te-zi\/","og_site_name":"Lajme nga Ulqini","article_published_time":"2008-11-11T18:31:46+00:00","og_image":[{"url":"http:\/\/www.visit-ulcinj.com\/blog\/wp-content\/uploads\/2008\/04\/atedheu-na-bashkon1.jpg"}],"twitter_misc":{"Written by":"ulqini","Est. reading time":"4 minutes"},"schema":{"@context":"https:\/\/schema.org","@graph":[{"@type":"WebSite","@id":"https:\/\/www.visit-ulcinj.com\/blog\/#website","url":"https:\/\/www.visit-ulcinj.com\/blog\/","name":"Lajme nga Ulqini","description":"Lajme,Vijesti,Ulqini,Ulqin,Crna Gora,Mali i Zi","potentialAction":[{"@type":"SearchAction","target":{"@type":"EntryPoint","urlTemplate":"https:\/\/www.visit-ulcinj.com\/blog\/?s={search_term_string}"},"query-input":"required name=search_term_string"}],"inLanguage":"en-US"},{"@type":"ImageObject","inLanguage":"en-US","@id":"https:\/\/www.visit-ulcinj.com\/blog\/2008\/11\/11\/njohja-e-kosoves-dhe-rikomponimi-i-skenes-politike-ne-mal-te-zi\/#primaryimage","url":"http:\/\/www.visit-ulcinj.com\/blog\/wp-content\/uploads\/2008\/04\/atedheu-na-bashkon1.jpg","contentUrl":"http:\/\/www.visit-ulcinj.com\/blog\/wp-content\/uploads\/2008\/04\/atedheu-na-bashkon1.jpg"},{"@type":"WebPage","@id":"https:\/\/www.visit-ulcinj.com\/blog\/2008\/11\/11\/njohja-e-kosoves-dhe-rikomponimi-i-skenes-politike-ne-mal-te-zi\/#webpage","url":"https:\/\/www.visit-ulcinj.com\/blog\/2008\/11\/11\/njohja-e-kosoves-dhe-rikomponimi-i-skenes-politike-ne-mal-te-zi\/","name":"Njohja e Kosov\u00ebs dhe rikomponimi i sken\u00ebs politike n\u00eb Mal t\u00eb Zi - Lajme nga Ulqini","isPartOf":{"@id":"https:\/\/www.visit-ulcinj.com\/blog\/#website"},"primaryImageOfPage":{"@id":"https:\/\/www.visit-ulcinj.com\/blog\/2008\/11\/11\/njohja-e-kosoves-dhe-rikomponimi-i-skenes-politike-ne-mal-te-zi\/#primaryimage"},"datePublished":"2008-11-11T18:31:46+00:00","dateModified":"2008-11-11T18:31:46+00:00","author":{"@id":"https:\/\/www.visit-ulcinj.com\/blog\/#\/schema\/person\/dcab619c614d3038751c63bc2aadc06d"},"description":"Cilat jan\u00eb interesat e shqiptar\u00ebve Esht\u00eb koha q\u00eb lider\u00ebt e partive politike shqiptare ta ngrisin vet\u00ebdijen e tyre intelektuale n\u00eb nj\u00eb nivel m\u00eb t\u00eb lart\u00eb,","breadcrumb":{"@id":"https:\/\/www.visit-ulcinj.com\/blog\/2008\/11\/11\/njohja-e-kosoves-dhe-rikomponimi-i-skenes-politike-ne-mal-te-zi\/#breadcrumb"},"inLanguage":"en-US","potentialAction":[{"@type":"ReadAction","target":["https:\/\/www.visit-ulcinj.com\/blog\/2008\/11\/11\/njohja-e-kosoves-dhe-rikomponimi-i-skenes-politike-ne-mal-te-zi\/"]}]},{"@type":"BreadcrumbList","@id":"https:\/\/www.visit-ulcinj.com\/blog\/2008\/11\/11\/njohja-e-kosoves-dhe-rikomponimi-i-skenes-politike-ne-mal-te-zi\/#breadcrumb","itemListElement":[{"@type":"ListItem","position":1,"name":"Njohja e Kosov\u00ebs dhe rikomponimi i sken\u00ebs politike n\u00eb Mal t\u00eb Zi"}]},{"@type":"Person","@id":"https:\/\/www.visit-ulcinj.com\/blog\/#\/schema\/person\/dcab619c614d3038751c63bc2aadc06d","name":"ulqini","sameAs":["http:\/\/www.visit-ulcinj.com"],"url":"https:\/\/www.visit-ulcinj.com\/blog\/author\/admin\/"}]}},"jetpack_featured_media_url":"","jetpack_sharing_enabled":true,"jetpack_shortlink":"https:\/\/wp.me\/pe6lTn-1w6","_links":{"self":[{"href":"https:\/\/www.visit-ulcinj.com\/blog\/wp-json\/wp\/v2\/posts\/5834"}],"collection":[{"href":"https:\/\/www.visit-ulcinj.com\/blog\/wp-json\/wp\/v2\/posts"}],"about":[{"href":"https:\/\/www.visit-ulcinj.com\/blog\/wp-json\/wp\/v2\/types\/post"}],"author":[{"embeddable":true,"href":"https:\/\/www.visit-ulcinj.com\/blog\/wp-json\/wp\/v2\/users\/1"}],"replies":[{"embeddable":true,"href":"https:\/\/www.visit-ulcinj.com\/blog\/wp-json\/wp\/v2\/comments?post=5834"}],"version-history":[{"count":0,"href":"https:\/\/www.visit-ulcinj.com\/blog\/wp-json\/wp\/v2\/posts\/5834\/revisions"}],"wp:attachment":[{"href":"https:\/\/www.visit-ulcinj.com\/blog\/wp-json\/wp\/v2\/media?parent=5834"}],"wp:term":[{"taxonomy":"category","embeddable":true,"href":"https:\/\/www.visit-ulcinj.com\/blog\/wp-json\/wp\/v2\/categories?post=5834"},{"taxonomy":"post_tag","embeddable":true,"href":"https:\/\/www.visit-ulcinj.com\/blog\/wp-json\/wp\/v2\/tags?post=5834"}],"curies":[{"name":"wp","href":"https:\/\/api.w.org\/{rel}","templated":true}]}}