{"id":58340,"date":"2012-03-18T15:49:46","date_gmt":"2012-03-18T14:49:46","guid":{"rendered":"http:\/\/www.visit-ulcinj.com\/blog\/?p=58340"},"modified":"2012-03-20T17:47:35","modified_gmt":"2012-03-20T16:47:35","slug":"u-mbajte-promovimi-i-librit-bojku-ne-ane-te-malit","status":"publish","type":"post","link":"https:\/\/www.visit-ulcinj.com\/blog\/2012\/03\/18\/u-mbajte-promovimi-i-librit-bojku-ne-ane-te-malit\/","title":{"rendered":"U mbajt\u00eb promovimi i librit \u201cBOJKU N\u00cb AN\u00cb T\u00cb MALIT\u201d &#8211; Video"},"content":{"rendered":"<p><a href=\"http:\/\/www.visit-ulcinj.com\/blog\/wp-content\/uploads\/2012\/03\/Promovimi-i-librit-BOJKU-NE-ANE-TE-MALIT-Shaqir-Ismaili.1.jpg\"><img loading=\"lazy\" class=\"alignleft  wp-image-58341\" title=\"Promovimi i librit - BOJKU NE ANE TE MALIT - Shaqir Ismaili.1\" src=\"http:\/\/www.visit-ulcinj.com\/blog\/wp-content\/uploads\/2012\/03\/Promovimi-i-librit-BOJKU-NE-ANE-TE-MALIT-Shaqir-Ismaili.1.jpg\" alt=\"\" width=\"508\" height=\"380\" \/><\/a>N\u00eb mbr\u00ebmjen e dit\u00ebs s\u00eb shtun\u00ebs me\u00a0 17.03.2012 n\u00eb ambientet e lokalit \u201cLAMIGA\u201d n\u00eb Kryth\u00eb u realizua promovimi i librit\u201cBOJKU N\u00cb AN\u00cb T\u00cb MALIT\u201d, t\u00eb autorit Shaqir Ismailit.<br \/>\nT\u00eb pranish\u00ebm n\u00eb k\u00ebt\u00eb akt solemn ishin nj\u00eb num\u00ebr i madh\u00eb njerizish si dhe figura t\u00eb njohura intelektuale nga Ulqini,Ana Malit,Shkodra \u00a0e m\u00eb gjer\u00eb. Promovimi u zhvillua mes personazheve t\u00eb njohur t\u00eb kultures dhe artit,spektaklit dhe politik\u00ebs.T\u00eb gjith\u00eb me nj\u00eb q\u00ebllim, p\u00ebr t\u00eb uruar autorin e librit z. Shaqir Ismailin i cili arriti t\u00eb kuror\u00ebzoj\u00eb me sukses pun\u00ebn e tij\u00eb\u00a0 duke i p\u00ebrmbledhur faktet e krijuara nd\u00ebr vite .<\/p>\n<p>P\u00ebr realizimin e projektit &#8220;Bojku n\u00eb An\u00eb t\u00eb Malit&#8221; t\u00eb autorit Shaqir Ismaili, financiarisht kontribuan: Komuna e Ulqinit, Nd\u00ebrmarrja Komunale Publike, Partia Demokratike, L\u00ebvizja qytetare Perspektiva, ABA Medica, Televizioni Teuta, Fondacioni NUR, Fast Food Astoria, LIMAN Group, Restoranti EVROPA, Studio VISION, Furra EVROPA.<br \/>\nPoashtu falenderojm : Qamil Ismaili, Rexhep Gjini, Brahim Rexha, Muho Muja, dr Selim Ismaili, Daut Bejta, Fatmir Ismaili, Vesel Ismaili, Bajram Hajdari, Fadil Elezi.<br \/>\nNji falenderim i ve\u00e7ant per pronar\u00ebt e LAMIGA GROUP qe na mund\u00ebsuan organizimin e mbr\u00ebmjes promovuese.<br \/>\nZoti ju shp\u00ebrbleft !<br \/>\n<a href=\"http:\/\/www.visit-ulcinj.com\/blog\/wp-content\/uploads\/2012\/03\/Promovimi-i-librit-BOJKU-NE-ANE-TE-MALIT-Shaqir-Ismaili.14.jpg\"><img loading=\"lazy\" class=\"alignleft  wp-image-58342\" title=\"Promovimi i librit - BOJKU NE ANE TE MALIT - Shaqir Ismaili.14\" src=\"http:\/\/www.visit-ulcinj.com\/blog\/wp-content\/uploads\/2012\/03\/Promovimi-i-librit-BOJKU-NE-ANE-TE-MALIT-Shaqir-Ismaili.14.jpg\" alt=\"\" width=\"508\" height=\"300\" \/><\/a><\/p>\n<p><strong>Si\u00e7 raporton fleta e Facebookut ne do rapertojm\u00eb origjinalitetin e shkrimeve.<br \/>\n<a href=\"http:\/\/www.visit-ulcinj.com\/blog\/wp-content\/uploads\/2012\/03\/Promovimi-i-librit-BOJKU-NE-ANE-TE-MALIT-Shaqir-Ismaili.3.jpg\"><img loading=\"lazy\" class=\"alignleft  wp-image-58343\" title=\"Promovimi i librit - BOJKU NE ANE TE MALIT - Shaqir Ismaili.3\" src=\"http:\/\/www.visit-ulcinj.com\/blog\/wp-content\/uploads\/2012\/03\/Promovimi-i-librit-BOJKU-NE-ANE-TE-MALIT-Shaqir-Ismaili.3.jpg\" alt=\"\" width=\"508\" height=\"300\" \/><\/a><br \/>\n<\/strong><\/p>\n<p><strong>Komenti i \u00a0Z.NJ Flower Avdiu<\/strong><br \/>\nAtmosfera e krijuar sonte n\u00eb lokalet e Lamiges n\u00eb Kryth\u00eb ishte e atill\u00eb q\u00eb krijoi emocione t\u00eb shumta si p\u00ebr t\u00eb pranishmit ashtu edhe p\u00ebr vet\u00eb autorin e monografis\u00eb Bojku n\u00eb An\u00eb t\u00eb malit.Fjalen nga t\u00eb pranishmit e moren recenzenti i librit Ruzhdi Poda, gazetari Gjek\u00eb Gjonaj, si edhe Dr.Nail Draga.Fjalet e recenzentit Pozhda ishin mjaft prek\u00ebse sidomos kur p\u00ebrmendej Ana e malit e k\u00ebndejshme dhe Ana e Malit p\u00ebrtej kufirit, dhe kufiri q\u00eb i ndau p\u00ebr vite me radh\u00eb e q\u00eb s&#8217;duhej t\u00eb kish ekzistuar kurr\u00eb.Ishte mjaft me vend fjala e Dr.Drages se ata q\u00eb i mungojn\u00eb vendlindjes p\u00ebr vite me radh\u00eb, e ndjejn\u00eb mungesen dhe dashuria ndaj saj b\u00ebhet edhe m\u00eb e madhe.K\u00ebt\u00eb e d\u00ebshmon m\u00eb s\u00eb miri ky liber, kjo monografi e par\u00eb e k\u00ebsaj natyre n\u00eb treven ton\u00eb.Autori mbeti i k\u00ebnaqur nga prania e mysafir\u00ebve, t\u00eb shumt\u00eb n\u00eb numer, dhe t\u00eb cilet i falenderoi p\u00ebr pjesmarrjen e tyre.Evenimente si kjo, jan\u00eb d\u00ebshmi se anamalsit jan\u00eb njerez q\u00eb e ruajn\u00eb kulturen dhe traditen e tyre, se gj\u00ebrat e shkruara jan\u00eb t\u00eb shkruara, dhe le t\u00eb mbesin si t\u00eb tilla p\u00ebr gjeneratat q\u00eb vin\u00eb.<\/p>\n<p><a href=\"http:\/\/www.visit-ulcinj.com\/blog\/wp-content\/uploads\/2012\/03\/Promovimi-i-librit-BOJKU-NE-ANE-TE-MALIT-Shaqir-Ismaili.37.jpg\"><img loading=\"lazy\" class=\"alignleft  wp-image-58347\" title=\"Promovimi i librit - BOJKU NE ANE TE MALIT - Shaqir Ismaili.37\" src=\"http:\/\/www.visit-ulcinj.com\/blog\/wp-content\/uploads\/2012\/03\/Promovimi-i-librit-BOJKU-NE-ANE-TE-MALIT-Shaqir-Ismaili.37.jpg\" alt=\"\" width=\"508\" height=\"300\" \/><\/a><\/p>\n<p><strong>Komenti i Z. Ibrahim Berjashi<\/strong><br \/>\nN\u00eb mbr\u00ebmjen e s\u00eb shtun\u00ebs, n\u00eb An\u00eb t\u00eb Malit, krahu i Ulqinit, u b\u00eb nj\u00eb veprimtari , e papar\u00eb, jo vet\u00ebm n\u00eb k\u00ebt\u00eb zon\u00eb,por edhe n\u00eb nj\u00eb rrafsh m\u00eb t\u00eb gj\u00ebr\u00eb, u p\u00ebrurua libri i Shaqir Ismailit, &#8220;BOJKU N\u00cb AN\u00cb T\u00cb MALIT&#8221;.Sejcila pjes\u00eb e mbr\u00ebmjes ishte karakteristik\u00eb e trash\u00ebgimis\u00eb s\u00eb katundit:mir\u00ebpritja, bujaria,falenderimi.Kryepersonazhi i mbr\u00ebmjes, z.Shaqir Ismaili,shum\u00eb i emociuonuar p\u00ebr k\u00ebt\u00eb organizim,shprehu k\u00ebnaq\u00ebsin\u00eb q\u00eb takohet me anamalas, k\u00ebndej e p\u00ebrtej Bun\u00ebs, me shum\u00eb veta q\u00eb nuk jan\u00eb njohur.Por, Shaqiri, katundit t\u00eb tij,mes Shkodr\u00ebs, Ulqinit e Tivarit,u l\u00eb trash\u00ebgim monografin\u00eb &#8220;BOJKU N\u00cb AN\u00cb T\u00cb MALIT&#8221;.<\/p>\n<p><a href=\"http:\/\/www.visit-ulcinj.com\/blog\/wp-content\/uploads\/2012\/03\/Promovimi-i-librit-BOJKU-NE-ANE-TE-MALIT-Shaqir-Ismaili.6.jpg\"><img loading=\"lazy\" class=\"alignleft  wp-image-58344\" title=\"Promovimi i librit - BOJKU NE ANE TE MALIT - Shaqir Ismaili.6\" src=\"http:\/\/www.visit-ulcinj.com\/blog\/wp-content\/uploads\/2012\/03\/Promovimi-i-librit-BOJKU-NE-ANE-TE-MALIT-Shaqir-Ismaili.6.jpg\" alt=\"\" width=\"508\" height=\"300\" \/><\/a><\/p>\n<p><strong>Komenti i z.Mark K. Shkreli<\/strong><br \/>\nPo me vjen mire qe Shaqir Bojku (ashtu e njoha une ne Katerkole) qenka ne jete. Cdo here qe kam vizituar Ulqinin kam pyete per Shaqirin por askush nuk e njihte ate. Shaqiri, si nxenes ne Katerkolle, ishte patriot i zjarrte. Ai, edhe pse ishte rreptesisht e ndaluar, e lexonte Lahuten e Malcis (te cilen permes meje ia kishte huazuar Mark Luca, qe e mbante te fshehur). Shaqiri, gati cdo dite recitonte vargje te Fishtes dhe nga ai rrezatonte kenaqesi e madhe. Edhe pse ishte me i vjeter, ai gjithmone u gjente ne shoqeri me Rrok Mirditen, Tom Kocajn, Fran Markajn, etj. dhe me mua si me te voglin. Jam gezuar kur kam marre vesh se eshte bere hoxhe dhe po gezohem qe ka arritur te kryej shkollim te lart. Me vjen keq qe nuk jeton ne Ulqin. Urime Imam Shaqir Ismaili. Si duket, edhe pse larg tij, Bojkun tend te dashur nuk e paske harrua. Nese do t\u2019i lexojsh keto rreshta, te pershendes nga New Yorku.<\/p>\n<p><strong>Lajme nga Ulqini<br \/>\n<!--YouTube Error: bad URL entered--><br \/>\n<\/strong><\/p>\n<p><a href=\"https:\/\/www.facebook.com\/media\/set\/?set=a.10150660105248991.412608.842313990&amp;type=3\" target=\"_blank\"><strong>Foto nga\u00a0<\/strong><strong>Sejdo Ismaili<\/strong><\/a><strong><a> Facebook<\/a> <\/strong><br \/>\n\n\t\t<style type=\"text\/css\">\n\t\t\t#gallery-1 {\n\t\t\t\tmargin: auto;\n\t\t\t}\n\t\t\t#gallery-1 .gallery-item {\n\t\t\t\tfloat: left;\n\t\t\t\tmargin-top: 10px;\n\t\t\t\ttext-align: center;\n\t\t\t\twidth: 33%;\n\t\t\t}\n\t\t\t#gallery-1 img {\n\t\t\t\tborder: 2px solid #cfcfcf;\n\t\t\t}\n\t\t\t#gallery-1 .gallery-caption {\n\t\t\t\tmargin-left: 0;\n\t\t\t}\n\t\t\t\/* see gallery_shortcode() in wp-includes\/media.php *\/\n\t\t<\/style>\n\t\t<div id='gallery-1' class='gallery galleryid-58340 gallery-columns-3 gallery-size-thumbnail'><dl class='gallery-item'>\n\t\t\t<dt class='gallery-icon landscape'>\n\t\t\t\t<a href='https:\/\/www.visit-ulcinj.com\/blog\/wp-content\/uploads\/2012\/03\/Promovimi-i-librit-BOJKU-NE-ANE-TE-MALIT-Shaqir-Ismaili.1.jpg'><img width=\"150\" height=\"150\" src=\"https:\/\/www.visit-ulcinj.com\/blog\/wp-content\/uploads\/2012\/03\/Promovimi-i-librit-BOJKU-NE-ANE-TE-MALIT-Shaqir-Ismaili.1-150x150.jpg\" class=\"attachment-thumbnail size-thumbnail\" alt=\"\" loading=\"lazy\" \/><\/a>\n\t\t\t<\/dt><\/dl><dl class='gallery-item'>\n\t\t\t<dt class='gallery-icon landscape'>\n\t\t\t\t<a href='https:\/\/www.visit-ulcinj.com\/blog\/wp-content\/uploads\/2012\/03\/Promovimi-i-librit-BOJKU-NE-ANE-TE-MALIT-Shaqir-Ismaili.14.jpg'><img width=\"150\" height=\"150\" src=\"https:\/\/www.visit-ulcinj.com\/blog\/wp-content\/uploads\/2012\/03\/Promovimi-i-librit-BOJKU-NE-ANE-TE-MALIT-Shaqir-Ismaili.14-150x150.jpg\" class=\"attachment-thumbnail size-thumbnail\" alt=\"\" loading=\"lazy\" \/><\/a>\n\t\t\t<\/dt><\/dl><dl class='gallery-item'>\n\t\t\t<dt class='gallery-icon landscape'>\n\t\t\t\t<a href='https:\/\/www.visit-ulcinj.com\/blog\/wp-content\/uploads\/2012\/03\/Promovimi-i-librit-BOJKU-NE-ANE-TE-MALIT-Shaqir-Ismaili.3.jpg'><img width=\"150\" height=\"150\" src=\"https:\/\/www.visit-ulcinj.com\/blog\/wp-content\/uploads\/2012\/03\/Promovimi-i-librit-BOJKU-NE-ANE-TE-MALIT-Shaqir-Ismaili.3-150x150.jpg\" class=\"attachment-thumbnail size-thumbnail\" alt=\"\" loading=\"lazy\" \/><\/a>\n\t\t\t<\/dt><\/dl><br style=\"clear: both\" \/><dl class='gallery-item'>\n\t\t\t<dt class='gallery-icon landscape'>\n\t\t\t\t<a href='https:\/\/www.visit-ulcinj.com\/blog\/wp-content\/uploads\/2012\/03\/Promovimi-i-librit-BOJKU-NE-ANE-TE-MALIT-Shaqir-Ismaili.6.jpg'><img width=\"150\" height=\"150\" src=\"https:\/\/www.visit-ulcinj.com\/blog\/wp-content\/uploads\/2012\/03\/Promovimi-i-librit-BOJKU-NE-ANE-TE-MALIT-Shaqir-Ismaili.6-150x150.jpg\" class=\"attachment-thumbnail size-thumbnail\" alt=\"\" loading=\"lazy\" \/><\/a>\n\t\t\t<\/dt><\/dl><dl class='gallery-item'>\n\t\t\t<dt class='gallery-icon landscape'>\n\t\t\t\t<a href='https:\/\/www.visit-ulcinj.com\/blog\/wp-content\/uploads\/2012\/03\/Promovimi-i-librit-BOJKU-NE-ANE-TE-MALIT-Shaqir-Ismaili.37.jpg'><img width=\"150\" height=\"150\" src=\"https:\/\/www.visit-ulcinj.com\/blog\/wp-content\/uploads\/2012\/03\/Promovimi-i-librit-BOJKU-NE-ANE-TE-MALIT-Shaqir-Ismaili.37-150x150.jpg\" class=\"attachment-thumbnail size-thumbnail\" alt=\"\" loading=\"lazy\" \/><\/a>\n\t\t\t<\/dt><\/dl><dl class='gallery-item'>\n\t\t\t<dt class='gallery-icon landscape'>\n\t\t\t\t<a href='https:\/\/www.visit-ulcinj.com\/blog\/wp-content\/uploads\/2012\/03\/Promovimi-i-librit-BOJKU-NE-ANE-TE-MALIT-Shaqir-Ismaili.2.jpg'><img width=\"150\" height=\"150\" src=\"https:\/\/www.visit-ulcinj.com\/blog\/wp-content\/uploads\/2012\/03\/Promovimi-i-librit-BOJKU-NE-ANE-TE-MALIT-Shaqir-Ismaili.2-150x150.jpg\" class=\"attachment-thumbnail size-thumbnail\" alt=\"\" loading=\"lazy\" \/><\/a>\n\t\t\t<\/dt><\/dl><br style=\"clear: both\" \/><dl class='gallery-item'>\n\t\t\t<dt class='gallery-icon landscape'>\n\t\t\t\t<a href='https:\/\/www.visit-ulcinj.com\/blog\/wp-content\/uploads\/2012\/03\/Promovimi-i-librit-BOJKU-NE-ANE-TE-MALIT-Shaqir-Ismaili.4.jpg'><img width=\"150\" height=\"150\" src=\"https:\/\/www.visit-ulcinj.com\/blog\/wp-content\/uploads\/2012\/03\/Promovimi-i-librit-BOJKU-NE-ANE-TE-MALIT-Shaqir-Ismaili.4-150x150.jpg\" class=\"attachment-thumbnail size-thumbnail\" alt=\"\" loading=\"lazy\" \/><\/a>\n\t\t\t<\/dt><\/dl><dl class='gallery-item'>\n\t\t\t<dt class='gallery-icon landscape'>\n\t\t\t\t<a href='https:\/\/www.visit-ulcinj.com\/blog\/wp-content\/uploads\/2012\/03\/Promovimi-i-librit-BOJKU-NE-ANE-TE-MALIT-Shaqir-Ismaili.5.jpg'><img width=\"150\" height=\"150\" src=\"https:\/\/www.visit-ulcinj.com\/blog\/wp-content\/uploads\/2012\/03\/Promovimi-i-librit-BOJKU-NE-ANE-TE-MALIT-Shaqir-Ismaili.5-150x150.jpg\" class=\"attachment-thumbnail size-thumbnail\" alt=\"\" loading=\"lazy\" \/><\/a>\n\t\t\t<\/dt><\/dl><dl class='gallery-item'>\n\t\t\t<dt class='gallery-icon landscape'>\n\t\t\t\t<a href='https:\/\/www.visit-ulcinj.com\/blog\/wp-content\/uploads\/2012\/03\/Promovimi-i-librit-BOJKU-NE-ANE-TE-MALIT-Shaqir-Ismaili.7.jpg'><img width=\"150\" height=\"150\" src=\"https:\/\/www.visit-ulcinj.com\/blog\/wp-content\/uploads\/2012\/03\/Promovimi-i-librit-BOJKU-NE-ANE-TE-MALIT-Shaqir-Ismaili.7-150x150.jpg\" class=\"attachment-thumbnail size-thumbnail\" alt=\"\" loading=\"lazy\" \/><\/a>\n\t\t\t<\/dt><\/dl><br style=\"clear: both\" \/><dl class='gallery-item'>\n\t\t\t<dt class='gallery-icon landscape'>\n\t\t\t\t<a href='https:\/\/www.visit-ulcinj.com\/blog\/wp-content\/uploads\/2012\/03\/Promovimi-i-librit-BOJKU-NE-ANE-TE-MALIT-Shaqir-Ismaili.8.jpg'><img width=\"150\" height=\"150\" src=\"https:\/\/www.visit-ulcinj.com\/blog\/wp-content\/uploads\/2012\/03\/Promovimi-i-librit-BOJKU-NE-ANE-TE-MALIT-Shaqir-Ismaili.8-150x150.jpg\" class=\"attachment-thumbnail size-thumbnail\" alt=\"\" loading=\"lazy\" \/><\/a>\n\t\t\t<\/dt><\/dl><dl class='gallery-item'>\n\t\t\t<dt class='gallery-icon landscape'>\n\t\t\t\t<a href='https:\/\/www.visit-ulcinj.com\/blog\/wp-content\/uploads\/2012\/03\/Promovimi-i-librit-BOJKU-NE-ANE-TE-MALIT-Shaqir-Ismaili.9.jpg'><img width=\"150\" height=\"150\" src=\"https:\/\/www.visit-ulcinj.com\/blog\/wp-content\/uploads\/2012\/03\/Promovimi-i-librit-BOJKU-NE-ANE-TE-MALIT-Shaqir-Ismaili.9-150x150.jpg\" class=\"attachment-thumbnail size-thumbnail\" alt=\"\" loading=\"lazy\" \/><\/a>\n\t\t\t<\/dt><\/dl><dl class='gallery-item'>\n\t\t\t<dt class='gallery-icon landscape'>\n\t\t\t\t<a href='https:\/\/www.visit-ulcinj.com\/blog\/wp-content\/uploads\/2012\/03\/Promovimi-i-librit-BOJKU-NE-ANE-TE-MALIT-Shaqir-Ismaili.10.jpg'><img width=\"150\" height=\"150\" src=\"https:\/\/www.visit-ulcinj.com\/blog\/wp-content\/uploads\/2012\/03\/Promovimi-i-librit-BOJKU-NE-ANE-TE-MALIT-Shaqir-Ismaili.10-150x150.jpg\" class=\"attachment-thumbnail size-thumbnail\" alt=\"\" loading=\"lazy\" \/><\/a>\n\t\t\t<\/dt><\/dl><br style=\"clear: both\" \/><dl class='gallery-item'>\n\t\t\t<dt class='gallery-icon landscape'>\n\t\t\t\t<a href='https:\/\/www.visit-ulcinj.com\/blog\/wp-content\/uploads\/2012\/03\/Promovimi-i-librit-BOJKU-NE-ANE-TE-MALIT-Shaqir-Ismaili.11.jpg'><img width=\"150\" height=\"150\" src=\"https:\/\/www.visit-ulcinj.com\/blog\/wp-content\/uploads\/2012\/03\/Promovimi-i-librit-BOJKU-NE-ANE-TE-MALIT-Shaqir-Ismaili.11-150x150.jpg\" class=\"attachment-thumbnail size-thumbnail\" alt=\"\" loading=\"lazy\" \/><\/a>\n\t\t\t<\/dt><\/dl><dl class='gallery-item'>\n\t\t\t<dt class='gallery-icon landscape'>\n\t\t\t\t<a href='https:\/\/www.visit-ulcinj.com\/blog\/wp-content\/uploads\/2012\/03\/Promovimi-i-librit-BOJKU-NE-ANE-TE-MALIT-Shaqir-Ismaili.12.jpg'><img width=\"150\" height=\"150\" src=\"https:\/\/www.visit-ulcinj.com\/blog\/wp-content\/uploads\/2012\/03\/Promovimi-i-librit-BOJKU-NE-ANE-TE-MALIT-Shaqir-Ismaili.12-150x150.jpg\" class=\"attachment-thumbnail size-thumbnail\" alt=\"\" loading=\"lazy\" \/><\/a>\n\t\t\t<\/dt><\/dl><dl class='gallery-item'>\n\t\t\t<dt class='gallery-icon landscape'>\n\t\t\t\t<a href='https:\/\/www.visit-ulcinj.com\/blog\/wp-content\/uploads\/2012\/03\/Promovimi-i-librit-BOJKU-NE-ANE-TE-MALIT-Shaqir-Ismaili.13.jpg'><img width=\"150\" height=\"150\" src=\"https:\/\/www.visit-ulcinj.com\/blog\/wp-content\/uploads\/2012\/03\/Promovimi-i-librit-BOJKU-NE-ANE-TE-MALIT-Shaqir-Ismaili.13-150x150.jpg\" class=\"attachment-thumbnail size-thumbnail\" alt=\"\" loading=\"lazy\" \/><\/a>\n\t\t\t<\/dt><\/dl><br style=\"clear: both\" \/><dl class='gallery-item'>\n\t\t\t<dt class='gallery-icon landscape'>\n\t\t\t\t<a href='https:\/\/www.visit-ulcinj.com\/blog\/wp-content\/uploads\/2012\/03\/Promovimi-i-librit-BOJKU-NE-ANE-TE-MALIT-Shaqir-Ismaili.15.jpg'><img width=\"150\" height=\"150\" src=\"https:\/\/www.visit-ulcinj.com\/blog\/wp-content\/uploads\/2012\/03\/Promovimi-i-librit-BOJKU-NE-ANE-TE-MALIT-Shaqir-Ismaili.15-150x150.jpg\" class=\"attachment-thumbnail size-thumbnail\" alt=\"\" loading=\"lazy\" \/><\/a>\n\t\t\t<\/dt><\/dl><dl class='gallery-item'>\n\t\t\t<dt class='gallery-icon landscape'>\n\t\t\t\t<a href='https:\/\/www.visit-ulcinj.com\/blog\/wp-content\/uploads\/2012\/03\/Promovimi-i-librit-BOJKU-NE-ANE-TE-MALIT-Shaqir-Ismaili.16.jpg'><img width=\"150\" height=\"150\" src=\"https:\/\/www.visit-ulcinj.com\/blog\/wp-content\/uploads\/2012\/03\/Promovimi-i-librit-BOJKU-NE-ANE-TE-MALIT-Shaqir-Ismaili.16-150x150.jpg\" class=\"attachment-thumbnail size-thumbnail\" alt=\"\" loading=\"lazy\" \/><\/a>\n\t\t\t<\/dt><\/dl><dl class='gallery-item'>\n\t\t\t<dt class='gallery-icon landscape'>\n\t\t\t\t<a href='https:\/\/www.visit-ulcinj.com\/blog\/wp-content\/uploads\/2012\/03\/Promovimi-i-librit-BOJKU-NE-ANE-TE-MALIT-Shaqir-Ismaili.17.jpg'><img width=\"150\" height=\"150\" src=\"https:\/\/www.visit-ulcinj.com\/blog\/wp-content\/uploads\/2012\/03\/Promovimi-i-librit-BOJKU-NE-ANE-TE-MALIT-Shaqir-Ismaili.17-150x150.jpg\" class=\"attachment-thumbnail size-thumbnail\" alt=\"\" loading=\"lazy\" \/><\/a>\n\t\t\t<\/dt><\/dl><br style=\"clear: both\" \/><dl class='gallery-item'>\n\t\t\t<dt class='gallery-icon landscape'>\n\t\t\t\t<a href='https:\/\/www.visit-ulcinj.com\/blog\/wp-content\/uploads\/2012\/03\/Promovimi-i-librit-BOJKU-NE-ANE-TE-MALIT-Shaqir-Ismaili.18.jpg'><img width=\"150\" height=\"150\" src=\"https:\/\/www.visit-ulcinj.com\/blog\/wp-content\/uploads\/2012\/03\/Promovimi-i-librit-BOJKU-NE-ANE-TE-MALIT-Shaqir-Ismaili.18-150x150.jpg\" class=\"attachment-thumbnail size-thumbnail\" alt=\"\" loading=\"lazy\" \/><\/a>\n\t\t\t<\/dt><\/dl><dl class='gallery-item'>\n\t\t\t<dt class='gallery-icon landscape'>\n\t\t\t\t<a href='https:\/\/www.visit-ulcinj.com\/blog\/wp-content\/uploads\/2012\/03\/Promovimi-i-librit-BOJKU-NE-ANE-TE-MALIT-Shaqir-Ismaili.19.jpg'><img width=\"150\" height=\"150\" src=\"https:\/\/www.visit-ulcinj.com\/blog\/wp-content\/uploads\/2012\/03\/Promovimi-i-librit-BOJKU-NE-ANE-TE-MALIT-Shaqir-Ismaili.19-150x150.jpg\" class=\"attachment-thumbnail size-thumbnail\" alt=\"\" loading=\"lazy\" \/><\/a>\n\t\t\t<\/dt><\/dl><dl class='gallery-item'>\n\t\t\t<dt class='gallery-icon landscape'>\n\t\t\t\t<a href='https:\/\/www.visit-ulcinj.com\/blog\/wp-content\/uploads\/2012\/03\/Promovimi-i-librit-BOJKU-NE-ANE-TE-MALIT-Shaqir-Ismaili.20.jpg'><img width=\"150\" height=\"150\" src=\"https:\/\/www.visit-ulcinj.com\/blog\/wp-content\/uploads\/2012\/03\/Promovimi-i-librit-BOJKU-NE-ANE-TE-MALIT-Shaqir-Ismaili.20-150x150.jpg\" class=\"attachment-thumbnail size-thumbnail\" alt=\"\" loading=\"lazy\" \/><\/a>\n\t\t\t<\/dt><\/dl><br style=\"clear: both\" \/><dl class='gallery-item'>\n\t\t\t<dt class='gallery-icon landscape'>\n\t\t\t\t<a href='https:\/\/www.visit-ulcinj.com\/blog\/wp-content\/uploads\/2012\/03\/Promovimi-i-librit-BOJKU-NE-ANE-TE-MALIT-Shaqir-Ismaili.21.jpg'><img width=\"150\" height=\"150\" src=\"https:\/\/www.visit-ulcinj.com\/blog\/wp-content\/uploads\/2012\/03\/Promovimi-i-librit-BOJKU-NE-ANE-TE-MALIT-Shaqir-Ismaili.21-150x150.jpg\" class=\"attachment-thumbnail size-thumbnail\" alt=\"\" loading=\"lazy\" \/><\/a>\n\t\t\t<\/dt><\/dl><dl class='gallery-item'>\n\t\t\t<dt class='gallery-icon landscape'>\n\t\t\t\t<a href='https:\/\/www.visit-ulcinj.com\/blog\/wp-content\/uploads\/2012\/03\/Promovimi-i-librit-BOJKU-NE-ANE-TE-MALIT-Shaqir-Ismaili.22.jpg'><img width=\"150\" height=\"150\" src=\"https:\/\/www.visit-ulcinj.com\/blog\/wp-content\/uploads\/2012\/03\/Promovimi-i-librit-BOJKU-NE-ANE-TE-MALIT-Shaqir-Ismaili.22-150x150.jpg\" class=\"attachment-thumbnail size-thumbnail\" alt=\"\" loading=\"lazy\" \/><\/a>\n\t\t\t<\/dt><\/dl><dl class='gallery-item'>\n\t\t\t<dt class='gallery-icon landscape'>\n\t\t\t\t<a href='https:\/\/www.visit-ulcinj.com\/blog\/wp-content\/uploads\/2012\/03\/Promovimi-i-librit-BOJKU-NE-ANE-TE-MALIT-Shaqir-Ismaili.23.jpg'><img width=\"150\" height=\"150\" src=\"https:\/\/www.visit-ulcinj.com\/blog\/wp-content\/uploads\/2012\/03\/Promovimi-i-librit-BOJKU-NE-ANE-TE-MALIT-Shaqir-Ismaili.23-150x150.jpg\" class=\"attachment-thumbnail size-thumbnail\" alt=\"\" loading=\"lazy\" \/><\/a>\n\t\t\t<\/dt><\/dl><br style=\"clear: both\" \/><dl class='gallery-item'>\n\t\t\t<dt class='gallery-icon portrait'>\n\t\t\t\t<a href='https:\/\/www.visit-ulcinj.com\/blog\/wp-content\/uploads\/2012\/03\/Promovimi-i-librit-BOJKU-NE-ANE-TE-MALIT-Shaqir-Ismaili.24.jpg'><img width=\"150\" height=\"150\" src=\"https:\/\/www.visit-ulcinj.com\/blog\/wp-content\/uploads\/2012\/03\/Promovimi-i-librit-BOJKU-NE-ANE-TE-MALIT-Shaqir-Ismaili.24-150x150.jpg\" class=\"attachment-thumbnail size-thumbnail\" alt=\"\" loading=\"lazy\" \/><\/a>\n\t\t\t<\/dt><\/dl><dl class='gallery-item'>\n\t\t\t<dt class='gallery-icon landscape'>\n\t\t\t\t<a href='https:\/\/www.visit-ulcinj.com\/blog\/wp-content\/uploads\/2012\/03\/Promovimi-i-librit-BOJKU-NE-ANE-TE-MALIT-Shaqir-Ismaili.25.jpg'><img width=\"150\" height=\"150\" src=\"https:\/\/www.visit-ulcinj.com\/blog\/wp-content\/uploads\/2012\/03\/Promovimi-i-librit-BOJKU-NE-ANE-TE-MALIT-Shaqir-Ismaili.25-150x150.jpg\" class=\"attachment-thumbnail size-thumbnail\" alt=\"\" loading=\"lazy\" \/><\/a>\n\t\t\t<\/dt><\/dl><dl class='gallery-item'>\n\t\t\t<dt class='gallery-icon landscape'>\n\t\t\t\t<a href='https:\/\/www.visit-ulcinj.com\/blog\/wp-content\/uploads\/2012\/03\/Promovimi-i-librit-BOJKU-NE-ANE-TE-MALIT-Shaqir-Ismaili.26.jpg'><img width=\"150\" height=\"150\" src=\"https:\/\/www.visit-ulcinj.com\/blog\/wp-content\/uploads\/2012\/03\/Promovimi-i-librit-BOJKU-NE-ANE-TE-MALIT-Shaqir-Ismaili.26-150x150.jpg\" class=\"attachment-thumbnail size-thumbnail\" alt=\"\" loading=\"lazy\" \/><\/a>\n\t\t\t<\/dt><\/dl><br style=\"clear: both\" \/><dl class='gallery-item'>\n\t\t\t<dt class='gallery-icon portrait'>\n\t\t\t\t<a href='https:\/\/www.visit-ulcinj.com\/blog\/wp-content\/uploads\/2012\/03\/Promovimi-i-librit-BOJKU-NE-ANE-TE-MALIT-Shaqir-Ismaili.27.jpg'><img width=\"150\" height=\"150\" src=\"https:\/\/www.visit-ulcinj.com\/blog\/wp-content\/uploads\/2012\/03\/Promovimi-i-librit-BOJKU-NE-ANE-TE-MALIT-Shaqir-Ismaili.27-150x150.jpg\" class=\"attachment-thumbnail size-thumbnail\" alt=\"\" loading=\"lazy\" \/><\/a>\n\t\t\t<\/dt><\/dl><dl class='gallery-item'>\n\t\t\t<dt class='gallery-icon portrait'>\n\t\t\t\t<a href='https:\/\/www.visit-ulcinj.com\/blog\/wp-content\/uploads\/2012\/03\/Promovimi-i-librit-BOJKU-NE-ANE-TE-MALIT-Shaqir-Ismaili.28.jpg'><img width=\"150\" height=\"150\" src=\"https:\/\/www.visit-ulcinj.com\/blog\/wp-content\/uploads\/2012\/03\/Promovimi-i-librit-BOJKU-NE-ANE-TE-MALIT-Shaqir-Ismaili.28-150x150.jpg\" class=\"attachment-thumbnail size-thumbnail\" alt=\"\" loading=\"lazy\" \/><\/a>\n\t\t\t<\/dt><\/dl><dl class='gallery-item'>\n\t\t\t<dt class='gallery-icon landscape'>\n\t\t\t\t<a href='https:\/\/www.visit-ulcinj.com\/blog\/wp-content\/uploads\/2012\/03\/Promovimi-i-librit-BOJKU-NE-ANE-TE-MALIT-Shaqir-Ismaili.29.jpg'><img width=\"150\" height=\"150\" src=\"https:\/\/www.visit-ulcinj.com\/blog\/wp-content\/uploads\/2012\/03\/Promovimi-i-librit-BOJKU-NE-ANE-TE-MALIT-Shaqir-Ismaili.29-150x150.jpg\" class=\"attachment-thumbnail size-thumbnail\" alt=\"\" loading=\"lazy\" \/><\/a>\n\t\t\t<\/dt><\/dl><br style=\"clear: both\" \/><dl class='gallery-item'>\n\t\t\t<dt class='gallery-icon portrait'>\n\t\t\t\t<a href='https:\/\/www.visit-ulcinj.com\/blog\/wp-content\/uploads\/2012\/03\/Promovimi-i-librit-BOJKU-NE-ANE-TE-MALIT-Shaqir-Ismaili.30.jpg'><img width=\"150\" height=\"150\" src=\"https:\/\/www.visit-ulcinj.com\/blog\/wp-content\/uploads\/2012\/03\/Promovimi-i-librit-BOJKU-NE-ANE-TE-MALIT-Shaqir-Ismaili.30-150x150.jpg\" class=\"attachment-thumbnail size-thumbnail\" alt=\"\" loading=\"lazy\" \/><\/a>\n\t\t\t<\/dt><\/dl><dl class='gallery-item'>\n\t\t\t<dt class='gallery-icon landscape'>\n\t\t\t\t<a href='https:\/\/www.visit-ulcinj.com\/blog\/wp-content\/uploads\/2012\/03\/Promovimi-i-librit-BOJKU-NE-ANE-TE-MALIT-Shaqir-Ismaili.31.jpg'><img width=\"150\" height=\"150\" src=\"https:\/\/www.visit-ulcinj.com\/blog\/wp-content\/uploads\/2012\/03\/Promovimi-i-librit-BOJKU-NE-ANE-TE-MALIT-Shaqir-Ismaili.31-150x150.jpg\" class=\"attachment-thumbnail size-thumbnail\" alt=\"\" loading=\"lazy\" \/><\/a>\n\t\t\t<\/dt><\/dl><dl class='gallery-item'>\n\t\t\t<dt class='gallery-icon landscape'>\n\t\t\t\t<a href='https:\/\/www.visit-ulcinj.com\/blog\/wp-content\/uploads\/2012\/03\/Promovimi-i-librit-BOJKU-NE-ANE-TE-MALIT-Shaqir-Ismaili.32.jpg'><img width=\"150\" height=\"150\" src=\"https:\/\/www.visit-ulcinj.com\/blog\/wp-content\/uploads\/2012\/03\/Promovimi-i-librit-BOJKU-NE-ANE-TE-MALIT-Shaqir-Ismaili.32-150x150.jpg\" class=\"attachment-thumbnail size-thumbnail\" alt=\"\" loading=\"lazy\" \/><\/a>\n\t\t\t<\/dt><\/dl><br style=\"clear: both\" \/><dl class='gallery-item'>\n\t\t\t<dt class='gallery-icon landscape'>\n\t\t\t\t<a href='https:\/\/www.visit-ulcinj.com\/blog\/wp-content\/uploads\/2012\/03\/Promovimi-i-librit-BOJKU-NE-ANE-TE-MALIT-Shaqir-Ismaili.33.jpg'><img width=\"150\" height=\"150\" src=\"https:\/\/www.visit-ulcinj.com\/blog\/wp-content\/uploads\/2012\/03\/Promovimi-i-librit-BOJKU-NE-ANE-TE-MALIT-Shaqir-Ismaili.33-150x150.jpg\" class=\"attachment-thumbnail size-thumbnail\" alt=\"\" loading=\"lazy\" \/><\/a>\n\t\t\t<\/dt><\/dl><dl class='gallery-item'>\n\t\t\t<dt class='gallery-icon landscape'>\n\t\t\t\t<a href='https:\/\/www.visit-ulcinj.com\/blog\/wp-content\/uploads\/2012\/03\/Promovimi-i-librit-BOJKU-NE-ANE-TE-MALIT-Shaqir-Ismaili.34.jpg'><img width=\"150\" height=\"150\" src=\"https:\/\/www.visit-ulcinj.com\/blog\/wp-content\/uploads\/2012\/03\/Promovimi-i-librit-BOJKU-NE-ANE-TE-MALIT-Shaqir-Ismaili.34-150x150.jpg\" class=\"attachment-thumbnail size-thumbnail\" alt=\"\" loading=\"lazy\" \/><\/a>\n\t\t\t<\/dt><\/dl><dl class='gallery-item'>\n\t\t\t<dt class='gallery-icon landscape'>\n\t\t\t\t<a href='https:\/\/www.visit-ulcinj.com\/blog\/wp-content\/uploads\/2012\/03\/Promovimi-i-librit-BOJKU-NE-ANE-TE-MALIT-Shaqir-Ismaili.35.jpg'><img width=\"150\" height=\"150\" src=\"https:\/\/www.visit-ulcinj.com\/blog\/wp-content\/uploads\/2012\/03\/Promovimi-i-librit-BOJKU-NE-ANE-TE-MALIT-Shaqir-Ismaili.35-150x150.jpg\" class=\"attachment-thumbnail size-thumbnail\" alt=\"\" loading=\"lazy\" \/><\/a>\n\t\t\t<\/dt><\/dl><br style=\"clear: both\" \/><dl class='gallery-item'>\n\t\t\t<dt class='gallery-icon landscape'>\n\t\t\t\t<a href='https:\/\/www.visit-ulcinj.com\/blog\/wp-content\/uploads\/2012\/03\/Promovimi-i-librit-BOJKU-NE-ANE-TE-MALIT-Shaqir-Ismaili.36.jpg'><img width=\"150\" height=\"150\" src=\"https:\/\/www.visit-ulcinj.com\/blog\/wp-content\/uploads\/2012\/03\/Promovimi-i-librit-BOJKU-NE-ANE-TE-MALIT-Shaqir-Ismaili.36-150x150.jpg\" class=\"attachment-thumbnail size-thumbnail\" alt=\"\" loading=\"lazy\" \/><\/a>\n\t\t\t<\/dt><\/dl><dl class='gallery-item'>\n\t\t\t<dt class='gallery-icon landscape'>\n\t\t\t\t<a href='https:\/\/www.visit-ulcinj.com\/blog\/wp-content\/uploads\/2012\/03\/Promovimi-i-librit-BOJKU-NE-ANE-TE-MALIT-Shaqir-Ismaili.jpg'><img width=\"150\" height=\"150\" src=\"https:\/\/www.visit-ulcinj.com\/blog\/wp-content\/uploads\/2012\/03\/Promovimi-i-librit-BOJKU-NE-ANE-TE-MALIT-Shaqir-Ismaili-150x150.jpg\" class=\"attachment-thumbnail size-thumbnail\" alt=\"\" loading=\"lazy\" \/><\/a>\n\t\t\t<\/dt><\/dl><dl class='gallery-item'>\n\t\t\t<dt class='gallery-icon landscape'>\n\t\t\t\t<a href='https:\/\/www.visit-ulcinj.com\/blog\/wp-content\/uploads\/2012\/03\/Promovimi-i-librit-BOJKU-NE-ANE-TE-MALIT-Shaqir-Ismaili.371.jpg'><img width=\"150\" height=\"150\" src=\"https:\/\/www.visit-ulcinj.com\/blog\/wp-content\/uploads\/2012\/03\/Promovimi-i-librit-BOJKU-NE-ANE-TE-MALIT-Shaqir-Ismaili.371-150x150.jpg\" class=\"attachment-thumbnail size-thumbnail\" alt=\"\" loading=\"lazy\" \/><\/a>\n\t\t\t<\/dt><\/dl><br style=\"clear: both\" \/>\n\t\t<\/div>\n<\/p>\n","protected":false},"excerpt":{"rendered":"<p>N\u00eb mbr\u00ebmjen e dit\u00ebs s\u00eb shtun\u00ebs me\u00a0 17.03.2012 n\u00eb ambientet e lokalit \u201cLAMIGA\u201d n\u00eb Kryth\u00eb u realizua promovimi i librit\u201cBOJKU N\u00cb AN\u00cb T\u00cb MALIT\u201d, t\u00eb autorit Shaqir Ismailit. T\u00eb pranish\u00ebm n\u00eb k\u00ebt\u00eb akt solemn ishin nj\u00eb num\u00ebr i madh\u00eb njerizish si dhe figura t\u00eb njohura intelektuale nga Ulqini,Ana Malit,Shkodra \u00a0e m\u00eb gjer\u00eb. Promovimi u zhvillua [&hellip;]<\/p>\n","protected":false},"author":1,"featured_media":0,"comment_status":"open","ping_status":"closed","sticky":false,"template":"","format":"standard","meta":{"spay_email":"","jetpack_publicize_message":"","jetpack_is_tweetstorm":false,"jetpack_publicize_feature_enabled":true},"categories":[1,13],"tags":[212,17828,17834,18370,17811,17831,18362,14353,19909,17808,14354,12340,17840,17839,18363,17835,17814,17810,17816,17071,17807,3516,14652,17837,17827,14358,17802,17812,17803,17820,17825,17817,17805,17823,17832,3506,17818,214,17680,14362,14363,18371,3507,17800,498,3500,14364,17799,3327,17841,17826,15213,18236,3512,20179,17806,11648,18289,17838,95,17813,17804,15141,17836,14366,79,17073,18294,118,18368,18369,1653,1909,14367,17801,18360,12866,17822,14368,14369,17824,14370,18291,14704,2083,3231,14371,41,3617,14372,17844,17821,18372,17830,17077,18295,14375,17833,17829,200,18,17819,17809,14376],"jetpack_publicize_connections":[],"yoast_head":"<!-- This site is optimized with the Yoast SEO plugin v19.1 - https:\/\/yoast.com\/wordpress\/plugins\/seo\/ -->\n<title>U mbajt\u00eb promovimi i librit \u201cBOJKU N\u00cb AN\u00cb T\u00cb MALIT\u201d - Video - Lajme nga Ulqini<\/title>\n<meta name=\"description\" content=\"N\u00eb mbr\u00ebmjen e dit\u00ebs s\u00eb shtun\u00ebs me\u00a0 17.03.2012 n\u00eb ambientet e lokalit \u201cLAMIGA\u201d n\u00eb Kryth\u00eb u realizua promovimi i librit\u201cBOJKU N\u00cb AN\u00cb T\u00cb MALIT\u201d, t\u00eb autorit\" \/>\n<meta name=\"robots\" content=\"index, follow, max-snippet:-1, max-image-preview:large, max-video-preview:-1\" \/>\n<link rel=\"canonical\" href=\"https:\/\/www.visit-ulcinj.com\/blog\/2012\/03\/18\/u-mbajte-promovimi-i-librit-bojku-ne-ane-te-malit\/\" \/>\n<meta property=\"og:locale\" content=\"en_US\" \/>\n<meta property=\"og:type\" content=\"article\" \/>\n<meta property=\"og:title\" content=\"U mbajt\u00eb promovimi i librit \u201cBOJKU N\u00cb AN\u00cb T\u00cb MALIT\u201d - Video - Lajme nga Ulqini\" \/>\n<meta property=\"og:description\" content=\"N\u00eb mbr\u00ebmjen e dit\u00ebs s\u00eb shtun\u00ebs me\u00a0 17.03.2012 n\u00eb ambientet e lokalit \u201cLAMIGA\u201d n\u00eb Kryth\u00eb u realizua promovimi i librit\u201cBOJKU N\u00cb AN\u00cb T\u00cb MALIT\u201d, t\u00eb autorit\" \/>\n<meta property=\"og:url\" content=\"https:\/\/www.visit-ulcinj.com\/blog\/2012\/03\/18\/u-mbajte-promovimi-i-librit-bojku-ne-ane-te-malit\/\" \/>\n<meta property=\"og:site_name\" content=\"Lajme nga Ulqini\" \/>\n<meta property=\"article:published_time\" content=\"2012-03-18T14:49:46+00:00\" \/>\n<meta property=\"article:modified_time\" content=\"2012-03-20T16:47:35+00:00\" \/>\n<meta property=\"og:image\" content=\"https:\/\/www.visit-ulcinj.com\/blog\/wp-content\/uploads\/2012\/03\/Promovimi-i-librit-BOJKU-NE-ANE-TE-MALIT-Shaqir-Ismaili.1-150x150.jpg\" \/>\n<meta name=\"twitter:label1\" content=\"Written by\" \/>\n\t<meta name=\"twitter:data1\" content=\"ulqini\" \/>\n\t<meta name=\"twitter:label2\" content=\"Est. reading time\" \/>\n\t<meta name=\"twitter:data2\" content=\"4 minutes\" \/>\n<script type=\"application\/ld+json\" class=\"yoast-schema-graph\">{\"@context\":\"https:\/\/schema.org\",\"@graph\":[{\"@type\":\"WebSite\",\"@id\":\"https:\/\/www.visit-ulcinj.com\/blog\/#website\",\"url\":\"https:\/\/www.visit-ulcinj.com\/blog\/\",\"name\":\"Lajme nga Ulqini\",\"description\":\"Lajme,Vijesti,Ulqini,Ulqin,Crna Gora,Mali i Zi\",\"potentialAction\":[{\"@type\":\"SearchAction\",\"target\":{\"@type\":\"EntryPoint\",\"urlTemplate\":\"https:\/\/www.visit-ulcinj.com\/blog\/?s={search_term_string}\"},\"query-input\":\"required name=search_term_string\"}],\"inLanguage\":\"en-US\"},{\"@type\":\"ImageObject\",\"inLanguage\":\"en-US\",\"@id\":\"https:\/\/www.visit-ulcinj.com\/blog\/2012\/03\/18\/u-mbajte-promovimi-i-librit-bojku-ne-ane-te-malit\/#primaryimage\",\"url\":\"https:\/\/www.visit-ulcinj.com\/blog\/wp-content\/uploads\/2012\/03\/Promovimi-i-librit-BOJKU-NE-ANE-TE-MALIT-Shaqir-Ismaili.1.jpg\",\"contentUrl\":\"https:\/\/www.visit-ulcinj.com\/blog\/wp-content\/uploads\/2012\/03\/Promovimi-i-librit-BOJKU-NE-ANE-TE-MALIT-Shaqir-Ismaili.1.jpg\",\"width\":\"960\",\"height\":\"634\"},{\"@type\":\"WebPage\",\"@id\":\"https:\/\/www.visit-ulcinj.com\/blog\/2012\/03\/18\/u-mbajte-promovimi-i-librit-bojku-ne-ane-te-malit\/#webpage\",\"url\":\"https:\/\/www.visit-ulcinj.com\/blog\/2012\/03\/18\/u-mbajte-promovimi-i-librit-bojku-ne-ane-te-malit\/\",\"name\":\"U mbajt\u00eb promovimi i librit \u201cBOJKU N\u00cb AN\u00cb T\u00cb MALIT\u201d - Video - Lajme nga Ulqini\",\"isPartOf\":{\"@id\":\"https:\/\/www.visit-ulcinj.com\/blog\/#website\"},\"primaryImageOfPage\":{\"@id\":\"https:\/\/www.visit-ulcinj.com\/blog\/2012\/03\/18\/u-mbajte-promovimi-i-librit-bojku-ne-ane-te-malit\/#primaryimage\"},\"datePublished\":\"2012-03-18T14:49:46+00:00\",\"dateModified\":\"2012-03-20T16:47:35+00:00\",\"author\":{\"@id\":\"https:\/\/www.visit-ulcinj.com\/blog\/#\/schema\/person\/dcab619c614d3038751c63bc2aadc06d\"},\"description\":\"N\u00eb mbr\u00ebmjen e dit\u00ebs s\u00eb shtun\u00ebs me\u00a0 17.03.2012 n\u00eb ambientet e lokalit \u201cLAMIGA\u201d n\u00eb Kryth\u00eb u realizua promovimi i librit\u201cBOJKU N\u00cb AN\u00cb T\u00cb MALIT\u201d, t\u00eb autorit\",\"breadcrumb\":{\"@id\":\"https:\/\/www.visit-ulcinj.com\/blog\/2012\/03\/18\/u-mbajte-promovimi-i-librit-bojku-ne-ane-te-malit\/#breadcrumb\"},\"inLanguage\":\"en-US\",\"potentialAction\":[{\"@type\":\"ReadAction\",\"target\":[\"https:\/\/www.visit-ulcinj.com\/blog\/2012\/03\/18\/u-mbajte-promovimi-i-librit-bojku-ne-ane-te-malit\/\"]}]},{\"@type\":\"BreadcrumbList\",\"@id\":\"https:\/\/www.visit-ulcinj.com\/blog\/2012\/03\/18\/u-mbajte-promovimi-i-librit-bojku-ne-ane-te-malit\/#breadcrumb\",\"itemListElement\":[{\"@type\":\"ListItem\",\"position\":1,\"name\":\"U mbajt\u00eb promovimi i librit \u201cBOJKU N\u00cb AN\u00cb T\u00cb MALIT\u201d &#8211; Video\"}]},{\"@type\":\"Person\",\"@id\":\"https:\/\/www.visit-ulcinj.com\/blog\/#\/schema\/person\/dcab619c614d3038751c63bc2aadc06d\",\"name\":\"ulqini\",\"sameAs\":[\"http:\/\/www.visit-ulcinj.com\"],\"url\":\"https:\/\/www.visit-ulcinj.com\/blog\/author\/admin\/\"}]}<\/script>\n<!-- \/ Yoast SEO plugin. -->","yoast_head_json":{"title":"U mbajt\u00eb promovimi i librit \u201cBOJKU N\u00cb AN\u00cb T\u00cb MALIT\u201d - Video - Lajme nga Ulqini","description":"N\u00eb mbr\u00ebmjen e dit\u00ebs s\u00eb shtun\u00ebs me\u00a0 17.03.2012 n\u00eb ambientet e lokalit \u201cLAMIGA\u201d n\u00eb Kryth\u00eb u realizua promovimi i librit\u201cBOJKU N\u00cb AN\u00cb T\u00cb MALIT\u201d, t\u00eb autorit","robots":{"index":"index","follow":"follow","max-snippet":"max-snippet:-1","max-image-preview":"max-image-preview:large","max-video-preview":"max-video-preview:-1"},"canonical":"https:\/\/www.visit-ulcinj.com\/blog\/2012\/03\/18\/u-mbajte-promovimi-i-librit-bojku-ne-ane-te-malit\/","og_locale":"en_US","og_type":"article","og_title":"U mbajt\u00eb promovimi i librit \u201cBOJKU N\u00cb AN\u00cb T\u00cb MALIT\u201d - Video - Lajme nga Ulqini","og_description":"N\u00eb mbr\u00ebmjen e dit\u00ebs s\u00eb shtun\u00ebs me\u00a0 17.03.2012 n\u00eb ambientet e lokalit \u201cLAMIGA\u201d n\u00eb Kryth\u00eb u realizua promovimi i librit\u201cBOJKU N\u00cb AN\u00cb T\u00cb MALIT\u201d, t\u00eb autorit","og_url":"https:\/\/www.visit-ulcinj.com\/blog\/2012\/03\/18\/u-mbajte-promovimi-i-librit-bojku-ne-ane-te-malit\/","og_site_name":"Lajme nga Ulqini","article_published_time":"2012-03-18T14:49:46+00:00","article_modified_time":"2012-03-20T16:47:35+00:00","og_image":[{"url":"https:\/\/www.visit-ulcinj.com\/blog\/wp-content\/uploads\/2012\/03\/Promovimi-i-librit-BOJKU-NE-ANE-TE-MALIT-Shaqir-Ismaili.1-150x150.jpg"}],"twitter_misc":{"Written by":"ulqini","Est. reading time":"4 minutes"},"schema":{"@context":"https:\/\/schema.org","@graph":[{"@type":"WebSite","@id":"https:\/\/www.visit-ulcinj.com\/blog\/#website","url":"https:\/\/www.visit-ulcinj.com\/blog\/","name":"Lajme nga Ulqini","description":"Lajme,Vijesti,Ulqini,Ulqin,Crna Gora,Mali i Zi","potentialAction":[{"@type":"SearchAction","target":{"@type":"EntryPoint","urlTemplate":"https:\/\/www.visit-ulcinj.com\/blog\/?s={search_term_string}"},"query-input":"required name=search_term_string"}],"inLanguage":"en-US"},{"@type":"ImageObject","inLanguage":"en-US","@id":"https:\/\/www.visit-ulcinj.com\/blog\/2012\/03\/18\/u-mbajte-promovimi-i-librit-bojku-ne-ane-te-malit\/#primaryimage","url":"https:\/\/www.visit-ulcinj.com\/blog\/wp-content\/uploads\/2012\/03\/Promovimi-i-librit-BOJKU-NE-ANE-TE-MALIT-Shaqir-Ismaili.1.jpg","contentUrl":"https:\/\/www.visit-ulcinj.com\/blog\/wp-content\/uploads\/2012\/03\/Promovimi-i-librit-BOJKU-NE-ANE-TE-MALIT-Shaqir-Ismaili.1.jpg","width":"960","height":"634"},{"@type":"WebPage","@id":"https:\/\/www.visit-ulcinj.com\/blog\/2012\/03\/18\/u-mbajte-promovimi-i-librit-bojku-ne-ane-te-malit\/#webpage","url":"https:\/\/www.visit-ulcinj.com\/blog\/2012\/03\/18\/u-mbajte-promovimi-i-librit-bojku-ne-ane-te-malit\/","name":"U mbajt\u00eb promovimi i librit \u201cBOJKU N\u00cb AN\u00cb T\u00cb MALIT\u201d - Video - Lajme nga Ulqini","isPartOf":{"@id":"https:\/\/www.visit-ulcinj.com\/blog\/#website"},"primaryImageOfPage":{"@id":"https:\/\/www.visit-ulcinj.com\/blog\/2012\/03\/18\/u-mbajte-promovimi-i-librit-bojku-ne-ane-te-malit\/#primaryimage"},"datePublished":"2012-03-18T14:49:46+00:00","dateModified":"2012-03-20T16:47:35+00:00","author":{"@id":"https:\/\/www.visit-ulcinj.com\/blog\/#\/schema\/person\/dcab619c614d3038751c63bc2aadc06d"},"description":"N\u00eb mbr\u00ebmjen e dit\u00ebs s\u00eb shtun\u00ebs me\u00a0 17.03.2012 n\u00eb ambientet e lokalit \u201cLAMIGA\u201d n\u00eb Kryth\u00eb u realizua promovimi i librit\u201cBOJKU N\u00cb AN\u00cb T\u00cb MALIT\u201d, t\u00eb autorit","breadcrumb":{"@id":"https:\/\/www.visit-ulcinj.com\/blog\/2012\/03\/18\/u-mbajte-promovimi-i-librit-bojku-ne-ane-te-malit\/#breadcrumb"},"inLanguage":"en-US","potentialAction":[{"@type":"ReadAction","target":["https:\/\/www.visit-ulcinj.com\/blog\/2012\/03\/18\/u-mbajte-promovimi-i-librit-bojku-ne-ane-te-malit\/"]}]},{"@type":"BreadcrumbList","@id":"https:\/\/www.visit-ulcinj.com\/blog\/2012\/03\/18\/u-mbajte-promovimi-i-librit-bojku-ne-ane-te-malit\/#breadcrumb","itemListElement":[{"@type":"ListItem","position":1,"name":"U mbajt\u00eb promovimi i librit \u201cBOJKU N\u00cb AN\u00cb T\u00cb MALIT\u201d &#8211; Video"}]},{"@type":"Person","@id":"https:\/\/www.visit-ulcinj.com\/blog\/#\/schema\/person\/dcab619c614d3038751c63bc2aadc06d","name":"ulqini","sameAs":["http:\/\/www.visit-ulcinj.com"],"url":"https:\/\/www.visit-ulcinj.com\/blog\/author\/admin\/"}]}},"jetpack_featured_media_url":"","jetpack_sharing_enabled":true,"jetpack_shortlink":"https:\/\/wp.me\/pe6lTn-faY","_links":{"self":[{"href":"https:\/\/www.visit-ulcinj.com\/blog\/wp-json\/wp\/v2\/posts\/58340"}],"collection":[{"href":"https:\/\/www.visit-ulcinj.com\/blog\/wp-json\/wp\/v2\/posts"}],"about":[{"href":"https:\/\/www.visit-ulcinj.com\/blog\/wp-json\/wp\/v2\/types\/post"}],"author":[{"embeddable":true,"href":"https:\/\/www.visit-ulcinj.com\/blog\/wp-json\/wp\/v2\/users\/1"}],"replies":[{"embeddable":true,"href":"https:\/\/www.visit-ulcinj.com\/blog\/wp-json\/wp\/v2\/comments?post=58340"}],"version-history":[{"count":10,"href":"https:\/\/www.visit-ulcinj.com\/blog\/wp-json\/wp\/v2\/posts\/58340\/revisions"}],"predecessor-version":[{"id":58430,"href":"https:\/\/www.visit-ulcinj.com\/blog\/wp-json\/wp\/v2\/posts\/58340\/revisions\/58430"}],"wp:attachment":[{"href":"https:\/\/www.visit-ulcinj.com\/blog\/wp-json\/wp\/v2\/media?parent=58340"}],"wp:term":[{"taxonomy":"category","embeddable":true,"href":"https:\/\/www.visit-ulcinj.com\/blog\/wp-json\/wp\/v2\/categories?post=58340"},{"taxonomy":"post_tag","embeddable":true,"href":"https:\/\/www.visit-ulcinj.com\/blog\/wp-json\/wp\/v2\/tags?post=58340"}],"curies":[{"name":"wp","href":"https:\/\/api.w.org\/{rel}","templated":true}]}}